{"id":97,"date":"2019-12-17T11:38:11","date_gmt":"2019-12-17T09:38:11","guid":{"rendered":"http:\/\/www.pego.org\/noticies\/?p=97"},"modified":"2019-12-17T11:38:34","modified_gmt":"2019-12-17T09:38:34","slug":"xxviii-concurs-de-cartells-de-carnestoltes-de-pego","status":"publish","type":"post","link":"http:\/\/www.pego.org\/noticies\/2019\/12\/17\/xxviii-concurs-de-cartells-de-carnestoltes-de-pego\/","title":{"rendered":"XXVIII Concurs de cartells de  Carnestoltes de Pego"},"content":{"rendered":"\n<div class=\"wp-block-image\"><figure class=\"aligncenter size-large\"><img loading=\"lazy\" width=\"700\" height=\"327\" src=\"https:\/\/www.pego.org\/noticies\/wp-content\/uploads\/2019\/12\/cartells-carnestoltes-1-700x327.jpg\" alt=\"\" class=\"wp-image-99\" srcset=\"https:\/\/www.pego.org\/noticies\/wp-content\/uploads\/2019\/12\/cartells-carnestoltes-1-700x327.jpg 700w, https:\/\/www.pego.org\/noticies\/wp-content\/uploads\/2019\/12\/cartells-carnestoltes-1-250x117.jpg 250w, https:\/\/www.pego.org\/noticies\/wp-content\/uploads\/2019\/12\/cartells-carnestoltes-1-768x359.jpg 768w, https:\/\/www.pego.org\/noticies\/wp-content\/uploads\/2019\/12\/cartells-carnestoltes-1-1536x718.jpg 1536w, https:\/\/www.pego.org\/noticies\/wp-content\/uploads\/2019\/12\/cartells-carnestoltes-1-2048x958.jpg 2048w, https:\/\/www.pego.org\/noticies\/wp-content\/uploads\/2019\/12\/cartells-carnestoltes-1-120x56.jpg 120w\" sizes=\"(max-width: 700px) 100vw, 700px\" \/><\/figure><\/div>\n\n\n\n<p><\/p>\n\n\n\n<p>\n\tLa Regidoria de Festes i\nLa Regidoria de Culturade l\u2019Ajuntament de Pego, convoquen\nel XXVII Concurs de Cartells de Carnestoltes 2020 amb les seg\u00fcents:<\/p>\n\n\n\n<p>\n<strong>BASES<\/strong><\/p>\n\n\n\n<p>\n<strong>1er<\/strong>.- Podran\nparticipar-hi tots els artistes que ho desitgen amb plena llibertat\nde t\u00e8cnica, sempre que no presente dificultat per a la seua\nposterior reproducci\u00f3 litogr\u00e0fica, or i argent exclosos.<\/p>\n\n\n\n<p>\n<strong>2on<\/strong>.- El tema es\nreferir\u00e0 a les Carnestoltes. Els participants lliuraran un CD on\napareixer\u00e0  el cartell en format jpg format A3 300ppi (punts per\npolzada) 3508 x 4960 p\u00edxels al Registre d&#8217;entrada de l&#8217;Ajuntament de\nPego.<\/p>\n\n\n\n<p>\n<strong>3e<\/strong>r.- Al cartell\napareixer\u00e0 la llegenda:<\/p>\n\n\n\n<p>\n<strong>CARNESTOLTES  DE PEGO\n2020<\/strong><\/p>\n\n\n\n<p>\n<strong>22 i 29 de febrer<\/strong><\/p>\n\n\n\n<p>\n<strong>REGIDORIA DE FESTES I\nREGIDORIA DE CULTURA<\/strong><\/p>\n\n\n\n<p>\n<strong>M.I. AJUNTAMENT DE\nPEGO<\/strong><\/p>\n\n\n\n<p>\n<strong>4ar<\/strong>t.- En cada CD\napareixer\u00e0 un lema, que ser\u00e0 com\u00fa per a totes les obres del mateix\nautor, un m\u00e0xim de dues. Aquest lema constar\u00e0 a l\u2019exterior d\u2019un\nsobre, a l\u2019interior del qual  s&#8217;indicar\u00e0 la identificaci\u00f3 de\nl\u2019autor: Nom, adre\u00e7a, tel\u00e8fon i la fotoc\u00f2pia del DNI.<\/p>\n\n\n\n<p>\n<strong>5\u00e8<\/strong>.- Les obres\npresentades, formaran part d\u2019una exposici\u00f3, que amb motiu de les\nFestes de Carnestoltes es realitzar\u00e0 a la Casa de Cultura de Pego,\ndel 18 de febrer al 3 de mar\u00e7.<\/p>\n\n\n\n<p>\n<strong>6\u00e8<\/strong>.- El Jurat\nestar\u00e0 presidit per l\u2019Il\u00b7lustr\u00edssim Sr. Alcalde-President de\nl\u2019Ajuntament o Regidor\/a en qui delegue i integrat  pels\nRegidors\/es de Festes, Cultura i l&#8217;animadora cultural de\nl&#8217;Ajuntament. La decisi\u00f3 d\u2019aquest ser\u00e0 inapel\u00b7lable. A m\u00e9s a\nm\u00e9s, el concurs pot quedar desert, si el Jurat aix\u00ed ho considera.<\/p>\n\n\n\n<p>\n<strong>7\u00e8<\/strong>.- El termini\nde presentaci\u00f3 de les obres finalitzar\u00e0 el dia 10 de gener de 2020\na les 13\u201900 hores.<\/p>\n\n\n\n<p>\n<strong>8\u00e8<\/strong>.-  El dia 13\nde gener es reunir\u00e0 el Jurat per fallar el resultat del concurs.<\/p>\n\n\n\n<p>\n<strong>9\u00e8<\/strong>.- El premi\nconsistir\u00e0 en una quantitat en met\u00e0l\u00b7lic de: \n<\/p>\n\n\n\n<p>\n\t\t500 \u20ac\nper al guanyador.<\/p>\n\n\n\n<p>\n\t\t100 \u20ac\nper al millor classificat local, acumulable en cas de \tcoincidir.<\/p>\n\n\n\n<p>\nDe l&#8217;import del premi es\nfar\u00e0 la preceptiva retenci\u00f3 sobre el I.R.P.F. El cartell guanyador\nquedar\u00e0 en propietat de l\u2019Ajuntament de Pego, qui tindr\u00e0 tots els\ndrets de reproducci\u00f3 i explotaci\u00f3 del mateix.<\/p>\n\n\n\n<p>\n<strong>10\u00e8<\/strong>.-\nLa participaci\u00f3 en aquest concurs suposa l\u2019acceptaci\u00f3 total\nd\u2019aquestes bases. Qualsevol aspecte no contemplat en les presents\nbases, ser\u00e0 resolt pels membres del Jurat.<\/p>\n\n\n\n<p>\n<strong>11\u00e8<\/strong>.-\nD&#8217;acord amb la  Llei org\u00e0nica 3\/2018 de protecci\u00f3 de dades\npersonals i garantia dels drets digitals, els informem que el\nresponsable del tractament de dades personals que es demanen per la\nseua participaci\u00f3 en el concurs \u00e9s l&#8217;Ajuntament de Pego. La\nfinalitat del tractament \u00e9s gestionar la seua participaci\u00f3 en el\npresent concurs. \n<\/p>\n\n\n\n<p>\tLa\nlegitimaci\u00f3 per al tractament de les dades personals \u00e9s el\nconsentiment de l&#8217;interessat en inscriure&#8217;s, acceptar la pol\u00edtica de\nprivacitat i les bases del concurs. Les dades personals que es\ndemanen no es cediran a tercers.<\/p>\n\n\n\n<p>\nPego, novembre de 2019<\/p>\n","protected":false},"excerpt":{"rendered":"La Regidoria de Festes i La Regidoria de Culturade l\u2019Ajuntament de Pego, convoquen el XXVII Concurs de Cartells de Carnestoltes 2020 amb les seg\u00fcents: BASES 1er.- Podran participar-hi tots els artistes que ho desitgen amb plena llibertat de t\u00e8cnica, sempre que no presente dificultat per a la seua posterior reproducci\u00f3 litogr\u00e0fica, or i argent exclosos&#8230;. <a class=\"view-article\" href=\"http:\/\/www.pego.org\/noticies\/2019\/12\/17\/xxviii-concurs-de-cartells-de-carnestoltes-de-pego\/\">Veure Article<\/a>","protected":false},"author":2,"featured_media":98,"comment_status":"closed","ping_status":"open","sticky":false,"template":"","format":"standard","meta":[],"categories":[1],"tags":[],"yoast_head":"<!-- This site is optimized with the Yoast SEO plugin v19.4 - https:\/\/yoast.com\/wordpress\/plugins\/seo\/ -->\n<title>XXVIII Concurs de cartells de Carnestoltes de Pego<\/title>\n<meta name=\"description\" content=\"Es convoca el concurs per al disseny del cartell de la festa m\u00e9s coneguda de Pego. Hi haur\u00e0 dos premis: un de 500\u20ac i un altre de 100\u20ac.\" \/>\n<meta name=\"robots\" content=\"index, follow, max-snippet:-1, max-image-preview:large, max-video-preview:-1\" \/>\n<link rel=\"canonical\" href=\"http:\/\/www.pego.org\/noticies\/2019\/12\/17\/xxviii-concurs-de-cartells-de-carnestoltes-de-pego\/\" \/>\n<meta property=\"og:locale\" content=\"ca_ES\" \/>\n<meta property=\"og:type\" content=\"article\" \/>\n<meta property=\"og:title\" content=\"XXVIII Concurs de cartells de Carnestoltes de Pego\" \/>\n<meta property=\"og:description\" content=\"Es convoca el concurs per al disseny del cartell de la festa m\u00e9s coneguda de Pego. Hi haur\u00e0 dos premis: un de 500\u20ac i un altre de 100\u20ac.\" \/>\n<meta property=\"og:url\" content=\"http:\/\/www.pego.org\/noticies\/2019\/12\/17\/xxviii-concurs-de-cartells-de-carnestoltes-de-pego\/\" \/>\n<meta property=\"og:site_name\" content=\"Ajuntament de Pego\" \/>\n<meta property=\"article:publisher\" content=\"https:\/\/www.facebook.com\/ajuntament.de.pego\/\" \/>\n<meta property=\"article:published_time\" content=\"2019-12-17T09:38:11+00:00\" \/>\n<meta property=\"article:modified_time\" content=\"2019-12-17T09:38:34+00:00\" \/>\n<meta property=\"og:image\" content=\"https:\/\/www.pego.org\/noticies\/wp-content\/uploads\/2019\/12\/cartells-carnestoltes.jpg\" \/>\n\t<meta property=\"og:image:width\" content=\"2419\" \/>\n\t<meta property=\"og:image:height\" content=\"1131\" \/>\n\t<meta property=\"og:image:type\" content=\"image\/jpeg\" \/>\n<meta name=\"author\" content=\"Bernat Ortola\" \/>\n<meta name=\"twitter:card\" content=\"summary_large_image\" \/>\n<meta name=\"twitter:creator\" content=\"@ajupego\" \/>\n<meta name=\"twitter:site\" content=\"@ajupego\" \/>\n<meta name=\"twitter:label1\" content=\"Escrit per\" \/>\n\t<meta name=\"twitter:data1\" content=\"Bernat Ortola\" \/>\n\t<meta name=\"twitter:label2\" content=\"Temps estimat de lectura\" \/>\n\t<meta name=\"twitter:data2\" content=\"2 minuts\" \/>\n<script type=\"application\/ld+json\" class=\"yoast-schema-graph\">{\"@context\":\"https:\/\/schema.org\",\"@graph\":[{\"@type\":\"WebSite\",\"@id\":\"https:\/\/www.pego.org\/noticies\/#website\",\"url\":\"https:\/\/www.pego.org\/noticies\/\",\"name\":\"Ajuntament de Pego\",\"description\":\"\",\"potentialAction\":[{\"@type\":\"SearchAction\",\"target\":{\"@type\":\"EntryPoint\",\"urlTemplate\":\"https:\/\/www.pego.org\/noticies\/?s={search_term_string}\"},\"query-input\":\"required name=search_term_string\"}],\"inLanguage\":\"ca\"},{\"@type\":\"WebPage\",\"@id\":\"http:\/\/www.pego.org\/noticies\/2019\/12\/17\/xxviii-concurs-de-cartells-de-carnestoltes-de-pego\/\",\"url\":\"http:\/\/www.pego.org\/noticies\/2019\/12\/17\/xxviii-concurs-de-cartells-de-carnestoltes-de-pego\/\",\"name\":\"XXVIII Concurs de cartells de Carnestoltes de Pego\",\"isPartOf\":{\"@id\":\"https:\/\/www.pego.org\/noticies\/#website\"},\"datePublished\":\"2019-12-17T09:38:11+00:00\",\"dateModified\":\"2019-12-17T09:38:34+00:00\",\"author\":{\"@id\":\"https:\/\/www.pego.org\/noticies\/#\/schema\/person\/4326dac4f13188e6a8a1984f5eb1e0e6\"},\"description\":\"Es convoca el concurs per al disseny del cartell de la festa m\u00e9s coneguda de Pego. Hi haur\u00e0 dos premis: un de 500\u20ac i un altre de 100\u20ac.\",\"breadcrumb\":{\"@id\":\"http:\/\/www.pego.org\/noticies\/2019\/12\/17\/xxviii-concurs-de-cartells-de-carnestoltes-de-pego\/#breadcrumb\"},\"inLanguage\":\"ca\",\"potentialAction\":[{\"@type\":\"ReadAction\",\"target\":[\"http:\/\/www.pego.org\/noticies\/2019\/12\/17\/xxviii-concurs-de-cartells-de-carnestoltes-de-pego\/\"]}]},{\"@type\":\"BreadcrumbList\",\"@id\":\"http:\/\/www.pego.org\/noticies\/2019\/12\/17\/xxviii-concurs-de-cartells-de-carnestoltes-de-pego\/#breadcrumb\",\"itemListElement\":[{\"@type\":\"ListItem\",\"position\":1,\"name\":\"Inici\",\"item\":\"https:\/\/www.pego.org\/noticies\/\"},{\"@type\":\"ListItem\",\"position\":2,\"name\":\"XXVIII Concurs de cartells de Carnestoltes de Pego\"}]},{\"@type\":\"Person\",\"@id\":\"https:\/\/www.pego.org\/noticies\/#\/schema\/person\/4326dac4f13188e6a8a1984f5eb1e0e6\",\"name\":\"Bernat Ortola\",\"image\":{\"@type\":\"ImageObject\",\"inLanguage\":\"ca\",\"@id\":\"https:\/\/www.pego.org\/noticies\/#\/schema\/person\/image\/\",\"url\":\"http:\/\/1.gravatar.com\/avatar\/75560795a8de75338a850c3d759f927c?s=96&d=mm&r=g\",\"contentUrl\":\"http:\/\/1.gravatar.com\/avatar\/75560795a8de75338a850c3d759f927c?s=96&d=mm&r=g\",\"caption\":\"Bernat Ortola\"}}]}<\/script>\n<!-- \/ Yoast SEO plugin. -->","yoast_head_json":{"title":"XXVIII Concurs de cartells de Carnestoltes de Pego","description":"Es convoca el concurs per al disseny del cartell de la festa m\u00e9s coneguda de Pego. Hi haur\u00e0 dos premis: un de 500\u20ac i un altre de 100\u20ac.","robots":{"index":"index","follow":"follow","max-snippet":"max-snippet:-1","max-image-preview":"max-image-preview:large","max-video-preview":"max-video-preview:-1"},"canonical":"http:\/\/www.pego.org\/noticies\/2019\/12\/17\/xxviii-concurs-de-cartells-de-carnestoltes-de-pego\/","og_locale":"ca_ES","og_type":"article","og_title":"XXVIII Concurs de cartells de Carnestoltes de Pego","og_description":"Es convoca el concurs per al disseny del cartell de la festa m\u00e9s coneguda de Pego. Hi haur\u00e0 dos premis: un de 500\u20ac i un altre de 100\u20ac.","og_url":"http:\/\/www.pego.org\/noticies\/2019\/12\/17\/xxviii-concurs-de-cartells-de-carnestoltes-de-pego\/","og_site_name":"Ajuntament de Pego","article_publisher":"https:\/\/www.facebook.com\/ajuntament.de.pego\/","article_published_time":"2019-12-17T09:38:11+00:00","article_modified_time":"2019-12-17T09:38:34+00:00","og_image":[{"width":2419,"height":1131,"url":"https:\/\/www.pego.org\/noticies\/wp-content\/uploads\/2019\/12\/cartells-carnestoltes.jpg","type":"image\/jpeg"}],"author":"Bernat Ortola","twitter_card":"summary_large_image","twitter_creator":"@ajupego","twitter_site":"@ajupego","twitter_misc":{"Escrit per":"Bernat Ortola","Temps estimat de lectura":"2 minuts"},"schema":{"@context":"https:\/\/schema.org","@graph":[{"@type":"WebSite","@id":"https:\/\/www.pego.org\/noticies\/#website","url":"https:\/\/www.pego.org\/noticies\/","name":"Ajuntament de Pego","description":"","potentialAction":[{"@type":"SearchAction","target":{"@type":"EntryPoint","urlTemplate":"https:\/\/www.pego.org\/noticies\/?s={search_term_string}"},"query-input":"required name=search_term_string"}],"inLanguage":"ca"},{"@type":"WebPage","@id":"http:\/\/www.pego.org\/noticies\/2019\/12\/17\/xxviii-concurs-de-cartells-de-carnestoltes-de-pego\/","url":"http:\/\/www.pego.org\/noticies\/2019\/12\/17\/xxviii-concurs-de-cartells-de-carnestoltes-de-pego\/","name":"XXVIII Concurs de cartells de Carnestoltes de Pego","isPartOf":{"@id":"https:\/\/www.pego.org\/noticies\/#website"},"datePublished":"2019-12-17T09:38:11+00:00","dateModified":"2019-12-17T09:38:34+00:00","author":{"@id":"https:\/\/www.pego.org\/noticies\/#\/schema\/person\/4326dac4f13188e6a8a1984f5eb1e0e6"},"description":"Es convoca el concurs per al disseny del cartell de la festa m\u00e9s coneguda de Pego. Hi haur\u00e0 dos premis: un de 500\u20ac i un altre de 100\u20ac.","breadcrumb":{"@id":"http:\/\/www.pego.org\/noticies\/2019\/12\/17\/xxviii-concurs-de-cartells-de-carnestoltes-de-pego\/#breadcrumb"},"inLanguage":"ca","potentialAction":[{"@type":"ReadAction","target":["http:\/\/www.pego.org\/noticies\/2019\/12\/17\/xxviii-concurs-de-cartells-de-carnestoltes-de-pego\/"]}]},{"@type":"BreadcrumbList","@id":"http:\/\/www.pego.org\/noticies\/2019\/12\/17\/xxviii-concurs-de-cartells-de-carnestoltes-de-pego\/#breadcrumb","itemListElement":[{"@type":"ListItem","position":1,"name":"Inici","item":"https:\/\/www.pego.org\/noticies\/"},{"@type":"ListItem","position":2,"name":"XXVIII Concurs de cartells de Carnestoltes de Pego"}]},{"@type":"Person","@id":"https:\/\/www.pego.org\/noticies\/#\/schema\/person\/4326dac4f13188e6a8a1984f5eb1e0e6","name":"Bernat Ortola","image":{"@type":"ImageObject","inLanguage":"ca","@id":"https:\/\/www.pego.org\/noticies\/#\/schema\/person\/image\/","url":"http:\/\/1.gravatar.com\/avatar\/75560795a8de75338a850c3d759f927c?s=96&d=mm&r=g","contentUrl":"http:\/\/1.gravatar.com\/avatar\/75560795a8de75338a850c3d759f927c?s=96&d=mm&r=g","caption":"Bernat Ortola"}}]}},"_links":{"self":[{"href":"http:\/\/www.pego.org\/noticies\/wp-json\/wp\/v2\/posts\/97"}],"collection":[{"href":"http:\/\/www.pego.org\/noticies\/wp-json\/wp\/v2\/posts"}],"about":[{"href":"http:\/\/www.pego.org\/noticies\/wp-json\/wp\/v2\/types\/post"}],"author":[{"embeddable":true,"href":"http:\/\/www.pego.org\/noticies\/wp-json\/wp\/v2\/users\/2"}],"replies":[{"embeddable":true,"href":"http:\/\/www.pego.org\/noticies\/wp-json\/wp\/v2\/comments?post=97"}],"version-history":[{"count":2,"href":"http:\/\/www.pego.org\/noticies\/wp-json\/wp\/v2\/posts\/97\/revisions"}],"predecessor-version":[{"id":101,"href":"http:\/\/www.pego.org\/noticies\/wp-json\/wp\/v2\/posts\/97\/revisions\/101"}],"wp:featuredmedia":[{"embeddable":true,"href":"http:\/\/www.pego.org\/noticies\/wp-json\/wp\/v2\/media\/98"}],"wp:attachment":[{"href":"http:\/\/www.pego.org\/noticies\/wp-json\/wp\/v2\/media?parent=97"}],"wp:term":[{"taxonomy":"category","embeddable":true,"href":"http:\/\/www.pego.org\/noticies\/wp-json\/wp\/v2\/categories?post=97"},{"taxonomy":"post_tag","embeddable":true,"href":"http:\/\/www.pego.org\/noticies\/wp-json\/wp\/v2\/tags?post=97"}],"curies":[{"name":"wp","href":"https:\/\/api.w.org\/{rel}","templated":true}]}}