{"id":1011,"date":"2021-12-21T11:15:00","date_gmt":"2021-12-21T09:15:00","guid":{"rendered":"https:\/\/www.pego.org\/noticies\/?p=1011"},"modified":"2022-05-25T11:29:36","modified_gmt":"2022-05-25T09:29:36","slug":"lajuntament-de-pego-ha-rebut-ajudes-del-labora-per-un-valor-total-de-33-41530-euros-per-a-la-contractacio-de-dues-persones-desocupades-dalmenys-30-anys","status":"publish","type":"post","link":"https:\/\/www.pego.org\/noticies\/2021\/12\/21\/lajuntament-de-pego-ha-rebut-ajudes-del-labora-per-un-valor-total-de-33-41530-euros-per-a-la-contractacio-de-dues-persones-desocupades-dalmenys-30-anys\/","title":{"rendered":"L\u2019Ajuntament de Pego ha rebut ajudes del Labora per un valor total de 33.415,30 euros per a la contractaci\u00f3 de dues persones desocupades, d\u2019almenys 30 anys."},"content":{"rendered":"\n<p>A trav\u00e9s del programa <strong>EMCORP 2021\/22<\/strong>, programa d\u2019inter\u00e8s social i general, finan\u00e7at amb fons procedents del Servicio P\u00fablico de Empleo Estatal SEPE ,l\u2019Ajuntament de Pego ha rebut unes ajudes el que ha perm\u00e8s la contractaci\u00f3 de dos persones desocupades d\u2019almenys 30 anys . Aquest \u00e9s un programa en col\u00b7laboraci\u00f3 amb corporacions locals de la Comunitat Valenciana, de la Conselleria d\u2019Economia Sostenible, Sectors Productius, Comer\u00e7 i Treball a trav\u00e9s de la Generalitat Valencia Labora , Servei Valenci\u00e0 d\u2019Ocupaci\u00f3 i Formaci\u00f3: EMCORP 2021.<\/p>\n\n\n\n<p> L\u2019Ajuntament ha rebut l\u2019import <strong>de 33.415,30 e<\/strong>uros per a realitzar les seg\u00fcents contractacions:<\/p>\n\n\n\n<ul><li>Una T\u00e9cnica d\u2019Orientaci\u00f3 Sociolaboral per a prestar els seus serveis d\u2019atenci\u00f3 i orientaci\u00f3 a persones desocupades o en millora d\u2019ocupaci\u00f3. Aquesta T\u00e8cnica presta els serveis en la Ag\u00e8ncia de Desenvolupament Local de Creama Pego.<\/li><li>Una Animadora sociocultural per a planificar i organitzar tasques en el Museu i en e la Cas de Cultura. Realitzar\u00e0 les seues funcions en el departament de Cultura.<\/li><\/ul>\n\n\n\n<p><\/p>\n\n\n\n<div class=\"wp-block-image\"><figure class=\"aligncenter size-full\"><img loading=\"lazy\" width=\"359\" height=\"490\" src=\"https:\/\/www.pego.org\/noticies\/wp-content\/uploads\/2022\/05\/Foto-1.jpg\" alt=\"\" class=\"wp-image-1012\" srcset=\"https:\/\/www.pego.org\/noticies\/wp-content\/uploads\/2022\/05\/Foto-1.jpg 359w, https:\/\/www.pego.org\/noticies\/wp-content\/uploads\/2022\/05\/Foto-1-250x341.jpg 250w, https:\/\/www.pego.org\/noticies\/wp-content\/uploads\/2022\/05\/Foto-1-120x164.jpg 120w\" sizes=\"(max-width: 359px) 100vw, 359px\" \/><\/figure><\/div>\n\n\n\n<p><\/p>\n\n\n\n<div class=\"wp-block-image\"><figure class=\"aligncenter size-full\"><img loading=\"lazy\" width=\"379\" height=\"496\" src=\"https:\/\/www.pego.org\/noticies\/wp-content\/uploads\/2022\/05\/foto-2.jpg\" alt=\"\" class=\"wp-image-1014\" srcset=\"https:\/\/www.pego.org\/noticies\/wp-content\/uploads\/2022\/05\/foto-2.jpg 379w, https:\/\/www.pego.org\/noticies\/wp-content\/uploads\/2022\/05\/foto-2-250x327.jpg 250w, https:\/\/www.pego.org\/noticies\/wp-content\/uploads\/2022\/05\/foto-2-120x157.jpg 120w\" sizes=\"(max-width: 379px) 100vw, 379px\" \/><\/figure><\/div>\n\n\n\n<p><\/p>\n\n\n\n<p>La durada del contracte ser\u00e0 de 6 mesos, des del mes de Setembre de 2021 fins el 31 d\u2019abril de 2021. <a href=\"http:\/\/www.pego.org\/\">www.pego.org<\/a> <a href=\"http:\/\/www.creama.org\/\">www.creama.org<\/a> Servicio P\u00fablico de Empleo Estatal Sepe Sevei de Formaci\u00f3 i Orientaci\u00f3 Labora<\/p>\n","protected":false},"excerpt":{"rendered":"A trav\u00e9s del programa EMCORP 2021\/22, programa d\u2019inter\u00e8s social i general, finan\u00e7at amb fons procedents del Servicio P\u00fablico de Empleo Estatal SEPE ,l\u2019Ajuntament de Pego ha rebut unes ajudes el que ha perm\u00e8s la contractaci\u00f3 de dos persones desocupades d\u2019almenys 30 anys . Aquest \u00e9s un programa en col\u00b7laboraci\u00f3 amb corporacions locals de la Comunitat&#8230; <a class=\"view-article\" href=\"https:\/\/www.pego.org\/noticies\/2021\/12\/21\/lajuntament-de-pego-ha-rebut-ajudes-del-labora-per-un-valor-total-de-33-41530-euros-per-a-la-contractacio-de-dues-persones-desocupades-dalmenys-30-anys\/\">Veure Article<\/a>","protected":false},"author":2,"featured_media":0,"comment_status":"closed","ping_status":"open","sticky":false,"template":"","format":"standard","meta":[],"categories":[1],"tags":[],"yoast_head":"<!-- This site is optimized with the Yoast SEO plugin v19.4 - https:\/\/yoast.com\/wordpress\/plugins\/seo\/ -->\n<title>L\u2019Ajuntament de Pego ha rebut ajudes del Labora per un valor total de 33.415,30 euros per a la contractaci\u00f3 de dues persones desocupades, d\u2019almenys 30 anys. - Ajuntament de Pego<\/title>\n<meta name=\"robots\" content=\"index, follow, max-snippet:-1, max-image-preview:large, max-video-preview:-1\" \/>\n<link rel=\"canonical\" href=\"https:\/\/www.pego.org\/noticies\/2021\/12\/21\/lajuntament-de-pego-ha-rebut-ajudes-del-labora-per-un-valor-total-de-33-41530-euros-per-a-la-contractacio-de-dues-persones-desocupades-dalmenys-30-anys\/\" \/>\n<meta property=\"og:locale\" content=\"ca_ES\" \/>\n<meta property=\"og:type\" content=\"article\" \/>\n<meta property=\"og:title\" content=\"L\u2019Ajuntament de Pego ha rebut ajudes del Labora per un valor total de 33.415,30 euros per a la contractaci\u00f3 de dues persones desocupades, d\u2019almenys 30 anys. - Ajuntament de Pego\" \/>\n<meta property=\"og:description\" content=\"A trav\u00e9s del programa EMCORP 2021\/22, programa d\u2019inter\u00e8s social i general, finan\u00e7at amb fons procedents del Servicio P\u00fablico de Empleo Estatal SEPE ,l\u2019Ajuntament de Pego ha rebut unes ajudes el que ha perm\u00e8s la contractaci\u00f3 de dos persones desocupades d\u2019almenys 30 anys . Aquest \u00e9s un programa en col\u00b7laboraci\u00f3 amb corporacions locals de la Comunitat... Veure Article\" \/>\n<meta property=\"og:url\" content=\"https:\/\/www.pego.org\/noticies\/2021\/12\/21\/lajuntament-de-pego-ha-rebut-ajudes-del-labora-per-un-valor-total-de-33-41530-euros-per-a-la-contractacio-de-dues-persones-desocupades-dalmenys-30-anys\/\" \/>\n<meta property=\"og:site_name\" content=\"Ajuntament de Pego\" \/>\n<meta property=\"article:publisher\" content=\"https:\/\/www.facebook.com\/ajuntament.de.pego\/\" \/>\n<meta property=\"article:published_time\" content=\"2021-12-21T09:15:00+00:00\" \/>\n<meta property=\"article:modified_time\" content=\"2022-05-25T09:29:36+00:00\" \/>\n<meta property=\"og:image\" content=\"https:\/\/www.pego.org\/noticies\/wp-content\/uploads\/2022\/05\/Foto-1.jpg\" \/>\n<meta name=\"author\" content=\"Bernat Ortola\" \/>\n<meta name=\"twitter:card\" content=\"summary_large_image\" \/>\n<meta name=\"twitter:creator\" content=\"@ajupego\" \/>\n<meta name=\"twitter:site\" content=\"@ajupego\" \/>\n<meta name=\"twitter:label1\" content=\"Escrit per\" \/>\n\t<meta name=\"twitter:data1\" content=\"Bernat Ortola\" \/>\n\t<meta name=\"twitter:label2\" content=\"Temps estimat de lectura\" \/>\n\t<meta name=\"twitter:data2\" content=\"2 minuts\" \/>\n<script type=\"application\/ld+json\" class=\"yoast-schema-graph\">{\"@context\":\"https:\/\/schema.org\",\"@graph\":[{\"@type\":\"WebSite\",\"@id\":\"http:\/\/www.pego.org\/noticies\/#website\",\"url\":\"http:\/\/www.pego.org\/noticies\/\",\"name\":\"Ajuntament de Pego\",\"description\":\"\",\"potentialAction\":[{\"@type\":\"SearchAction\",\"target\":{\"@type\":\"EntryPoint\",\"urlTemplate\":\"http:\/\/www.pego.org\/noticies\/?s={search_term_string}\"},\"query-input\":\"required name=search_term_string\"}],\"inLanguage\":\"ca\"},{\"@type\":\"WebPage\",\"@id\":\"https:\/\/www.pego.org\/noticies\/2021\/12\/21\/lajuntament-de-pego-ha-rebut-ajudes-del-labora-per-un-valor-total-de-33-41530-euros-per-a-la-contractacio-de-dues-persones-desocupades-dalmenys-30-anys\/\",\"url\":\"https:\/\/www.pego.org\/noticies\/2021\/12\/21\/lajuntament-de-pego-ha-rebut-ajudes-del-labora-per-un-valor-total-de-33-41530-euros-per-a-la-contractacio-de-dues-persones-desocupades-dalmenys-30-anys\/\",\"name\":\"L\u2019Ajuntament de Pego ha rebut ajudes del Labora per un valor total de 33.415,30 euros per a la contractaci\u00f3 de dues persones desocupades, d\u2019almenys 30 anys. - Ajuntament de Pego\",\"isPartOf\":{\"@id\":\"http:\/\/www.pego.org\/noticies\/#website\"},\"datePublished\":\"2021-12-21T09:15:00+00:00\",\"dateModified\":\"2022-05-25T09:29:36+00:00\",\"author\":{\"@id\":\"http:\/\/www.pego.org\/noticies\/#\/schema\/person\/4326dac4f13188e6a8a1984f5eb1e0e6\"},\"breadcrumb\":{\"@id\":\"https:\/\/www.pego.org\/noticies\/2021\/12\/21\/lajuntament-de-pego-ha-rebut-ajudes-del-labora-per-un-valor-total-de-33-41530-euros-per-a-la-contractacio-de-dues-persones-desocupades-dalmenys-30-anys\/#breadcrumb\"},\"inLanguage\":\"ca\",\"potentialAction\":[{\"@type\":\"ReadAction\",\"target\":[\"https:\/\/www.pego.org\/noticies\/2021\/12\/21\/lajuntament-de-pego-ha-rebut-ajudes-del-labora-per-un-valor-total-de-33-41530-euros-per-a-la-contractacio-de-dues-persones-desocupades-dalmenys-30-anys\/\"]}]},{\"@type\":\"BreadcrumbList\",\"@id\":\"https:\/\/www.pego.org\/noticies\/2021\/12\/21\/lajuntament-de-pego-ha-rebut-ajudes-del-labora-per-un-valor-total-de-33-41530-euros-per-a-la-contractacio-de-dues-persones-desocupades-dalmenys-30-anys\/#breadcrumb\",\"itemListElement\":[{\"@type\":\"ListItem\",\"position\":1,\"name\":\"Inici\",\"item\":\"http:\/\/www.pego.org\/noticies\/\"},{\"@type\":\"ListItem\",\"position\":2,\"name\":\"L\u2019Ajuntament de Pego ha rebut ajudes del Labora per un valor total de 33.415,30 euros per a la contractaci\u00f3 de dues persones desocupades, d\u2019almenys 30 anys.\"}]},{\"@type\":\"Person\",\"@id\":\"http:\/\/www.pego.org\/noticies\/#\/schema\/person\/4326dac4f13188e6a8a1984f5eb1e0e6\",\"name\":\"Bernat Ortola\",\"image\":{\"@type\":\"ImageObject\",\"inLanguage\":\"ca\",\"@id\":\"http:\/\/www.pego.org\/noticies\/#\/schema\/person\/image\/\",\"url\":\"https:\/\/secure.gravatar.com\/avatar\/75560795a8de75338a850c3d759f927c?s=96&d=mm&r=g\",\"contentUrl\":\"https:\/\/secure.gravatar.com\/avatar\/75560795a8de75338a850c3d759f927c?s=96&d=mm&r=g\",\"caption\":\"Bernat Ortola\"}}]}<\/script>\n<!-- \/ Yoast SEO plugin. -->","yoast_head_json":{"title":"L\u2019Ajuntament de Pego ha rebut ajudes del Labora per un valor total de 33.415,30 euros per a la contractaci\u00f3 de dues persones desocupades, d\u2019almenys 30 anys. - Ajuntament de Pego","robots":{"index":"index","follow":"follow","max-snippet":"max-snippet:-1","max-image-preview":"max-image-preview:large","max-video-preview":"max-video-preview:-1"},"canonical":"https:\/\/www.pego.org\/noticies\/2021\/12\/21\/lajuntament-de-pego-ha-rebut-ajudes-del-labora-per-un-valor-total-de-33-41530-euros-per-a-la-contractacio-de-dues-persones-desocupades-dalmenys-30-anys\/","og_locale":"ca_ES","og_type":"article","og_title":"L\u2019Ajuntament de Pego ha rebut ajudes del Labora per un valor total de 33.415,30 euros per a la contractaci\u00f3 de dues persones desocupades, d\u2019almenys 30 anys. - Ajuntament de Pego","og_description":"A trav\u00e9s del programa EMCORP 2021\/22, programa d\u2019inter\u00e8s social i general, finan\u00e7at amb fons procedents del Servicio P\u00fablico de Empleo Estatal SEPE ,l\u2019Ajuntament de Pego ha rebut unes ajudes el que ha perm\u00e8s la contractaci\u00f3 de dos persones desocupades d\u2019almenys 30 anys . Aquest \u00e9s un programa en col\u00b7laboraci\u00f3 amb corporacions locals de la Comunitat... Veure Article","og_url":"https:\/\/www.pego.org\/noticies\/2021\/12\/21\/lajuntament-de-pego-ha-rebut-ajudes-del-labora-per-un-valor-total-de-33-41530-euros-per-a-la-contractacio-de-dues-persones-desocupades-dalmenys-30-anys\/","og_site_name":"Ajuntament de Pego","article_publisher":"https:\/\/www.facebook.com\/ajuntament.de.pego\/","article_published_time":"2021-12-21T09:15:00+00:00","article_modified_time":"2022-05-25T09:29:36+00:00","og_image":[{"url":"https:\/\/www.pego.org\/noticies\/wp-content\/uploads\/2022\/05\/Foto-1.jpg"}],"author":"Bernat Ortola","twitter_card":"summary_large_image","twitter_creator":"@ajupego","twitter_site":"@ajupego","twitter_misc":{"Escrit per":"Bernat Ortola","Temps estimat de lectura":"2 minuts"},"schema":{"@context":"https:\/\/schema.org","@graph":[{"@type":"WebSite","@id":"http:\/\/www.pego.org\/noticies\/#website","url":"http:\/\/www.pego.org\/noticies\/","name":"Ajuntament de Pego","description":"","potentialAction":[{"@type":"SearchAction","target":{"@type":"EntryPoint","urlTemplate":"http:\/\/www.pego.org\/noticies\/?s={search_term_string}"},"query-input":"required name=search_term_string"}],"inLanguage":"ca"},{"@type":"WebPage","@id":"https:\/\/www.pego.org\/noticies\/2021\/12\/21\/lajuntament-de-pego-ha-rebut-ajudes-del-labora-per-un-valor-total-de-33-41530-euros-per-a-la-contractacio-de-dues-persones-desocupades-dalmenys-30-anys\/","url":"https:\/\/www.pego.org\/noticies\/2021\/12\/21\/lajuntament-de-pego-ha-rebut-ajudes-del-labora-per-un-valor-total-de-33-41530-euros-per-a-la-contractacio-de-dues-persones-desocupades-dalmenys-30-anys\/","name":"L\u2019Ajuntament de Pego ha rebut ajudes del Labora per un valor total de 33.415,30 euros per a la contractaci\u00f3 de dues persones desocupades, d\u2019almenys 30 anys. - Ajuntament de Pego","isPartOf":{"@id":"http:\/\/www.pego.org\/noticies\/#website"},"datePublished":"2021-12-21T09:15:00+00:00","dateModified":"2022-05-25T09:29:36+00:00","author":{"@id":"http:\/\/www.pego.org\/noticies\/#\/schema\/person\/4326dac4f13188e6a8a1984f5eb1e0e6"},"breadcrumb":{"@id":"https:\/\/www.pego.org\/noticies\/2021\/12\/21\/lajuntament-de-pego-ha-rebut-ajudes-del-labora-per-un-valor-total-de-33-41530-euros-per-a-la-contractacio-de-dues-persones-desocupades-dalmenys-30-anys\/#breadcrumb"},"inLanguage":"ca","potentialAction":[{"@type":"ReadAction","target":["https:\/\/www.pego.org\/noticies\/2021\/12\/21\/lajuntament-de-pego-ha-rebut-ajudes-del-labora-per-un-valor-total-de-33-41530-euros-per-a-la-contractacio-de-dues-persones-desocupades-dalmenys-30-anys\/"]}]},{"@type":"BreadcrumbList","@id":"https:\/\/www.pego.org\/noticies\/2021\/12\/21\/lajuntament-de-pego-ha-rebut-ajudes-del-labora-per-un-valor-total-de-33-41530-euros-per-a-la-contractacio-de-dues-persones-desocupades-dalmenys-30-anys\/#breadcrumb","itemListElement":[{"@type":"ListItem","position":1,"name":"Inici","item":"http:\/\/www.pego.org\/noticies\/"},{"@type":"ListItem","position":2,"name":"L\u2019Ajuntament de Pego ha rebut ajudes del Labora per un valor total de 33.415,30 euros per a la contractaci\u00f3 de dues persones desocupades, d\u2019almenys 30 anys."}]},{"@type":"Person","@id":"http:\/\/www.pego.org\/noticies\/#\/schema\/person\/4326dac4f13188e6a8a1984f5eb1e0e6","name":"Bernat Ortola","image":{"@type":"ImageObject","inLanguage":"ca","@id":"http:\/\/www.pego.org\/noticies\/#\/schema\/person\/image\/","url":"https:\/\/secure.gravatar.com\/avatar\/75560795a8de75338a850c3d759f927c?s=96&d=mm&r=g","contentUrl":"https:\/\/secure.gravatar.com\/avatar\/75560795a8de75338a850c3d759f927c?s=96&d=mm&r=g","caption":"Bernat Ortola"}}]}},"_links":{"self":[{"href":"https:\/\/www.pego.org\/noticies\/wp-json\/wp\/v2\/posts\/1011"}],"collection":[{"href":"https:\/\/www.pego.org\/noticies\/wp-json\/wp\/v2\/posts"}],"about":[{"href":"https:\/\/www.pego.org\/noticies\/wp-json\/wp\/v2\/types\/post"}],"author":[{"embeddable":true,"href":"https:\/\/www.pego.org\/noticies\/wp-json\/wp\/v2\/users\/2"}],"replies":[{"embeddable":true,"href":"https:\/\/www.pego.org\/noticies\/wp-json\/wp\/v2\/comments?post=1011"}],"version-history":[{"count":3,"href":"https:\/\/www.pego.org\/noticies\/wp-json\/wp\/v2\/posts\/1011\/revisions"}],"predecessor-version":[{"id":1016,"href":"https:\/\/www.pego.org\/noticies\/wp-json\/wp\/v2\/posts\/1011\/revisions\/1016"}],"wp:attachment":[{"href":"https:\/\/www.pego.org\/noticies\/wp-json\/wp\/v2\/media?parent=1011"}],"wp:term":[{"taxonomy":"category","embeddable":true,"href":"https:\/\/www.pego.org\/noticies\/wp-json\/wp\/v2\/categories?post=1011"},{"taxonomy":"post_tag","embeddable":true,"href":"https:\/\/www.pego.org\/noticies\/wp-json\/wp\/v2\/tags?post=1011"}],"curies":[{"name":"wp","href":"https:\/\/api.w.org\/{rel}","templated":true}]}}