{"id":1022,"date":"2022-06-02T11:18:48","date_gmt":"2022-06-02T09:18:48","guid":{"rendered":"https:\/\/www.pego.org\/noticies\/?p=1022"},"modified":"2022-06-02T11:18:51","modified_gmt":"2022-06-02T09:18:51","slug":"manel-izquierdo-gutierrez-guanyador-de-la-xlvi-edicio-del-certamen-de-pintura-vila-de-pego","status":"publish","type":"post","link":"https:\/\/www.pego.org\/noticies\/2022\/06\/02\/manel-izquierdo-gutierrez-guanyador-de-la-xlvi-edicio-del-certamen-de-pintura-vila-de-pego\/","title":{"rendered":"Manel Izquierdo Guti\u00e9rrez, guanyador de la XLVI edici\u00f3 del certamen de pintura Vila de Pego"},"content":{"rendered":"\n<p><em>Rafael del Corral Nanclares, Lola Berenguer Su\u00e1rez y Gemma Alpuente aconsegueixen l\u2019esment<\/em> <em>especial en una edici\u00f3 en la qual han participat 434 artistes<\/em><\/p>\n\n\n\n<div class=\"wp-block-image\"><figure class=\"aligncenter size-large\"><img loading=\"lazy\" width=\"700\" height=\"525\" src=\"https:\/\/www.pego.org\/noticies\/wp-content\/uploads\/2022\/06\/Manel-Izquierdo-700x525.jpg\" alt=\"\" class=\"wp-image-1024\" srcset=\"https:\/\/www.pego.org\/noticies\/wp-content\/uploads\/2022\/06\/Manel-Izquierdo-700x525.jpg 700w, https:\/\/www.pego.org\/noticies\/wp-content\/uploads\/2022\/06\/Manel-Izquierdo-250x188.jpg 250w, https:\/\/www.pego.org\/noticies\/wp-content\/uploads\/2022\/06\/Manel-Izquierdo-768x576.jpg 768w, https:\/\/www.pego.org\/noticies\/wp-content\/uploads\/2022\/06\/Manel-Izquierdo-1536x1152.jpg 1536w, https:\/\/www.pego.org\/noticies\/wp-content\/uploads\/2022\/06\/Manel-Izquierdo-2048x1536.jpg 2048w, https:\/\/www.pego.org\/noticies\/wp-content\/uploads\/2022\/06\/Manel-Izquierdo-120x90.jpg 120w\" sizes=\"(max-width: 700px) 100vw, 700px\" \/><figcaption>Manel Izquierdo Guti\u00e9rrez amb el premi i la seua obra.<\/figcaption><\/figure><\/div>\n\n\n\n<p><\/p>\n\n\n\n<p>Manel Izquierdo Guti\u00e9rrez, artista de Xirivella i estudiant de Belles Arts, \u00e9s el guanyador de la XLVI edici\u00f3 del certamen de pintura Vila de Pego. L&#8217;ha aconseguit amb la seua obra No Signal Found T-120, basada, segons el propi artista \u201cen l&#8217;error de les televisions. Part de la saturaci\u00f3 dels colors tal com es confeccionaven les cartes d&#8217;ajust en els anys 80 i 90 quan el canal anal\u00f2gic s&#8217;apagava a determinades hores de la nit. He volgut interpretar aqueixos desajustaments que feia la televisi\u00f3, contrastos de colors de la mateixa tonalitat, per exemple\u201d.<\/p>\n\n\n\n<p>Ahir a la vesprada va tindre lloc la inauguraci\u00f3 de l&#8217;exposici\u00f3 de la mostra de les 31 obres preseleccionades de les 434 presentades en l&#8217;edici\u00f3 d&#8217;enguany. Rafael del Corral (per Alinear cos i ment), Lola Berenguer (per Present) i Gemma Alpuente (per Looking inside) van rebre esment especial per les seues obres.<\/p>\n\n\n\n<div class=\"wp-block-image\"><figure class=\"aligncenter size-large\"><img loading=\"lazy\" width=\"700\" height=\"525\" src=\"https:\/\/www.pego.org\/noticies\/wp-content\/uploads\/2022\/06\/Gemma-Alpuente-700x525.jpg\" alt=\"\" class=\"wp-image-1025\" srcset=\"https:\/\/www.pego.org\/noticies\/wp-content\/uploads\/2022\/06\/Gemma-Alpuente-700x525.jpg 700w, https:\/\/www.pego.org\/noticies\/wp-content\/uploads\/2022\/06\/Gemma-Alpuente-250x188.jpg 250w, https:\/\/www.pego.org\/noticies\/wp-content\/uploads\/2022\/06\/Gemma-Alpuente-768x576.jpg 768w, https:\/\/www.pego.org\/noticies\/wp-content\/uploads\/2022\/06\/Gemma-Alpuente-1536x1152.jpg 1536w, https:\/\/www.pego.org\/noticies\/wp-content\/uploads\/2022\/06\/Gemma-Alpuente-2048x1536.jpg 2048w, https:\/\/www.pego.org\/noticies\/wp-content\/uploads\/2022\/06\/Gemma-Alpuente-120x90.jpg 120w\" sizes=\"(max-width: 700px) 100vw, 700px\" \/><figcaption>Gemma Alpuente amb la seua obra.<\/figcaption><\/figure><\/div>\n\n\n\n<div class=\"wp-block-image\"><figure class=\"aligncenter size-large\"><img loading=\"lazy\" width=\"700\" height=\"525\" src=\"https:\/\/www.pego.org\/noticies\/wp-content\/uploads\/2022\/06\/Rafael-del-Corral-700x525.jpg\" alt=\"\" class=\"wp-image-1026\" srcset=\"https:\/\/www.pego.org\/noticies\/wp-content\/uploads\/2022\/06\/Rafael-del-Corral-700x525.jpg 700w, https:\/\/www.pego.org\/noticies\/wp-content\/uploads\/2022\/06\/Rafael-del-Corral-250x188.jpg 250w, https:\/\/www.pego.org\/noticies\/wp-content\/uploads\/2022\/06\/Rafael-del-Corral-768x576.jpg 768w, https:\/\/www.pego.org\/noticies\/wp-content\/uploads\/2022\/06\/Rafael-del-Corral-1536x1152.jpg 1536w, https:\/\/www.pego.org\/noticies\/wp-content\/uploads\/2022\/06\/Rafael-del-Corral-2048x1536.jpg 2048w, https:\/\/www.pego.org\/noticies\/wp-content\/uploads\/2022\/06\/Rafael-del-Corral-120x90.jpg 120w\" sizes=\"(max-width: 700px) 100vw, 700px\" \/><figcaption>Rafael del Corral amb la seua obra.<\/figcaption><\/figure><\/div>\n\n\n\n<div class=\"wp-block-image\"><figure class=\"aligncenter size-large\"><img loading=\"lazy\" width=\"700\" height=\"525\" src=\"https:\/\/www.pego.org\/noticies\/wp-content\/uploads\/2022\/06\/Lola-Berenguer-700x525.jpg\" alt=\"\" class=\"wp-image-1027\" srcset=\"https:\/\/www.pego.org\/noticies\/wp-content\/uploads\/2022\/06\/Lola-Berenguer-700x525.jpg 700w, https:\/\/www.pego.org\/noticies\/wp-content\/uploads\/2022\/06\/Lola-Berenguer-250x188.jpg 250w, https:\/\/www.pego.org\/noticies\/wp-content\/uploads\/2022\/06\/Lola-Berenguer-768x576.jpg 768w, https:\/\/www.pego.org\/noticies\/wp-content\/uploads\/2022\/06\/Lola-Berenguer-1536x1152.jpg 1536w, https:\/\/www.pego.org\/noticies\/wp-content\/uploads\/2022\/06\/Lola-Berenguer-2048x1536.jpg 2048w, https:\/\/www.pego.org\/noticies\/wp-content\/uploads\/2022\/06\/Lola-Berenguer-120x90.jpg 120w\" sizes=\"(max-width: 700px) 100vw, 700px\" \/><figcaption>Lola Berenguer amb la seua obra.<\/figcaption><\/figure><\/div>\n\n\n\n<p>El president de la Fundaci\u00f3 Pirelli i la Comissi\u00f3 Assessora d&#8217;Arts Pl\u00e0stiques de la Fundaci\u00f3 Botin, Vicent Todol\u00ed; Rosa Maria Castells, directora del Museu d&#8217;Art Contemporani d&#8217;Alacant (MACA); Sandra Guimaraes, directora art\u00edstica del centre d&#8217;art Bombes Gens; i Pilar Tebar, presidenta de la Associaci\u00f3 Valenciana de Cr\u00edtics d&#8217;Art (AVCA) han sigut els membres del jurat encarregats de nomenar les obres guanyadores.<\/p>\n\n\n\n<p>Manel Izquierdo va rebre un premi econ\u00f2mic de 5.000 euros aix\u00ed com un trofeu confeccionat per l&#8217;escultor Toni Mar\u00ed. A m\u00e9s de donar l&#8217;enhorabona al guanyador, aix\u00ed com als finalistes, la regidor de Cultura, Laura Castell\u00e0 ha ressaltat el bon estat del certamen, \u201cha crescut en els \u00faltims anys la participaci\u00f3 de manera excepcional. De fet en 2019 la participaci\u00f3 no va superar el mig centenar d&#8217;obres, mentre que en les dues \u00faltimes edicions s&#8217;han superat les 400 participacions. Resultat del treball del departament t\u00e8cnic del Museu d\u2019Art de Pego\u201d.<\/p>\n\n\n\n<p><\/p>\n\n\n\n<div class=\"wp-block-image\"><figure class=\"aligncenter size-large\"><img loading=\"lazy\" width=\"700\" height=\"525\" src=\"https:\/\/www.pego.org\/noticies\/wp-content\/uploads\/2022\/06\/Manel-Iquierdo-amb-la-regidora-de-Cultura-1-700x525.jpg\" alt=\"\" class=\"wp-image-1028\" srcset=\"https:\/\/www.pego.org\/noticies\/wp-content\/uploads\/2022\/06\/Manel-Iquierdo-amb-la-regidora-de-Cultura-1-700x525.jpg 700w, https:\/\/www.pego.org\/noticies\/wp-content\/uploads\/2022\/06\/Manel-Iquierdo-amb-la-regidora-de-Cultura-1-250x188.jpg 250w, https:\/\/www.pego.org\/noticies\/wp-content\/uploads\/2022\/06\/Manel-Iquierdo-amb-la-regidora-de-Cultura-1-768x576.jpg 768w, https:\/\/www.pego.org\/noticies\/wp-content\/uploads\/2022\/06\/Manel-Iquierdo-amb-la-regidora-de-Cultura-1-1536x1152.jpg 1536w, https:\/\/www.pego.org\/noticies\/wp-content\/uploads\/2022\/06\/Manel-Iquierdo-amb-la-regidora-de-Cultura-1-2048x1536.jpg 2048w, https:\/\/www.pego.org\/noticies\/wp-content\/uploads\/2022\/06\/Manel-Iquierdo-amb-la-regidora-de-Cultura-1-120x90.jpg 120w\" sizes=\"(max-width: 700px) 100vw, 700px\" \/><figcaption>Manel Izquierdo amb la regidora de Cultura, Laura Castell\u00e0.<\/figcaption><\/figure><\/div>\n\n\n\n<p><\/p>\n\n\n\n<div class=\"wp-block-image\"><figure class=\"aligncenter size-large\"><img loading=\"lazy\" width=\"700\" height=\"525\" src=\"https:\/\/www.pego.org\/noticies\/wp-content\/uploads\/2022\/06\/El-guanyador-juntament-amb-els-artistes-que-han-rebut-mencio-especial-700x525.jpg\" alt=\"\" class=\"wp-image-1029\" srcset=\"https:\/\/www.pego.org\/noticies\/wp-content\/uploads\/2022\/06\/El-guanyador-juntament-amb-els-artistes-que-han-rebut-mencio-especial-700x525.jpg 700w, https:\/\/www.pego.org\/noticies\/wp-content\/uploads\/2022\/06\/El-guanyador-juntament-amb-els-artistes-que-han-rebut-mencio-especial-250x188.jpg 250w, https:\/\/www.pego.org\/noticies\/wp-content\/uploads\/2022\/06\/El-guanyador-juntament-amb-els-artistes-que-han-rebut-mencio-especial-768x576.jpg 768w, https:\/\/www.pego.org\/noticies\/wp-content\/uploads\/2022\/06\/El-guanyador-juntament-amb-els-artistes-que-han-rebut-mencio-especial-1536x1152.jpg 1536w, https:\/\/www.pego.org\/noticies\/wp-content\/uploads\/2022\/06\/El-guanyador-juntament-amb-els-artistes-que-han-rebut-mencio-especial-2048x1536.jpg 2048w, https:\/\/www.pego.org\/noticies\/wp-content\/uploads\/2022\/06\/El-guanyador-juntament-amb-els-artistes-que-han-rebut-mencio-especial-120x90.jpg 120w\" sizes=\"(max-width: 700px) 100vw, 700px\" \/><\/figure><\/div>\n\n\n\n<p>Al llarg d&#8217;aquest mes de juny, en horari de 17 a 20 hores de dimarts a divendres; i de 10 a 13.30 hores els dissabtes, podr\u00e0 visitar-se l&#8217;exposici\u00f3 amb les 31 obres, la guanyadora inclosa.<\/p>\n","protected":false},"excerpt":{"rendered":"Rafael del Corral Nanclares, Lola Berenguer Su\u00e1rez y Gemma Alpuente aconsegueixen l\u2019esment especial en una edici\u00f3 en la qual han participat 434 artistes Manel Izquierdo Guti\u00e9rrez, artista de Xirivella i estudiant de Belles Arts, \u00e9s el guanyador de la XLVI edici\u00f3 del certamen de pintura Vila de Pego. L&#8217;ha aconseguit amb la seua obra No&#8230; <a class=\"view-article\" href=\"https:\/\/www.pego.org\/noticies\/2022\/06\/02\/manel-izquierdo-gutierrez-guanyador-de-la-xlvi-edicio-del-certamen-de-pintura-vila-de-pego\/\">Veure Article<\/a>","protected":false},"author":2,"featured_media":0,"comment_status":"closed","ping_status":"open","sticky":false,"template":"","format":"standard","meta":[],"categories":[1],"tags":[],"yoast_head":"<!-- This site is optimized with the Yoast SEO plugin v19.4 - https:\/\/yoast.com\/wordpress\/plugins\/seo\/ -->\n<title>Manel Izquierdo Guti\u00e9rrez, guanyador de la XLVI edici\u00f3 del certamen de pintura Vila de Pego - Ajuntament de Pego<\/title>\n<meta name=\"robots\" content=\"index, follow, max-snippet:-1, max-image-preview:large, max-video-preview:-1\" \/>\n<link rel=\"canonical\" href=\"https:\/\/www.pego.org\/noticies\/2022\/06\/02\/manel-izquierdo-gutierrez-guanyador-de-la-xlvi-edicio-del-certamen-de-pintura-vila-de-pego\/\" \/>\n<meta property=\"og:locale\" content=\"ca_ES\" \/>\n<meta property=\"og:type\" content=\"article\" \/>\n<meta property=\"og:title\" content=\"Manel Izquierdo Guti\u00e9rrez, guanyador de la XLVI edici\u00f3 del certamen de pintura Vila de Pego - Ajuntament de Pego\" \/>\n<meta property=\"og:description\" content=\"Rafael del Corral Nanclares, Lola Berenguer Su\u00e1rez y Gemma Alpuente aconsegueixen l\u2019esment especial en una edici\u00f3 en la qual han participat 434 artistes Manel Izquierdo Guti\u00e9rrez, artista de Xirivella i estudiant de Belles Arts, \u00e9s el guanyador de la XLVI edici\u00f3 del certamen de pintura Vila de Pego. L&#8217;ha aconseguit amb la seua obra No... Veure Article\" \/>\n<meta property=\"og:url\" content=\"https:\/\/www.pego.org\/noticies\/2022\/06\/02\/manel-izquierdo-gutierrez-guanyador-de-la-xlvi-edicio-del-certamen-de-pintura-vila-de-pego\/\" \/>\n<meta property=\"og:site_name\" content=\"Ajuntament de Pego\" \/>\n<meta property=\"article:publisher\" content=\"https:\/\/www.facebook.com\/ajuntament.de.pego\/\" \/>\n<meta property=\"article:published_time\" content=\"2022-06-02T09:18:48+00:00\" \/>\n<meta property=\"article:modified_time\" content=\"2022-06-02T09:18:51+00:00\" \/>\n<meta property=\"og:image\" content=\"https:\/\/www.pego.org\/noticies\/wp-content\/uploads\/2022\/06\/Manel-Izquierdo-700x525.jpg\" \/>\n<meta name=\"author\" content=\"Bernat Ortola\" \/>\n<meta name=\"twitter:card\" content=\"summary_large_image\" \/>\n<meta name=\"twitter:creator\" content=\"@ajupego\" \/>\n<meta name=\"twitter:site\" content=\"@ajupego\" \/>\n<meta name=\"twitter:label1\" content=\"Escrit per\" \/>\n\t<meta name=\"twitter:data1\" content=\"Bernat Ortola\" \/>\n\t<meta name=\"twitter:label2\" content=\"Temps estimat de lectura\" \/>\n\t<meta name=\"twitter:data2\" content=\"4 minuts\" \/>\n<script type=\"application\/ld+json\" class=\"yoast-schema-graph\">{\"@context\":\"https:\/\/schema.org\",\"@graph\":[{\"@type\":\"WebSite\",\"@id\":\"http:\/\/www.pego.org\/noticies\/#website\",\"url\":\"http:\/\/www.pego.org\/noticies\/\",\"name\":\"Ajuntament de Pego\",\"description\":\"\",\"potentialAction\":[{\"@type\":\"SearchAction\",\"target\":{\"@type\":\"EntryPoint\",\"urlTemplate\":\"http:\/\/www.pego.org\/noticies\/?s={search_term_string}\"},\"query-input\":\"required name=search_term_string\"}],\"inLanguage\":\"ca\"},{\"@type\":\"WebPage\",\"@id\":\"https:\/\/www.pego.org\/noticies\/2022\/06\/02\/manel-izquierdo-gutierrez-guanyador-de-la-xlvi-edicio-del-certamen-de-pintura-vila-de-pego\/\",\"url\":\"https:\/\/www.pego.org\/noticies\/2022\/06\/02\/manel-izquierdo-gutierrez-guanyador-de-la-xlvi-edicio-del-certamen-de-pintura-vila-de-pego\/\",\"name\":\"Manel Izquierdo Guti\u00e9rrez, guanyador de la XLVI edici\u00f3 del certamen de pintura Vila de Pego - Ajuntament de Pego\",\"isPartOf\":{\"@id\":\"http:\/\/www.pego.org\/noticies\/#website\"},\"datePublished\":\"2022-06-02T09:18:48+00:00\",\"dateModified\":\"2022-06-02T09:18:51+00:00\",\"author\":{\"@id\":\"http:\/\/www.pego.org\/noticies\/#\/schema\/person\/4326dac4f13188e6a8a1984f5eb1e0e6\"},\"breadcrumb\":{\"@id\":\"https:\/\/www.pego.org\/noticies\/2022\/06\/02\/manel-izquierdo-gutierrez-guanyador-de-la-xlvi-edicio-del-certamen-de-pintura-vila-de-pego\/#breadcrumb\"},\"inLanguage\":\"ca\",\"potentialAction\":[{\"@type\":\"ReadAction\",\"target\":[\"https:\/\/www.pego.org\/noticies\/2022\/06\/02\/manel-izquierdo-gutierrez-guanyador-de-la-xlvi-edicio-del-certamen-de-pintura-vila-de-pego\/\"]}]},{\"@type\":\"BreadcrumbList\",\"@id\":\"https:\/\/www.pego.org\/noticies\/2022\/06\/02\/manel-izquierdo-gutierrez-guanyador-de-la-xlvi-edicio-del-certamen-de-pintura-vila-de-pego\/#breadcrumb\",\"itemListElement\":[{\"@type\":\"ListItem\",\"position\":1,\"name\":\"Inici\",\"item\":\"http:\/\/www.pego.org\/noticies\/\"},{\"@type\":\"ListItem\",\"position\":2,\"name\":\"Manel Izquierdo Guti\u00e9rrez, guanyador de la XLVI edici\u00f3 del certamen de pintura Vila de Pego\"}]},{\"@type\":\"Person\",\"@id\":\"http:\/\/www.pego.org\/noticies\/#\/schema\/person\/4326dac4f13188e6a8a1984f5eb1e0e6\",\"name\":\"Bernat Ortola\",\"image\":{\"@type\":\"ImageObject\",\"inLanguage\":\"ca\",\"@id\":\"http:\/\/www.pego.org\/noticies\/#\/schema\/person\/image\/\",\"url\":\"https:\/\/secure.gravatar.com\/avatar\/75560795a8de75338a850c3d759f927c?s=96&d=mm&r=g\",\"contentUrl\":\"https:\/\/secure.gravatar.com\/avatar\/75560795a8de75338a850c3d759f927c?s=96&d=mm&r=g\",\"caption\":\"Bernat Ortola\"}}]}<\/script>\n<!-- \/ Yoast SEO plugin. -->","yoast_head_json":{"title":"Manel Izquierdo Guti\u00e9rrez, guanyador de la XLVI edici\u00f3 del certamen de pintura Vila de Pego - Ajuntament de Pego","robots":{"index":"index","follow":"follow","max-snippet":"max-snippet:-1","max-image-preview":"max-image-preview:large","max-video-preview":"max-video-preview:-1"},"canonical":"https:\/\/www.pego.org\/noticies\/2022\/06\/02\/manel-izquierdo-gutierrez-guanyador-de-la-xlvi-edicio-del-certamen-de-pintura-vila-de-pego\/","og_locale":"ca_ES","og_type":"article","og_title":"Manel Izquierdo Guti\u00e9rrez, guanyador de la XLVI edici\u00f3 del certamen de pintura Vila de Pego - Ajuntament de Pego","og_description":"Rafael del Corral Nanclares, Lola Berenguer Su\u00e1rez y Gemma Alpuente aconsegueixen l\u2019esment especial en una edici\u00f3 en la qual han participat 434 artistes Manel Izquierdo Guti\u00e9rrez, artista de Xirivella i estudiant de Belles Arts, \u00e9s el guanyador de la XLVI edici\u00f3 del certamen de pintura Vila de Pego. L&#8217;ha aconseguit amb la seua obra No... Veure Article","og_url":"https:\/\/www.pego.org\/noticies\/2022\/06\/02\/manel-izquierdo-gutierrez-guanyador-de-la-xlvi-edicio-del-certamen-de-pintura-vila-de-pego\/","og_site_name":"Ajuntament de Pego","article_publisher":"https:\/\/www.facebook.com\/ajuntament.de.pego\/","article_published_time":"2022-06-02T09:18:48+00:00","article_modified_time":"2022-06-02T09:18:51+00:00","og_image":[{"url":"https:\/\/www.pego.org\/noticies\/wp-content\/uploads\/2022\/06\/Manel-Izquierdo-700x525.jpg"}],"author":"Bernat Ortola","twitter_card":"summary_large_image","twitter_creator":"@ajupego","twitter_site":"@ajupego","twitter_misc":{"Escrit per":"Bernat Ortola","Temps estimat de lectura":"4 minuts"},"schema":{"@context":"https:\/\/schema.org","@graph":[{"@type":"WebSite","@id":"http:\/\/www.pego.org\/noticies\/#website","url":"http:\/\/www.pego.org\/noticies\/","name":"Ajuntament de Pego","description":"","potentialAction":[{"@type":"SearchAction","target":{"@type":"EntryPoint","urlTemplate":"http:\/\/www.pego.org\/noticies\/?s={search_term_string}"},"query-input":"required name=search_term_string"}],"inLanguage":"ca"},{"@type":"WebPage","@id":"https:\/\/www.pego.org\/noticies\/2022\/06\/02\/manel-izquierdo-gutierrez-guanyador-de-la-xlvi-edicio-del-certamen-de-pintura-vila-de-pego\/","url":"https:\/\/www.pego.org\/noticies\/2022\/06\/02\/manel-izquierdo-gutierrez-guanyador-de-la-xlvi-edicio-del-certamen-de-pintura-vila-de-pego\/","name":"Manel Izquierdo Guti\u00e9rrez, guanyador de la XLVI edici\u00f3 del certamen de pintura Vila de Pego - Ajuntament de Pego","isPartOf":{"@id":"http:\/\/www.pego.org\/noticies\/#website"},"datePublished":"2022-06-02T09:18:48+00:00","dateModified":"2022-06-02T09:18:51+00:00","author":{"@id":"http:\/\/www.pego.org\/noticies\/#\/schema\/person\/4326dac4f13188e6a8a1984f5eb1e0e6"},"breadcrumb":{"@id":"https:\/\/www.pego.org\/noticies\/2022\/06\/02\/manel-izquierdo-gutierrez-guanyador-de-la-xlvi-edicio-del-certamen-de-pintura-vila-de-pego\/#breadcrumb"},"inLanguage":"ca","potentialAction":[{"@type":"ReadAction","target":["https:\/\/www.pego.org\/noticies\/2022\/06\/02\/manel-izquierdo-gutierrez-guanyador-de-la-xlvi-edicio-del-certamen-de-pintura-vila-de-pego\/"]}]},{"@type":"BreadcrumbList","@id":"https:\/\/www.pego.org\/noticies\/2022\/06\/02\/manel-izquierdo-gutierrez-guanyador-de-la-xlvi-edicio-del-certamen-de-pintura-vila-de-pego\/#breadcrumb","itemListElement":[{"@type":"ListItem","position":1,"name":"Inici","item":"http:\/\/www.pego.org\/noticies\/"},{"@type":"ListItem","position":2,"name":"Manel Izquierdo Guti\u00e9rrez, guanyador de la XLVI edici\u00f3 del certamen de pintura Vila de Pego"}]},{"@type":"Person","@id":"http:\/\/www.pego.org\/noticies\/#\/schema\/person\/4326dac4f13188e6a8a1984f5eb1e0e6","name":"Bernat Ortola","image":{"@type":"ImageObject","inLanguage":"ca","@id":"http:\/\/www.pego.org\/noticies\/#\/schema\/person\/image\/","url":"https:\/\/secure.gravatar.com\/avatar\/75560795a8de75338a850c3d759f927c?s=96&d=mm&r=g","contentUrl":"https:\/\/secure.gravatar.com\/avatar\/75560795a8de75338a850c3d759f927c?s=96&d=mm&r=g","caption":"Bernat Ortola"}}]}},"_links":{"self":[{"href":"https:\/\/www.pego.org\/noticies\/wp-json\/wp\/v2\/posts\/1022"}],"collection":[{"href":"https:\/\/www.pego.org\/noticies\/wp-json\/wp\/v2\/posts"}],"about":[{"href":"https:\/\/www.pego.org\/noticies\/wp-json\/wp\/v2\/types\/post"}],"author":[{"embeddable":true,"href":"https:\/\/www.pego.org\/noticies\/wp-json\/wp\/v2\/users\/2"}],"replies":[{"embeddable":true,"href":"https:\/\/www.pego.org\/noticies\/wp-json\/wp\/v2\/comments?post=1022"}],"version-history":[{"count":1,"href":"https:\/\/www.pego.org\/noticies\/wp-json\/wp\/v2\/posts\/1022\/revisions"}],"predecessor-version":[{"id":1030,"href":"https:\/\/www.pego.org\/noticies\/wp-json\/wp\/v2\/posts\/1022\/revisions\/1030"}],"wp:attachment":[{"href":"https:\/\/www.pego.org\/noticies\/wp-json\/wp\/v2\/media?parent=1022"}],"wp:term":[{"taxonomy":"category","embeddable":true,"href":"https:\/\/www.pego.org\/noticies\/wp-json\/wp\/v2\/categories?post=1022"},{"taxonomy":"post_tag","embeddable":true,"href":"https:\/\/www.pego.org\/noticies\/wp-json\/wp\/v2\/tags?post=1022"}],"curies":[{"name":"wp","href":"https:\/\/api.w.org\/{rel}","templated":true}]}}