{"id":1642,"date":"2023-04-12T14:33:38","date_gmt":"2023-04-12T12:33:38","guid":{"rendered":"https:\/\/www.pego.org\/noticies\/?p=1642"},"modified":"2023-04-12T15:06:37","modified_gmt":"2023-04-12T13:06:37","slug":"la-marjal-de-pego-oliva-llar-de-12-aguiles-pescadores-a-partir-de-juliol","status":"publish","type":"post","link":"https:\/\/www.pego.org\/noticies\/2023\/04\/12\/la-marjal-de-pego-oliva-llar-de-12-aguiles-pescadores-a-partir-de-juliol\/","title":{"rendered":"La Marjal de Pego-Oliva, llar de 12 \u00e0guiles pescadores a partir de juliol"},"content":{"rendered":"\n<p><em>Ser\u00e0 la quarta edici\u00f3 del projecte de reinserci\u00f3 de l&#8217;esp\u00e8cie i la primera vegada que els ocells arriben d&#8217;Esc\u00f2cia<\/em><\/p>\n\n\n\n<p><em>En la proposta tornen a col\u00b7laborar els ajuntaments de Pego, Oliva, D\u00e9nia i X\u00e0bia, aix\u00ed com la Fundaci\u00f3 Migres i la Fundaci\u00f3 Iberdrola<\/em><\/p>\n\n\n\n<p><\/p>\n\n\n\n<div class=\"wp-block-image\"><figure class=\"aligncenter size-large\"><img loading=\"lazy\" width=\"700\" height=\"525\" src=\"https:\/\/www.pego.org\/noticies\/wp-content\/uploads\/2023\/04\/002-700x525.jpg\" alt=\"\" class=\"wp-image-1643\" srcset=\"https:\/\/www.pego.org\/noticies\/wp-content\/uploads\/2023\/04\/002-700x525.jpg 700w, https:\/\/www.pego.org\/noticies\/wp-content\/uploads\/2023\/04\/002-250x188.jpg 250w, https:\/\/www.pego.org\/noticies\/wp-content\/uploads\/2023\/04\/002-768x576.jpg 768w, https:\/\/www.pego.org\/noticies\/wp-content\/uploads\/2023\/04\/002-1536x1152.jpg 1536w, https:\/\/www.pego.org\/noticies\/wp-content\/uploads\/2023\/04\/002-2048x1536.jpg 2048w, https:\/\/www.pego.org\/noticies\/wp-content\/uploads\/2023\/04\/002-120x90.jpg 120w\" sizes=\"(max-width: 700px) 100vw, 700px\" \/><\/figure><\/div>\n\n\n\n<p>No hi ha dos sense tres, ni tres sense quatre. La Marjal Pego-Oliva tornar\u00e0 a ser l&#8217;epicentre del projecte de reinserci\u00f3 de l&#8217;\u00e0guila pescadora a la Marina Alta. El mes vinent de juliol arribaran al paratge natural una dotzena de pollets d&#8217;aquesta esp\u00e8cie d&#8217;ocell rapa\u00e7. Ser\u00e0 la quarta vegada, encara que en aquesta ocasi\u00f3 els dotze animals arribaran des de terres escoceses, de la m\u00e0 de la Roy Dennis Wildlife Foundation, fundaci\u00f3 que treballa en la restauraci\u00f3 d&#8217;esp\u00e8cies i que est\u00e0 a l&#8217;avantguarda de la investigaci\u00f3 sobre la migraci\u00f3 d&#8217;ocells; i que ha participat en la reintroducci\u00f3 d\u2019aus a Su\u00efssa, Pais Basc o sud d\u2019Anglaterra, entre d\u2019altres.<\/p>\n\n\n\n<p>Hui ha tingut lloc, a la Casa de Cultura de Pego i posteriorment en la Muntanyeta Verda, una jornada de presentaci\u00f3 d&#8217;aquesta quarta iniciativa per a retornar l&#8217;\u00e0guila pescadora a la comarca.<\/p>\n\n\n\n<p>Ian Perks, t\u00e8cnic especialitzat de la Roy Dennis Wildlife Foundation ha sigut l&#8217;encarregat d&#8217;explicar els passos que se segueixen en aquesta mena d&#8217;iniciatives que, encara que no disten dels anys anteriors, si t\u00e9 algunes difer\u00e8ncies. La principal \u00e9s el nombre d&#8217;exemplars que arribaran al paratge natural. En les altres tres ocasions van ser un n\u00famero m\u00e9s redu\u00eft, d&#8217;entre 2 a 5 pollets, per\u00f2 ara s&#8217;ha optat per comen\u00e7ar amb una dotzena. \u201cAugmentat el nombre d&#8217;exemplars s&#8217;augmenten les possibilitats de superviv\u00e8ncia de l&#8217;esp\u00e8cie ja en el primer any\u201d. La xifra \u2018m\u00e0gica\u2019 per a aconseguir que el projecte s&#8217;assenteix, ha indicat, \u00e9s comptar amb un centenar d&#8217;ocells en el menor temps possible, \u201cintentarem fer-ho en cinc anys\u201d, ha matisat Itziar Colodro, membre de la Fundaci\u00f3 Migres, una de les potes d&#8217;aquest projecte de recuperaci\u00f3 de l&#8217;\u00e0guila a la comarca, juntament amb el Servei de Vida Silvestre de la conselleria de Medi Ambient, la Fundaci\u00f3 Iberdrola i els ajuntaments de Pego, Oliva, D\u00e9nia i X\u00e0bia.<\/p>\n\n\n\n<p><\/p>\n\n\n\n<p><strong>M\u00e8tode exhaustiu<\/strong><\/p>\n\n\n\n<p>Per a la reinserci\u00f3 d&#8217;aquest ocell no es deixa res a l&#8217;atzar, el m\u00e8tode \u00e9s molt exhaustiu, ha indicat Perks. De fet, en la selecci\u00f3 dels pollets es tenen en compte diferents aspectes, un dels m\u00e9s importants la grand\u00e0ria, \u201cha de ser l&#8217;adequat, ni molt xicotet perqu\u00e8 durant el transport pateixen molt m\u00e9s, ni molt grans per a evitar que vulguen iniciar-se en els vols abans d&#8217;estar instal\u00b7lats en la seua nova llar\u201d, ha explicat el t\u00e8cnic escoc\u00e9s. D&#8217;aquest par\u00e0metre establit es trien sempre \u201cels m\u00e9s xicotets de cada niu, aix\u00ed augmenta la probabilitat de vida dels altres, incrementem la poblaci\u00f3 efectiva\u201d.<\/p>\n\n\n\n<p>Tamb\u00e9 \u00e9s important la salut. Realitzen test de salut, el pollet seleccionat ha d&#8217;estar en perfectes condicions. Tots ells, ha recalcat Perks, estan lliures de grip avi\u00e0ria, l&#8217;alerta d&#8217;un gran brot es va donar a la fi de 2022, pel qual el projecte ha patit retards, \u201cencara que no s&#8217;ha comptabilitzat cap cas d&#8217;aquesta malaltia en \u00e0guiles pescadores.<\/p>\n\n\n\n<p>Un altre punt a tindre en compte \u00e9s el sexe dels esp\u00e8cimens. Perks ha apuntat que l&#8217;habitual \u201cideal\u201d \u00e9s que el percentatge de mascles siga lleugerament superior al de femelles, encara que per al projecte de la Marjal Pego-Oliva s&#8217;ha optat per un 50% de cada durant els dos primers anys, \u201ccreiem que en els primers compassos \u00e9s m\u00e9s important la salut que el sexe. En un futur, si tot va b\u00e9, es realitzar\u00e0 una selecci\u00f3 m\u00e9s espec\u00edfica referent a aix\u00f2\u201d.<\/p>\n\n\n\n<p>Finalment, el t\u00e8cnic escoc\u00e9s ha remarcat la import\u00e0ncia de l&#8217;adaptaci\u00f3 dels ocells en el seu nou entorn, remarcant la necessitat d&#8217;evitar al m\u00e0xim el contacte hum\u00e0, \u201cvolem que aquests animals siguen el m\u00e9s salvatges possibles, com menys conega a les persones, millor, perqu\u00e8 no les considerar\u00e0 com a esp\u00e8cie amiga\u201d. Per aix\u00f2, de nou s&#8217;optar\u00e0 pel m\u00e8tode \u2018hacking\u2019, considerat el sistema de reinserci\u00f3 m\u00e9s eficient i que consisteix a criar pollastres en estat de semillibertat, col\u00b7locant-los en nius que simulen els naturals i proporcionant el menjar de manera artificial, intentat evitar al m\u00e0xim que l&#8217;animal conega la seua proced\u00e8ncia (evitar el contacte amb l&#8217;\u00e9sser hum\u00e0).<\/p>\n\n\n\n<p>Passades les primeres setmanes d&#8217;estada, els ocells comen\u00e7aran amb els seus primers vols, i poc despr\u00e9s emprendran viatge per a emigrar a altres zones amb climes que els s\u00f3n m\u00e9s favorables. \u201cA partir d&#8217;aquest moment, ja \u00e9s dif\u00edcil predir que passar\u00e0\u201d. Perks ha insistit que es tracta d&#8217;un projecte en el qual s&#8217;ha de tindre molta paci\u00e8ncia, \u201cels primers ocells poden tardar a tornar dos o tres anys, sempre que tot vaja b\u00e9\u201d, ha insistit. Ha recalcat tamb\u00e9 que per a afavorir la seua volta i que aquesta siga molt m\u00e9s fruct\u00edfera, \u201c\u00e9s important que l&#8217;animal veja molts nius, perqu\u00e8 pensar\u00e0 que \u00e9s un entorn favorable per a quedar-se\u201d.<\/p>\n","protected":false},"excerpt":{"rendered":"Ser\u00e0 la quarta edici\u00f3 del projecte de reinserci\u00f3 de l&#8217;esp\u00e8cie i la primera vegada que els ocells arriben d&#8217;Esc\u00f2cia En la proposta tornen a col\u00b7laborar els ajuntaments de Pego, Oliva, D\u00e9nia i X\u00e0bia, aix\u00ed com la Fundaci\u00f3 Migres i la Fundaci\u00f3 Iberdrola No hi ha dos sense tres, ni tres sense quatre. La Marjal Pego-Oliva&#8230; <a class=\"view-article\" href=\"https:\/\/www.pego.org\/noticies\/2023\/04\/12\/la-marjal-de-pego-oliva-llar-de-12-aguiles-pescadores-a-partir-de-juliol\/\">Veure Article<\/a>","protected":false},"author":2,"featured_media":0,"comment_status":"closed","ping_status":"open","sticky":false,"template":"","format":"standard","meta":[],"categories":[1],"tags":[],"yoast_head":"<!-- This site is optimized with the Yoast SEO plugin v19.4 - https:\/\/yoast.com\/wordpress\/plugins\/seo\/ -->\n<title>La Marjal de Pego-Oliva, llar de 12 \u00e0guiles pescadores a partir de juliol - Ajuntament de Pego<\/title>\n<meta name=\"robots\" content=\"index, follow, max-snippet:-1, max-image-preview:large, max-video-preview:-1\" \/>\n<link rel=\"canonical\" href=\"http:\/\/www.pego.org\/noticies\/2023\/04\/12\/la-marjal-de-pego-oliva-llar-de-12-aguiles-pescadores-a-partir-de-juliol\/\" \/>\n<meta property=\"og:locale\" content=\"ca_ES\" \/>\n<meta property=\"og:type\" content=\"article\" \/>\n<meta property=\"og:title\" content=\"La Marjal de Pego-Oliva, llar de 12 \u00e0guiles pescadores a partir de juliol - Ajuntament de Pego\" \/>\n<meta property=\"og:description\" content=\"Ser\u00e0 la quarta edici\u00f3 del projecte de reinserci\u00f3 de l&#8217;esp\u00e8cie i la primera vegada que els ocells arriben d&#8217;Esc\u00f2cia En la proposta tornen a col\u00b7laborar els ajuntaments de Pego, Oliva, D\u00e9nia i X\u00e0bia, aix\u00ed com la Fundaci\u00f3 Migres i la Fundaci\u00f3 Iberdrola No hi ha dos sense tres, ni tres sense quatre. La Marjal Pego-Oliva... Veure Article\" \/>\n<meta property=\"og:url\" content=\"http:\/\/www.pego.org\/noticies\/2023\/04\/12\/la-marjal-de-pego-oliva-llar-de-12-aguiles-pescadores-a-partir-de-juliol\/\" \/>\n<meta property=\"og:site_name\" content=\"Ajuntament de Pego\" \/>\n<meta property=\"article:publisher\" content=\"https:\/\/www.facebook.com\/ajuntament.de.pego\/\" \/>\n<meta property=\"article:published_time\" content=\"2023-04-12T12:33:38+00:00\" \/>\n<meta property=\"article:modified_time\" content=\"2023-04-12T13:06:37+00:00\" \/>\n<meta property=\"og:image\" content=\"https:\/\/www.pego.org\/noticies\/wp-content\/uploads\/2023\/04\/002-700x525.jpg\" \/>\n<meta name=\"author\" content=\"Bernat Ortola\" \/>\n<meta name=\"twitter:card\" content=\"summary_large_image\" \/>\n<meta name=\"twitter:creator\" content=\"@ajupego\" \/>\n<meta name=\"twitter:site\" content=\"@ajupego\" \/>\n<meta name=\"twitter:label1\" content=\"Escrit per\" \/>\n\t<meta name=\"twitter:data1\" content=\"Bernat Ortola\" \/>\n\t<meta name=\"twitter:label2\" content=\"Temps estimat de lectura\" \/>\n\t<meta name=\"twitter:data2\" content=\"5 minuts\" \/>\n<script type=\"application\/ld+json\" class=\"yoast-schema-graph\">{\"@context\":\"https:\/\/schema.org\",\"@graph\":[{\"@type\":\"WebSite\",\"@id\":\"https:\/\/www.pego.org\/noticies\/#website\",\"url\":\"https:\/\/www.pego.org\/noticies\/\",\"name\":\"Ajuntament de Pego\",\"description\":\"\",\"potentialAction\":[{\"@type\":\"SearchAction\",\"target\":{\"@type\":\"EntryPoint\",\"urlTemplate\":\"https:\/\/www.pego.org\/noticies\/?s={search_term_string}\"},\"query-input\":\"required name=search_term_string\"}],\"inLanguage\":\"ca\"},{\"@type\":\"WebPage\",\"@id\":\"http:\/\/www.pego.org\/noticies\/2023\/04\/12\/la-marjal-de-pego-oliva-llar-de-12-aguiles-pescadores-a-partir-de-juliol\/\",\"url\":\"http:\/\/www.pego.org\/noticies\/2023\/04\/12\/la-marjal-de-pego-oliva-llar-de-12-aguiles-pescadores-a-partir-de-juliol\/\",\"name\":\"La Marjal de Pego-Oliva, llar de 12 \u00e0guiles pescadores a partir de juliol - Ajuntament de Pego\",\"isPartOf\":{\"@id\":\"https:\/\/www.pego.org\/noticies\/#website\"},\"datePublished\":\"2023-04-12T12:33:38+00:00\",\"dateModified\":\"2023-04-12T13:06:37+00:00\",\"author\":{\"@id\":\"https:\/\/www.pego.org\/noticies\/#\/schema\/person\/4326dac4f13188e6a8a1984f5eb1e0e6\"},\"breadcrumb\":{\"@id\":\"http:\/\/www.pego.org\/noticies\/2023\/04\/12\/la-marjal-de-pego-oliva-llar-de-12-aguiles-pescadores-a-partir-de-juliol\/#breadcrumb\"},\"inLanguage\":\"ca\",\"potentialAction\":[{\"@type\":\"ReadAction\",\"target\":[\"http:\/\/www.pego.org\/noticies\/2023\/04\/12\/la-marjal-de-pego-oliva-llar-de-12-aguiles-pescadores-a-partir-de-juliol\/\"]}]},{\"@type\":\"BreadcrumbList\",\"@id\":\"http:\/\/www.pego.org\/noticies\/2023\/04\/12\/la-marjal-de-pego-oliva-llar-de-12-aguiles-pescadores-a-partir-de-juliol\/#breadcrumb\",\"itemListElement\":[{\"@type\":\"ListItem\",\"position\":1,\"name\":\"Inici\",\"item\":\"https:\/\/www.pego.org\/noticies\/\"},{\"@type\":\"ListItem\",\"position\":2,\"name\":\"La Marjal de Pego-Oliva, llar de 12 \u00e0guiles pescadores a partir de juliol\"}]},{\"@type\":\"Person\",\"@id\":\"https:\/\/www.pego.org\/noticies\/#\/schema\/person\/4326dac4f13188e6a8a1984f5eb1e0e6\",\"name\":\"Bernat Ortola\",\"image\":{\"@type\":\"ImageObject\",\"inLanguage\":\"ca\",\"@id\":\"https:\/\/www.pego.org\/noticies\/#\/schema\/person\/image\/\",\"url\":\"https:\/\/secure.gravatar.com\/avatar\/75560795a8de75338a850c3d759f927c?s=96&d=mm&r=g\",\"contentUrl\":\"https:\/\/secure.gravatar.com\/avatar\/75560795a8de75338a850c3d759f927c?s=96&d=mm&r=g\",\"caption\":\"Bernat Ortola\"}}]}<\/script>\n<!-- \/ Yoast SEO plugin. -->","yoast_head_json":{"title":"La Marjal de Pego-Oliva, llar de 12 \u00e0guiles pescadores a partir de juliol - Ajuntament de Pego","robots":{"index":"index","follow":"follow","max-snippet":"max-snippet:-1","max-image-preview":"max-image-preview:large","max-video-preview":"max-video-preview:-1"},"canonical":"http:\/\/www.pego.org\/noticies\/2023\/04\/12\/la-marjal-de-pego-oliva-llar-de-12-aguiles-pescadores-a-partir-de-juliol\/","og_locale":"ca_ES","og_type":"article","og_title":"La Marjal de Pego-Oliva, llar de 12 \u00e0guiles pescadores a partir de juliol - Ajuntament de Pego","og_description":"Ser\u00e0 la quarta edici\u00f3 del projecte de reinserci\u00f3 de l&#8217;esp\u00e8cie i la primera vegada que els ocells arriben d&#8217;Esc\u00f2cia En la proposta tornen a col\u00b7laborar els ajuntaments de Pego, Oliva, D\u00e9nia i X\u00e0bia, aix\u00ed com la Fundaci\u00f3 Migres i la Fundaci\u00f3 Iberdrola No hi ha dos sense tres, ni tres sense quatre. La Marjal Pego-Oliva... Veure Article","og_url":"http:\/\/www.pego.org\/noticies\/2023\/04\/12\/la-marjal-de-pego-oliva-llar-de-12-aguiles-pescadores-a-partir-de-juliol\/","og_site_name":"Ajuntament de Pego","article_publisher":"https:\/\/www.facebook.com\/ajuntament.de.pego\/","article_published_time":"2023-04-12T12:33:38+00:00","article_modified_time":"2023-04-12T13:06:37+00:00","og_image":[{"url":"https:\/\/www.pego.org\/noticies\/wp-content\/uploads\/2023\/04\/002-700x525.jpg"}],"author":"Bernat Ortola","twitter_card":"summary_large_image","twitter_creator":"@ajupego","twitter_site":"@ajupego","twitter_misc":{"Escrit per":"Bernat Ortola","Temps estimat de lectura":"5 minuts"},"schema":{"@context":"https:\/\/schema.org","@graph":[{"@type":"WebSite","@id":"https:\/\/www.pego.org\/noticies\/#website","url":"https:\/\/www.pego.org\/noticies\/","name":"Ajuntament de Pego","description":"","potentialAction":[{"@type":"SearchAction","target":{"@type":"EntryPoint","urlTemplate":"https:\/\/www.pego.org\/noticies\/?s={search_term_string}"},"query-input":"required name=search_term_string"}],"inLanguage":"ca"},{"@type":"WebPage","@id":"http:\/\/www.pego.org\/noticies\/2023\/04\/12\/la-marjal-de-pego-oliva-llar-de-12-aguiles-pescadores-a-partir-de-juliol\/","url":"http:\/\/www.pego.org\/noticies\/2023\/04\/12\/la-marjal-de-pego-oliva-llar-de-12-aguiles-pescadores-a-partir-de-juliol\/","name":"La Marjal de Pego-Oliva, llar de 12 \u00e0guiles pescadores a partir de juliol - Ajuntament de Pego","isPartOf":{"@id":"https:\/\/www.pego.org\/noticies\/#website"},"datePublished":"2023-04-12T12:33:38+00:00","dateModified":"2023-04-12T13:06:37+00:00","author":{"@id":"https:\/\/www.pego.org\/noticies\/#\/schema\/person\/4326dac4f13188e6a8a1984f5eb1e0e6"},"breadcrumb":{"@id":"http:\/\/www.pego.org\/noticies\/2023\/04\/12\/la-marjal-de-pego-oliva-llar-de-12-aguiles-pescadores-a-partir-de-juliol\/#breadcrumb"},"inLanguage":"ca","potentialAction":[{"@type":"ReadAction","target":["http:\/\/www.pego.org\/noticies\/2023\/04\/12\/la-marjal-de-pego-oliva-llar-de-12-aguiles-pescadores-a-partir-de-juliol\/"]}]},{"@type":"BreadcrumbList","@id":"http:\/\/www.pego.org\/noticies\/2023\/04\/12\/la-marjal-de-pego-oliva-llar-de-12-aguiles-pescadores-a-partir-de-juliol\/#breadcrumb","itemListElement":[{"@type":"ListItem","position":1,"name":"Inici","item":"https:\/\/www.pego.org\/noticies\/"},{"@type":"ListItem","position":2,"name":"La Marjal de Pego-Oliva, llar de 12 \u00e0guiles pescadores a partir de juliol"}]},{"@type":"Person","@id":"https:\/\/www.pego.org\/noticies\/#\/schema\/person\/4326dac4f13188e6a8a1984f5eb1e0e6","name":"Bernat Ortola","image":{"@type":"ImageObject","inLanguage":"ca","@id":"https:\/\/www.pego.org\/noticies\/#\/schema\/person\/image\/","url":"https:\/\/secure.gravatar.com\/avatar\/75560795a8de75338a850c3d759f927c?s=96&d=mm&r=g","contentUrl":"https:\/\/secure.gravatar.com\/avatar\/75560795a8de75338a850c3d759f927c?s=96&d=mm&r=g","caption":"Bernat Ortola"}}]}},"_links":{"self":[{"href":"https:\/\/www.pego.org\/noticies\/wp-json\/wp\/v2\/posts\/1642"}],"collection":[{"href":"https:\/\/www.pego.org\/noticies\/wp-json\/wp\/v2\/posts"}],"about":[{"href":"https:\/\/www.pego.org\/noticies\/wp-json\/wp\/v2\/types\/post"}],"author":[{"embeddable":true,"href":"https:\/\/www.pego.org\/noticies\/wp-json\/wp\/v2\/users\/2"}],"replies":[{"embeddable":true,"href":"https:\/\/www.pego.org\/noticies\/wp-json\/wp\/v2\/comments?post=1642"}],"version-history":[{"count":4,"href":"https:\/\/www.pego.org\/noticies\/wp-json\/wp\/v2\/posts\/1642\/revisions"}],"predecessor-version":[{"id":1647,"href":"https:\/\/www.pego.org\/noticies\/wp-json\/wp\/v2\/posts\/1642\/revisions\/1647"}],"wp:attachment":[{"href":"https:\/\/www.pego.org\/noticies\/wp-json\/wp\/v2\/media?parent=1642"}],"wp:term":[{"taxonomy":"category","embeddable":true,"href":"https:\/\/www.pego.org\/noticies\/wp-json\/wp\/v2\/categories?post=1642"},{"taxonomy":"post_tag","embeddable":true,"href":"https:\/\/www.pego.org\/noticies\/wp-json\/wp\/v2\/tags?post=1642"}],"curies":[{"name":"wp","href":"https:\/\/api.w.org\/{rel}","templated":true}]}}