{"id":1655,"date":"2023-03-31T12:38:23","date_gmt":"2023-03-31T10:38:23","guid":{"rendered":"https:\/\/www.pego.org\/noticies\/?p=1655"},"modified":"2023-04-19T12:39:21","modified_gmt":"2023-04-19T10:39:21","slug":"lajuntament-de-pego-posa-en-marxa-el-punt-gvanext-pego","status":"publish","type":"post","link":"https:\/\/www.pego.org\/noticies\/2023\/03\/31\/lajuntament-de-pego-posa-en-marxa-el-punt-gvanext-pego\/","title":{"rendered":"L\u2019Ajuntament de Pego posa en marxa el punt GVANext Pego"},"content":{"rendered":"\n<p><em>Empreses, negocis, aut\u00f2noms i comer\u00e7os de Pego tenen al seu abast, a trav\u00e9s del departament de Creama, una oficina d\u2019assessorament especialitzada en Fons Europeus<\/em><\/p>\n\n\n\n<p><\/p>\n\n\n\n<figure class=\"wp-block-image size-large\"><img loading=\"lazy\" width=\"700\" height=\"525\" src=\"https:\/\/www.pego.org\/noticies\/wp-content\/uploads\/2023\/04\/1681900481920-700x525.jpg\" alt=\"\" class=\"wp-image-1657\" srcset=\"https:\/\/www.pego.org\/noticies\/wp-content\/uploads\/2023\/04\/1681900481920-700x525.jpg 700w, https:\/\/www.pego.org\/noticies\/wp-content\/uploads\/2023\/04\/1681900481920-250x188.jpg 250w, https:\/\/www.pego.org\/noticies\/wp-content\/uploads\/2023\/04\/1681900481920-768x576.jpg 768w, https:\/\/www.pego.org\/noticies\/wp-content\/uploads\/2023\/04\/1681900481920-1536x1152.jpg 1536w, https:\/\/www.pego.org\/noticies\/wp-content\/uploads\/2023\/04\/1681900481920-2048x1536.jpg 2048w, https:\/\/www.pego.org\/noticies\/wp-content\/uploads\/2023\/04\/1681900481920-120x90.jpg 120w\" sizes=\"(max-width: 700px) 100vw, 700px\" \/><\/figure>\n\n\n\n<p><\/p>\n\n\n\n<p>Amb la finalitat de pal\u00b7liar els efectes de la crisi social i econ\u00f2mica creada per la pand\u00e8mia del coronavirus, el Consell Europeu va aconseguir un acord per a la posada en marxa del programa europeu Next Generation, que constitueix el major instrument temporal d&#8217;est\u00edmul mai finan\u00e7at per la Uni\u00f3 Europea, i el muntant de la qual ascendeix a un import de 750.000 milions d&#8217;euros.<br><br>La Generalitat Valenciana compta amb m\u00e9s de 200 punts GVANEXT al llarg de tota la Comunitat Valenciana i la nostra ciutat disposa d\u2019un, on especialistes en gesti\u00f3 de Fons Europeus ofereixen assessorament especialitzat i assist\u00e8ncia presencial a tots aquells que busquen finan\u00e7ament a trav\u00e9s de GVANext.<br>Respecte al punt GVANext PEGO, s&#8217;iniciar\u00e0 una ronda de contactes amb empreses i aut\u00f2noms per a ajudar-los a buscar Fons Europeus que els ajuden a millorar el seu negoci. Lydia Escaja i Mayte Sifres les t\u00e8cniques del punt GVANext de Pego estan a la disposici\u00f3 de la ciutadania a l\u2019edifici de Creama, on es pot sol\u00b7licitar hora al tel\u00e8fon 965571255.<\/p>\n\n\n\n<p><br>\u201cAquest nou Punt li donar\u00e0 a Pego una bona injecci\u00f3 de capital per a negocis, comer\u00e7os i aut\u00f2noms, perqu\u00e8 puguen sol\u00b7licitar ajudes en temes de transformaci\u00f3 digital, rehabilitaci\u00f3 de l\u2019edifici del negoci, finan\u00e7ament per a noves inversions, aix\u00ed com per a la compra de nous equipaments\u201d Ricardo Sendra, regidor de comer\u00e7 i promoci\u00f3 econ\u00f2mica.<\/p>\n","protected":false},"excerpt":{"rendered":"Empreses, negocis, aut\u00f2noms i comer\u00e7os de Pego tenen al seu abast, a trav\u00e9s del departament de Creama, una oficina d\u2019assessorament especialitzada en Fons Europeus Amb la finalitat de pal\u00b7liar els efectes de la crisi social i econ\u00f2mica creada per la pand\u00e8mia del coronavirus, el Consell Europeu va aconseguir un acord per a la posada en&#8230; <a class=\"view-article\" href=\"https:\/\/www.pego.org\/noticies\/2023\/03\/31\/lajuntament-de-pego-posa-en-marxa-el-punt-gvanext-pego\/\">Veure Article<\/a>","protected":false},"author":2,"featured_media":0,"comment_status":"closed","ping_status":"open","sticky":false,"template":"","format":"standard","meta":[],"categories":[1],"tags":[],"yoast_head":"<!-- This site is optimized with the Yoast SEO plugin v19.4 - https:\/\/yoast.com\/wordpress\/plugins\/seo\/ -->\n<title>L\u2019Ajuntament de Pego posa en marxa el punt GVANext Pego - Ajuntament de Pego<\/title>\n<meta name=\"robots\" content=\"index, follow, max-snippet:-1, max-image-preview:large, max-video-preview:-1\" \/>\n<link rel=\"canonical\" href=\"https:\/\/www.pego.org\/noticies\/2023\/03\/31\/lajuntament-de-pego-posa-en-marxa-el-punt-gvanext-pego\/\" \/>\n<meta property=\"og:locale\" content=\"ca_ES\" \/>\n<meta property=\"og:type\" content=\"article\" \/>\n<meta property=\"og:title\" content=\"L\u2019Ajuntament de Pego posa en marxa el punt GVANext Pego - Ajuntament de Pego\" \/>\n<meta property=\"og:description\" content=\"Empreses, negocis, aut\u00f2noms i comer\u00e7os de Pego tenen al seu abast, a trav\u00e9s del departament de Creama, una oficina d\u2019assessorament especialitzada en Fons Europeus Amb la finalitat de pal\u00b7liar els efectes de la crisi social i econ\u00f2mica creada per la pand\u00e8mia del coronavirus, el Consell Europeu va aconseguir un acord per a la posada en... Veure Article\" \/>\n<meta property=\"og:url\" content=\"https:\/\/www.pego.org\/noticies\/2023\/03\/31\/lajuntament-de-pego-posa-en-marxa-el-punt-gvanext-pego\/\" \/>\n<meta property=\"og:site_name\" content=\"Ajuntament de Pego\" \/>\n<meta property=\"article:publisher\" content=\"https:\/\/www.facebook.com\/ajuntament.de.pego\/\" \/>\n<meta property=\"article:published_time\" content=\"2023-03-31T10:38:23+00:00\" \/>\n<meta property=\"article:modified_time\" content=\"2023-04-19T10:39:21+00:00\" \/>\n<meta property=\"og:image\" content=\"https:\/\/www.pego.org\/noticies\/wp-content\/uploads\/2023\/04\/1681900481920-700x525.jpg\" \/>\n<meta name=\"author\" content=\"Bernat Ortola\" \/>\n<meta name=\"twitter:card\" content=\"summary_large_image\" \/>\n<meta name=\"twitter:creator\" content=\"@ajupego\" \/>\n<meta name=\"twitter:site\" content=\"@ajupego\" \/>\n<meta name=\"twitter:label1\" content=\"Escrit per\" \/>\n\t<meta name=\"twitter:data1\" content=\"Bernat Ortola\" \/>\n\t<meta name=\"twitter:label2\" content=\"Temps estimat de lectura\" \/>\n\t<meta name=\"twitter:data2\" content=\"2 minuts\" \/>\n<script type=\"application\/ld+json\" class=\"yoast-schema-graph\">{\"@context\":\"https:\/\/schema.org\",\"@graph\":[{\"@type\":\"WebSite\",\"@id\":\"https:\/\/www.pego.org\/noticies\/#website\",\"url\":\"https:\/\/www.pego.org\/noticies\/\",\"name\":\"Ajuntament de Pego\",\"description\":\"\",\"potentialAction\":[{\"@type\":\"SearchAction\",\"target\":{\"@type\":\"EntryPoint\",\"urlTemplate\":\"https:\/\/www.pego.org\/noticies\/?s={search_term_string}\"},\"query-input\":\"required name=search_term_string\"}],\"inLanguage\":\"ca\"},{\"@type\":\"WebPage\",\"@id\":\"https:\/\/www.pego.org\/noticies\/2023\/03\/31\/lajuntament-de-pego-posa-en-marxa-el-punt-gvanext-pego\/\",\"url\":\"https:\/\/www.pego.org\/noticies\/2023\/03\/31\/lajuntament-de-pego-posa-en-marxa-el-punt-gvanext-pego\/\",\"name\":\"L\u2019Ajuntament de Pego posa en marxa el punt GVANext Pego - Ajuntament de Pego\",\"isPartOf\":{\"@id\":\"https:\/\/www.pego.org\/noticies\/#website\"},\"datePublished\":\"2023-03-31T10:38:23+00:00\",\"dateModified\":\"2023-04-19T10:39:21+00:00\",\"author\":{\"@id\":\"https:\/\/www.pego.org\/noticies\/#\/schema\/person\/4326dac4f13188e6a8a1984f5eb1e0e6\"},\"breadcrumb\":{\"@id\":\"https:\/\/www.pego.org\/noticies\/2023\/03\/31\/lajuntament-de-pego-posa-en-marxa-el-punt-gvanext-pego\/#breadcrumb\"},\"inLanguage\":\"ca\",\"potentialAction\":[{\"@type\":\"ReadAction\",\"target\":[\"https:\/\/www.pego.org\/noticies\/2023\/03\/31\/lajuntament-de-pego-posa-en-marxa-el-punt-gvanext-pego\/\"]}]},{\"@type\":\"BreadcrumbList\",\"@id\":\"https:\/\/www.pego.org\/noticies\/2023\/03\/31\/lajuntament-de-pego-posa-en-marxa-el-punt-gvanext-pego\/#breadcrumb\",\"itemListElement\":[{\"@type\":\"ListItem\",\"position\":1,\"name\":\"Inici\",\"item\":\"https:\/\/www.pego.org\/noticies\/\"},{\"@type\":\"ListItem\",\"position\":2,\"name\":\"L\u2019Ajuntament de Pego posa en marxa el punt GVANext Pego\"}]},{\"@type\":\"Person\",\"@id\":\"https:\/\/www.pego.org\/noticies\/#\/schema\/person\/4326dac4f13188e6a8a1984f5eb1e0e6\",\"name\":\"Bernat Ortola\",\"image\":{\"@type\":\"ImageObject\",\"inLanguage\":\"ca\",\"@id\":\"https:\/\/www.pego.org\/noticies\/#\/schema\/person\/image\/\",\"url\":\"https:\/\/secure.gravatar.com\/avatar\/75560795a8de75338a850c3d759f927c?s=96&d=mm&r=g\",\"contentUrl\":\"https:\/\/secure.gravatar.com\/avatar\/75560795a8de75338a850c3d759f927c?s=96&d=mm&r=g\",\"caption\":\"Bernat Ortola\"}}]}<\/script>\n<!-- \/ Yoast SEO plugin. -->","yoast_head_json":{"title":"L\u2019Ajuntament de Pego posa en marxa el punt GVANext Pego - Ajuntament de Pego","robots":{"index":"index","follow":"follow","max-snippet":"max-snippet:-1","max-image-preview":"max-image-preview:large","max-video-preview":"max-video-preview:-1"},"canonical":"https:\/\/www.pego.org\/noticies\/2023\/03\/31\/lajuntament-de-pego-posa-en-marxa-el-punt-gvanext-pego\/","og_locale":"ca_ES","og_type":"article","og_title":"L\u2019Ajuntament de Pego posa en marxa el punt GVANext Pego - Ajuntament de Pego","og_description":"Empreses, negocis, aut\u00f2noms i comer\u00e7os de Pego tenen al seu abast, a trav\u00e9s del departament de Creama, una oficina d\u2019assessorament especialitzada en Fons Europeus Amb la finalitat de pal\u00b7liar els efectes de la crisi social i econ\u00f2mica creada per la pand\u00e8mia del coronavirus, el Consell Europeu va aconseguir un acord per a la posada en... Veure Article","og_url":"https:\/\/www.pego.org\/noticies\/2023\/03\/31\/lajuntament-de-pego-posa-en-marxa-el-punt-gvanext-pego\/","og_site_name":"Ajuntament de Pego","article_publisher":"https:\/\/www.facebook.com\/ajuntament.de.pego\/","article_published_time":"2023-03-31T10:38:23+00:00","article_modified_time":"2023-04-19T10:39:21+00:00","og_image":[{"url":"https:\/\/www.pego.org\/noticies\/wp-content\/uploads\/2023\/04\/1681900481920-700x525.jpg"}],"author":"Bernat Ortola","twitter_card":"summary_large_image","twitter_creator":"@ajupego","twitter_site":"@ajupego","twitter_misc":{"Escrit per":"Bernat Ortola","Temps estimat de lectura":"2 minuts"},"schema":{"@context":"https:\/\/schema.org","@graph":[{"@type":"WebSite","@id":"https:\/\/www.pego.org\/noticies\/#website","url":"https:\/\/www.pego.org\/noticies\/","name":"Ajuntament de Pego","description":"","potentialAction":[{"@type":"SearchAction","target":{"@type":"EntryPoint","urlTemplate":"https:\/\/www.pego.org\/noticies\/?s={search_term_string}"},"query-input":"required name=search_term_string"}],"inLanguage":"ca"},{"@type":"WebPage","@id":"https:\/\/www.pego.org\/noticies\/2023\/03\/31\/lajuntament-de-pego-posa-en-marxa-el-punt-gvanext-pego\/","url":"https:\/\/www.pego.org\/noticies\/2023\/03\/31\/lajuntament-de-pego-posa-en-marxa-el-punt-gvanext-pego\/","name":"L\u2019Ajuntament de Pego posa en marxa el punt GVANext Pego - Ajuntament de Pego","isPartOf":{"@id":"https:\/\/www.pego.org\/noticies\/#website"},"datePublished":"2023-03-31T10:38:23+00:00","dateModified":"2023-04-19T10:39:21+00:00","author":{"@id":"https:\/\/www.pego.org\/noticies\/#\/schema\/person\/4326dac4f13188e6a8a1984f5eb1e0e6"},"breadcrumb":{"@id":"https:\/\/www.pego.org\/noticies\/2023\/03\/31\/lajuntament-de-pego-posa-en-marxa-el-punt-gvanext-pego\/#breadcrumb"},"inLanguage":"ca","potentialAction":[{"@type":"ReadAction","target":["https:\/\/www.pego.org\/noticies\/2023\/03\/31\/lajuntament-de-pego-posa-en-marxa-el-punt-gvanext-pego\/"]}]},{"@type":"BreadcrumbList","@id":"https:\/\/www.pego.org\/noticies\/2023\/03\/31\/lajuntament-de-pego-posa-en-marxa-el-punt-gvanext-pego\/#breadcrumb","itemListElement":[{"@type":"ListItem","position":1,"name":"Inici","item":"https:\/\/www.pego.org\/noticies\/"},{"@type":"ListItem","position":2,"name":"L\u2019Ajuntament de Pego posa en marxa el punt GVANext Pego"}]},{"@type":"Person","@id":"https:\/\/www.pego.org\/noticies\/#\/schema\/person\/4326dac4f13188e6a8a1984f5eb1e0e6","name":"Bernat Ortola","image":{"@type":"ImageObject","inLanguage":"ca","@id":"https:\/\/www.pego.org\/noticies\/#\/schema\/person\/image\/","url":"https:\/\/secure.gravatar.com\/avatar\/75560795a8de75338a850c3d759f927c?s=96&d=mm&r=g","contentUrl":"https:\/\/secure.gravatar.com\/avatar\/75560795a8de75338a850c3d759f927c?s=96&d=mm&r=g","caption":"Bernat Ortola"}}]}},"_links":{"self":[{"href":"https:\/\/www.pego.org\/noticies\/wp-json\/wp\/v2\/posts\/1655"}],"collection":[{"href":"https:\/\/www.pego.org\/noticies\/wp-json\/wp\/v2\/posts"}],"about":[{"href":"https:\/\/www.pego.org\/noticies\/wp-json\/wp\/v2\/types\/post"}],"author":[{"embeddable":true,"href":"https:\/\/www.pego.org\/noticies\/wp-json\/wp\/v2\/users\/2"}],"replies":[{"embeddable":true,"href":"https:\/\/www.pego.org\/noticies\/wp-json\/wp\/v2\/comments?post=1655"}],"version-history":[{"count":2,"href":"https:\/\/www.pego.org\/noticies\/wp-json\/wp\/v2\/posts\/1655\/revisions"}],"predecessor-version":[{"id":1658,"href":"https:\/\/www.pego.org\/noticies\/wp-json\/wp\/v2\/posts\/1655\/revisions\/1658"}],"wp:attachment":[{"href":"https:\/\/www.pego.org\/noticies\/wp-json\/wp\/v2\/media?parent=1655"}],"wp:term":[{"taxonomy":"category","embeddable":true,"href":"https:\/\/www.pego.org\/noticies\/wp-json\/wp\/v2\/categories?post=1655"},{"taxonomy":"post_tag","embeddable":true,"href":"https:\/\/www.pego.org\/noticies\/wp-json\/wp\/v2\/tags?post=1655"}],"curies":[{"name":"wp","href":"https:\/\/api.w.org\/{rel}","templated":true}]}}