{"id":1680,"date":"2023-05-16T14:42:52","date_gmt":"2023-05-16T12:42:52","guid":{"rendered":"https:\/\/www.pego.org\/noticies\/?p=1680"},"modified":"2023-05-16T14:42:53","modified_gmt":"2023-05-16T12:42:53","slug":"pego-revisara-i-millorara-el-pla-territorial-municipal-demergencies","status":"publish","type":"post","link":"https:\/\/www.pego.org\/noticies\/2023\/05\/16\/pego-revisara-i-millorara-el-pla-territorial-municipal-demergencies\/","title":{"rendered":"Pego revisar\u00e0 i millorar\u00e0 el Pla Territorial Municipal d&#8217;Emerg\u00e8ncies"},"content":{"rendered":"\n<p><em>El consistori rep una subvenci\u00f3 de 5.000 euros per a reexaminar el document i 4.000 euros per a fer el mateix amb el Pla d&#8217;Actuaci\u00f3 Municipal contra incendis<\/em><\/p>\n\n\n\n<p><em>Tamb\u00e9 s&#8217;han concedit una ajuda per a redactar el Pla d&#8217;Actuaci\u00f3 enfront de riscos s\u00edsmics<\/em><\/p>\n\n\n\n<p><\/p>\n\n\n\n<div class=\"wp-block-image\"><figure class=\"aligncenter size-large\"><img loading=\"lazy\" width=\"700\" height=\"525\" src=\"https:\/\/www.pego.org\/noticies\/wp-content\/uploads\/2023\/05\/Incendi-a-Pego-i-Les-Valls-700x525.jpg\" alt=\"\" class=\"wp-image-1681\" srcset=\"https:\/\/www.pego.org\/noticies\/wp-content\/uploads\/2023\/05\/Incendi-a-Pego-i-Les-Valls-700x525.jpg 700w, https:\/\/www.pego.org\/noticies\/wp-content\/uploads\/2023\/05\/Incendi-a-Pego-i-Les-Valls-250x188.jpg 250w, https:\/\/www.pego.org\/noticies\/wp-content\/uploads\/2023\/05\/Incendi-a-Pego-i-Les-Valls-768x576.jpg 768w, https:\/\/www.pego.org\/noticies\/wp-content\/uploads\/2023\/05\/Incendi-a-Pego-i-Les-Valls-1536x1152.jpg 1536w, https:\/\/www.pego.org\/noticies\/wp-content\/uploads\/2023\/05\/Incendi-a-Pego-i-Les-Valls-2048x1536.jpg 2048w, https:\/\/www.pego.org\/noticies\/wp-content\/uploads\/2023\/05\/Incendi-a-Pego-i-Les-Valls-120x90.jpg 120w\" sizes=\"(max-width: 700px) 100vw, 700px\" \/><\/figure><\/div>\n\n\n\n<p><\/p>\n\n\n\n<p>L&#8217;Ajuntament de Pego revisar\u00e0 i millorar\u00e0 el Pla Territorial Municipal d&#8217;Emerg\u00e8ncies, un document que t\u00e9 com a objectiu obtindre la m\u00e0xima protecci\u00f3 per a les persones, el medi ambient i els b\u00e9ns, que puguen resultar afectats en qualsevol situaci\u00f3 d&#8217;emerg\u00e8ncia, establint per a aix\u00f2 una estructura d&#8217;organitzaci\u00f3 jer\u00e0rquica i funcional dels mitjans i recursos, tant p\u00fablics.<\/p>\n\n\n\n<p>El consistori ha rebut una ajuda econ\u00f2mica per part de la Conselleria de Just\u00edcia, Interior i Administraci\u00f3 P\u00fablica de 5.000 euros per a dur a terme al revisi\u00f3 d&#8217;aquest document. Tamb\u00e9 ha rebut una altra subvenci\u00f3 de 4.000 euros per a la revisi\u00f3 del Pla d&#8217;Actuaci\u00f3 Municipal contra incendis forestals. Tots dos documents van ser redactats i aprovats pel ple de l&#8217;Ajuntament l&#8217;any 2017. Un pla desenvolupat espec\u00edficament per al municipi pegol\u00ed, l&#8217;orografia, el clima i el tipus de vegetaci\u00f3 s\u00f3n factors que eleven el risc de focs en la localitat. Aix\u00ed va quedar patent en l&#8217;incendi de maig de 2015, en el qual van quedar arrasades m\u00e9s de 1.700 hect\u00e0rees del terme municipal de Pego.<\/p>\n\n\n\n<p>Poc despr\u00e9s de la seua aprovaci\u00f3 en ple, els documents van ser enviats a la Conselleria perqu\u00e8 aquesta donara la seua aprovaci\u00f3. Certificaci\u00f3 que va arribar, de manera definitiva, en 2021. Ara, passats dos anys, explica la regidor de Medi Ambient, Laura Castell\u00e0 \u201cs&#8217;ha de realitzar una revisi\u00f3 peri\u00f2dica del document, pels canvis poden produir-se amb el pas del temps, sempre ha d&#8217;estar el m\u00e9s actualitzat possible\u201d.<\/p>\n\n\n\n<p>L&#8217;Ajuntament tamb\u00e9 \u00e9s beneficiari d&#8217;una altra ajuda econ\u00f2mica de 4.000 euros amb els quals es dur\u00e0 a terme la redacci\u00f3 del Pla d&#8217;Actuaci\u00f3 enfront de riscos s\u00edsmics. La zona es troba en un punt pr\u00f2xim a la col\u00b7lisi\u00f3 de les plaques tect\u00f2niques africana i europea. Informaci\u00f3 redactada en un informe de la Universitat d&#8217;Alacant en el qual es detalla que el per\u00edode de retorn \u00e9s d&#8217;entorn als 400 anys, per la qual cosa \u2018excedeix de la vida \u00fatil de les persones, aix\u00ed com de les futures generacions\u2019.<\/p>\n\n\n\n<p><strong>M\u00e9s de 34.000 euros per a actuacions de prevenci\u00f3 d&#8217;incendis<\/strong><\/p>\n\n\n\n<p>L&#8217;Ajuntament tamb\u00e9 ha rebut una altra subvenci\u00f3, en aquest cas des de la Diputaci\u00f3 Provincial d&#8217;Alacant, per un import de 34.409,73 euros destinada a finan\u00e7ar tasques per a la prevenci\u00f3 d&#8217;incendis forestals. De l&#8217;import total, 15.873,99 euros es destinaran a manteniment i\/o reparaci\u00f3 d&#8217;infraestructures de prevenci\u00f3 d&#8217;incendis forestals (conduccions d&#8217;aigua, dep\u00f2sits d&#8217;aigua, punts de vigil\u00e0ncia, senyalitzaci\u00f3, etc). Un altre muntant, de 4.571,72 euros seran per al manteniment de l\u00ednies de defensa comptar incendis forestals (\u00e0rees de tallafocs, faixes auxiliars, interf\u00edcie urbana-forestal, entre altres).<\/p>\n\n\n\n<p>El muntant restant, de 13.964,02 es destinar\u00e0 a labors agr\u00edcoles per al manteniment de cultius agroforestals que funcionen com a discontinu\u00eftat horitzontal en cas d&#8217;incendis i proporcionen biodiversitat i aliment per a la fauna. \u201cServir\u00e0 per a mantindre bancals destinats a aquesta comesa\u201d, ha matisat al regidor de Medi Ambient.<\/p>\n","protected":false},"excerpt":{"rendered":"El consistori rep una subvenci\u00f3 de 5.000 euros per a reexaminar el document i 4.000 euros per a fer el mateix amb el Pla d&#8217;Actuaci\u00f3 Municipal contra incendis Tamb\u00e9 s&#8217;han concedit una ajuda per a redactar el Pla d&#8217;Actuaci\u00f3 enfront de riscos s\u00edsmics L&#8217;Ajuntament de Pego revisar\u00e0 i millorar\u00e0 el Pla Territorial Municipal d&#8217;Emerg\u00e8ncies, un&#8230; <a class=\"view-article\" href=\"https:\/\/www.pego.org\/noticies\/2023\/05\/16\/pego-revisara-i-millorara-el-pla-territorial-municipal-demergencies\/\">Veure Article<\/a>","protected":false},"author":2,"featured_media":0,"comment_status":"closed","ping_status":"open","sticky":false,"template":"","format":"standard","meta":[],"categories":[1],"tags":[],"yoast_head":"<!-- This site is optimized with the Yoast SEO plugin v19.4 - https:\/\/yoast.com\/wordpress\/plugins\/seo\/ -->\n<title>Pego revisar\u00e0 i millorar\u00e0 el Pla Territorial Municipal d&#039;Emerg\u00e8ncies - Ajuntament de Pego<\/title>\n<meta name=\"robots\" content=\"index, follow, max-snippet:-1, max-image-preview:large, max-video-preview:-1\" \/>\n<link rel=\"canonical\" href=\"https:\/\/www.pego.org\/noticies\/2023\/05\/16\/pego-revisara-i-millorara-el-pla-territorial-municipal-demergencies\/\" \/>\n<meta property=\"og:locale\" content=\"ca_ES\" \/>\n<meta property=\"og:type\" content=\"article\" \/>\n<meta property=\"og:title\" content=\"Pego revisar\u00e0 i millorar\u00e0 el Pla Territorial Municipal d&#039;Emerg\u00e8ncies - Ajuntament de Pego\" \/>\n<meta property=\"og:description\" content=\"El consistori rep una subvenci\u00f3 de 5.000 euros per a reexaminar el document i 4.000 euros per a fer el mateix amb el Pla d&#8217;Actuaci\u00f3 Municipal contra incendis Tamb\u00e9 s&#8217;han concedit una ajuda per a redactar el Pla d&#8217;Actuaci\u00f3 enfront de riscos s\u00edsmics L&#8217;Ajuntament de Pego revisar\u00e0 i millorar\u00e0 el Pla Territorial Municipal d&#8217;Emerg\u00e8ncies, un... Veure Article\" \/>\n<meta property=\"og:url\" content=\"https:\/\/www.pego.org\/noticies\/2023\/05\/16\/pego-revisara-i-millorara-el-pla-territorial-municipal-demergencies\/\" \/>\n<meta property=\"og:site_name\" content=\"Ajuntament de Pego\" \/>\n<meta property=\"article:publisher\" content=\"https:\/\/www.facebook.com\/ajuntament.de.pego\/\" \/>\n<meta property=\"article:published_time\" content=\"2023-05-16T12:42:52+00:00\" \/>\n<meta property=\"article:modified_time\" content=\"2023-05-16T12:42:53+00:00\" \/>\n<meta property=\"og:image\" content=\"https:\/\/www.pego.org\/noticies\/wp-content\/uploads\/2023\/05\/Incendi-a-Pego-i-Les-Valls-700x525.jpg\" \/>\n<meta name=\"author\" content=\"Bernat Ortola\" \/>\n<meta name=\"twitter:card\" content=\"summary_large_image\" \/>\n<meta name=\"twitter:creator\" content=\"@ajupego\" \/>\n<meta name=\"twitter:site\" content=\"@ajupego\" \/>\n<meta name=\"twitter:label1\" content=\"Escrit per\" \/>\n\t<meta name=\"twitter:data1\" content=\"Bernat Ortola\" \/>\n\t<meta name=\"twitter:label2\" content=\"Temps estimat de lectura\" \/>\n\t<meta name=\"twitter:data2\" content=\"3 minuts\" \/>\n<script type=\"application\/ld+json\" class=\"yoast-schema-graph\">{\"@context\":\"https:\/\/schema.org\",\"@graph\":[{\"@type\":\"WebSite\",\"@id\":\"https:\/\/www.pego.org\/noticies\/#website\",\"url\":\"https:\/\/www.pego.org\/noticies\/\",\"name\":\"Ajuntament de Pego\",\"description\":\"\",\"potentialAction\":[{\"@type\":\"SearchAction\",\"target\":{\"@type\":\"EntryPoint\",\"urlTemplate\":\"https:\/\/www.pego.org\/noticies\/?s={search_term_string}\"},\"query-input\":\"required name=search_term_string\"}],\"inLanguage\":\"ca\"},{\"@type\":\"WebPage\",\"@id\":\"https:\/\/www.pego.org\/noticies\/2023\/05\/16\/pego-revisara-i-millorara-el-pla-territorial-municipal-demergencies\/\",\"url\":\"https:\/\/www.pego.org\/noticies\/2023\/05\/16\/pego-revisara-i-millorara-el-pla-territorial-municipal-demergencies\/\",\"name\":\"Pego revisar\u00e0 i millorar\u00e0 el Pla Territorial Municipal d'Emerg\u00e8ncies - Ajuntament de Pego\",\"isPartOf\":{\"@id\":\"https:\/\/www.pego.org\/noticies\/#website\"},\"datePublished\":\"2023-05-16T12:42:52+00:00\",\"dateModified\":\"2023-05-16T12:42:53+00:00\",\"author\":{\"@id\":\"https:\/\/www.pego.org\/noticies\/#\/schema\/person\/4326dac4f13188e6a8a1984f5eb1e0e6\"},\"breadcrumb\":{\"@id\":\"https:\/\/www.pego.org\/noticies\/2023\/05\/16\/pego-revisara-i-millorara-el-pla-territorial-municipal-demergencies\/#breadcrumb\"},\"inLanguage\":\"ca\",\"potentialAction\":[{\"@type\":\"ReadAction\",\"target\":[\"https:\/\/www.pego.org\/noticies\/2023\/05\/16\/pego-revisara-i-millorara-el-pla-territorial-municipal-demergencies\/\"]}]},{\"@type\":\"BreadcrumbList\",\"@id\":\"https:\/\/www.pego.org\/noticies\/2023\/05\/16\/pego-revisara-i-millorara-el-pla-territorial-municipal-demergencies\/#breadcrumb\",\"itemListElement\":[{\"@type\":\"ListItem\",\"position\":1,\"name\":\"Inici\",\"item\":\"https:\/\/www.pego.org\/noticies\/\"},{\"@type\":\"ListItem\",\"position\":2,\"name\":\"Pego revisar\u00e0 i millorar\u00e0 el Pla Territorial Municipal d&#8217;Emerg\u00e8ncies\"}]},{\"@type\":\"Person\",\"@id\":\"https:\/\/www.pego.org\/noticies\/#\/schema\/person\/4326dac4f13188e6a8a1984f5eb1e0e6\",\"name\":\"Bernat Ortola\",\"image\":{\"@type\":\"ImageObject\",\"inLanguage\":\"ca\",\"@id\":\"https:\/\/www.pego.org\/noticies\/#\/schema\/person\/image\/\",\"url\":\"https:\/\/secure.gravatar.com\/avatar\/75560795a8de75338a850c3d759f927c?s=96&d=mm&r=g\",\"contentUrl\":\"https:\/\/secure.gravatar.com\/avatar\/75560795a8de75338a850c3d759f927c?s=96&d=mm&r=g\",\"caption\":\"Bernat Ortola\"}}]}<\/script>\n<!-- \/ Yoast SEO plugin. -->","yoast_head_json":{"title":"Pego revisar\u00e0 i millorar\u00e0 el Pla Territorial Municipal d'Emerg\u00e8ncies - Ajuntament de Pego","robots":{"index":"index","follow":"follow","max-snippet":"max-snippet:-1","max-image-preview":"max-image-preview:large","max-video-preview":"max-video-preview:-1"},"canonical":"https:\/\/www.pego.org\/noticies\/2023\/05\/16\/pego-revisara-i-millorara-el-pla-territorial-municipal-demergencies\/","og_locale":"ca_ES","og_type":"article","og_title":"Pego revisar\u00e0 i millorar\u00e0 el Pla Territorial Municipal d'Emerg\u00e8ncies - Ajuntament de Pego","og_description":"El consistori rep una subvenci\u00f3 de 5.000 euros per a reexaminar el document i 4.000 euros per a fer el mateix amb el Pla d&#8217;Actuaci\u00f3 Municipal contra incendis Tamb\u00e9 s&#8217;han concedit una ajuda per a redactar el Pla d&#8217;Actuaci\u00f3 enfront de riscos s\u00edsmics L&#8217;Ajuntament de Pego revisar\u00e0 i millorar\u00e0 el Pla Territorial Municipal d&#8217;Emerg\u00e8ncies, un... Veure Article","og_url":"https:\/\/www.pego.org\/noticies\/2023\/05\/16\/pego-revisara-i-millorara-el-pla-territorial-municipal-demergencies\/","og_site_name":"Ajuntament de Pego","article_publisher":"https:\/\/www.facebook.com\/ajuntament.de.pego\/","article_published_time":"2023-05-16T12:42:52+00:00","article_modified_time":"2023-05-16T12:42:53+00:00","og_image":[{"url":"https:\/\/www.pego.org\/noticies\/wp-content\/uploads\/2023\/05\/Incendi-a-Pego-i-Les-Valls-700x525.jpg"}],"author":"Bernat Ortola","twitter_card":"summary_large_image","twitter_creator":"@ajupego","twitter_site":"@ajupego","twitter_misc":{"Escrit per":"Bernat Ortola","Temps estimat de lectura":"3 minuts"},"schema":{"@context":"https:\/\/schema.org","@graph":[{"@type":"WebSite","@id":"https:\/\/www.pego.org\/noticies\/#website","url":"https:\/\/www.pego.org\/noticies\/","name":"Ajuntament de Pego","description":"","potentialAction":[{"@type":"SearchAction","target":{"@type":"EntryPoint","urlTemplate":"https:\/\/www.pego.org\/noticies\/?s={search_term_string}"},"query-input":"required name=search_term_string"}],"inLanguage":"ca"},{"@type":"WebPage","@id":"https:\/\/www.pego.org\/noticies\/2023\/05\/16\/pego-revisara-i-millorara-el-pla-territorial-municipal-demergencies\/","url":"https:\/\/www.pego.org\/noticies\/2023\/05\/16\/pego-revisara-i-millorara-el-pla-territorial-municipal-demergencies\/","name":"Pego revisar\u00e0 i millorar\u00e0 el Pla Territorial Municipal d'Emerg\u00e8ncies - Ajuntament de Pego","isPartOf":{"@id":"https:\/\/www.pego.org\/noticies\/#website"},"datePublished":"2023-05-16T12:42:52+00:00","dateModified":"2023-05-16T12:42:53+00:00","author":{"@id":"https:\/\/www.pego.org\/noticies\/#\/schema\/person\/4326dac4f13188e6a8a1984f5eb1e0e6"},"breadcrumb":{"@id":"https:\/\/www.pego.org\/noticies\/2023\/05\/16\/pego-revisara-i-millorara-el-pla-territorial-municipal-demergencies\/#breadcrumb"},"inLanguage":"ca","potentialAction":[{"@type":"ReadAction","target":["https:\/\/www.pego.org\/noticies\/2023\/05\/16\/pego-revisara-i-millorara-el-pla-territorial-municipal-demergencies\/"]}]},{"@type":"BreadcrumbList","@id":"https:\/\/www.pego.org\/noticies\/2023\/05\/16\/pego-revisara-i-millorara-el-pla-territorial-municipal-demergencies\/#breadcrumb","itemListElement":[{"@type":"ListItem","position":1,"name":"Inici","item":"https:\/\/www.pego.org\/noticies\/"},{"@type":"ListItem","position":2,"name":"Pego revisar\u00e0 i millorar\u00e0 el Pla Territorial Municipal d&#8217;Emerg\u00e8ncies"}]},{"@type":"Person","@id":"https:\/\/www.pego.org\/noticies\/#\/schema\/person\/4326dac4f13188e6a8a1984f5eb1e0e6","name":"Bernat Ortola","image":{"@type":"ImageObject","inLanguage":"ca","@id":"https:\/\/www.pego.org\/noticies\/#\/schema\/person\/image\/","url":"https:\/\/secure.gravatar.com\/avatar\/75560795a8de75338a850c3d759f927c?s=96&d=mm&r=g","contentUrl":"https:\/\/secure.gravatar.com\/avatar\/75560795a8de75338a850c3d759f927c?s=96&d=mm&r=g","caption":"Bernat Ortola"}}]}},"_links":{"self":[{"href":"https:\/\/www.pego.org\/noticies\/wp-json\/wp\/v2\/posts\/1680"}],"collection":[{"href":"https:\/\/www.pego.org\/noticies\/wp-json\/wp\/v2\/posts"}],"about":[{"href":"https:\/\/www.pego.org\/noticies\/wp-json\/wp\/v2\/types\/post"}],"author":[{"embeddable":true,"href":"https:\/\/www.pego.org\/noticies\/wp-json\/wp\/v2\/users\/2"}],"replies":[{"embeddable":true,"href":"https:\/\/www.pego.org\/noticies\/wp-json\/wp\/v2\/comments?post=1680"}],"version-history":[{"count":1,"href":"https:\/\/www.pego.org\/noticies\/wp-json\/wp\/v2\/posts\/1680\/revisions"}],"predecessor-version":[{"id":1682,"href":"https:\/\/www.pego.org\/noticies\/wp-json\/wp\/v2\/posts\/1680\/revisions\/1682"}],"wp:attachment":[{"href":"https:\/\/www.pego.org\/noticies\/wp-json\/wp\/v2\/media?parent=1680"}],"wp:term":[{"taxonomy":"category","embeddable":true,"href":"https:\/\/www.pego.org\/noticies\/wp-json\/wp\/v2\/categories?post=1680"},{"taxonomy":"post_tag","embeddable":true,"href":"https:\/\/www.pego.org\/noticies\/wp-json\/wp\/v2\/tags?post=1680"}],"curies":[{"name":"wp","href":"https:\/\/api.w.org\/{rel}","templated":true}]}}