{"id":2823,"date":"2024-11-05T13:55:09","date_gmt":"2024-11-05T11:55:09","guid":{"rendered":"https:\/\/www.pego.org\/noticies\/?p=2823"},"modified":"2024-11-05T13:55:10","modified_gmt":"2024-11-05T11:55:10","slug":"pego-aprova-ladequacio-de-la-taxa-del-servici-de-recollida-descombraries","status":"publish","type":"post","link":"https:\/\/www.pego.org\/noticies\/2024\/11\/05\/pego-aprova-ladequacio-de-la-taxa-del-servici-de-recollida-descombraries\/","title":{"rendered":"Pego aprova l&#8217;adequaci\u00f3 de la taxa del servici de recollida d&#8217;escombraries"},"content":{"rendered":"\n<p><em>El consistori complir\u00e0 aix\u00ed amb la normativa imposada per la Uni\u00f3 Europea en la qual establix amb car\u00e0cter obligatori que el cost del servici siga assumit \u00edntegrament pels ciutadans<\/em><\/p>\n\n\n\n<p><em>En els \u00faltims anys l&#8217;Ajuntament ha assumit el 64% del cost del servici<\/em><\/p>\n\n\n\n<p><\/p>\n\n\n\n<p>El ple extraordinari celebrat ahir va aprovar (amb els vots a favor de l&#8217;equip de govern, l&#8217;abstenci\u00f3 dels edils del PP i els vots en contra dels representants de Comprom\u00eds) la proposta de modificaci\u00f3 de l&#8217;ordenan\u00e7a de recollida de residus i s\u00f2l contaminant. Una modificaci\u00f3 que, tal com va explicar en la seua intervenci\u00f3 el responsable del departament, el regidor Ricardo Sendra; ve dictada per la Uni\u00f3 Europea i obliga els ajuntaments a adequar la taxa d&#8217;este servici (abans del 2025) perqu\u00e8 siga el ciutad\u00e0 qui assumisca el 100% del cost d&#8217;este servici.<\/p>\n\n\n\n<p>Segons s&#8217;indica des d&#8217;Europa, \u201cla taxa ja no podr\u00e0 ser deficit\u00e0ria, havent de cobrir tots els costos del servici. \u00c9s a dir, els Ajuntaments no podran seguir amb la pol\u00edtica de finan\u00e7ar parcialment el cost del servici acudint a la taxa i cobrir la resta amb els recursos generals municipals\u201d.<\/p>\n\n\n\n<p>En el cas de l&#8217;Ajuntament de Pego, en els \u00faltims anys ha assumit el 64% del cost del servici. Actualment el cost per al ciutad\u00e0 de Pego \u00e9s de 0,34 euros al dia, amb l&#8217;aplicaci\u00f3 de la nova normativa, que s&#8217;instaurar\u00e0 a partir del 2025, el cost ser\u00e0 de 0,47 euros al dia per ciutad\u00e0.<\/p>\n\n\n\n<p>La nova normativa contempla, a m\u00e9s, sancions administratives per als consistoris que no complisquen amb la llei imposada per la Uni\u00f3 Europea.<\/p>\n","protected":false},"excerpt":{"rendered":"El consistori complir\u00e0 aix\u00ed amb la normativa imposada per la Uni\u00f3 Europea en la qual establix amb car\u00e0cter obligatori que el cost del servici siga assumit \u00edntegrament pels ciutadans En els \u00faltims anys l&#8217;Ajuntament ha assumit el 64% del cost del servici El ple extraordinari celebrat ahir va aprovar (amb els vots a favor de&#8230; <a class=\"view-article\" href=\"https:\/\/www.pego.org\/noticies\/2024\/11\/05\/pego-aprova-ladequacio-de-la-taxa-del-servici-de-recollida-descombraries\/\">Veure Article<\/a>","protected":false},"author":2,"featured_media":0,"comment_status":"closed","ping_status":"open","sticky":false,"template":"","format":"standard","meta":[],"categories":[1],"tags":[],"yoast_head":"<!-- This site is optimized with the Yoast SEO plugin v19.4 - https:\/\/yoast.com\/wordpress\/plugins\/seo\/ -->\n<title>Pego aprova l&#039;adequaci\u00f3 de la taxa del servici de recollida d&#039;escombraries - Ajuntament de Pego<\/title>\n<meta name=\"robots\" content=\"index, follow, max-snippet:-1, max-image-preview:large, max-video-preview:-1\" \/>\n<link rel=\"canonical\" href=\"https:\/\/www.pego.org\/noticies\/2024\/11\/05\/pego-aprova-ladequacio-de-la-taxa-del-servici-de-recollida-descombraries\/\" \/>\n<meta property=\"og:locale\" content=\"ca_ES\" \/>\n<meta property=\"og:type\" content=\"article\" \/>\n<meta property=\"og:title\" content=\"Pego aprova l&#039;adequaci\u00f3 de la taxa del servici de recollida d&#039;escombraries - Ajuntament de Pego\" \/>\n<meta property=\"og:description\" content=\"El consistori complir\u00e0 aix\u00ed amb la normativa imposada per la Uni\u00f3 Europea en la qual establix amb car\u00e0cter obligatori que el cost del servici siga assumit \u00edntegrament pels ciutadans En els \u00faltims anys l&#8217;Ajuntament ha assumit el 64% del cost del servici El ple extraordinari celebrat ahir va aprovar (amb els vots a favor de... Veure Article\" \/>\n<meta property=\"og:url\" content=\"https:\/\/www.pego.org\/noticies\/2024\/11\/05\/pego-aprova-ladequacio-de-la-taxa-del-servici-de-recollida-descombraries\/\" \/>\n<meta property=\"og:site_name\" content=\"Ajuntament de Pego\" \/>\n<meta property=\"article:publisher\" content=\"https:\/\/www.facebook.com\/ajuntament.de.pego\/\" \/>\n<meta property=\"article:published_time\" content=\"2024-11-05T11:55:09+00:00\" \/>\n<meta property=\"article:modified_time\" content=\"2024-11-05T11:55:10+00:00\" \/>\n<meta name=\"author\" content=\"Bernat Ortola\" \/>\n<meta name=\"twitter:card\" content=\"summary_large_image\" \/>\n<meta name=\"twitter:creator\" content=\"@ajupego\" \/>\n<meta name=\"twitter:site\" content=\"@ajupego\" \/>\n<meta name=\"twitter:label1\" content=\"Escrit per\" \/>\n\t<meta name=\"twitter:data1\" content=\"Bernat Ortola\" \/>\n\t<meta name=\"twitter:label2\" content=\"Temps estimat de lectura\" \/>\n\t<meta name=\"twitter:data2\" content=\"1 minut\" \/>\n<script type=\"application\/ld+json\" class=\"yoast-schema-graph\">{\"@context\":\"https:\/\/schema.org\",\"@graph\":[{\"@type\":\"WebSite\",\"@id\":\"http:\/\/www.pego.org\/noticies\/#website\",\"url\":\"http:\/\/www.pego.org\/noticies\/\",\"name\":\"Ajuntament de Pego\",\"description\":\"\",\"potentialAction\":[{\"@type\":\"SearchAction\",\"target\":{\"@type\":\"EntryPoint\",\"urlTemplate\":\"http:\/\/www.pego.org\/noticies\/?s={search_term_string}\"},\"query-input\":\"required name=search_term_string\"}],\"inLanguage\":\"ca\"},{\"@type\":\"WebPage\",\"@id\":\"https:\/\/www.pego.org\/noticies\/2024\/11\/05\/pego-aprova-ladequacio-de-la-taxa-del-servici-de-recollida-descombraries\/\",\"url\":\"https:\/\/www.pego.org\/noticies\/2024\/11\/05\/pego-aprova-ladequacio-de-la-taxa-del-servici-de-recollida-descombraries\/\",\"name\":\"Pego aprova l'adequaci\u00f3 de la taxa del servici de recollida d'escombraries - Ajuntament de Pego\",\"isPartOf\":{\"@id\":\"http:\/\/www.pego.org\/noticies\/#website\"},\"datePublished\":\"2024-11-05T11:55:09+00:00\",\"dateModified\":\"2024-11-05T11:55:10+00:00\",\"author\":{\"@id\":\"http:\/\/www.pego.org\/noticies\/#\/schema\/person\/4326dac4f13188e6a8a1984f5eb1e0e6\"},\"breadcrumb\":{\"@id\":\"https:\/\/www.pego.org\/noticies\/2024\/11\/05\/pego-aprova-ladequacio-de-la-taxa-del-servici-de-recollida-descombraries\/#breadcrumb\"},\"inLanguage\":\"ca\",\"potentialAction\":[{\"@type\":\"ReadAction\",\"target\":[\"https:\/\/www.pego.org\/noticies\/2024\/11\/05\/pego-aprova-ladequacio-de-la-taxa-del-servici-de-recollida-descombraries\/\"]}]},{\"@type\":\"BreadcrumbList\",\"@id\":\"https:\/\/www.pego.org\/noticies\/2024\/11\/05\/pego-aprova-ladequacio-de-la-taxa-del-servici-de-recollida-descombraries\/#breadcrumb\",\"itemListElement\":[{\"@type\":\"ListItem\",\"position\":1,\"name\":\"Inici\",\"item\":\"http:\/\/www.pego.org\/noticies\/\"},{\"@type\":\"ListItem\",\"position\":2,\"name\":\"Pego aprova l&#8217;adequaci\u00f3 de la taxa del servici de recollida d&#8217;escombraries\"}]},{\"@type\":\"Person\",\"@id\":\"http:\/\/www.pego.org\/noticies\/#\/schema\/person\/4326dac4f13188e6a8a1984f5eb1e0e6\",\"name\":\"Bernat Ortola\",\"image\":{\"@type\":\"ImageObject\",\"inLanguage\":\"ca\",\"@id\":\"http:\/\/www.pego.org\/noticies\/#\/schema\/person\/image\/\",\"url\":\"https:\/\/secure.gravatar.com\/avatar\/75560795a8de75338a850c3d759f927c?s=96&d=mm&r=g\",\"contentUrl\":\"https:\/\/secure.gravatar.com\/avatar\/75560795a8de75338a850c3d759f927c?s=96&d=mm&r=g\",\"caption\":\"Bernat Ortola\"}}]}<\/script>\n<!-- \/ Yoast SEO plugin. -->","yoast_head_json":{"title":"Pego aprova l'adequaci\u00f3 de la taxa del servici de recollida d'escombraries - Ajuntament de Pego","robots":{"index":"index","follow":"follow","max-snippet":"max-snippet:-1","max-image-preview":"max-image-preview:large","max-video-preview":"max-video-preview:-1"},"canonical":"https:\/\/www.pego.org\/noticies\/2024\/11\/05\/pego-aprova-ladequacio-de-la-taxa-del-servici-de-recollida-descombraries\/","og_locale":"ca_ES","og_type":"article","og_title":"Pego aprova l'adequaci\u00f3 de la taxa del servici de recollida d'escombraries - Ajuntament de Pego","og_description":"El consistori complir\u00e0 aix\u00ed amb la normativa imposada per la Uni\u00f3 Europea en la qual establix amb car\u00e0cter obligatori que el cost del servici siga assumit \u00edntegrament pels ciutadans En els \u00faltims anys l&#8217;Ajuntament ha assumit el 64% del cost del servici El ple extraordinari celebrat ahir va aprovar (amb els vots a favor de... Veure Article","og_url":"https:\/\/www.pego.org\/noticies\/2024\/11\/05\/pego-aprova-ladequacio-de-la-taxa-del-servici-de-recollida-descombraries\/","og_site_name":"Ajuntament de Pego","article_publisher":"https:\/\/www.facebook.com\/ajuntament.de.pego\/","article_published_time":"2024-11-05T11:55:09+00:00","article_modified_time":"2024-11-05T11:55:10+00:00","author":"Bernat Ortola","twitter_card":"summary_large_image","twitter_creator":"@ajupego","twitter_site":"@ajupego","twitter_misc":{"Escrit per":"Bernat Ortola","Temps estimat de lectura":"1 minut"},"schema":{"@context":"https:\/\/schema.org","@graph":[{"@type":"WebSite","@id":"http:\/\/www.pego.org\/noticies\/#website","url":"http:\/\/www.pego.org\/noticies\/","name":"Ajuntament de Pego","description":"","potentialAction":[{"@type":"SearchAction","target":{"@type":"EntryPoint","urlTemplate":"http:\/\/www.pego.org\/noticies\/?s={search_term_string}"},"query-input":"required name=search_term_string"}],"inLanguage":"ca"},{"@type":"WebPage","@id":"https:\/\/www.pego.org\/noticies\/2024\/11\/05\/pego-aprova-ladequacio-de-la-taxa-del-servici-de-recollida-descombraries\/","url":"https:\/\/www.pego.org\/noticies\/2024\/11\/05\/pego-aprova-ladequacio-de-la-taxa-del-servici-de-recollida-descombraries\/","name":"Pego aprova l'adequaci\u00f3 de la taxa del servici de recollida d'escombraries - Ajuntament de Pego","isPartOf":{"@id":"http:\/\/www.pego.org\/noticies\/#website"},"datePublished":"2024-11-05T11:55:09+00:00","dateModified":"2024-11-05T11:55:10+00:00","author":{"@id":"http:\/\/www.pego.org\/noticies\/#\/schema\/person\/4326dac4f13188e6a8a1984f5eb1e0e6"},"breadcrumb":{"@id":"https:\/\/www.pego.org\/noticies\/2024\/11\/05\/pego-aprova-ladequacio-de-la-taxa-del-servici-de-recollida-descombraries\/#breadcrumb"},"inLanguage":"ca","potentialAction":[{"@type":"ReadAction","target":["https:\/\/www.pego.org\/noticies\/2024\/11\/05\/pego-aprova-ladequacio-de-la-taxa-del-servici-de-recollida-descombraries\/"]}]},{"@type":"BreadcrumbList","@id":"https:\/\/www.pego.org\/noticies\/2024\/11\/05\/pego-aprova-ladequacio-de-la-taxa-del-servici-de-recollida-descombraries\/#breadcrumb","itemListElement":[{"@type":"ListItem","position":1,"name":"Inici","item":"http:\/\/www.pego.org\/noticies\/"},{"@type":"ListItem","position":2,"name":"Pego aprova l&#8217;adequaci\u00f3 de la taxa del servici de recollida d&#8217;escombraries"}]},{"@type":"Person","@id":"http:\/\/www.pego.org\/noticies\/#\/schema\/person\/4326dac4f13188e6a8a1984f5eb1e0e6","name":"Bernat Ortola","image":{"@type":"ImageObject","inLanguage":"ca","@id":"http:\/\/www.pego.org\/noticies\/#\/schema\/person\/image\/","url":"https:\/\/secure.gravatar.com\/avatar\/75560795a8de75338a850c3d759f927c?s=96&d=mm&r=g","contentUrl":"https:\/\/secure.gravatar.com\/avatar\/75560795a8de75338a850c3d759f927c?s=96&d=mm&r=g","caption":"Bernat Ortola"}}]}},"_links":{"self":[{"href":"https:\/\/www.pego.org\/noticies\/wp-json\/wp\/v2\/posts\/2823"}],"collection":[{"href":"https:\/\/www.pego.org\/noticies\/wp-json\/wp\/v2\/posts"}],"about":[{"href":"https:\/\/www.pego.org\/noticies\/wp-json\/wp\/v2\/types\/post"}],"author":[{"embeddable":true,"href":"https:\/\/www.pego.org\/noticies\/wp-json\/wp\/v2\/users\/2"}],"replies":[{"embeddable":true,"href":"https:\/\/www.pego.org\/noticies\/wp-json\/wp\/v2\/comments?post=2823"}],"version-history":[{"count":1,"href":"https:\/\/www.pego.org\/noticies\/wp-json\/wp\/v2\/posts\/2823\/revisions"}],"predecessor-version":[{"id":2824,"href":"https:\/\/www.pego.org\/noticies\/wp-json\/wp\/v2\/posts\/2823\/revisions\/2824"}],"wp:attachment":[{"href":"https:\/\/www.pego.org\/noticies\/wp-json\/wp\/v2\/media?parent=2823"}],"wp:term":[{"taxonomy":"category","embeddable":true,"href":"https:\/\/www.pego.org\/noticies\/wp-json\/wp\/v2\/categories?post=2823"},{"taxonomy":"post_tag","embeddable":true,"href":"https:\/\/www.pego.org\/noticies\/wp-json\/wp\/v2\/tags?post=2823"}],"curies":[{"name":"wp","href":"https:\/\/api.w.org\/{rel}","templated":true}]}}