{"id":2943,"date":"2023-03-25T10:22:00","date_gmt":"2023-03-25T08:22:00","guid":{"rendered":"https:\/\/www.pego.org\/noticies\/?p=2943"},"modified":"2024-12-13T10:26:35","modified_gmt":"2024-12-13T08:26:35","slug":"las-obras-de-la-nueva-biblioteca-carmen-alemany-bay-entran-en-la-ultima-fase","status":"publish","type":"post","link":"https:\/\/www.pego.org\/noticies\/2023\/03\/25\/las-obras-de-la-nueva-biblioteca-carmen-alemany-bay-entran-en-la-ultima-fase\/","title":{"rendered":"Les obres de la nova biblioteca Carmen Alemany Bay entren en l&#8217;\u00faltima fase"},"content":{"rendered":"\n<p><em>El projecte compta amb una subvenci\u00f3 d&#8217;1.570.304,88 euros dels quals la Diputaci\u00f3 Provincial d&#8217;Alacant finan\u00e7a 950.000 euros<\/em><\/p>\n\n\n\n<p><\/p>\n\n\n\n<div class=\"wp-block-image\"><figure class=\"aligncenter size-large\"><img loading=\"lazy\" width=\"700\" height=\"497\" src=\"https:\/\/www.pego.org\/noticies\/wp-content\/uploads\/2024\/12\/Biblio-700x497.jpg\" alt=\"\" class=\"wp-image-2944\" srcset=\"https:\/\/www.pego.org\/noticies\/wp-content\/uploads\/2024\/12\/Biblio-700x497.jpg 700w, https:\/\/www.pego.org\/noticies\/wp-content\/uploads\/2024\/12\/Biblio-250x177.jpg 250w, https:\/\/www.pego.org\/noticies\/wp-content\/uploads\/2024\/12\/Biblio-768x545.jpg 768w, https:\/\/www.pego.org\/noticies\/wp-content\/uploads\/2024\/12\/Biblio-1536x1090.jpg 1536w, https:\/\/www.pego.org\/noticies\/wp-content\/uploads\/2024\/12\/Biblio-120x85.jpg 120w, https:\/\/www.pego.org\/noticies\/wp-content\/uploads\/2024\/12\/Biblio.jpg 1748w\" sizes=\"(max-width: 700px) 100vw, 700px\" \/><\/figure><\/div>\n\n\n\n<p><\/p>\n\n\n\n<p>Les obres de la rehabilitaci\u00f3 integral de l&#8217;edifici de l&#8217;antic col\u00b7legi Cervantes per a convertir-lo en la nova biblioteca municipal entren en la seua \u00faltima fase. Es tracta d&#8217;una de les propostes m\u00e9s ambicioses de l&#8217;actual executiu amb la qual es pret\u00e9n que este nou espai siga un dels referents culturals del municipi.<\/p>\n\n\n\n<p>La reconversi\u00f3 de l&#8217;edifici passa per una rehabilitaci\u00f3 integral, des del s\u00f2l, passant per la fa\u00e7ana, fins a la coberta; s&#8217;estan adaptant les depend\u00e8ncies a les noves necessitats. L&#8217;espai principal ser\u00e0 el que albergar\u00e0 la biblioteca, per a aconseguir-lo s&#8217;estan ampliant alguns dels departaments amb els quals comptava actualment l&#8217;edifici.<\/p>\n\n\n\n<p>Este nou espai dedicat a la cultura tamb\u00e9 comptar\u00e0 amb una sala d&#8217;actes i una aula d&#8217;inform\u00e0tica. Tamb\u00e9 hi haur\u00e0 una \u2018bebeteca\u2019, un espai dedicat i habilitat pels m\u00e9s xicotets, la intenci\u00f3 \u00e9s que es puga gaudir de la cultura des de xicotets, per a aconseguir-lo s&#8217;instal\u00b7laran alguns mobles adaptats per a xiquetes i xiquets de poca edat.<\/p>\n\n\n\n<p>El total de l&#8217;import d&#8217;esta rehabilitaci\u00f3 \u00e9s d&#8217;1.570.304,88 euros, dels quals la Diputaci\u00f3 d&#8217;Alacant finan\u00e7a 950.000 euros, mentres que 486.656,75 euros estan sufragats a trav\u00e9s del Pla de Recuperaci\u00f3, Transformaci\u00f3 i Resili\u00e8ncia, finan\u00e7at per la Uni\u00f3 Europea a trav\u00e9s dels fons Next Generation EU i el Ministeri per a la Transici\u00f3 Ecol\u00f2gica i el Repte Demogr\u00e0fic i IVACE.<\/p>\n\n\n\n<p>La resta del finan\u00e7ament l&#8217;assumix l&#8217;Ajuntament de Pego. \u201cEsta \u00e9s una de les obres m\u00e9s esperades i importants pel nostre municipi, amb aix\u00f2 aconseguirem tindre per fi una biblioteca amb condicions, adaptada als nous temps i diferents espais per a atendre les necessitats dels ve\u00efns i ve\u00efnes de Pego.<\/p>\n","protected":false},"excerpt":{"rendered":"El projecte compta amb una subvenci\u00f3 d&#8217;1.570.304,88 euros dels quals la Diputaci\u00f3 Provincial d&#8217;Alacant finan\u00e7a 950.000 euros Les obres de la rehabilitaci\u00f3 integral de l&#8217;edifici de l&#8217;antic col\u00b7legi Cervantes per a convertir-lo en la nova biblioteca municipal entren en la seua \u00faltima fase. Es tracta d&#8217;una de les propostes m\u00e9s ambicioses de l&#8217;actual executiu amb&#8230; <a class=\"view-article\" href=\"https:\/\/www.pego.org\/noticies\/2023\/03\/25\/las-obras-de-la-nueva-biblioteca-carmen-alemany-bay-entran-en-la-ultima-fase\/\">Veure Article<\/a>","protected":false},"author":2,"featured_media":0,"comment_status":"closed","ping_status":"open","sticky":false,"template":"","format":"standard","meta":[],"categories":[1],"tags":[],"yoast_head":"<!-- This site is optimized with the Yoast SEO plugin v19.4 - https:\/\/yoast.com\/wordpress\/plugins\/seo\/ -->\n<title>Les obres de la nova biblioteca Carmen Alemany Bay entren en l&#039;\u00faltima fase - Ajuntament de Pego<\/title>\n<meta name=\"robots\" content=\"index, follow, max-snippet:-1, max-image-preview:large, max-video-preview:-1\" \/>\n<link rel=\"canonical\" href=\"http:\/\/www.pego.org\/noticies\/2023\/03\/25\/las-obras-de-la-nueva-biblioteca-carmen-alemany-bay-entran-en-la-ultima-fase\/\" \/>\n<meta property=\"og:locale\" content=\"ca_ES\" \/>\n<meta property=\"og:type\" content=\"article\" \/>\n<meta property=\"og:title\" content=\"Les obres de la nova biblioteca Carmen Alemany Bay entren en l&#039;\u00faltima fase - Ajuntament de Pego\" \/>\n<meta property=\"og:description\" content=\"El projecte compta amb una subvenci\u00f3 d&#8217;1.570.304,88 euros dels quals la Diputaci\u00f3 Provincial d&#8217;Alacant finan\u00e7a 950.000 euros Les obres de la rehabilitaci\u00f3 integral de l&#8217;edifici de l&#8217;antic col\u00b7legi Cervantes per a convertir-lo en la nova biblioteca municipal entren en la seua \u00faltima fase. Es tracta d&#8217;una de les propostes m\u00e9s ambicioses de l&#8217;actual executiu amb... Veure Article\" \/>\n<meta property=\"og:url\" content=\"http:\/\/www.pego.org\/noticies\/2023\/03\/25\/las-obras-de-la-nueva-biblioteca-carmen-alemany-bay-entran-en-la-ultima-fase\/\" \/>\n<meta property=\"og:site_name\" content=\"Ajuntament de Pego\" \/>\n<meta property=\"article:publisher\" content=\"https:\/\/www.facebook.com\/ajuntament.de.pego\/\" \/>\n<meta property=\"article:published_time\" content=\"2023-03-25T08:22:00+00:00\" \/>\n<meta property=\"article:modified_time\" content=\"2024-12-13T08:26:35+00:00\" \/>\n<meta property=\"og:image\" content=\"https:\/\/www.pego.org\/noticies\/wp-content\/uploads\/2024\/12\/Biblio-700x497.jpg\" \/>\n<meta name=\"author\" content=\"Bernat Ortola\" \/>\n<meta name=\"twitter:card\" content=\"summary_large_image\" \/>\n<meta name=\"twitter:creator\" content=\"@ajupego\" \/>\n<meta name=\"twitter:site\" content=\"@ajupego\" \/>\n<meta name=\"twitter:label1\" content=\"Escrit per\" \/>\n\t<meta name=\"twitter:data1\" content=\"Bernat Ortola\" \/>\n\t<meta name=\"twitter:label2\" content=\"Temps estimat de lectura\" \/>\n\t<meta name=\"twitter:data2\" content=\"2 minuts\" \/>\n<script type=\"application\/ld+json\" class=\"yoast-schema-graph\">{\"@context\":\"https:\/\/schema.org\",\"@graph\":[{\"@type\":\"WebSite\",\"@id\":\"https:\/\/www.pego.org\/noticies\/#website\",\"url\":\"https:\/\/www.pego.org\/noticies\/\",\"name\":\"Ajuntament de Pego\",\"description\":\"\",\"potentialAction\":[{\"@type\":\"SearchAction\",\"target\":{\"@type\":\"EntryPoint\",\"urlTemplate\":\"https:\/\/www.pego.org\/noticies\/?s={search_term_string}\"},\"query-input\":\"required name=search_term_string\"}],\"inLanguage\":\"ca\"},{\"@type\":\"WebPage\",\"@id\":\"http:\/\/www.pego.org\/noticies\/2023\/03\/25\/las-obras-de-la-nueva-biblioteca-carmen-alemany-bay-entran-en-la-ultima-fase\/\",\"url\":\"http:\/\/www.pego.org\/noticies\/2023\/03\/25\/las-obras-de-la-nueva-biblioteca-carmen-alemany-bay-entran-en-la-ultima-fase\/\",\"name\":\"Les obres de la nova biblioteca Carmen Alemany Bay entren en l'\u00faltima fase - Ajuntament de Pego\",\"isPartOf\":{\"@id\":\"https:\/\/www.pego.org\/noticies\/#website\"},\"datePublished\":\"2023-03-25T08:22:00+00:00\",\"dateModified\":\"2024-12-13T08:26:35+00:00\",\"author\":{\"@id\":\"https:\/\/www.pego.org\/noticies\/#\/schema\/person\/4326dac4f13188e6a8a1984f5eb1e0e6\"},\"breadcrumb\":{\"@id\":\"http:\/\/www.pego.org\/noticies\/2023\/03\/25\/las-obras-de-la-nueva-biblioteca-carmen-alemany-bay-entran-en-la-ultima-fase\/#breadcrumb\"},\"inLanguage\":\"ca\",\"potentialAction\":[{\"@type\":\"ReadAction\",\"target\":[\"http:\/\/www.pego.org\/noticies\/2023\/03\/25\/las-obras-de-la-nueva-biblioteca-carmen-alemany-bay-entran-en-la-ultima-fase\/\"]}]},{\"@type\":\"BreadcrumbList\",\"@id\":\"http:\/\/www.pego.org\/noticies\/2023\/03\/25\/las-obras-de-la-nueva-biblioteca-carmen-alemany-bay-entran-en-la-ultima-fase\/#breadcrumb\",\"itemListElement\":[{\"@type\":\"ListItem\",\"position\":1,\"name\":\"Inici\",\"item\":\"https:\/\/www.pego.org\/noticies\/\"},{\"@type\":\"ListItem\",\"position\":2,\"name\":\"Les obres de la nova biblioteca Carmen Alemany Bay entren en l&#8217;\u00faltima fase\"}]},{\"@type\":\"Person\",\"@id\":\"https:\/\/www.pego.org\/noticies\/#\/schema\/person\/4326dac4f13188e6a8a1984f5eb1e0e6\",\"name\":\"Bernat Ortola\",\"image\":{\"@type\":\"ImageObject\",\"inLanguage\":\"ca\",\"@id\":\"https:\/\/www.pego.org\/noticies\/#\/schema\/person\/image\/\",\"url\":\"https:\/\/secure.gravatar.com\/avatar\/75560795a8de75338a850c3d759f927c?s=96&d=mm&r=g\",\"contentUrl\":\"https:\/\/secure.gravatar.com\/avatar\/75560795a8de75338a850c3d759f927c?s=96&d=mm&r=g\",\"caption\":\"Bernat Ortola\"}}]}<\/script>\n<!-- \/ Yoast SEO plugin. -->","yoast_head_json":{"title":"Les obres de la nova biblioteca Carmen Alemany Bay entren en l'\u00faltima fase - Ajuntament de Pego","robots":{"index":"index","follow":"follow","max-snippet":"max-snippet:-1","max-image-preview":"max-image-preview:large","max-video-preview":"max-video-preview:-1"},"canonical":"http:\/\/www.pego.org\/noticies\/2023\/03\/25\/las-obras-de-la-nueva-biblioteca-carmen-alemany-bay-entran-en-la-ultima-fase\/","og_locale":"ca_ES","og_type":"article","og_title":"Les obres de la nova biblioteca Carmen Alemany Bay entren en l'\u00faltima fase - Ajuntament de Pego","og_description":"El projecte compta amb una subvenci\u00f3 d&#8217;1.570.304,88 euros dels quals la Diputaci\u00f3 Provincial d&#8217;Alacant finan\u00e7a 950.000 euros Les obres de la rehabilitaci\u00f3 integral de l&#8217;edifici de l&#8217;antic col\u00b7legi Cervantes per a convertir-lo en la nova biblioteca municipal entren en la seua \u00faltima fase. Es tracta d&#8217;una de les propostes m\u00e9s ambicioses de l&#8217;actual executiu amb... Veure Article","og_url":"http:\/\/www.pego.org\/noticies\/2023\/03\/25\/las-obras-de-la-nueva-biblioteca-carmen-alemany-bay-entran-en-la-ultima-fase\/","og_site_name":"Ajuntament de Pego","article_publisher":"https:\/\/www.facebook.com\/ajuntament.de.pego\/","article_published_time":"2023-03-25T08:22:00+00:00","article_modified_time":"2024-12-13T08:26:35+00:00","og_image":[{"url":"https:\/\/www.pego.org\/noticies\/wp-content\/uploads\/2024\/12\/Biblio-700x497.jpg"}],"author":"Bernat Ortola","twitter_card":"summary_large_image","twitter_creator":"@ajupego","twitter_site":"@ajupego","twitter_misc":{"Escrit per":"Bernat Ortola","Temps estimat de lectura":"2 minuts"},"schema":{"@context":"https:\/\/schema.org","@graph":[{"@type":"WebSite","@id":"https:\/\/www.pego.org\/noticies\/#website","url":"https:\/\/www.pego.org\/noticies\/","name":"Ajuntament de Pego","description":"","potentialAction":[{"@type":"SearchAction","target":{"@type":"EntryPoint","urlTemplate":"https:\/\/www.pego.org\/noticies\/?s={search_term_string}"},"query-input":"required name=search_term_string"}],"inLanguage":"ca"},{"@type":"WebPage","@id":"http:\/\/www.pego.org\/noticies\/2023\/03\/25\/las-obras-de-la-nueva-biblioteca-carmen-alemany-bay-entran-en-la-ultima-fase\/","url":"http:\/\/www.pego.org\/noticies\/2023\/03\/25\/las-obras-de-la-nueva-biblioteca-carmen-alemany-bay-entran-en-la-ultima-fase\/","name":"Les obres de la nova biblioteca Carmen Alemany Bay entren en l'\u00faltima fase - Ajuntament de Pego","isPartOf":{"@id":"https:\/\/www.pego.org\/noticies\/#website"},"datePublished":"2023-03-25T08:22:00+00:00","dateModified":"2024-12-13T08:26:35+00:00","author":{"@id":"https:\/\/www.pego.org\/noticies\/#\/schema\/person\/4326dac4f13188e6a8a1984f5eb1e0e6"},"breadcrumb":{"@id":"http:\/\/www.pego.org\/noticies\/2023\/03\/25\/las-obras-de-la-nueva-biblioteca-carmen-alemany-bay-entran-en-la-ultima-fase\/#breadcrumb"},"inLanguage":"ca","potentialAction":[{"@type":"ReadAction","target":["http:\/\/www.pego.org\/noticies\/2023\/03\/25\/las-obras-de-la-nueva-biblioteca-carmen-alemany-bay-entran-en-la-ultima-fase\/"]}]},{"@type":"BreadcrumbList","@id":"http:\/\/www.pego.org\/noticies\/2023\/03\/25\/las-obras-de-la-nueva-biblioteca-carmen-alemany-bay-entran-en-la-ultima-fase\/#breadcrumb","itemListElement":[{"@type":"ListItem","position":1,"name":"Inici","item":"https:\/\/www.pego.org\/noticies\/"},{"@type":"ListItem","position":2,"name":"Les obres de la nova biblioteca Carmen Alemany Bay entren en l&#8217;\u00faltima fase"}]},{"@type":"Person","@id":"https:\/\/www.pego.org\/noticies\/#\/schema\/person\/4326dac4f13188e6a8a1984f5eb1e0e6","name":"Bernat Ortola","image":{"@type":"ImageObject","inLanguage":"ca","@id":"https:\/\/www.pego.org\/noticies\/#\/schema\/person\/image\/","url":"https:\/\/secure.gravatar.com\/avatar\/75560795a8de75338a850c3d759f927c?s=96&d=mm&r=g","contentUrl":"https:\/\/secure.gravatar.com\/avatar\/75560795a8de75338a850c3d759f927c?s=96&d=mm&r=g","caption":"Bernat Ortola"}}]}},"_links":{"self":[{"href":"https:\/\/www.pego.org\/noticies\/wp-json\/wp\/v2\/posts\/2943"}],"collection":[{"href":"https:\/\/www.pego.org\/noticies\/wp-json\/wp\/v2\/posts"}],"about":[{"href":"https:\/\/www.pego.org\/noticies\/wp-json\/wp\/v2\/types\/post"}],"author":[{"embeddable":true,"href":"https:\/\/www.pego.org\/noticies\/wp-json\/wp\/v2\/users\/2"}],"replies":[{"embeddable":true,"href":"https:\/\/www.pego.org\/noticies\/wp-json\/wp\/v2\/comments?post=2943"}],"version-history":[{"count":2,"href":"https:\/\/www.pego.org\/noticies\/wp-json\/wp\/v2\/posts\/2943\/revisions"}],"predecessor-version":[{"id":2947,"href":"https:\/\/www.pego.org\/noticies\/wp-json\/wp\/v2\/posts\/2943\/revisions\/2947"}],"wp:attachment":[{"href":"https:\/\/www.pego.org\/noticies\/wp-json\/wp\/v2\/media?parent=2943"}],"wp:term":[{"taxonomy":"category","embeddable":true,"href":"https:\/\/www.pego.org\/noticies\/wp-json\/wp\/v2\/categories?post=2943"},{"taxonomy":"post_tag","embeddable":true,"href":"https:\/\/www.pego.org\/noticies\/wp-json\/wp\/v2\/tags?post=2943"}],"curies":[{"name":"wp","href":"https:\/\/api.w.org\/{rel}","templated":true}]}}