{"id":3320,"date":"2025-07-24T13:54:08","date_gmt":"2025-07-24T11:54:08","guid":{"rendered":"https:\/\/www.pego.org\/noticies\/?p=3320"},"modified":"2025-07-24T13:54:10","modified_gmt":"2025-07-24T11:54:10","slug":"campanya-de-publicitat-amb-motiu-de-la-campanya-de-comerc-rasca-i-guanya-en-el-rasca-de-pego-de-lestiu-a-pego","status":"publish","type":"post","link":"https:\/\/www.pego.org\/noticies\/2025\/07\/24\/campanya-de-publicitat-amb-motiu-de-la-campanya-de-comerc-rasca-i-guanya-en-el-rasca-de-pego-de-lestiu-a-pego\/","title":{"rendered":"Campanya de publicitat amb motiu de la Campanya de Comer\u00e7 \u201cRasca i Guanya en el Rasca de Pego de l\u2019estiu a Pego\u201d"},"content":{"rendered":"\n<p>La campanya tindr\u00e0 una duraci\u00f3 d\u2019un mes de duraci\u00f3 a contar des del 29 de juliol maig fins al 31 d\u2019agost de 2025 ambd\u00f3s inclosos.<\/p>\n\n\n\n<p>Per tal de donar-li difusi\u00f3 a les esmentada campanya es creu convenient des de la regidoria fer les seg\u00fcents insercions publicit\u00e0ries:<\/p>\n\n\n\n<p><strong>Lot 1.<\/strong>-Difusi\u00f3 de la not\u00edcia aix\u00ed com del cartell de la campanya en les dimensions 1\/4 de p\u00e0gina per cada esdeveniment en un peri\u00f2dic impr\u00e8s de tirada a la comarca de la Marina Alta i de distribuci\u00f3 setmanal, hi haur\u00e0 2 insercions aix\u00ed com estar\u00e0 publicada la not\u00edcia en la plataforma web.<\/p>\n\n\n\n<p><strong>Lot 2.<\/strong> \u2013Difusi\u00f3 de la noticia aix\u00ed com del cartell de la campanya en un banner fixe lateral en la home en un diari comarcal online i en les seues xarxes socials.<\/p>\n\n\n\n<p>A banda, caldr\u00e0 que tot aix\u00f2 surta progressivament publicat en la p\u00e0gina web del mitj\u00e0 de comunicaci\u00f3\u201d.&nbsp;<\/p>\n\n\n\n<p>Es podran presentar el pressupost de la campanya en el registre d\u2019entrada de l\u2019Ajuntament de Pego des d\u2019avui 24 de juliol fins el dilluns 28 de juliol de 2025 fins les 13.00 hores. Seran seleccionades les ofertes m\u00e9s econ\u00f2miques de cadascuna de les opcions sol\u00b7licitades.<\/p>\n","protected":false},"excerpt":{"rendered":"La campanya tindr\u00e0 una duraci\u00f3 d\u2019un mes de duraci\u00f3 a contar des del 29 de juliol maig fins al 31 d\u2019agost de 2025 ambd\u00f3s inclosos. Per tal de donar-li difusi\u00f3 a les esmentada campanya es creu convenient des de la regidoria fer les seg\u00fcents insercions publicit\u00e0ries: Lot 1.-Difusi\u00f3 de la not\u00edcia aix\u00ed com del cartell&#8230; <a class=\"view-article\" href=\"https:\/\/www.pego.org\/noticies\/2025\/07\/24\/campanya-de-publicitat-amb-motiu-de-la-campanya-de-comerc-rasca-i-guanya-en-el-rasca-de-pego-de-lestiu-a-pego\/\">Veure Article<\/a>","protected":false},"author":2,"featured_media":0,"comment_status":"closed","ping_status":"open","sticky":false,"template":"","format":"standard","meta":[],"categories":[1],"tags":[],"yoast_head":"<!-- This site is optimized with the Yoast SEO plugin v19.4 - https:\/\/yoast.com\/wordpress\/plugins\/seo\/ -->\n<title>Campanya de publicitat amb motiu de la Campanya de Comer\u00e7 \u201cRasca i Guanya en el Rasca de Pego de l\u2019estiu a Pego\u201d - Ajuntament de Pego<\/title>\n<meta name=\"robots\" content=\"index, follow, max-snippet:-1, max-image-preview:large, max-video-preview:-1\" \/>\n<link rel=\"canonical\" href=\"https:\/\/www.pego.org\/noticies\/2025\/07\/24\/campanya-de-publicitat-amb-motiu-de-la-campanya-de-comerc-rasca-i-guanya-en-el-rasca-de-pego-de-lestiu-a-pego\/\" \/>\n<meta property=\"og:locale\" content=\"ca_ES\" \/>\n<meta property=\"og:type\" content=\"article\" \/>\n<meta property=\"og:title\" content=\"Campanya de publicitat amb motiu de la Campanya de Comer\u00e7 \u201cRasca i Guanya en el Rasca de Pego de l\u2019estiu a Pego\u201d - Ajuntament de Pego\" \/>\n<meta property=\"og:description\" content=\"La campanya tindr\u00e0 una duraci\u00f3 d\u2019un mes de duraci\u00f3 a contar des del 29 de juliol maig fins al 31 d\u2019agost de 2025 ambd\u00f3s inclosos. Per tal de donar-li difusi\u00f3 a les esmentada campanya es creu convenient des de la regidoria fer les seg\u00fcents insercions publicit\u00e0ries: Lot 1.-Difusi\u00f3 de la not\u00edcia aix\u00ed com del cartell... Veure Article\" \/>\n<meta property=\"og:url\" content=\"https:\/\/www.pego.org\/noticies\/2025\/07\/24\/campanya-de-publicitat-amb-motiu-de-la-campanya-de-comerc-rasca-i-guanya-en-el-rasca-de-pego-de-lestiu-a-pego\/\" \/>\n<meta property=\"og:site_name\" content=\"Ajuntament de Pego\" \/>\n<meta property=\"article:publisher\" content=\"https:\/\/www.facebook.com\/ajuntament.de.pego\/\" \/>\n<meta property=\"article:published_time\" content=\"2025-07-24T11:54:08+00:00\" \/>\n<meta property=\"article:modified_time\" content=\"2025-07-24T11:54:10+00:00\" \/>\n<meta name=\"author\" content=\"Bernat Ortola\" \/>\n<meta name=\"twitter:card\" content=\"summary_large_image\" \/>\n<meta name=\"twitter:creator\" content=\"@ajupego\" \/>\n<meta name=\"twitter:site\" content=\"@ajupego\" \/>\n<meta name=\"twitter:label1\" content=\"Escrit per\" \/>\n\t<meta name=\"twitter:data1\" content=\"Bernat Ortola\" \/>\n\t<meta name=\"twitter:label2\" content=\"Temps estimat de lectura\" \/>\n\t<meta name=\"twitter:data2\" content=\"2 minuts\" \/>\n<script type=\"application\/ld+json\" class=\"yoast-schema-graph\">{\"@context\":\"https:\/\/schema.org\",\"@graph\":[{\"@type\":\"WebSite\",\"@id\":\"https:\/\/www.pego.org\/noticies\/#website\",\"url\":\"https:\/\/www.pego.org\/noticies\/\",\"name\":\"Ajuntament de Pego\",\"description\":\"\",\"potentialAction\":[{\"@type\":\"SearchAction\",\"target\":{\"@type\":\"EntryPoint\",\"urlTemplate\":\"https:\/\/www.pego.org\/noticies\/?s={search_term_string}\"},\"query-input\":\"required name=search_term_string\"}],\"inLanguage\":\"ca\"},{\"@type\":\"WebPage\",\"@id\":\"https:\/\/www.pego.org\/noticies\/2025\/07\/24\/campanya-de-publicitat-amb-motiu-de-la-campanya-de-comerc-rasca-i-guanya-en-el-rasca-de-pego-de-lestiu-a-pego\/\",\"url\":\"https:\/\/www.pego.org\/noticies\/2025\/07\/24\/campanya-de-publicitat-amb-motiu-de-la-campanya-de-comerc-rasca-i-guanya-en-el-rasca-de-pego-de-lestiu-a-pego\/\",\"name\":\"Campanya de publicitat amb motiu de la Campanya de Comer\u00e7 \u201cRasca i Guanya en el Rasca de Pego de l\u2019estiu a Pego\u201d - Ajuntament de Pego\",\"isPartOf\":{\"@id\":\"https:\/\/www.pego.org\/noticies\/#website\"},\"datePublished\":\"2025-07-24T11:54:08+00:00\",\"dateModified\":\"2025-07-24T11:54:10+00:00\",\"author\":{\"@id\":\"https:\/\/www.pego.org\/noticies\/#\/schema\/person\/4326dac4f13188e6a8a1984f5eb1e0e6\"},\"breadcrumb\":{\"@id\":\"https:\/\/www.pego.org\/noticies\/2025\/07\/24\/campanya-de-publicitat-amb-motiu-de-la-campanya-de-comerc-rasca-i-guanya-en-el-rasca-de-pego-de-lestiu-a-pego\/#breadcrumb\"},\"inLanguage\":\"ca\",\"potentialAction\":[{\"@type\":\"ReadAction\",\"target\":[\"https:\/\/www.pego.org\/noticies\/2025\/07\/24\/campanya-de-publicitat-amb-motiu-de-la-campanya-de-comerc-rasca-i-guanya-en-el-rasca-de-pego-de-lestiu-a-pego\/\"]}]},{\"@type\":\"BreadcrumbList\",\"@id\":\"https:\/\/www.pego.org\/noticies\/2025\/07\/24\/campanya-de-publicitat-amb-motiu-de-la-campanya-de-comerc-rasca-i-guanya-en-el-rasca-de-pego-de-lestiu-a-pego\/#breadcrumb\",\"itemListElement\":[{\"@type\":\"ListItem\",\"position\":1,\"name\":\"Inici\",\"item\":\"https:\/\/www.pego.org\/noticies\/\"},{\"@type\":\"ListItem\",\"position\":2,\"name\":\"Campanya de publicitat amb motiu de la Campanya de Comer\u00e7 \u201cRasca i Guanya en el Rasca de Pego de l\u2019estiu a Pego\u201d\"}]},{\"@type\":\"Person\",\"@id\":\"https:\/\/www.pego.org\/noticies\/#\/schema\/person\/4326dac4f13188e6a8a1984f5eb1e0e6\",\"name\":\"Bernat Ortola\",\"image\":{\"@type\":\"ImageObject\",\"inLanguage\":\"ca\",\"@id\":\"https:\/\/www.pego.org\/noticies\/#\/schema\/person\/image\/\",\"url\":\"https:\/\/secure.gravatar.com\/avatar\/75560795a8de75338a850c3d759f927c?s=96&d=mm&r=g\",\"contentUrl\":\"https:\/\/secure.gravatar.com\/avatar\/75560795a8de75338a850c3d759f927c?s=96&d=mm&r=g\",\"caption\":\"Bernat Ortola\"}}]}<\/script>\n<!-- \/ Yoast SEO plugin. -->","yoast_head_json":{"title":"Campanya de publicitat amb motiu de la Campanya de Comer\u00e7 \u201cRasca i Guanya en el Rasca de Pego de l\u2019estiu a Pego\u201d - Ajuntament de Pego","robots":{"index":"index","follow":"follow","max-snippet":"max-snippet:-1","max-image-preview":"max-image-preview:large","max-video-preview":"max-video-preview:-1"},"canonical":"https:\/\/www.pego.org\/noticies\/2025\/07\/24\/campanya-de-publicitat-amb-motiu-de-la-campanya-de-comerc-rasca-i-guanya-en-el-rasca-de-pego-de-lestiu-a-pego\/","og_locale":"ca_ES","og_type":"article","og_title":"Campanya de publicitat amb motiu de la Campanya de Comer\u00e7 \u201cRasca i Guanya en el Rasca de Pego de l\u2019estiu a Pego\u201d - Ajuntament de Pego","og_description":"La campanya tindr\u00e0 una duraci\u00f3 d\u2019un mes de duraci\u00f3 a contar des del 29 de juliol maig fins al 31 d\u2019agost de 2025 ambd\u00f3s inclosos. Per tal de donar-li difusi\u00f3 a les esmentada campanya es creu convenient des de la regidoria fer les seg\u00fcents insercions publicit\u00e0ries: Lot 1.-Difusi\u00f3 de la not\u00edcia aix\u00ed com del cartell... Veure Article","og_url":"https:\/\/www.pego.org\/noticies\/2025\/07\/24\/campanya-de-publicitat-amb-motiu-de-la-campanya-de-comerc-rasca-i-guanya-en-el-rasca-de-pego-de-lestiu-a-pego\/","og_site_name":"Ajuntament de Pego","article_publisher":"https:\/\/www.facebook.com\/ajuntament.de.pego\/","article_published_time":"2025-07-24T11:54:08+00:00","article_modified_time":"2025-07-24T11:54:10+00:00","author":"Bernat Ortola","twitter_card":"summary_large_image","twitter_creator":"@ajupego","twitter_site":"@ajupego","twitter_misc":{"Escrit per":"Bernat Ortola","Temps estimat de lectura":"2 minuts"},"schema":{"@context":"https:\/\/schema.org","@graph":[{"@type":"WebSite","@id":"https:\/\/www.pego.org\/noticies\/#website","url":"https:\/\/www.pego.org\/noticies\/","name":"Ajuntament de Pego","description":"","potentialAction":[{"@type":"SearchAction","target":{"@type":"EntryPoint","urlTemplate":"https:\/\/www.pego.org\/noticies\/?s={search_term_string}"},"query-input":"required name=search_term_string"}],"inLanguage":"ca"},{"@type":"WebPage","@id":"https:\/\/www.pego.org\/noticies\/2025\/07\/24\/campanya-de-publicitat-amb-motiu-de-la-campanya-de-comerc-rasca-i-guanya-en-el-rasca-de-pego-de-lestiu-a-pego\/","url":"https:\/\/www.pego.org\/noticies\/2025\/07\/24\/campanya-de-publicitat-amb-motiu-de-la-campanya-de-comerc-rasca-i-guanya-en-el-rasca-de-pego-de-lestiu-a-pego\/","name":"Campanya de publicitat amb motiu de la Campanya de Comer\u00e7 \u201cRasca i Guanya en el Rasca de Pego de l\u2019estiu a Pego\u201d - Ajuntament de Pego","isPartOf":{"@id":"https:\/\/www.pego.org\/noticies\/#website"},"datePublished":"2025-07-24T11:54:08+00:00","dateModified":"2025-07-24T11:54:10+00:00","author":{"@id":"https:\/\/www.pego.org\/noticies\/#\/schema\/person\/4326dac4f13188e6a8a1984f5eb1e0e6"},"breadcrumb":{"@id":"https:\/\/www.pego.org\/noticies\/2025\/07\/24\/campanya-de-publicitat-amb-motiu-de-la-campanya-de-comerc-rasca-i-guanya-en-el-rasca-de-pego-de-lestiu-a-pego\/#breadcrumb"},"inLanguage":"ca","potentialAction":[{"@type":"ReadAction","target":["https:\/\/www.pego.org\/noticies\/2025\/07\/24\/campanya-de-publicitat-amb-motiu-de-la-campanya-de-comerc-rasca-i-guanya-en-el-rasca-de-pego-de-lestiu-a-pego\/"]}]},{"@type":"BreadcrumbList","@id":"https:\/\/www.pego.org\/noticies\/2025\/07\/24\/campanya-de-publicitat-amb-motiu-de-la-campanya-de-comerc-rasca-i-guanya-en-el-rasca-de-pego-de-lestiu-a-pego\/#breadcrumb","itemListElement":[{"@type":"ListItem","position":1,"name":"Inici","item":"https:\/\/www.pego.org\/noticies\/"},{"@type":"ListItem","position":2,"name":"Campanya de publicitat amb motiu de la Campanya de Comer\u00e7 \u201cRasca i Guanya en el Rasca de Pego de l\u2019estiu a Pego\u201d"}]},{"@type":"Person","@id":"https:\/\/www.pego.org\/noticies\/#\/schema\/person\/4326dac4f13188e6a8a1984f5eb1e0e6","name":"Bernat Ortola","image":{"@type":"ImageObject","inLanguage":"ca","@id":"https:\/\/www.pego.org\/noticies\/#\/schema\/person\/image\/","url":"https:\/\/secure.gravatar.com\/avatar\/75560795a8de75338a850c3d759f927c?s=96&d=mm&r=g","contentUrl":"https:\/\/secure.gravatar.com\/avatar\/75560795a8de75338a850c3d759f927c?s=96&d=mm&r=g","caption":"Bernat Ortola"}}]}},"_links":{"self":[{"href":"https:\/\/www.pego.org\/noticies\/wp-json\/wp\/v2\/posts\/3320"}],"collection":[{"href":"https:\/\/www.pego.org\/noticies\/wp-json\/wp\/v2\/posts"}],"about":[{"href":"https:\/\/www.pego.org\/noticies\/wp-json\/wp\/v2\/types\/post"}],"author":[{"embeddable":true,"href":"https:\/\/www.pego.org\/noticies\/wp-json\/wp\/v2\/users\/2"}],"replies":[{"embeddable":true,"href":"https:\/\/www.pego.org\/noticies\/wp-json\/wp\/v2\/comments?post=3320"}],"version-history":[{"count":1,"href":"https:\/\/www.pego.org\/noticies\/wp-json\/wp\/v2\/posts\/3320\/revisions"}],"predecessor-version":[{"id":3321,"href":"https:\/\/www.pego.org\/noticies\/wp-json\/wp\/v2\/posts\/3320\/revisions\/3321"}],"wp:attachment":[{"href":"https:\/\/www.pego.org\/noticies\/wp-json\/wp\/v2\/media?parent=3320"}],"wp:term":[{"taxonomy":"category","embeddable":true,"href":"https:\/\/www.pego.org\/noticies\/wp-json\/wp\/v2\/categories?post=3320"},{"taxonomy":"post_tag","embeddable":true,"href":"https:\/\/www.pego.org\/noticies\/wp-json\/wp\/v2\/tags?post=3320"}],"curies":[{"name":"wp","href":"https:\/\/api.w.org\/{rel}","templated":true}]}}