{"id":3657,"date":"2025-12-12T11:58:28","date_gmt":"2025-12-12T09:58:28","guid":{"rendered":"https:\/\/www.pego.org\/noticies\/?p=3657"},"modified":"2025-12-12T11:58:29","modified_gmt":"2025-12-12T09:58:29","slug":"campanya-de-lajuntament-de-pego-per-a-felicitar-el-nadal-2025","status":"publish","type":"post","link":"https:\/\/www.pego.org\/noticies\/2025\/12\/12\/campanya-de-lajuntament-de-pego-per-a-felicitar-el-nadal-2025\/","title":{"rendered":"Campanya de l\u2019Ajuntament de Pego per a felicitar el Nadal 2025"},"content":{"rendered":"\n<p><strong>Lot 1: <\/strong>Difusi\u00f3 del cartell de la felicitaci\u00f3 amb les dimensions 1\/2 de p\u00e0gina en un peri\u00f2dic impr\u00e8s de tirada a la Marina Alta de distribuci\u00f3 setmanal i dotat amb p\u00e0gina web, en la mateixa p\u00e0gina de la entrevista de balan\u00e7 de l\u2019any de l\u2019alcalde. Hi haur\u00e0 una inserci\u00f3 en la qual la publicitat queda vinculada a la seua difusi\u00f3 en la referida web.<\/p>\n","protected":false},"excerpt":{"rendered":"Lot 1: Difusi\u00f3 del cartell de la felicitaci\u00f3 amb les dimensions 1\/2 de p\u00e0gina en un peri\u00f2dic impr\u00e8s de tirada a la Marina Alta de distribuci\u00f3 setmanal i dotat amb p\u00e0gina web, en la mateixa p\u00e0gina de la entrevista de balan\u00e7 de l\u2019any de l\u2019alcalde. Hi haur\u00e0 una inserci\u00f3 en la qual la publicitat queda&#8230; <a class=\"view-article\" href=\"https:\/\/www.pego.org\/noticies\/2025\/12\/12\/campanya-de-lajuntament-de-pego-per-a-felicitar-el-nadal-2025\/\">Veure Article<\/a>","protected":false},"author":2,"featured_media":0,"comment_status":"closed","ping_status":"open","sticky":false,"template":"","format":"standard","meta":[],"categories":[1],"tags":[],"yoast_head":"<!-- This site is optimized with the Yoast SEO plugin v19.4 - https:\/\/yoast.com\/wordpress\/plugins\/seo\/ -->\n<title>Campanya de l\u2019Ajuntament de Pego per a felicitar el Nadal 2025 - Ajuntament de Pego<\/title>\n<meta name=\"robots\" content=\"index, follow, max-snippet:-1, max-image-preview:large, max-video-preview:-1\" \/>\n<link rel=\"canonical\" href=\"https:\/\/www.pego.org\/noticies\/2025\/12\/12\/campanya-de-lajuntament-de-pego-per-a-felicitar-el-nadal-2025\/\" \/>\n<meta property=\"og:locale\" content=\"ca_ES\" \/>\n<meta property=\"og:type\" content=\"article\" \/>\n<meta property=\"og:title\" content=\"Campanya de l\u2019Ajuntament de Pego per a felicitar el Nadal 2025 - Ajuntament de Pego\" \/>\n<meta property=\"og:description\" content=\"Lot 1: Difusi\u00f3 del cartell de la felicitaci\u00f3 amb les dimensions 1\/2 de p\u00e0gina en un peri\u00f2dic impr\u00e8s de tirada a la Marina Alta de distribuci\u00f3 setmanal i dotat amb p\u00e0gina web, en la mateixa p\u00e0gina de la entrevista de balan\u00e7 de l\u2019any de l\u2019alcalde. Hi haur\u00e0 una inserci\u00f3 en la qual la publicitat queda... Veure Article\" \/>\n<meta property=\"og:url\" content=\"https:\/\/www.pego.org\/noticies\/2025\/12\/12\/campanya-de-lajuntament-de-pego-per-a-felicitar-el-nadal-2025\/\" \/>\n<meta property=\"og:site_name\" content=\"Ajuntament de Pego\" \/>\n<meta property=\"article:publisher\" content=\"https:\/\/www.facebook.com\/ajuntament.de.pego\/\" \/>\n<meta property=\"article:published_time\" content=\"2025-12-12T09:58:28+00:00\" \/>\n<meta property=\"article:modified_time\" content=\"2025-12-12T09:58:29+00:00\" \/>\n<meta name=\"author\" content=\"Bernat Ortola\" \/>\n<meta name=\"twitter:card\" content=\"summary_large_image\" \/>\n<meta name=\"twitter:creator\" content=\"@ajupego\" \/>\n<meta name=\"twitter:site\" content=\"@ajupego\" \/>\n<meta name=\"twitter:label1\" content=\"Escrit per\" \/>\n\t<meta name=\"twitter:data1\" content=\"Bernat Ortola\" \/>\n\t<meta name=\"twitter:label2\" content=\"Temps estimat de lectura\" \/>\n\t<meta name=\"twitter:data2\" content=\"1 minut\" \/>\n<script type=\"application\/ld+json\" class=\"yoast-schema-graph\">{\"@context\":\"https:\/\/schema.org\",\"@graph\":[{\"@type\":\"WebSite\",\"@id\":\"https:\/\/www.pego.org\/noticies\/#website\",\"url\":\"https:\/\/www.pego.org\/noticies\/\",\"name\":\"Ajuntament de Pego\",\"description\":\"\",\"potentialAction\":[{\"@type\":\"SearchAction\",\"target\":{\"@type\":\"EntryPoint\",\"urlTemplate\":\"https:\/\/www.pego.org\/noticies\/?s={search_term_string}\"},\"query-input\":\"required name=search_term_string\"}],\"inLanguage\":\"ca\"},{\"@type\":\"WebPage\",\"@id\":\"https:\/\/www.pego.org\/noticies\/2025\/12\/12\/campanya-de-lajuntament-de-pego-per-a-felicitar-el-nadal-2025\/\",\"url\":\"https:\/\/www.pego.org\/noticies\/2025\/12\/12\/campanya-de-lajuntament-de-pego-per-a-felicitar-el-nadal-2025\/\",\"name\":\"Campanya de l\u2019Ajuntament de Pego per a felicitar el Nadal 2025 - Ajuntament de Pego\",\"isPartOf\":{\"@id\":\"https:\/\/www.pego.org\/noticies\/#website\"},\"datePublished\":\"2025-12-12T09:58:28+00:00\",\"dateModified\":\"2025-12-12T09:58:29+00:00\",\"author\":{\"@id\":\"https:\/\/www.pego.org\/noticies\/#\/schema\/person\/4326dac4f13188e6a8a1984f5eb1e0e6\"},\"breadcrumb\":{\"@id\":\"https:\/\/www.pego.org\/noticies\/2025\/12\/12\/campanya-de-lajuntament-de-pego-per-a-felicitar-el-nadal-2025\/#breadcrumb\"},\"inLanguage\":\"ca\",\"potentialAction\":[{\"@type\":\"ReadAction\",\"target\":[\"https:\/\/www.pego.org\/noticies\/2025\/12\/12\/campanya-de-lajuntament-de-pego-per-a-felicitar-el-nadal-2025\/\"]}]},{\"@type\":\"BreadcrumbList\",\"@id\":\"https:\/\/www.pego.org\/noticies\/2025\/12\/12\/campanya-de-lajuntament-de-pego-per-a-felicitar-el-nadal-2025\/#breadcrumb\",\"itemListElement\":[{\"@type\":\"ListItem\",\"position\":1,\"name\":\"Inici\",\"item\":\"https:\/\/www.pego.org\/noticies\/\"},{\"@type\":\"ListItem\",\"position\":2,\"name\":\"Campanya de l\u2019Ajuntament de Pego per a felicitar el Nadal 2025\"}]},{\"@type\":\"Person\",\"@id\":\"https:\/\/www.pego.org\/noticies\/#\/schema\/person\/4326dac4f13188e6a8a1984f5eb1e0e6\",\"name\":\"Bernat Ortola\",\"image\":{\"@type\":\"ImageObject\",\"inLanguage\":\"ca\",\"@id\":\"https:\/\/www.pego.org\/noticies\/#\/schema\/person\/image\/\",\"url\":\"https:\/\/secure.gravatar.com\/avatar\/75560795a8de75338a850c3d759f927c?s=96&d=mm&r=g\",\"contentUrl\":\"https:\/\/secure.gravatar.com\/avatar\/75560795a8de75338a850c3d759f927c?s=96&d=mm&r=g\",\"caption\":\"Bernat Ortola\"}}]}<\/script>\n<!-- \/ Yoast SEO plugin. -->","yoast_head_json":{"title":"Campanya de l\u2019Ajuntament de Pego per a felicitar el Nadal 2025 - Ajuntament de Pego","robots":{"index":"index","follow":"follow","max-snippet":"max-snippet:-1","max-image-preview":"max-image-preview:large","max-video-preview":"max-video-preview:-1"},"canonical":"https:\/\/www.pego.org\/noticies\/2025\/12\/12\/campanya-de-lajuntament-de-pego-per-a-felicitar-el-nadal-2025\/","og_locale":"ca_ES","og_type":"article","og_title":"Campanya de l\u2019Ajuntament de Pego per a felicitar el Nadal 2025 - Ajuntament de Pego","og_description":"Lot 1: Difusi\u00f3 del cartell de la felicitaci\u00f3 amb les dimensions 1\/2 de p\u00e0gina en un peri\u00f2dic impr\u00e8s de tirada a la Marina Alta de distribuci\u00f3 setmanal i dotat amb p\u00e0gina web, en la mateixa p\u00e0gina de la entrevista de balan\u00e7 de l\u2019any de l\u2019alcalde. Hi haur\u00e0 una inserci\u00f3 en la qual la publicitat queda... Veure Article","og_url":"https:\/\/www.pego.org\/noticies\/2025\/12\/12\/campanya-de-lajuntament-de-pego-per-a-felicitar-el-nadal-2025\/","og_site_name":"Ajuntament de Pego","article_publisher":"https:\/\/www.facebook.com\/ajuntament.de.pego\/","article_published_time":"2025-12-12T09:58:28+00:00","article_modified_time":"2025-12-12T09:58:29+00:00","author":"Bernat Ortola","twitter_card":"summary_large_image","twitter_creator":"@ajupego","twitter_site":"@ajupego","twitter_misc":{"Escrit per":"Bernat Ortola","Temps estimat de lectura":"1 minut"},"schema":{"@context":"https:\/\/schema.org","@graph":[{"@type":"WebSite","@id":"https:\/\/www.pego.org\/noticies\/#website","url":"https:\/\/www.pego.org\/noticies\/","name":"Ajuntament de Pego","description":"","potentialAction":[{"@type":"SearchAction","target":{"@type":"EntryPoint","urlTemplate":"https:\/\/www.pego.org\/noticies\/?s={search_term_string}"},"query-input":"required name=search_term_string"}],"inLanguage":"ca"},{"@type":"WebPage","@id":"https:\/\/www.pego.org\/noticies\/2025\/12\/12\/campanya-de-lajuntament-de-pego-per-a-felicitar-el-nadal-2025\/","url":"https:\/\/www.pego.org\/noticies\/2025\/12\/12\/campanya-de-lajuntament-de-pego-per-a-felicitar-el-nadal-2025\/","name":"Campanya de l\u2019Ajuntament de Pego per a felicitar el Nadal 2025 - Ajuntament de Pego","isPartOf":{"@id":"https:\/\/www.pego.org\/noticies\/#website"},"datePublished":"2025-12-12T09:58:28+00:00","dateModified":"2025-12-12T09:58:29+00:00","author":{"@id":"https:\/\/www.pego.org\/noticies\/#\/schema\/person\/4326dac4f13188e6a8a1984f5eb1e0e6"},"breadcrumb":{"@id":"https:\/\/www.pego.org\/noticies\/2025\/12\/12\/campanya-de-lajuntament-de-pego-per-a-felicitar-el-nadal-2025\/#breadcrumb"},"inLanguage":"ca","potentialAction":[{"@type":"ReadAction","target":["https:\/\/www.pego.org\/noticies\/2025\/12\/12\/campanya-de-lajuntament-de-pego-per-a-felicitar-el-nadal-2025\/"]}]},{"@type":"BreadcrumbList","@id":"https:\/\/www.pego.org\/noticies\/2025\/12\/12\/campanya-de-lajuntament-de-pego-per-a-felicitar-el-nadal-2025\/#breadcrumb","itemListElement":[{"@type":"ListItem","position":1,"name":"Inici","item":"https:\/\/www.pego.org\/noticies\/"},{"@type":"ListItem","position":2,"name":"Campanya de l\u2019Ajuntament de Pego per a felicitar el Nadal 2025"}]},{"@type":"Person","@id":"https:\/\/www.pego.org\/noticies\/#\/schema\/person\/4326dac4f13188e6a8a1984f5eb1e0e6","name":"Bernat Ortola","image":{"@type":"ImageObject","inLanguage":"ca","@id":"https:\/\/www.pego.org\/noticies\/#\/schema\/person\/image\/","url":"https:\/\/secure.gravatar.com\/avatar\/75560795a8de75338a850c3d759f927c?s=96&d=mm&r=g","contentUrl":"https:\/\/secure.gravatar.com\/avatar\/75560795a8de75338a850c3d759f927c?s=96&d=mm&r=g","caption":"Bernat Ortola"}}]}},"_links":{"self":[{"href":"https:\/\/www.pego.org\/noticies\/wp-json\/wp\/v2\/posts\/3657"}],"collection":[{"href":"https:\/\/www.pego.org\/noticies\/wp-json\/wp\/v2\/posts"}],"about":[{"href":"https:\/\/www.pego.org\/noticies\/wp-json\/wp\/v2\/types\/post"}],"author":[{"embeddable":true,"href":"https:\/\/www.pego.org\/noticies\/wp-json\/wp\/v2\/users\/2"}],"replies":[{"embeddable":true,"href":"https:\/\/www.pego.org\/noticies\/wp-json\/wp\/v2\/comments?post=3657"}],"version-history":[{"count":1,"href":"https:\/\/www.pego.org\/noticies\/wp-json\/wp\/v2\/posts\/3657\/revisions"}],"predecessor-version":[{"id":3658,"href":"https:\/\/www.pego.org\/noticies\/wp-json\/wp\/v2\/posts\/3657\/revisions\/3658"}],"wp:attachment":[{"href":"https:\/\/www.pego.org\/noticies\/wp-json\/wp\/v2\/media?parent=3657"}],"wp:term":[{"taxonomy":"category","embeddable":true,"href":"https:\/\/www.pego.org\/noticies\/wp-json\/wp\/v2\/categories?post=3657"},{"taxonomy":"post_tag","embeddable":true,"href":"https:\/\/www.pego.org\/noticies\/wp-json\/wp\/v2\/tags?post=3657"}],"curies":[{"name":"wp","href":"https:\/\/api.w.org\/{rel}","templated":true}]}}