{"id":3667,"date":"2025-12-18T11:46:37","date_gmt":"2025-12-18T09:46:37","guid":{"rendered":"https:\/\/www.pego.org\/noticies\/?p=3667"},"modified":"2026-01-13T14:15:04","modified_gmt":"2026-01-13T12:15:04","slug":"sinicien-les-obres-de-millora-al-poligon-industrial-sector-2-amb-una-ajuda-de-livace","status":"publish","type":"post","link":"https:\/\/www.pego.org\/noticies\/2025\/12\/18\/sinicien-les-obres-de-millora-al-poligon-industrial-sector-2-amb-una-ajuda-de-livace\/","title":{"rendered":"S&#8217;inicien les obres de millora al Pol\u00edgon Industrial Sector 2 amb una ajuda de l&#8217;IVACE"},"content":{"rendered":"\n<p>L&#8217;Ajuntament de Pego inicia les obres de millora al pol\u00edgon industrial sector 2. Una actuaci\u00f3 que compta amb una subvenci\u00f3 del programa de suport a inversions productives realitzades per ajuntaments en mat\u00e8ria d&#8217;industrialitzaci\u00f3 finan\u00e7ada per l&#8217;IVACE (Institut Valenci\u00e0 de Competitivitat Empresarial) per un import de 200.000 euros.<\/p>\n\n\n\n<p>Les millores d&#8217;aquesta actuaci\u00f3 consisteixen la instal\u00b7laci\u00f3 complement\u00e0ria de c\u00e0meres al pol\u00edgon industrial a criteri de la Policia Local de Pego, amb la qual es connecten, per a millorar la vigil\u00e0ncia a trav\u00e9s de CCTV; el tancat d&#8217;un tram de recorregut biosaludable de la zona verda del Passeig Favara; la millora d&#8217;un tram del carrer Benig\u00e0nim amb el condicionament i la rehabilitaci\u00f3 del ferm, l&#8217;adequaci\u00f3 del vial de doble sentit amb l&#8217;eixample dels carrils a 3,50 metres i la modificaci\u00f3 de les zones d&#8217;estacionament amb la finalitat de condicionar-les per a l&#8217;aparcament de conjunts de vehicles en configuraci\u00f3 euro modular <em>EMS (<\/em>European Modular System); i el pintat del tram del carrer Benig\u00e0nim, corresponent a la senyalitzaci\u00f3 horitzontal, i la instal\u00b7laci\u00f3 de nous senyals verticals.<\/p>\n\n\n\n<p><\/p>\n\n\n\n<div class=\"wp-block-image\"><figure class=\"aligncenter size-full\"><img loading=\"lazy\" width=\"275\" height=\"183\" src=\"https:\/\/www.pego.org\/noticies\/wp-content\/uploads\/2025\/12\/ivace-2-1671788465.png\" alt=\"\" class=\"wp-image-3668\" srcset=\"https:\/\/www.pego.org\/noticies\/wp-content\/uploads\/2025\/12\/ivace-2-1671788465.png 275w, https:\/\/www.pego.org\/noticies\/wp-content\/uploads\/2025\/12\/ivace-2-1671788465-250x166.png 250w, https:\/\/www.pego.org\/noticies\/wp-content\/uploads\/2025\/12\/ivace-2-1671788465-120x80.png 120w\" sizes=\"(max-width: 275px) 100vw, 275px\" \/><\/figure><\/div>\n","protected":false},"excerpt":{"rendered":"L&#8217;Ajuntament de Pego inicia les obres de millora al pol\u00edgon industrial sector 2. Una actuaci\u00f3 que compta amb una subvenci\u00f3 del programa de suport a inversions productives realitzades per ajuntaments en mat\u00e8ria d&#8217;industrialitzaci\u00f3 finan\u00e7ada per l&#8217;IVACE (Institut Valenci\u00e0 de Competitivitat Empresarial) per un import de 200.000 euros. Les millores d&#8217;aquesta actuaci\u00f3 consisteixen la instal\u00b7laci\u00f3 complement\u00e0ria&#8230; <a class=\"view-article\" href=\"https:\/\/www.pego.org\/noticies\/2025\/12\/18\/sinicien-les-obres-de-millora-al-poligon-industrial-sector-2-amb-una-ajuda-de-livace\/\">Veure Article<\/a>","protected":false},"author":2,"featured_media":0,"comment_status":"closed","ping_status":"open","sticky":false,"template":"","format":"standard","meta":[],"categories":[1],"tags":[],"yoast_head":"<!-- This site is optimized with the Yoast SEO plugin v19.4 - https:\/\/yoast.com\/wordpress\/plugins\/seo\/ -->\n<title>S&#039;inicien les obres de millora al Pol\u00edgon Industrial Sector 2 amb una ajuda de l&#039;IVACE - Ajuntament de Pego<\/title>\n<meta name=\"robots\" content=\"index, follow, max-snippet:-1, max-image-preview:large, max-video-preview:-1\" \/>\n<link rel=\"canonical\" href=\"https:\/\/www.pego.org\/noticies\/2025\/12\/18\/sinicien-les-obres-de-millora-al-poligon-industrial-sector-2-amb-una-ajuda-de-livace\/\" \/>\n<meta property=\"og:locale\" content=\"ca_ES\" \/>\n<meta property=\"og:type\" content=\"article\" \/>\n<meta property=\"og:title\" content=\"S&#039;inicien les obres de millora al Pol\u00edgon Industrial Sector 2 amb una ajuda de l&#039;IVACE - Ajuntament de Pego\" \/>\n<meta property=\"og:description\" content=\"L&#8217;Ajuntament de Pego inicia les obres de millora al pol\u00edgon industrial sector 2. Una actuaci\u00f3 que compta amb una subvenci\u00f3 del programa de suport a inversions productives realitzades per ajuntaments en mat\u00e8ria d&#8217;industrialitzaci\u00f3 finan\u00e7ada per l&#8217;IVACE (Institut Valenci\u00e0 de Competitivitat Empresarial) per un import de 200.000 euros. Les millores d&#8217;aquesta actuaci\u00f3 consisteixen la instal\u00b7laci\u00f3 complement\u00e0ria... Veure Article\" \/>\n<meta property=\"og:url\" content=\"https:\/\/www.pego.org\/noticies\/2025\/12\/18\/sinicien-les-obres-de-millora-al-poligon-industrial-sector-2-amb-una-ajuda-de-livace\/\" \/>\n<meta property=\"og:site_name\" content=\"Ajuntament de Pego\" \/>\n<meta property=\"article:publisher\" content=\"https:\/\/www.facebook.com\/ajuntament.de.pego\/\" \/>\n<meta property=\"article:published_time\" content=\"2025-12-18T09:46:37+00:00\" \/>\n<meta property=\"article:modified_time\" content=\"2026-01-13T12:15:04+00:00\" \/>\n<meta property=\"og:image\" content=\"https:\/\/www.pego.org\/noticies\/wp-content\/uploads\/2025\/12\/ivace-2-1671788465.png\" \/>\n<meta name=\"author\" content=\"Bernat Ortola\" \/>\n<meta name=\"twitter:card\" content=\"summary_large_image\" \/>\n<meta name=\"twitter:creator\" content=\"@ajupego\" \/>\n<meta name=\"twitter:site\" content=\"@ajupego\" \/>\n<meta name=\"twitter:label1\" content=\"Escrit per\" \/>\n\t<meta name=\"twitter:data1\" content=\"Bernat Ortola\" \/>\n\t<meta name=\"twitter:label2\" content=\"Temps estimat de lectura\" \/>\n\t<meta name=\"twitter:data2\" content=\"2 minuts\" \/>\n<script type=\"application\/ld+json\" class=\"yoast-schema-graph\">{\"@context\":\"https:\/\/schema.org\",\"@graph\":[{\"@type\":\"WebSite\",\"@id\":\"https:\/\/www.pego.org\/noticies\/#website\",\"url\":\"https:\/\/www.pego.org\/noticies\/\",\"name\":\"Ajuntament de Pego\",\"description\":\"\",\"potentialAction\":[{\"@type\":\"SearchAction\",\"target\":{\"@type\":\"EntryPoint\",\"urlTemplate\":\"https:\/\/www.pego.org\/noticies\/?s={search_term_string}\"},\"query-input\":\"required name=search_term_string\"}],\"inLanguage\":\"ca\"},{\"@type\":\"WebPage\",\"@id\":\"https:\/\/www.pego.org\/noticies\/2025\/12\/18\/sinicien-les-obres-de-millora-al-poligon-industrial-sector-2-amb-una-ajuda-de-livace\/\",\"url\":\"https:\/\/www.pego.org\/noticies\/2025\/12\/18\/sinicien-les-obres-de-millora-al-poligon-industrial-sector-2-amb-una-ajuda-de-livace\/\",\"name\":\"S'inicien les obres de millora al Pol\u00edgon Industrial Sector 2 amb una ajuda de l'IVACE - Ajuntament de Pego\",\"isPartOf\":{\"@id\":\"https:\/\/www.pego.org\/noticies\/#website\"},\"datePublished\":\"2025-12-18T09:46:37+00:00\",\"dateModified\":\"2026-01-13T12:15:04+00:00\",\"author\":{\"@id\":\"https:\/\/www.pego.org\/noticies\/#\/schema\/person\/4326dac4f13188e6a8a1984f5eb1e0e6\"},\"breadcrumb\":{\"@id\":\"https:\/\/www.pego.org\/noticies\/2025\/12\/18\/sinicien-les-obres-de-millora-al-poligon-industrial-sector-2-amb-una-ajuda-de-livace\/#breadcrumb\"},\"inLanguage\":\"ca\",\"potentialAction\":[{\"@type\":\"ReadAction\",\"target\":[\"https:\/\/www.pego.org\/noticies\/2025\/12\/18\/sinicien-les-obres-de-millora-al-poligon-industrial-sector-2-amb-una-ajuda-de-livace\/\"]}]},{\"@type\":\"BreadcrumbList\",\"@id\":\"https:\/\/www.pego.org\/noticies\/2025\/12\/18\/sinicien-les-obres-de-millora-al-poligon-industrial-sector-2-amb-una-ajuda-de-livace\/#breadcrumb\",\"itemListElement\":[{\"@type\":\"ListItem\",\"position\":1,\"name\":\"Inici\",\"item\":\"https:\/\/www.pego.org\/noticies\/\"},{\"@type\":\"ListItem\",\"position\":2,\"name\":\"S&#8217;inicien les obres de millora al Pol\u00edgon Industrial Sector 2 amb una ajuda de l&#8217;IVACE\"}]},{\"@type\":\"Person\",\"@id\":\"https:\/\/www.pego.org\/noticies\/#\/schema\/person\/4326dac4f13188e6a8a1984f5eb1e0e6\",\"name\":\"Bernat Ortola\",\"image\":{\"@type\":\"ImageObject\",\"inLanguage\":\"ca\",\"@id\":\"https:\/\/www.pego.org\/noticies\/#\/schema\/person\/image\/\",\"url\":\"https:\/\/secure.gravatar.com\/avatar\/75560795a8de75338a850c3d759f927c?s=96&d=mm&r=g\",\"contentUrl\":\"https:\/\/secure.gravatar.com\/avatar\/75560795a8de75338a850c3d759f927c?s=96&d=mm&r=g\",\"caption\":\"Bernat Ortola\"}}]}<\/script>\n<!-- \/ Yoast SEO plugin. -->","yoast_head_json":{"title":"S'inicien les obres de millora al Pol\u00edgon Industrial Sector 2 amb una ajuda de l'IVACE - Ajuntament de Pego","robots":{"index":"index","follow":"follow","max-snippet":"max-snippet:-1","max-image-preview":"max-image-preview:large","max-video-preview":"max-video-preview:-1"},"canonical":"https:\/\/www.pego.org\/noticies\/2025\/12\/18\/sinicien-les-obres-de-millora-al-poligon-industrial-sector-2-amb-una-ajuda-de-livace\/","og_locale":"ca_ES","og_type":"article","og_title":"S'inicien les obres de millora al Pol\u00edgon Industrial Sector 2 amb una ajuda de l'IVACE - Ajuntament de Pego","og_description":"L&#8217;Ajuntament de Pego inicia les obres de millora al pol\u00edgon industrial sector 2. Una actuaci\u00f3 que compta amb una subvenci\u00f3 del programa de suport a inversions productives realitzades per ajuntaments en mat\u00e8ria d&#8217;industrialitzaci\u00f3 finan\u00e7ada per l&#8217;IVACE (Institut Valenci\u00e0 de Competitivitat Empresarial) per un import de 200.000 euros. Les millores d&#8217;aquesta actuaci\u00f3 consisteixen la instal\u00b7laci\u00f3 complement\u00e0ria... Veure Article","og_url":"https:\/\/www.pego.org\/noticies\/2025\/12\/18\/sinicien-les-obres-de-millora-al-poligon-industrial-sector-2-amb-una-ajuda-de-livace\/","og_site_name":"Ajuntament de Pego","article_publisher":"https:\/\/www.facebook.com\/ajuntament.de.pego\/","article_published_time":"2025-12-18T09:46:37+00:00","article_modified_time":"2026-01-13T12:15:04+00:00","og_image":[{"url":"https:\/\/www.pego.org\/noticies\/wp-content\/uploads\/2025\/12\/ivace-2-1671788465.png"}],"author":"Bernat Ortola","twitter_card":"summary_large_image","twitter_creator":"@ajupego","twitter_site":"@ajupego","twitter_misc":{"Escrit per":"Bernat Ortola","Temps estimat de lectura":"2 minuts"},"schema":{"@context":"https:\/\/schema.org","@graph":[{"@type":"WebSite","@id":"https:\/\/www.pego.org\/noticies\/#website","url":"https:\/\/www.pego.org\/noticies\/","name":"Ajuntament de Pego","description":"","potentialAction":[{"@type":"SearchAction","target":{"@type":"EntryPoint","urlTemplate":"https:\/\/www.pego.org\/noticies\/?s={search_term_string}"},"query-input":"required name=search_term_string"}],"inLanguage":"ca"},{"@type":"WebPage","@id":"https:\/\/www.pego.org\/noticies\/2025\/12\/18\/sinicien-les-obres-de-millora-al-poligon-industrial-sector-2-amb-una-ajuda-de-livace\/","url":"https:\/\/www.pego.org\/noticies\/2025\/12\/18\/sinicien-les-obres-de-millora-al-poligon-industrial-sector-2-amb-una-ajuda-de-livace\/","name":"S'inicien les obres de millora al Pol\u00edgon Industrial Sector 2 amb una ajuda de l'IVACE - Ajuntament de Pego","isPartOf":{"@id":"https:\/\/www.pego.org\/noticies\/#website"},"datePublished":"2025-12-18T09:46:37+00:00","dateModified":"2026-01-13T12:15:04+00:00","author":{"@id":"https:\/\/www.pego.org\/noticies\/#\/schema\/person\/4326dac4f13188e6a8a1984f5eb1e0e6"},"breadcrumb":{"@id":"https:\/\/www.pego.org\/noticies\/2025\/12\/18\/sinicien-les-obres-de-millora-al-poligon-industrial-sector-2-amb-una-ajuda-de-livace\/#breadcrumb"},"inLanguage":"ca","potentialAction":[{"@type":"ReadAction","target":["https:\/\/www.pego.org\/noticies\/2025\/12\/18\/sinicien-les-obres-de-millora-al-poligon-industrial-sector-2-amb-una-ajuda-de-livace\/"]}]},{"@type":"BreadcrumbList","@id":"https:\/\/www.pego.org\/noticies\/2025\/12\/18\/sinicien-les-obres-de-millora-al-poligon-industrial-sector-2-amb-una-ajuda-de-livace\/#breadcrumb","itemListElement":[{"@type":"ListItem","position":1,"name":"Inici","item":"https:\/\/www.pego.org\/noticies\/"},{"@type":"ListItem","position":2,"name":"S&#8217;inicien les obres de millora al Pol\u00edgon Industrial Sector 2 amb una ajuda de l&#8217;IVACE"}]},{"@type":"Person","@id":"https:\/\/www.pego.org\/noticies\/#\/schema\/person\/4326dac4f13188e6a8a1984f5eb1e0e6","name":"Bernat Ortola","image":{"@type":"ImageObject","inLanguage":"ca","@id":"https:\/\/www.pego.org\/noticies\/#\/schema\/person\/image\/","url":"https:\/\/secure.gravatar.com\/avatar\/75560795a8de75338a850c3d759f927c?s=96&d=mm&r=g","contentUrl":"https:\/\/secure.gravatar.com\/avatar\/75560795a8de75338a850c3d759f927c?s=96&d=mm&r=g","caption":"Bernat Ortola"}}]}},"_links":{"self":[{"href":"https:\/\/www.pego.org\/noticies\/wp-json\/wp\/v2\/posts\/3667"}],"collection":[{"href":"https:\/\/www.pego.org\/noticies\/wp-json\/wp\/v2\/posts"}],"about":[{"href":"https:\/\/www.pego.org\/noticies\/wp-json\/wp\/v2\/types\/post"}],"author":[{"embeddable":true,"href":"https:\/\/www.pego.org\/noticies\/wp-json\/wp\/v2\/users\/2"}],"replies":[{"embeddable":true,"href":"https:\/\/www.pego.org\/noticies\/wp-json\/wp\/v2\/comments?post=3667"}],"version-history":[{"count":2,"href":"https:\/\/www.pego.org\/noticies\/wp-json\/wp\/v2\/posts\/3667\/revisions"}],"predecessor-version":[{"id":3694,"href":"https:\/\/www.pego.org\/noticies\/wp-json\/wp\/v2\/posts\/3667\/revisions\/3694"}],"wp:attachment":[{"href":"https:\/\/www.pego.org\/noticies\/wp-json\/wp\/v2\/media?parent=3667"}],"wp:term":[{"taxonomy":"category","embeddable":true,"href":"https:\/\/www.pego.org\/noticies\/wp-json\/wp\/v2\/categories?post=3667"},{"taxonomy":"post_tag","embeddable":true,"href":"https:\/\/www.pego.org\/noticies\/wp-json\/wp\/v2\/tags?post=3667"}],"curies":[{"name":"wp","href":"https:\/\/api.w.org\/{rel}","templated":true}]}}