{"id":453,"date":"2021-03-22T15:31:56","date_gmt":"2021-03-22T13:31:56","guid":{"rendered":"http:\/\/www.pego.org\/noticies\/?p=453"},"modified":"2021-03-22T15:31:59","modified_gmt":"2021-03-22T13:31:59","slug":"el-ayuntamiento-de-pego-convoca-las-ayudas-parentesis-del-plan-resistir","status":"publish","type":"post","link":"https:\/\/www.pego.org\/noticies\/2021\/03\/22\/el-ayuntamiento-de-pego-convoca-las-ayudas-parentesis-del-plan-resistir\/","title":{"rendered":"EL AYUNTAMIENTO DE PEGO CONVOCA LAS AYUDAS PAR\u00c9NTESIS DEL PLAN RESISTIR"},"content":{"rendered":"\n<p>El Ayuntamiento de Pego ha aprobado los bases de la convocatoria de los ayudas Par\u00e9ntesis (Pla Resistir) dirigidas a personas aut\u00f3nomas y microempresas locales.<\/p>\n\n\n\n<div class=\"wp-block-image\"><figure class=\"aligncenter size-large\"><img src=\"https:\/\/www.pego.org\/images\/ajudes-parentesi\/banner-castella.jpg\" alt=\"\"\/><\/figure><\/div>\n\n\n\n<p>Las bases de las ayudas est\u00e1n publicadas en la sede electr\u00f3nica y en la web del Ayuntamiento de Pego, se han de solicitar telem\u00e1ticamente a trav\u00e9s del tr\u00e1mite que se habilita para la solicitud de Ayudas Par\u00e9ntesis de la misma sede. El periodo de solicitud es de 15 d\u00edas h\u00e1biles desde el d\u00eda 23 de marzo hasta el 14 de abril de 2021.<\/p>\n\n\n\n<p><br>El plan destinar\u00e1 para el municipio 290.389 \u20ac euros para aut\u00f3nomos y microempresas de los sectores m\u00e1s afectados por la crisis de la COVID-19. El Ayuntamiento aportar\u00e1 un 15% del total, el 62,5% lo aportar\u00e1 la Generalitat Valenciana y se completar\u00e1 con el 22\u20195% con el cual contribuir\u00e1 la Diputaci\u00f3n Provincial.<\/p>\n\n\n\n<p><br>El programa consiste en una ayuda directa de 2.000 euros por cada aut\u00f3nomo o microempresa, que se incrementar\u00e1 en 200 euros por trabajador con un m\u00e1ximo de 10 trabajadores.<br><br>La actividad econ\u00f3mica tiene que ser ejercida por una persona aut\u00f3noma o microempresa con un m\u00e1ximo de 10 personas trabajadoras, que est\u00e9n dados de alta en el r\u00e9gimen de la Seguridad Social y en la Agencia Estatal de Administraci\u00f3n Tributaria a fecha 31 de diciembre de 2020. Tambi\u00e9n tienen que desarrollar la actividad en el municipio y estar dados de alta en alguno de los CNAE establecidos en el Anexo I de la convocatoria: comercio al por menor de productos en lugares de venta y en mercadillos, hoteles y alojamientos tur\u00edsticos, campings y aparcamientos de caravanas, restaurantes y lugares de comer, provisi\u00f3n de comidas preparadas para acontecimientos, y establecimientos de bebidas. Adem\u00e1s, tambi\u00e9n contempla otras actividades como las de exhibici\u00f3n cinematogr\u00e1fica, agencias de viajes, operadores tur\u00edsticos, otros servicios de reservas, organizaci\u00f3n de convenciones y ferias, artes esc\u00e9nicas y actividades auxiliares, gesti\u00f3n de salas de espect\u00e1culos, gesti\u00f3n de instalaciones deportivas, actividades de los clubes deportivos, gimnasios y otras actividades deportivas, actividades de los parques de atracciones, entre otras actividades recreativas y de entretenimiento.<br><br>Se admitir\u00e1n los gastos realizados seg\u00fan las bases desde el 1 de abril de 2020 y el d\u00eda de la presentaci\u00f3n de la solicitud para la obtenci\u00f3n de la ayuda.<\/p>\n\n\n\n<p>Los gastos y su justificaci\u00f3n no podr\u00e1n haber sido presentadas para la obtenci\u00f3n y justifcaci\u00f3n de otras ayudas p\u00fablicas<\/p>\n\n\n\n<p>Para cualquier consulta pueden ponerse en contacto con Creama Pego adl-pego@creama.org, Tel 965571255.<\/p>\n","protected":false},"excerpt":{"rendered":"El Ayuntamiento de Pego ha aprobado los bases de la convocatoria de los ayudas Par\u00e9ntesis (Pla Resistir) dirigidas a personas aut\u00f3nomas y microempresas locales. Las bases de las ayudas est\u00e1n publicadas en la sede electr\u00f3nica y en la web del Ayuntamiento de Pego, se han de solicitar telem\u00e1ticamente a trav\u00e9s del tr\u00e1mite que se habilita&#8230; <a class=\"view-article\" href=\"https:\/\/www.pego.org\/noticies\/2021\/03\/22\/el-ayuntamiento-de-pego-convoca-las-ayudas-parentesis-del-plan-resistir\/\">Veure Article<\/a>","protected":false},"author":1,"featured_media":0,"comment_status":"closed","ping_status":"open","sticky":false,"template":"","format":"standard","meta":[],"categories":[1],"tags":[],"yoast_head":"<!-- This site is optimized with the Yoast SEO plugin v19.4 - https:\/\/yoast.com\/wordpress\/plugins\/seo\/ -->\n<title>EL AYUNTAMIENTO DE PEGO CONVOCA LAS AYUDAS PAR\u00c9NTESIS DEL PLAN RESISTIR - Ajuntament de Pego<\/title>\n<meta name=\"robots\" content=\"index, follow, max-snippet:-1, max-image-preview:large, max-video-preview:-1\" \/>\n<link rel=\"canonical\" href=\"https:\/\/www.pego.org\/noticies\/2021\/03\/22\/el-ayuntamiento-de-pego-convoca-las-ayudas-parentesis-del-plan-resistir\/\" \/>\n<meta property=\"og:locale\" content=\"ca_ES\" \/>\n<meta property=\"og:type\" content=\"article\" \/>\n<meta property=\"og:title\" content=\"EL AYUNTAMIENTO DE PEGO CONVOCA LAS AYUDAS PAR\u00c9NTESIS DEL PLAN RESISTIR - Ajuntament de Pego\" \/>\n<meta property=\"og:description\" content=\"El Ayuntamiento de Pego ha aprobado los bases de la convocatoria de los ayudas Par\u00e9ntesis (Pla Resistir) dirigidas a personas aut\u00f3nomas y microempresas locales. Las bases de las ayudas est\u00e1n publicadas en la sede electr\u00f3nica y en la web del Ayuntamiento de Pego, se han de solicitar telem\u00e1ticamente a trav\u00e9s del tr\u00e1mite que se habilita... Veure Article\" \/>\n<meta property=\"og:url\" content=\"https:\/\/www.pego.org\/noticies\/2021\/03\/22\/el-ayuntamiento-de-pego-convoca-las-ayudas-parentesis-del-plan-resistir\/\" \/>\n<meta property=\"og:site_name\" content=\"Ajuntament de Pego\" \/>\n<meta property=\"article:publisher\" content=\"https:\/\/www.facebook.com\/ajuntament.de.pego\/\" \/>\n<meta property=\"article:published_time\" content=\"2021-03-22T13:31:56+00:00\" \/>\n<meta property=\"article:modified_time\" content=\"2021-03-22T13:31:59+00:00\" \/>\n<meta property=\"og:image\" content=\"https:\/\/www.pego.org\/images\/ajudes-parentesi\/banner-castella.jpg\" \/>\n<meta name=\"author\" content=\"administrador\" \/>\n<meta name=\"twitter:card\" content=\"summary_large_image\" \/>\n<meta name=\"twitter:creator\" content=\"@ajupego\" \/>\n<meta name=\"twitter:site\" content=\"@ajupego\" \/>\n<meta name=\"twitter:label1\" content=\"Escrit per\" \/>\n\t<meta name=\"twitter:data1\" content=\"administrador\" \/>\n\t<meta name=\"twitter:label2\" content=\"Temps estimat de lectura\" \/>\n\t<meta name=\"twitter:data2\" content=\"2 minuts\" \/>\n<script type=\"application\/ld+json\" class=\"yoast-schema-graph\">{\"@context\":\"https:\/\/schema.org\",\"@graph\":[{\"@type\":\"WebSite\",\"@id\":\"https:\/\/www.pego.org\/noticies\/#website\",\"url\":\"https:\/\/www.pego.org\/noticies\/\",\"name\":\"Ajuntament de Pego\",\"description\":\"\",\"potentialAction\":[{\"@type\":\"SearchAction\",\"target\":{\"@type\":\"EntryPoint\",\"urlTemplate\":\"https:\/\/www.pego.org\/noticies\/?s={search_term_string}\"},\"query-input\":\"required name=search_term_string\"}],\"inLanguage\":\"ca\"},{\"@type\":\"WebPage\",\"@id\":\"https:\/\/www.pego.org\/noticies\/2021\/03\/22\/el-ayuntamiento-de-pego-convoca-las-ayudas-parentesis-del-plan-resistir\/\",\"url\":\"https:\/\/www.pego.org\/noticies\/2021\/03\/22\/el-ayuntamiento-de-pego-convoca-las-ayudas-parentesis-del-plan-resistir\/\",\"name\":\"EL AYUNTAMIENTO DE PEGO CONVOCA LAS AYUDAS PAR\u00c9NTESIS DEL PLAN RESISTIR - Ajuntament de Pego\",\"isPartOf\":{\"@id\":\"https:\/\/www.pego.org\/noticies\/#website\"},\"datePublished\":\"2021-03-22T13:31:56+00:00\",\"dateModified\":\"2021-03-22T13:31:59+00:00\",\"author\":{\"@id\":\"https:\/\/www.pego.org\/noticies\/#\/schema\/person\/139879cf5cc0a52fd3893b49e5838301\"},\"breadcrumb\":{\"@id\":\"https:\/\/www.pego.org\/noticies\/2021\/03\/22\/el-ayuntamiento-de-pego-convoca-las-ayudas-parentesis-del-plan-resistir\/#breadcrumb\"},\"inLanguage\":\"ca\",\"potentialAction\":[{\"@type\":\"ReadAction\",\"target\":[\"https:\/\/www.pego.org\/noticies\/2021\/03\/22\/el-ayuntamiento-de-pego-convoca-las-ayudas-parentesis-del-plan-resistir\/\"]}]},{\"@type\":\"BreadcrumbList\",\"@id\":\"https:\/\/www.pego.org\/noticies\/2021\/03\/22\/el-ayuntamiento-de-pego-convoca-las-ayudas-parentesis-del-plan-resistir\/#breadcrumb\",\"itemListElement\":[{\"@type\":\"ListItem\",\"position\":1,\"name\":\"Inici\",\"item\":\"https:\/\/www.pego.org\/noticies\/\"},{\"@type\":\"ListItem\",\"position\":2,\"name\":\"EL AYUNTAMIENTO DE PEGO CONVOCA LAS AYUDAS PAR\u00c9NTESIS DEL PLAN RESISTIR\"}]},{\"@type\":\"Person\",\"@id\":\"https:\/\/www.pego.org\/noticies\/#\/schema\/person\/139879cf5cc0a52fd3893b49e5838301\",\"name\":\"administrador\",\"image\":{\"@type\":\"ImageObject\",\"inLanguage\":\"ca\",\"@id\":\"https:\/\/www.pego.org\/noticies\/#\/schema\/person\/image\/\",\"url\":\"https:\/\/secure.gravatar.com\/avatar\/9a1a131466761d61e35c84b00d32eaaa?s=96&d=mm&r=g\",\"contentUrl\":\"https:\/\/secure.gravatar.com\/avatar\/9a1a131466761d61e35c84b00d32eaaa?s=96&d=mm&r=g\",\"caption\":\"administrador\"}}]}<\/script>\n<!-- \/ Yoast SEO plugin. -->","yoast_head_json":{"title":"EL AYUNTAMIENTO DE PEGO CONVOCA LAS AYUDAS PAR\u00c9NTESIS DEL PLAN RESISTIR - Ajuntament de Pego","robots":{"index":"index","follow":"follow","max-snippet":"max-snippet:-1","max-image-preview":"max-image-preview:large","max-video-preview":"max-video-preview:-1"},"canonical":"https:\/\/www.pego.org\/noticies\/2021\/03\/22\/el-ayuntamiento-de-pego-convoca-las-ayudas-parentesis-del-plan-resistir\/","og_locale":"ca_ES","og_type":"article","og_title":"EL AYUNTAMIENTO DE PEGO CONVOCA LAS AYUDAS PAR\u00c9NTESIS DEL PLAN RESISTIR - Ajuntament de Pego","og_description":"El Ayuntamiento de Pego ha aprobado los bases de la convocatoria de los ayudas Par\u00e9ntesis (Pla Resistir) dirigidas a personas aut\u00f3nomas y microempresas locales. Las bases de las ayudas est\u00e1n publicadas en la sede electr\u00f3nica y en la web del Ayuntamiento de Pego, se han de solicitar telem\u00e1ticamente a trav\u00e9s del tr\u00e1mite que se habilita... Veure Article","og_url":"https:\/\/www.pego.org\/noticies\/2021\/03\/22\/el-ayuntamiento-de-pego-convoca-las-ayudas-parentesis-del-plan-resistir\/","og_site_name":"Ajuntament de Pego","article_publisher":"https:\/\/www.facebook.com\/ajuntament.de.pego\/","article_published_time":"2021-03-22T13:31:56+00:00","article_modified_time":"2021-03-22T13:31:59+00:00","og_image":[{"url":"https:\/\/www.pego.org\/images\/ajudes-parentesi\/banner-castella.jpg"}],"author":"administrador","twitter_card":"summary_large_image","twitter_creator":"@ajupego","twitter_site":"@ajupego","twitter_misc":{"Escrit per":"administrador","Temps estimat de lectura":"2 minuts"},"schema":{"@context":"https:\/\/schema.org","@graph":[{"@type":"WebSite","@id":"https:\/\/www.pego.org\/noticies\/#website","url":"https:\/\/www.pego.org\/noticies\/","name":"Ajuntament de Pego","description":"","potentialAction":[{"@type":"SearchAction","target":{"@type":"EntryPoint","urlTemplate":"https:\/\/www.pego.org\/noticies\/?s={search_term_string}"},"query-input":"required name=search_term_string"}],"inLanguage":"ca"},{"@type":"WebPage","@id":"https:\/\/www.pego.org\/noticies\/2021\/03\/22\/el-ayuntamiento-de-pego-convoca-las-ayudas-parentesis-del-plan-resistir\/","url":"https:\/\/www.pego.org\/noticies\/2021\/03\/22\/el-ayuntamiento-de-pego-convoca-las-ayudas-parentesis-del-plan-resistir\/","name":"EL AYUNTAMIENTO DE PEGO CONVOCA LAS AYUDAS PAR\u00c9NTESIS DEL PLAN RESISTIR - Ajuntament de Pego","isPartOf":{"@id":"https:\/\/www.pego.org\/noticies\/#website"},"datePublished":"2021-03-22T13:31:56+00:00","dateModified":"2021-03-22T13:31:59+00:00","author":{"@id":"https:\/\/www.pego.org\/noticies\/#\/schema\/person\/139879cf5cc0a52fd3893b49e5838301"},"breadcrumb":{"@id":"https:\/\/www.pego.org\/noticies\/2021\/03\/22\/el-ayuntamiento-de-pego-convoca-las-ayudas-parentesis-del-plan-resistir\/#breadcrumb"},"inLanguage":"ca","potentialAction":[{"@type":"ReadAction","target":["https:\/\/www.pego.org\/noticies\/2021\/03\/22\/el-ayuntamiento-de-pego-convoca-las-ayudas-parentesis-del-plan-resistir\/"]}]},{"@type":"BreadcrumbList","@id":"https:\/\/www.pego.org\/noticies\/2021\/03\/22\/el-ayuntamiento-de-pego-convoca-las-ayudas-parentesis-del-plan-resistir\/#breadcrumb","itemListElement":[{"@type":"ListItem","position":1,"name":"Inici","item":"https:\/\/www.pego.org\/noticies\/"},{"@type":"ListItem","position":2,"name":"EL AYUNTAMIENTO DE PEGO CONVOCA LAS AYUDAS PAR\u00c9NTESIS DEL PLAN RESISTIR"}]},{"@type":"Person","@id":"https:\/\/www.pego.org\/noticies\/#\/schema\/person\/139879cf5cc0a52fd3893b49e5838301","name":"administrador","image":{"@type":"ImageObject","inLanguage":"ca","@id":"https:\/\/www.pego.org\/noticies\/#\/schema\/person\/image\/","url":"https:\/\/secure.gravatar.com\/avatar\/9a1a131466761d61e35c84b00d32eaaa?s=96&d=mm&r=g","contentUrl":"https:\/\/secure.gravatar.com\/avatar\/9a1a131466761d61e35c84b00d32eaaa?s=96&d=mm&r=g","caption":"administrador"}}]}},"_links":{"self":[{"href":"https:\/\/www.pego.org\/noticies\/wp-json\/wp\/v2\/posts\/453"}],"collection":[{"href":"https:\/\/www.pego.org\/noticies\/wp-json\/wp\/v2\/posts"}],"about":[{"href":"https:\/\/www.pego.org\/noticies\/wp-json\/wp\/v2\/types\/post"}],"author":[{"embeddable":true,"href":"https:\/\/www.pego.org\/noticies\/wp-json\/wp\/v2\/users\/1"}],"replies":[{"embeddable":true,"href":"https:\/\/www.pego.org\/noticies\/wp-json\/wp\/v2\/comments?post=453"}],"version-history":[{"count":1,"href":"https:\/\/www.pego.org\/noticies\/wp-json\/wp\/v2\/posts\/453\/revisions"}],"predecessor-version":[{"id":454,"href":"https:\/\/www.pego.org\/noticies\/wp-json\/wp\/v2\/posts\/453\/revisions\/454"}],"wp:attachment":[{"href":"https:\/\/www.pego.org\/noticies\/wp-json\/wp\/v2\/media?parent=453"}],"wp:term":[{"taxonomy":"category","embeddable":true,"href":"https:\/\/www.pego.org\/noticies\/wp-json\/wp\/v2\/categories?post=453"},{"taxonomy":"post_tag","embeddable":true,"href":"https:\/\/www.pego.org\/noticies\/wp-json\/wp\/v2\/tags?post=453"}],"curies":[{"name":"wp","href":"https:\/\/api.w.org\/{rel}","templated":true}]}}