{"id":610,"date":"2021-07-23T12:29:59","date_gmt":"2021-07-23T10:29:59","guid":{"rendered":"https:\/\/www.pego.org\/noticies\/?p=610"},"modified":"2021-07-23T12:30:03","modified_gmt":"2021-07-23T10:30:03","slug":"la-conselleria-aprova-el-pla-local-de-prevencio-dincendis-de-pego","status":"publish","type":"post","link":"https:\/\/www.pego.org\/noticies\/2021\/07\/23\/la-conselleria-aprova-el-pla-local-de-prevencio-dincendis-de-pego\/","title":{"rendered":"La conselleria aprova el Pla local de prevenci\u00f3 d&#8217;incendis de Pego"},"content":{"rendered":"\n<p>La Conselleria d\u2019Agricultura, Desenvolupament Rural, Emerg\u00e8ncia Clim\u00e0tica i Transici\u00f3 Ecol\u00f2gica ha donat el vistiplau al Pla local de prevenci\u00f3 d&#8217;incendis de Pego, que va ser aprovat pel plenari de la corporaci\u00f3 el passat 18 de maig.<\/p>\n\n\n\n<p>El Pla local de prevenci\u00f3 d\u2019incendis forestals persegueix tres objectius principals per al territori del terme de Pego: la reducci\u00f3 de l\u2019impacte dels incendis forestals sobre la poblaci\u00f3, l\u2019augment de la seguretat dels bombers durant les tasques d\u2019extinci\u00f3 i aconseguir unes superf\u00edcies cremades ecol\u00f2gicament acceptables.<\/p>\n\n\n\n<p>Al respecte, la regidora de Medi Ambient, Laura Castell\u00e0, ha explicat que \u201c<em>per fi disposem d&#8217;un pla propi que ens ajudar\u00e0 a gestionar millor q\u00fcestiones molt importants relacionades amb els incendis<\/em>\u201d. A m\u00e9s, Castell\u00e0, ha assenyalat que \u201c<em>esta tramitaci\u00f3 ve de la legislatura anterior i ha sigut molt farragosa<\/em>\u201d.<\/p>\n\n\n\n<p>El Pla t\u00e9 una vig\u00e8ncia de quinze anys amb revisions parcials cada cinc anys. En finalitzar el periode de vig\u00e8ncia estipulat es realitzar\u00e0 una revisi\u00f3 total del pla de prevenci\u00f3.<\/p>\n\n\n\n<p>En aquest sentit, Pego haur\u00e0 de remetre un informe anual sobre l&#8217;estat de desenvolupament del pla local de prevenci\u00f3 d&#8217;incendis forestals a la direcci\u00f3 general competent, en el qual es reflectiran les mesures desenvolupades, el cost i les possibles incid\u00e8ncies, les estad\u00edstiques de cremes agr\u00edcoles o una altra informaci\u00f3 que es considere d\u2019inter\u00e9s.<\/p>\n\n\n\n<p>L\u2019abast d\u2019aquesta resoluci\u00f3 no afecta el pla local de cremes, l\u2019aprovaci\u00f3 del qual correspon a la direcci\u00f3 territorial de la Conselleria d\u2019Agricultura, Desenvolupament Rural, Emerg\u00e8ncia Clim\u00e0tica i Transici\u00f3 Ecol\u00f2gica de la prov\u00edncia d&#8217;Alacant.<\/p>\n","protected":false},"excerpt":{"rendered":"La Conselleria d\u2019Agricultura, Desenvolupament Rural, Emerg\u00e8ncia Clim\u00e0tica i Transici\u00f3 Ecol\u00f2gica ha donat el vistiplau al Pla local de prevenci\u00f3 d&#8217;incendis de Pego, que va ser aprovat pel plenari de la corporaci\u00f3 el passat 18 de maig. El Pla local de prevenci\u00f3 d\u2019incendis forestals persegueix tres objectius principals per al territori del terme de Pego: la&#8230; <a class=\"view-article\" href=\"https:\/\/www.pego.org\/noticies\/2021\/07\/23\/la-conselleria-aprova-el-pla-local-de-prevencio-dincendis-de-pego\/\">Veure Article<\/a>","protected":false},"author":2,"featured_media":611,"comment_status":"closed","ping_status":"open","sticky":false,"template":"","format":"standard","meta":[],"categories":[1],"tags":[],"yoast_head":"<!-- This site is optimized with the Yoast SEO plugin v19.4 - https:\/\/yoast.com\/wordpress\/plugins\/seo\/ -->\n<title>La conselleria aprova el Pla local de prevenci\u00f3 d&#039;incendis de Pego - Ajuntament de Pego<\/title>\n<meta name=\"robots\" content=\"index, follow, max-snippet:-1, max-image-preview:large, max-video-preview:-1\" \/>\n<link rel=\"canonical\" href=\"https:\/\/www.pego.org\/noticies\/2021\/07\/23\/la-conselleria-aprova-el-pla-local-de-prevencio-dincendis-de-pego\/\" \/>\n<meta property=\"og:locale\" content=\"ca_ES\" \/>\n<meta property=\"og:type\" content=\"article\" \/>\n<meta property=\"og:title\" content=\"La conselleria aprova el Pla local de prevenci\u00f3 d&#039;incendis de Pego - Ajuntament de Pego\" \/>\n<meta property=\"og:description\" content=\"La Conselleria d\u2019Agricultura, Desenvolupament Rural, Emerg\u00e8ncia Clim\u00e0tica i Transici\u00f3 Ecol\u00f2gica ha donat el vistiplau al Pla local de prevenci\u00f3 d&#8217;incendis de Pego, que va ser aprovat pel plenari de la corporaci\u00f3 el passat 18 de maig. El Pla local de prevenci\u00f3 d\u2019incendis forestals persegueix tres objectius principals per al territori del terme de Pego: la... Veure Article\" \/>\n<meta property=\"og:url\" content=\"https:\/\/www.pego.org\/noticies\/2021\/07\/23\/la-conselleria-aprova-el-pla-local-de-prevencio-dincendis-de-pego\/\" \/>\n<meta property=\"og:site_name\" content=\"Ajuntament de Pego\" \/>\n<meta property=\"article:publisher\" content=\"https:\/\/www.facebook.com\/ajuntament.de.pego\/\" \/>\n<meta property=\"article:published_time\" content=\"2021-07-23T10:29:59+00:00\" \/>\n<meta property=\"article:modified_time\" content=\"2021-07-23T10:30:03+00:00\" \/>\n<meta property=\"og:image\" content=\"https:\/\/www.pego.org\/noticies\/wp-content\/uploads\/2021\/07\/incendi-pego.jpeg\" \/>\n\t<meta property=\"og:image:width\" content=\"1280\" \/>\n\t<meta property=\"og:image:height\" content=\"720\" \/>\n\t<meta property=\"og:image:type\" content=\"image\/jpeg\" \/>\n<meta name=\"author\" content=\"Bernat Ortola\" \/>\n<meta name=\"twitter:card\" content=\"summary_large_image\" \/>\n<meta name=\"twitter:creator\" content=\"@ajupego\" \/>\n<meta name=\"twitter:site\" content=\"@ajupego\" \/>\n<meta name=\"twitter:label1\" content=\"Escrit per\" \/>\n\t<meta name=\"twitter:data1\" content=\"Bernat Ortola\" \/>\n\t<meta name=\"twitter:label2\" content=\"Temps estimat de lectura\" \/>\n\t<meta name=\"twitter:data2\" content=\"2 minuts\" \/>\n<script type=\"application\/ld+json\" class=\"yoast-schema-graph\">{\"@context\":\"https:\/\/schema.org\",\"@graph\":[{\"@type\":\"WebSite\",\"@id\":\"http:\/\/www.pego.org\/noticies\/#website\",\"url\":\"http:\/\/www.pego.org\/noticies\/\",\"name\":\"Ajuntament de Pego\",\"description\":\"\",\"potentialAction\":[{\"@type\":\"SearchAction\",\"target\":{\"@type\":\"EntryPoint\",\"urlTemplate\":\"http:\/\/www.pego.org\/noticies\/?s={search_term_string}\"},\"query-input\":\"required name=search_term_string\"}],\"inLanguage\":\"ca\"},{\"@type\":\"WebPage\",\"@id\":\"https:\/\/www.pego.org\/noticies\/2021\/07\/23\/la-conselleria-aprova-el-pla-local-de-prevencio-dincendis-de-pego\/\",\"url\":\"https:\/\/www.pego.org\/noticies\/2021\/07\/23\/la-conselleria-aprova-el-pla-local-de-prevencio-dincendis-de-pego\/\",\"name\":\"La conselleria aprova el Pla local de prevenci\u00f3 d'incendis de Pego - Ajuntament de Pego\",\"isPartOf\":{\"@id\":\"http:\/\/www.pego.org\/noticies\/#website\"},\"datePublished\":\"2021-07-23T10:29:59+00:00\",\"dateModified\":\"2021-07-23T10:30:03+00:00\",\"author\":{\"@id\":\"http:\/\/www.pego.org\/noticies\/#\/schema\/person\/4326dac4f13188e6a8a1984f5eb1e0e6\"},\"breadcrumb\":{\"@id\":\"https:\/\/www.pego.org\/noticies\/2021\/07\/23\/la-conselleria-aprova-el-pla-local-de-prevencio-dincendis-de-pego\/#breadcrumb\"},\"inLanguage\":\"ca\",\"potentialAction\":[{\"@type\":\"ReadAction\",\"target\":[\"https:\/\/www.pego.org\/noticies\/2021\/07\/23\/la-conselleria-aprova-el-pla-local-de-prevencio-dincendis-de-pego\/\"]}]},{\"@type\":\"BreadcrumbList\",\"@id\":\"https:\/\/www.pego.org\/noticies\/2021\/07\/23\/la-conselleria-aprova-el-pla-local-de-prevencio-dincendis-de-pego\/#breadcrumb\",\"itemListElement\":[{\"@type\":\"ListItem\",\"position\":1,\"name\":\"Inici\",\"item\":\"http:\/\/www.pego.org\/noticies\/\"},{\"@type\":\"ListItem\",\"position\":2,\"name\":\"La conselleria aprova el Pla local de prevenci\u00f3 d&#8217;incendis de Pego\"}]},{\"@type\":\"Person\",\"@id\":\"http:\/\/www.pego.org\/noticies\/#\/schema\/person\/4326dac4f13188e6a8a1984f5eb1e0e6\",\"name\":\"Bernat Ortola\",\"image\":{\"@type\":\"ImageObject\",\"inLanguage\":\"ca\",\"@id\":\"http:\/\/www.pego.org\/noticies\/#\/schema\/person\/image\/\",\"url\":\"https:\/\/secure.gravatar.com\/avatar\/75560795a8de75338a850c3d759f927c?s=96&d=mm&r=g\",\"contentUrl\":\"https:\/\/secure.gravatar.com\/avatar\/75560795a8de75338a850c3d759f927c?s=96&d=mm&r=g\",\"caption\":\"Bernat Ortola\"}}]}<\/script>\n<!-- \/ Yoast SEO plugin. -->","yoast_head_json":{"title":"La conselleria aprova el Pla local de prevenci\u00f3 d'incendis de Pego - Ajuntament de Pego","robots":{"index":"index","follow":"follow","max-snippet":"max-snippet:-1","max-image-preview":"max-image-preview:large","max-video-preview":"max-video-preview:-1"},"canonical":"https:\/\/www.pego.org\/noticies\/2021\/07\/23\/la-conselleria-aprova-el-pla-local-de-prevencio-dincendis-de-pego\/","og_locale":"ca_ES","og_type":"article","og_title":"La conselleria aprova el Pla local de prevenci\u00f3 d'incendis de Pego - Ajuntament de Pego","og_description":"La Conselleria d\u2019Agricultura, Desenvolupament Rural, Emerg\u00e8ncia Clim\u00e0tica i Transici\u00f3 Ecol\u00f2gica ha donat el vistiplau al Pla local de prevenci\u00f3 d&#8217;incendis de Pego, que va ser aprovat pel plenari de la corporaci\u00f3 el passat 18 de maig. El Pla local de prevenci\u00f3 d\u2019incendis forestals persegueix tres objectius principals per al territori del terme de Pego: la... Veure Article","og_url":"https:\/\/www.pego.org\/noticies\/2021\/07\/23\/la-conselleria-aprova-el-pla-local-de-prevencio-dincendis-de-pego\/","og_site_name":"Ajuntament de Pego","article_publisher":"https:\/\/www.facebook.com\/ajuntament.de.pego\/","article_published_time":"2021-07-23T10:29:59+00:00","article_modified_time":"2021-07-23T10:30:03+00:00","og_image":[{"width":1280,"height":720,"url":"https:\/\/www.pego.org\/noticies\/wp-content\/uploads\/2021\/07\/incendi-pego.jpeg","type":"image\/jpeg"}],"author":"Bernat Ortola","twitter_card":"summary_large_image","twitter_creator":"@ajupego","twitter_site":"@ajupego","twitter_misc":{"Escrit per":"Bernat Ortola","Temps estimat de lectura":"2 minuts"},"schema":{"@context":"https:\/\/schema.org","@graph":[{"@type":"WebSite","@id":"http:\/\/www.pego.org\/noticies\/#website","url":"http:\/\/www.pego.org\/noticies\/","name":"Ajuntament de Pego","description":"","potentialAction":[{"@type":"SearchAction","target":{"@type":"EntryPoint","urlTemplate":"http:\/\/www.pego.org\/noticies\/?s={search_term_string}"},"query-input":"required name=search_term_string"}],"inLanguage":"ca"},{"@type":"WebPage","@id":"https:\/\/www.pego.org\/noticies\/2021\/07\/23\/la-conselleria-aprova-el-pla-local-de-prevencio-dincendis-de-pego\/","url":"https:\/\/www.pego.org\/noticies\/2021\/07\/23\/la-conselleria-aprova-el-pla-local-de-prevencio-dincendis-de-pego\/","name":"La conselleria aprova el Pla local de prevenci\u00f3 d'incendis de Pego - Ajuntament de Pego","isPartOf":{"@id":"http:\/\/www.pego.org\/noticies\/#website"},"datePublished":"2021-07-23T10:29:59+00:00","dateModified":"2021-07-23T10:30:03+00:00","author":{"@id":"http:\/\/www.pego.org\/noticies\/#\/schema\/person\/4326dac4f13188e6a8a1984f5eb1e0e6"},"breadcrumb":{"@id":"https:\/\/www.pego.org\/noticies\/2021\/07\/23\/la-conselleria-aprova-el-pla-local-de-prevencio-dincendis-de-pego\/#breadcrumb"},"inLanguage":"ca","potentialAction":[{"@type":"ReadAction","target":["https:\/\/www.pego.org\/noticies\/2021\/07\/23\/la-conselleria-aprova-el-pla-local-de-prevencio-dincendis-de-pego\/"]}]},{"@type":"BreadcrumbList","@id":"https:\/\/www.pego.org\/noticies\/2021\/07\/23\/la-conselleria-aprova-el-pla-local-de-prevencio-dincendis-de-pego\/#breadcrumb","itemListElement":[{"@type":"ListItem","position":1,"name":"Inici","item":"http:\/\/www.pego.org\/noticies\/"},{"@type":"ListItem","position":2,"name":"La conselleria aprova el Pla local de prevenci\u00f3 d&#8217;incendis de Pego"}]},{"@type":"Person","@id":"http:\/\/www.pego.org\/noticies\/#\/schema\/person\/4326dac4f13188e6a8a1984f5eb1e0e6","name":"Bernat Ortola","image":{"@type":"ImageObject","inLanguage":"ca","@id":"http:\/\/www.pego.org\/noticies\/#\/schema\/person\/image\/","url":"https:\/\/secure.gravatar.com\/avatar\/75560795a8de75338a850c3d759f927c?s=96&d=mm&r=g","contentUrl":"https:\/\/secure.gravatar.com\/avatar\/75560795a8de75338a850c3d759f927c?s=96&d=mm&r=g","caption":"Bernat Ortola"}}]}},"_links":{"self":[{"href":"https:\/\/www.pego.org\/noticies\/wp-json\/wp\/v2\/posts\/610"}],"collection":[{"href":"https:\/\/www.pego.org\/noticies\/wp-json\/wp\/v2\/posts"}],"about":[{"href":"https:\/\/www.pego.org\/noticies\/wp-json\/wp\/v2\/types\/post"}],"author":[{"embeddable":true,"href":"https:\/\/www.pego.org\/noticies\/wp-json\/wp\/v2\/users\/2"}],"replies":[{"embeddable":true,"href":"https:\/\/www.pego.org\/noticies\/wp-json\/wp\/v2\/comments?post=610"}],"version-history":[{"count":1,"href":"https:\/\/www.pego.org\/noticies\/wp-json\/wp\/v2\/posts\/610\/revisions"}],"predecessor-version":[{"id":612,"href":"https:\/\/www.pego.org\/noticies\/wp-json\/wp\/v2\/posts\/610\/revisions\/612"}],"wp:featuredmedia":[{"embeddable":true,"href":"https:\/\/www.pego.org\/noticies\/wp-json\/wp\/v2\/media\/611"}],"wp:attachment":[{"href":"https:\/\/www.pego.org\/noticies\/wp-json\/wp\/v2\/media?parent=610"}],"wp:term":[{"taxonomy":"category","embeddable":true,"href":"https:\/\/www.pego.org\/noticies\/wp-json\/wp\/v2\/categories?post=610"},{"taxonomy":"post_tag","embeddable":true,"href":"https:\/\/www.pego.org\/noticies\/wp-json\/wp\/v2\/tags?post=610"}],"curies":[{"name":"wp","href":"https:\/\/api.w.org\/{rel}","templated":true}]}}