{"id":619,"date":"2021-07-29T09:13:10","date_gmt":"2021-07-29T07:13:10","guid":{"rendered":"https:\/\/www.pego.org\/noticies\/?p=619"},"modified":"2021-07-29T09:13:13","modified_gmt":"2021-07-29T07:13:13","slug":"anunci-convocatories-borses-de-treball-de-mestres-i-tecnics-en-educacio-infantil","status":"publish","type":"post","link":"https:\/\/www.pego.org\/noticies\/2021\/07\/29\/anunci-convocatories-borses-de-treball-de-mestres-i-tecnics-en-educacio-infantil\/","title":{"rendered":"Anunci convocat\u00f2ries borses de treball de mestres i t\u00e8cnics en educaci\u00f3 infantil."},"content":{"rendered":"\n<p>De conformitat amb les Resolucions de l&#8217;Alcaldia-Presid\u00e8ncia sobre aprovaci\u00f3 de les bases de la selecci\u00f3 d&#8217;una borsa de treball de Mestres\/es en educaci\u00f3 infantil i T\u00e8cnics\/es en educaci\u00f3 infantil, es disposa la convocat\u00f2ria de l&#8217;esmentada selecci\u00f3 d&#8217;acord amb les bases adjuntes<\/p>\n\n\n\n<ul><li><a href=\"https:\/\/www.pego.org\/noticies\/wp-content\/uploads\/2021\/07\/20210728_20210728_Publicacio_ANUNCIO-CONVOCATORIA-BOLSA-MAESTROS_AS-EDUCACION-INFANTIL-1.pdf\">Bases Mestres en educaci\u00f3 infantil.<\/a><\/li><li><a href=\"https:\/\/www.pego.org\/noticies\/wp-content\/uploads\/2021\/07\/20210728_20210728_Publicacio_ANUNCIO-CONVOCATORIA-BOLSA-TECNICOS_AS-EDUCACION-INFANTIL.pdf\">Bases T\u00e8cnics en educaci\u00f3 infantil.<\/a><\/li><li><a href=\"https:\/\/www.pego.org\/noticies\/wp-content\/uploads\/2021\/07\/20210728_SOL.LICITUD-PARTICIPACIO-SELECCIONS.doc\">Sol\u00b7licitud participaci\u00f3 proves selectives.<\/a><\/li><\/ul>\n\n\n\n<p><\/p>\n","protected":false},"excerpt":{"rendered":"De conformitat amb les Resolucions de l&#8217;Alcaldia-Presid\u00e8ncia sobre aprovaci\u00f3 de les bases de la selecci\u00f3 d&#8217;una borsa de treball de Mestres\/es en educaci\u00f3 infantil i T\u00e8cnics\/es en educaci\u00f3 infantil, es disposa la convocat\u00f2ria de l&#8217;esmentada selecci\u00f3 d&#8217;acord amb les bases adjuntes Bases Mestres en educaci\u00f3 infantil. Bases T\u00e8cnics en educaci\u00f3 infantil. Sol\u00b7licitud participaci\u00f3 proves selectives.","protected":false},"author":1,"featured_media":0,"comment_status":"closed","ping_status":"open","sticky":false,"template":"","format":"standard","meta":[],"categories":[1],"tags":[],"yoast_head":"<!-- This site is optimized with the Yoast SEO plugin v19.4 - https:\/\/yoast.com\/wordpress\/plugins\/seo\/ -->\n<title>Anunci convocat\u00f2ries borses de treball de mestres i t\u00e8cnics en educaci\u00f3 infantil. - Ajuntament de Pego<\/title>\n<meta name=\"robots\" content=\"index, follow, max-snippet:-1, max-image-preview:large, max-video-preview:-1\" \/>\n<link rel=\"canonical\" href=\"https:\/\/www.pego.org\/noticies\/2021\/07\/29\/anunci-convocatories-borses-de-treball-de-mestres-i-tecnics-en-educacio-infantil\/\" \/>\n<meta property=\"og:locale\" content=\"ca_ES\" \/>\n<meta property=\"og:type\" content=\"article\" \/>\n<meta property=\"og:title\" content=\"Anunci convocat\u00f2ries borses de treball de mestres i t\u00e8cnics en educaci\u00f3 infantil. - Ajuntament de Pego\" \/>\n<meta property=\"og:description\" content=\"De conformitat amb les Resolucions de l&#8217;Alcaldia-Presid\u00e8ncia sobre aprovaci\u00f3 de les bases de la selecci\u00f3 d&#8217;una borsa de treball de Mestres\/es en educaci\u00f3 infantil i T\u00e8cnics\/es en educaci\u00f3 infantil, es disposa la convocat\u00f2ria de l&#8217;esmentada selecci\u00f3 d&#8217;acord amb les bases adjuntes Bases Mestres en educaci\u00f3 infantil. Bases T\u00e8cnics en educaci\u00f3 infantil. Sol\u00b7licitud participaci\u00f3 proves selectives.\" \/>\n<meta property=\"og:url\" content=\"https:\/\/www.pego.org\/noticies\/2021\/07\/29\/anunci-convocatories-borses-de-treball-de-mestres-i-tecnics-en-educacio-infantil\/\" \/>\n<meta property=\"og:site_name\" content=\"Ajuntament de Pego\" \/>\n<meta property=\"article:publisher\" content=\"https:\/\/www.facebook.com\/ajuntament.de.pego\/\" \/>\n<meta property=\"article:published_time\" content=\"2021-07-29T07:13:10+00:00\" \/>\n<meta property=\"article:modified_time\" content=\"2021-07-29T07:13:13+00:00\" \/>\n<meta name=\"author\" content=\"administrador\" \/>\n<meta name=\"twitter:card\" content=\"summary_large_image\" \/>\n<meta name=\"twitter:creator\" content=\"@ajupego\" \/>\n<meta name=\"twitter:site\" content=\"@ajupego\" \/>\n<meta name=\"twitter:label1\" content=\"Escrit per\" \/>\n\t<meta name=\"twitter:data1\" content=\"administrador\" \/>\n\t<meta name=\"twitter:label2\" content=\"Temps estimat de lectura\" \/>\n\t<meta name=\"twitter:data2\" content=\"1 minut\" \/>\n<script type=\"application\/ld+json\" class=\"yoast-schema-graph\">{\"@context\":\"https:\/\/schema.org\",\"@graph\":[{\"@type\":\"WebSite\",\"@id\":\"http:\/\/www.pego.org\/noticies\/#website\",\"url\":\"http:\/\/www.pego.org\/noticies\/\",\"name\":\"Ajuntament de Pego\",\"description\":\"\",\"potentialAction\":[{\"@type\":\"SearchAction\",\"target\":{\"@type\":\"EntryPoint\",\"urlTemplate\":\"http:\/\/www.pego.org\/noticies\/?s={search_term_string}\"},\"query-input\":\"required name=search_term_string\"}],\"inLanguage\":\"ca\"},{\"@type\":\"WebPage\",\"@id\":\"https:\/\/www.pego.org\/noticies\/2021\/07\/29\/anunci-convocatories-borses-de-treball-de-mestres-i-tecnics-en-educacio-infantil\/\",\"url\":\"https:\/\/www.pego.org\/noticies\/2021\/07\/29\/anunci-convocatories-borses-de-treball-de-mestres-i-tecnics-en-educacio-infantil\/\",\"name\":\"Anunci convocat\u00f2ries borses de treball de mestres i t\u00e8cnics en educaci\u00f3 infantil. - Ajuntament de Pego\",\"isPartOf\":{\"@id\":\"http:\/\/www.pego.org\/noticies\/#website\"},\"datePublished\":\"2021-07-29T07:13:10+00:00\",\"dateModified\":\"2021-07-29T07:13:13+00:00\",\"author\":{\"@id\":\"http:\/\/www.pego.org\/noticies\/#\/schema\/person\/139879cf5cc0a52fd3893b49e5838301\"},\"breadcrumb\":{\"@id\":\"https:\/\/www.pego.org\/noticies\/2021\/07\/29\/anunci-convocatories-borses-de-treball-de-mestres-i-tecnics-en-educacio-infantil\/#breadcrumb\"},\"inLanguage\":\"ca\",\"potentialAction\":[{\"@type\":\"ReadAction\",\"target\":[\"https:\/\/www.pego.org\/noticies\/2021\/07\/29\/anunci-convocatories-borses-de-treball-de-mestres-i-tecnics-en-educacio-infantil\/\"]}]},{\"@type\":\"BreadcrumbList\",\"@id\":\"https:\/\/www.pego.org\/noticies\/2021\/07\/29\/anunci-convocatories-borses-de-treball-de-mestres-i-tecnics-en-educacio-infantil\/#breadcrumb\",\"itemListElement\":[{\"@type\":\"ListItem\",\"position\":1,\"name\":\"Inici\",\"item\":\"http:\/\/www.pego.org\/noticies\/\"},{\"@type\":\"ListItem\",\"position\":2,\"name\":\"Anunci convocat\u00f2ries borses de treball de mestres i t\u00e8cnics en educaci\u00f3 infantil.\"}]},{\"@type\":\"Person\",\"@id\":\"http:\/\/www.pego.org\/noticies\/#\/schema\/person\/139879cf5cc0a52fd3893b49e5838301\",\"name\":\"administrador\",\"image\":{\"@type\":\"ImageObject\",\"inLanguage\":\"ca\",\"@id\":\"http:\/\/www.pego.org\/noticies\/#\/schema\/person\/image\/\",\"url\":\"https:\/\/secure.gravatar.com\/avatar\/9a1a131466761d61e35c84b00d32eaaa?s=96&d=mm&r=g\",\"contentUrl\":\"https:\/\/secure.gravatar.com\/avatar\/9a1a131466761d61e35c84b00d32eaaa?s=96&d=mm&r=g\",\"caption\":\"administrador\"}}]}<\/script>\n<!-- \/ Yoast SEO plugin. -->","yoast_head_json":{"title":"Anunci convocat\u00f2ries borses de treball de mestres i t\u00e8cnics en educaci\u00f3 infantil. - Ajuntament de Pego","robots":{"index":"index","follow":"follow","max-snippet":"max-snippet:-1","max-image-preview":"max-image-preview:large","max-video-preview":"max-video-preview:-1"},"canonical":"https:\/\/www.pego.org\/noticies\/2021\/07\/29\/anunci-convocatories-borses-de-treball-de-mestres-i-tecnics-en-educacio-infantil\/","og_locale":"ca_ES","og_type":"article","og_title":"Anunci convocat\u00f2ries borses de treball de mestres i t\u00e8cnics en educaci\u00f3 infantil. - Ajuntament de Pego","og_description":"De conformitat amb les Resolucions de l&#8217;Alcaldia-Presid\u00e8ncia sobre aprovaci\u00f3 de les bases de la selecci\u00f3 d&#8217;una borsa de treball de Mestres\/es en educaci\u00f3 infantil i T\u00e8cnics\/es en educaci\u00f3 infantil, es disposa la convocat\u00f2ria de l&#8217;esmentada selecci\u00f3 d&#8217;acord amb les bases adjuntes Bases Mestres en educaci\u00f3 infantil. Bases T\u00e8cnics en educaci\u00f3 infantil. Sol\u00b7licitud participaci\u00f3 proves selectives.","og_url":"https:\/\/www.pego.org\/noticies\/2021\/07\/29\/anunci-convocatories-borses-de-treball-de-mestres-i-tecnics-en-educacio-infantil\/","og_site_name":"Ajuntament de Pego","article_publisher":"https:\/\/www.facebook.com\/ajuntament.de.pego\/","article_published_time":"2021-07-29T07:13:10+00:00","article_modified_time":"2021-07-29T07:13:13+00:00","author":"administrador","twitter_card":"summary_large_image","twitter_creator":"@ajupego","twitter_site":"@ajupego","twitter_misc":{"Escrit per":"administrador","Temps estimat de lectura":"1 minut"},"schema":{"@context":"https:\/\/schema.org","@graph":[{"@type":"WebSite","@id":"http:\/\/www.pego.org\/noticies\/#website","url":"http:\/\/www.pego.org\/noticies\/","name":"Ajuntament de Pego","description":"","potentialAction":[{"@type":"SearchAction","target":{"@type":"EntryPoint","urlTemplate":"http:\/\/www.pego.org\/noticies\/?s={search_term_string}"},"query-input":"required name=search_term_string"}],"inLanguage":"ca"},{"@type":"WebPage","@id":"https:\/\/www.pego.org\/noticies\/2021\/07\/29\/anunci-convocatories-borses-de-treball-de-mestres-i-tecnics-en-educacio-infantil\/","url":"https:\/\/www.pego.org\/noticies\/2021\/07\/29\/anunci-convocatories-borses-de-treball-de-mestres-i-tecnics-en-educacio-infantil\/","name":"Anunci convocat\u00f2ries borses de treball de mestres i t\u00e8cnics en educaci\u00f3 infantil. - Ajuntament de Pego","isPartOf":{"@id":"http:\/\/www.pego.org\/noticies\/#website"},"datePublished":"2021-07-29T07:13:10+00:00","dateModified":"2021-07-29T07:13:13+00:00","author":{"@id":"http:\/\/www.pego.org\/noticies\/#\/schema\/person\/139879cf5cc0a52fd3893b49e5838301"},"breadcrumb":{"@id":"https:\/\/www.pego.org\/noticies\/2021\/07\/29\/anunci-convocatories-borses-de-treball-de-mestres-i-tecnics-en-educacio-infantil\/#breadcrumb"},"inLanguage":"ca","potentialAction":[{"@type":"ReadAction","target":["https:\/\/www.pego.org\/noticies\/2021\/07\/29\/anunci-convocatories-borses-de-treball-de-mestres-i-tecnics-en-educacio-infantil\/"]}]},{"@type":"BreadcrumbList","@id":"https:\/\/www.pego.org\/noticies\/2021\/07\/29\/anunci-convocatories-borses-de-treball-de-mestres-i-tecnics-en-educacio-infantil\/#breadcrumb","itemListElement":[{"@type":"ListItem","position":1,"name":"Inici","item":"http:\/\/www.pego.org\/noticies\/"},{"@type":"ListItem","position":2,"name":"Anunci convocat\u00f2ries borses de treball de mestres i t\u00e8cnics en educaci\u00f3 infantil."}]},{"@type":"Person","@id":"http:\/\/www.pego.org\/noticies\/#\/schema\/person\/139879cf5cc0a52fd3893b49e5838301","name":"administrador","image":{"@type":"ImageObject","inLanguage":"ca","@id":"http:\/\/www.pego.org\/noticies\/#\/schema\/person\/image\/","url":"https:\/\/secure.gravatar.com\/avatar\/9a1a131466761d61e35c84b00d32eaaa?s=96&d=mm&r=g","contentUrl":"https:\/\/secure.gravatar.com\/avatar\/9a1a131466761d61e35c84b00d32eaaa?s=96&d=mm&r=g","caption":"administrador"}}]}},"_links":{"self":[{"href":"https:\/\/www.pego.org\/noticies\/wp-json\/wp\/v2\/posts\/619"}],"collection":[{"href":"https:\/\/www.pego.org\/noticies\/wp-json\/wp\/v2\/posts"}],"about":[{"href":"https:\/\/www.pego.org\/noticies\/wp-json\/wp\/v2\/types\/post"}],"author":[{"embeddable":true,"href":"https:\/\/www.pego.org\/noticies\/wp-json\/wp\/v2\/users\/1"}],"replies":[{"embeddable":true,"href":"https:\/\/www.pego.org\/noticies\/wp-json\/wp\/v2\/comments?post=619"}],"version-history":[{"count":2,"href":"https:\/\/www.pego.org\/noticies\/wp-json\/wp\/v2\/posts\/619\/revisions"}],"predecessor-version":[{"id":624,"href":"https:\/\/www.pego.org\/noticies\/wp-json\/wp\/v2\/posts\/619\/revisions\/624"}],"wp:attachment":[{"href":"https:\/\/www.pego.org\/noticies\/wp-json\/wp\/v2\/media?parent=619"}],"wp:term":[{"taxonomy":"category","embeddable":true,"href":"https:\/\/www.pego.org\/noticies\/wp-json\/wp\/v2\/categories?post=619"},{"taxonomy":"post_tag","embeddable":true,"href":"https:\/\/www.pego.org\/noticies\/wp-json\/wp\/v2\/tags?post=619"}],"curies":[{"name":"wp","href":"https:\/\/api.w.org\/{rel}","templated":true}]}}