{"id":702,"date":"2021-11-17T13:07:24","date_gmt":"2021-11-17T11:07:24","guid":{"rendered":"https:\/\/www.pego.org\/noticies\/?p=702"},"modified":"2021-11-17T13:07:27","modified_gmt":"2021-11-17T11:07:27","slug":"modificacio-del-pla-parcial-dordenacio-del-sector-calvari-ii","status":"publish","type":"post","link":"https:\/\/www.pego.org\/noticies\/2021\/11\/17\/modificacio-del-pla-parcial-dordenacio-del-sector-calvari-ii\/","title":{"rendered":"Modificaci\u00f3 del Pla Parcial d&#8217;ordenaci\u00f3 del Sector \u201cCalvari II\u201d"},"content":{"rendered":"\n<p>Publicaci\u00f3 de la <strong><em>Resoluci\u00f3 de 7 octubre de 2021, de l&#8217;Alcaldia-Presid\u00e8ncia<\/em><\/strong> (<strong>Decret 2021\/2001; Exp. 1403\/2021)<\/strong> sobre informe ambiental i territorial estrat\u00e8gic de la Modificaci\u00f3 del Pla Parcial d&#8217;ordenaci\u00f3 del Sector \u201cCalvari II\u201d.<\/p>\n\n\n\n<p>En compliment del que es disposa a la citada Resoluci\u00f3, i en l&#8217;article 51.7, i concordants, de la<em><strong> Llei 5\/2014, de 25 de juliol, de la Generalitat, d&#8217;ordenaci\u00f3 del territori, urbanisme i paisatge <\/strong><\/em>(LOTUP; hui article 53 del Decret legislatiu 1\/2021, de 18 de juny, del Consell d&#8217;aprovaci\u00f3 del text ref\u00f3s de la Llei d&#8217;ordenaci\u00f3 del territori, urbanisme i paisatge, TRLOTUP), es publica la <a href=\"https:\/\/www.pego.org\/noticies\/wp-content\/uploads\/2021\/11\/DECRETO-2021-2001-Decreto-Urbanismo-IATE.pdf\"><em><strong>Resoluci\u00f3 de 7 octubre de 2021, de l&#8217;Alcaldia-Presid\u00e8ncia<\/strong><\/em> (<strong>Decret 2021\/2001; Exp. 1403\/2021)<\/strong><\/a>, relativa a l&#8217;informe ambiental i territorial estrat\u00e8gic del Pla parcial modificatiu de l&#8217;ordenaci\u00f3 detallada del Sector \u201cCalvari II\u201d, de Pego, aix\u00ed com l\u2019edicte publicat al <a href=\"https:\/\/www.pego.org\/noticies\/wp-content\/uploads\/2021\/11\/DOGV.pdf\"><em>Diari Oficial de la Generalitat Valenciana<\/em> (DOGV) n\u00famero 9217, de 17 de novembre de 2021<\/a><strong>.<\/strong><\/p>\n","protected":false},"excerpt":{"rendered":"Publicaci\u00f3 de la Resoluci\u00f3 de 7 octubre de 2021, de l&#8217;Alcaldia-Presid\u00e8ncia (Decret 2021\/2001; Exp. 1403\/2021) sobre informe ambiental i territorial estrat\u00e8gic de la Modificaci\u00f3 del Pla Parcial d&#8217;ordenaci\u00f3 del Sector \u201cCalvari II\u201d. En compliment del que es disposa a la citada Resoluci\u00f3, i en l&#8217;article 51.7, i concordants, de la Llei 5\/2014, de 25 de&#8230; <a class=\"view-article\" href=\"https:\/\/www.pego.org\/noticies\/2021\/11\/17\/modificacio-del-pla-parcial-dordenacio-del-sector-calvari-ii\/\">Veure Article<\/a>","protected":false},"author":1,"featured_media":0,"comment_status":"closed","ping_status":"open","sticky":false,"template":"","format":"standard","meta":[],"categories":[1],"tags":[],"yoast_head":"<!-- This site is optimized with the Yoast SEO plugin v19.4 - https:\/\/yoast.com\/wordpress\/plugins\/seo\/ -->\n<title>Modificaci\u00f3 del Pla Parcial d&#039;ordenaci\u00f3 del Sector \u201cCalvari II\u201d - Ajuntament de Pego<\/title>\n<meta name=\"description\" content=\"Publicaci\u00f3 de la Resoluci\u00f3 de 7 octubre de 2021, de l&#039;Alcaldia-Presid\u00e8ncia sobre informe ambiental i territorial estrat\u00e8gic de la Modificaci\u00f3 del Pla Parcial d&#039;ordenaci\u00f3 del Sector \u201cCalvari II\u201d.\" \/>\n<meta name=\"robots\" content=\"index, follow, max-snippet:-1, max-image-preview:large, max-video-preview:-1\" \/>\n<link rel=\"canonical\" href=\"https:\/\/www.pego.org\/noticies\/2021\/11\/17\/modificacio-del-pla-parcial-dordenacio-del-sector-calvari-ii\/\" \/>\n<meta property=\"og:locale\" content=\"ca_ES\" \/>\n<meta property=\"og:type\" content=\"article\" \/>\n<meta property=\"og:title\" content=\"Modificaci\u00f3 del Pla Parcial d&#039;ordenaci\u00f3 del Sector \u201cCalvari II\u201d - Ajuntament de Pego\" \/>\n<meta property=\"og:description\" content=\"Publicaci\u00f3 de la Resoluci\u00f3 de 7 octubre de 2021, de l&#039;Alcaldia-Presid\u00e8ncia sobre informe ambiental i territorial estrat\u00e8gic de la Modificaci\u00f3 del Pla Parcial d&#039;ordenaci\u00f3 del Sector \u201cCalvari II\u201d.\" \/>\n<meta property=\"og:url\" content=\"https:\/\/www.pego.org\/noticies\/2021\/11\/17\/modificacio-del-pla-parcial-dordenacio-del-sector-calvari-ii\/\" \/>\n<meta property=\"og:site_name\" content=\"Ajuntament de Pego\" \/>\n<meta property=\"article:publisher\" content=\"https:\/\/www.facebook.com\/ajuntament.de.pego\/\" \/>\n<meta property=\"article:published_time\" content=\"2021-11-17T11:07:24+00:00\" \/>\n<meta property=\"article:modified_time\" content=\"2021-11-17T11:07:27+00:00\" \/>\n<meta name=\"author\" content=\"administrador\" \/>\n<meta name=\"twitter:card\" content=\"summary_large_image\" \/>\n<meta name=\"twitter:creator\" content=\"@ajupego\" \/>\n<meta name=\"twitter:site\" content=\"@ajupego\" \/>\n<meta name=\"twitter:label1\" content=\"Escrit per\" \/>\n\t<meta name=\"twitter:data1\" content=\"administrador\" \/>\n\t<meta name=\"twitter:label2\" content=\"Temps estimat de lectura\" \/>\n\t<meta name=\"twitter:data2\" content=\"1 minut\" \/>\n<script type=\"application\/ld+json\" class=\"yoast-schema-graph\">{\"@context\":\"https:\/\/schema.org\",\"@graph\":[{\"@type\":\"WebSite\",\"@id\":\"http:\/\/www.pego.org\/noticies\/#website\",\"url\":\"http:\/\/www.pego.org\/noticies\/\",\"name\":\"Ajuntament de Pego\",\"description\":\"\",\"potentialAction\":[{\"@type\":\"SearchAction\",\"target\":{\"@type\":\"EntryPoint\",\"urlTemplate\":\"http:\/\/www.pego.org\/noticies\/?s={search_term_string}\"},\"query-input\":\"required name=search_term_string\"}],\"inLanguage\":\"ca\"},{\"@type\":\"WebPage\",\"@id\":\"https:\/\/www.pego.org\/noticies\/2021\/11\/17\/modificacio-del-pla-parcial-dordenacio-del-sector-calvari-ii\/\",\"url\":\"https:\/\/www.pego.org\/noticies\/2021\/11\/17\/modificacio-del-pla-parcial-dordenacio-del-sector-calvari-ii\/\",\"name\":\"Modificaci\u00f3 del Pla Parcial d'ordenaci\u00f3 del Sector \u201cCalvari II\u201d - Ajuntament de Pego\",\"isPartOf\":{\"@id\":\"http:\/\/www.pego.org\/noticies\/#website\"},\"datePublished\":\"2021-11-17T11:07:24+00:00\",\"dateModified\":\"2021-11-17T11:07:27+00:00\",\"author\":{\"@id\":\"http:\/\/www.pego.org\/noticies\/#\/schema\/person\/139879cf5cc0a52fd3893b49e5838301\"},\"description\":\"Publicaci\u00f3 de la Resoluci\u00f3 de 7 octubre de 2021, de l'Alcaldia-Presid\u00e8ncia sobre informe ambiental i territorial estrat\u00e8gic de la Modificaci\u00f3 del Pla Parcial d'ordenaci\u00f3 del Sector \u201cCalvari II\u201d.\",\"breadcrumb\":{\"@id\":\"https:\/\/www.pego.org\/noticies\/2021\/11\/17\/modificacio-del-pla-parcial-dordenacio-del-sector-calvari-ii\/#breadcrumb\"},\"inLanguage\":\"ca\",\"potentialAction\":[{\"@type\":\"ReadAction\",\"target\":[\"https:\/\/www.pego.org\/noticies\/2021\/11\/17\/modificacio-del-pla-parcial-dordenacio-del-sector-calvari-ii\/\"]}]},{\"@type\":\"BreadcrumbList\",\"@id\":\"https:\/\/www.pego.org\/noticies\/2021\/11\/17\/modificacio-del-pla-parcial-dordenacio-del-sector-calvari-ii\/#breadcrumb\",\"itemListElement\":[{\"@type\":\"ListItem\",\"position\":1,\"name\":\"Inici\",\"item\":\"http:\/\/www.pego.org\/noticies\/\"},{\"@type\":\"ListItem\",\"position\":2,\"name\":\"Modificaci\u00f3 del Pla Parcial d&#8217;ordenaci\u00f3 del Sector \u201cCalvari II\u201d\"}]},{\"@type\":\"Person\",\"@id\":\"http:\/\/www.pego.org\/noticies\/#\/schema\/person\/139879cf5cc0a52fd3893b49e5838301\",\"name\":\"administrador\",\"image\":{\"@type\":\"ImageObject\",\"inLanguage\":\"ca\",\"@id\":\"http:\/\/www.pego.org\/noticies\/#\/schema\/person\/image\/\",\"url\":\"https:\/\/secure.gravatar.com\/avatar\/9a1a131466761d61e35c84b00d32eaaa?s=96&d=mm&r=g\",\"contentUrl\":\"https:\/\/secure.gravatar.com\/avatar\/9a1a131466761d61e35c84b00d32eaaa?s=96&d=mm&r=g\",\"caption\":\"administrador\"}}]}<\/script>\n<!-- \/ Yoast SEO plugin. -->","yoast_head_json":{"title":"Modificaci\u00f3 del Pla Parcial d'ordenaci\u00f3 del Sector \u201cCalvari II\u201d - Ajuntament de Pego","description":"Publicaci\u00f3 de la Resoluci\u00f3 de 7 octubre de 2021, de l'Alcaldia-Presid\u00e8ncia sobre informe ambiental i territorial estrat\u00e8gic de la Modificaci\u00f3 del Pla Parcial d'ordenaci\u00f3 del Sector \u201cCalvari II\u201d.","robots":{"index":"index","follow":"follow","max-snippet":"max-snippet:-1","max-image-preview":"max-image-preview:large","max-video-preview":"max-video-preview:-1"},"canonical":"https:\/\/www.pego.org\/noticies\/2021\/11\/17\/modificacio-del-pla-parcial-dordenacio-del-sector-calvari-ii\/","og_locale":"ca_ES","og_type":"article","og_title":"Modificaci\u00f3 del Pla Parcial d'ordenaci\u00f3 del Sector \u201cCalvari II\u201d - Ajuntament de Pego","og_description":"Publicaci\u00f3 de la Resoluci\u00f3 de 7 octubre de 2021, de l'Alcaldia-Presid\u00e8ncia sobre informe ambiental i territorial estrat\u00e8gic de la Modificaci\u00f3 del Pla Parcial d'ordenaci\u00f3 del Sector \u201cCalvari II\u201d.","og_url":"https:\/\/www.pego.org\/noticies\/2021\/11\/17\/modificacio-del-pla-parcial-dordenacio-del-sector-calvari-ii\/","og_site_name":"Ajuntament de Pego","article_publisher":"https:\/\/www.facebook.com\/ajuntament.de.pego\/","article_published_time":"2021-11-17T11:07:24+00:00","article_modified_time":"2021-11-17T11:07:27+00:00","author":"administrador","twitter_card":"summary_large_image","twitter_creator":"@ajupego","twitter_site":"@ajupego","twitter_misc":{"Escrit per":"administrador","Temps estimat de lectura":"1 minut"},"schema":{"@context":"https:\/\/schema.org","@graph":[{"@type":"WebSite","@id":"http:\/\/www.pego.org\/noticies\/#website","url":"http:\/\/www.pego.org\/noticies\/","name":"Ajuntament de Pego","description":"","potentialAction":[{"@type":"SearchAction","target":{"@type":"EntryPoint","urlTemplate":"http:\/\/www.pego.org\/noticies\/?s={search_term_string}"},"query-input":"required name=search_term_string"}],"inLanguage":"ca"},{"@type":"WebPage","@id":"https:\/\/www.pego.org\/noticies\/2021\/11\/17\/modificacio-del-pla-parcial-dordenacio-del-sector-calvari-ii\/","url":"https:\/\/www.pego.org\/noticies\/2021\/11\/17\/modificacio-del-pla-parcial-dordenacio-del-sector-calvari-ii\/","name":"Modificaci\u00f3 del Pla Parcial d'ordenaci\u00f3 del Sector \u201cCalvari II\u201d - Ajuntament de Pego","isPartOf":{"@id":"http:\/\/www.pego.org\/noticies\/#website"},"datePublished":"2021-11-17T11:07:24+00:00","dateModified":"2021-11-17T11:07:27+00:00","author":{"@id":"http:\/\/www.pego.org\/noticies\/#\/schema\/person\/139879cf5cc0a52fd3893b49e5838301"},"description":"Publicaci\u00f3 de la Resoluci\u00f3 de 7 octubre de 2021, de l'Alcaldia-Presid\u00e8ncia sobre informe ambiental i territorial estrat\u00e8gic de la Modificaci\u00f3 del Pla Parcial d'ordenaci\u00f3 del Sector \u201cCalvari II\u201d.","breadcrumb":{"@id":"https:\/\/www.pego.org\/noticies\/2021\/11\/17\/modificacio-del-pla-parcial-dordenacio-del-sector-calvari-ii\/#breadcrumb"},"inLanguage":"ca","potentialAction":[{"@type":"ReadAction","target":["https:\/\/www.pego.org\/noticies\/2021\/11\/17\/modificacio-del-pla-parcial-dordenacio-del-sector-calvari-ii\/"]}]},{"@type":"BreadcrumbList","@id":"https:\/\/www.pego.org\/noticies\/2021\/11\/17\/modificacio-del-pla-parcial-dordenacio-del-sector-calvari-ii\/#breadcrumb","itemListElement":[{"@type":"ListItem","position":1,"name":"Inici","item":"http:\/\/www.pego.org\/noticies\/"},{"@type":"ListItem","position":2,"name":"Modificaci\u00f3 del Pla Parcial d&#8217;ordenaci\u00f3 del Sector \u201cCalvari II\u201d"}]},{"@type":"Person","@id":"http:\/\/www.pego.org\/noticies\/#\/schema\/person\/139879cf5cc0a52fd3893b49e5838301","name":"administrador","image":{"@type":"ImageObject","inLanguage":"ca","@id":"http:\/\/www.pego.org\/noticies\/#\/schema\/person\/image\/","url":"https:\/\/secure.gravatar.com\/avatar\/9a1a131466761d61e35c84b00d32eaaa?s=96&d=mm&r=g","contentUrl":"https:\/\/secure.gravatar.com\/avatar\/9a1a131466761d61e35c84b00d32eaaa?s=96&d=mm&r=g","caption":"administrador"}}]}},"_links":{"self":[{"href":"https:\/\/www.pego.org\/noticies\/wp-json\/wp\/v2\/posts\/702"}],"collection":[{"href":"https:\/\/www.pego.org\/noticies\/wp-json\/wp\/v2\/posts"}],"about":[{"href":"https:\/\/www.pego.org\/noticies\/wp-json\/wp\/v2\/types\/post"}],"author":[{"embeddable":true,"href":"https:\/\/www.pego.org\/noticies\/wp-json\/wp\/v2\/users\/1"}],"replies":[{"embeddable":true,"href":"https:\/\/www.pego.org\/noticies\/wp-json\/wp\/v2\/comments?post=702"}],"version-history":[{"count":1,"href":"https:\/\/www.pego.org\/noticies\/wp-json\/wp\/v2\/posts\/702\/revisions"}],"predecessor-version":[{"id":705,"href":"https:\/\/www.pego.org\/noticies\/wp-json\/wp\/v2\/posts\/702\/revisions\/705"}],"wp:attachment":[{"href":"https:\/\/www.pego.org\/noticies\/wp-json\/wp\/v2\/media?parent=702"}],"wp:term":[{"taxonomy":"category","embeddable":true,"href":"https:\/\/www.pego.org\/noticies\/wp-json\/wp\/v2\/categories?post=702"},{"taxonomy":"post_tag","embeddable":true,"href":"https:\/\/www.pego.org\/noticies\/wp-json\/wp\/v2\/tags?post=702"}],"curies":[{"name":"wp","href":"https:\/\/api.w.org\/{rel}","templated":true}]}}