{"id":708,"date":"2021-12-20T12:57:37","date_gmt":"2021-12-20T10:57:37","guid":{"rendered":"https:\/\/www.pego.org\/noticies\/?p=708"},"modified":"2021-12-20T12:57:39","modified_gmt":"2021-12-20T10:57:39","slug":"contractacio-de-publicitat-felicitacio-de-nadal","status":"publish","type":"post","link":"https:\/\/www.pego.org\/noticies\/2021\/12\/20\/contractacio-de-publicitat-felicitacio-de-nadal\/","title":{"rendered":"Contractaci\u00f3 de publicitat Felicitaci\u00f3 de Nadal"},"content":{"rendered":"\n<p><\/p>\n\n\n\n<p>Per tal de donar difusi\u00f3 a la campanya de publicitat durant el periode Nadal 2021, es creu convenient, des dels departaments d\u2019alcaldia, fer la seg\u00fcent inserci\u00f3 publicit\u00e0ria:<\/p>\n\n\n\n<p><br>Lot 1 \u00abDifusi\u00f3 de la targeta en un anunci (60 mm alt x 252 mm ample) en un peri\u00f2dic escrit d\u2019\u00e0mbit auton\u00f2mic i de distribuci\u00f3 di\u00e0ria, aix\u00ed com en una revista exclusiva de Nadal\u00bb.<\/p>\n\n\n\n<p><br>Lot 2 \u00abDifusi\u00f3 de la targeta felicitaci\u00f3 de nadal en les dimensions 1\/2 de p\u00e0gina en un peri\u00f2dic escrit de tirada comarcal i de distribuci\u00f3 setmanal.\u00bb<\/p>\n\n\n\n<p><br>Lot 3 \u00abDifusi\u00f3 de la felicitaci\u00f3 de nadal en 90 cunyes, d\u2019un minut de durada cada cunya publicit\u00e0ria, en una r\u00e0dio d\u2019\u00e0mbit comarcal\u00bb.<\/p>\n\n\n\n<p><br>Lot 4 \u00abDifusi\u00f3 de la targeta felicitaci\u00f3 de nadal en les dimensions d\u20191\/2 p\u00e0gina en un peri\u00f2dic escrit de tirada comarcal i difusi\u00f3 quincenal\u00bb.<\/p>\n\n\n\n<p><br>Lot 5 \u00abDifusi\u00f3 de la targeta felicitaci\u00f3 de nadal en un diari comarcal online i en les seues xarxes socials\u00bb.<\/p>\n\n\n\n<p><br>Les propostes econ\u00f2miques es presentaran per registre d\u2019entrada de la seu electr\u00f2nica de l\u2019Ajuntament de Pego (https:\/\/pego.sedelectronica.es\/).<\/p>\n\n\n\n<p><br>El termini \u00e9s de 3 dies h\u00e0bils contats a partir del dia seg\u00fcent a la publicaci\u00f3 de l\u2019anunci a la web de l\u2019ajuntament.<\/p>\n","protected":false},"excerpt":{"rendered":"Per tal de donar difusi\u00f3 a la campanya de publicitat durant el periode Nadal 2021, es creu convenient, des dels departaments d\u2019alcaldia, fer la seg\u00fcent inserci\u00f3 publicit\u00e0ria: Lot 1 \u00abDifusi\u00f3 de la targeta en un anunci (60 mm alt x 252 mm ample) en un peri\u00f2dic escrit d\u2019\u00e0mbit auton\u00f2mic i de distribuci\u00f3 di\u00e0ria, aix\u00ed com&#8230; <a class=\"view-article\" href=\"https:\/\/www.pego.org\/noticies\/2021\/12\/20\/contractacio-de-publicitat-felicitacio-de-nadal\/\">Veure Article<\/a>","protected":false},"author":2,"featured_media":0,"comment_status":"closed","ping_status":"open","sticky":false,"template":"","format":"standard","meta":[],"categories":[1],"tags":[],"yoast_head":"<!-- This site is optimized with the Yoast SEO plugin v19.4 - https:\/\/yoast.com\/wordpress\/plugins\/seo\/ -->\n<title>Contractaci\u00f3 de publicitat Felicitaci\u00f3 de Nadal - Ajuntament de Pego<\/title>\n<meta name=\"robots\" content=\"index, follow, max-snippet:-1, max-image-preview:large, max-video-preview:-1\" \/>\n<link rel=\"canonical\" href=\"https:\/\/www.pego.org\/noticies\/2021\/12\/20\/contractacio-de-publicitat-felicitacio-de-nadal\/\" \/>\n<meta property=\"og:locale\" content=\"ca_ES\" \/>\n<meta property=\"og:type\" content=\"article\" \/>\n<meta property=\"og:title\" content=\"Contractaci\u00f3 de publicitat Felicitaci\u00f3 de Nadal - Ajuntament de Pego\" \/>\n<meta property=\"og:description\" content=\"Per tal de donar difusi\u00f3 a la campanya de publicitat durant el periode Nadal 2021, es creu convenient, des dels departaments d\u2019alcaldia, fer la seg\u00fcent inserci\u00f3 publicit\u00e0ria: Lot 1 \u00abDifusi\u00f3 de la targeta en un anunci (60 mm alt x 252 mm ample) en un peri\u00f2dic escrit d\u2019\u00e0mbit auton\u00f2mic i de distribuci\u00f3 di\u00e0ria, aix\u00ed com... Veure Article\" \/>\n<meta property=\"og:url\" content=\"https:\/\/www.pego.org\/noticies\/2021\/12\/20\/contractacio-de-publicitat-felicitacio-de-nadal\/\" \/>\n<meta property=\"og:site_name\" content=\"Ajuntament de Pego\" \/>\n<meta property=\"article:publisher\" content=\"https:\/\/www.facebook.com\/ajuntament.de.pego\/\" \/>\n<meta property=\"article:published_time\" content=\"2021-12-20T10:57:37+00:00\" \/>\n<meta property=\"article:modified_time\" content=\"2021-12-20T10:57:39+00:00\" \/>\n<meta name=\"author\" content=\"Bernat Ortola\" \/>\n<meta name=\"twitter:card\" content=\"summary_large_image\" \/>\n<meta name=\"twitter:creator\" content=\"@ajupego\" \/>\n<meta name=\"twitter:site\" content=\"@ajupego\" \/>\n<meta name=\"twitter:label1\" content=\"Escrit per\" \/>\n\t<meta name=\"twitter:data1\" content=\"Bernat Ortola\" \/>\n\t<meta name=\"twitter:label2\" content=\"Temps estimat de lectura\" \/>\n\t<meta name=\"twitter:data2\" content=\"2 minuts\" \/>\n<script type=\"application\/ld+json\" class=\"yoast-schema-graph\">{\"@context\":\"https:\/\/schema.org\",\"@graph\":[{\"@type\":\"WebSite\",\"@id\":\"http:\/\/www.pego.org\/noticies\/#website\",\"url\":\"http:\/\/www.pego.org\/noticies\/\",\"name\":\"Ajuntament de Pego\",\"description\":\"\",\"potentialAction\":[{\"@type\":\"SearchAction\",\"target\":{\"@type\":\"EntryPoint\",\"urlTemplate\":\"http:\/\/www.pego.org\/noticies\/?s={search_term_string}\"},\"query-input\":\"required name=search_term_string\"}],\"inLanguage\":\"ca\"},{\"@type\":\"WebPage\",\"@id\":\"https:\/\/www.pego.org\/noticies\/2021\/12\/20\/contractacio-de-publicitat-felicitacio-de-nadal\/\",\"url\":\"https:\/\/www.pego.org\/noticies\/2021\/12\/20\/contractacio-de-publicitat-felicitacio-de-nadal\/\",\"name\":\"Contractaci\u00f3 de publicitat Felicitaci\u00f3 de Nadal - Ajuntament de Pego\",\"isPartOf\":{\"@id\":\"http:\/\/www.pego.org\/noticies\/#website\"},\"datePublished\":\"2021-12-20T10:57:37+00:00\",\"dateModified\":\"2021-12-20T10:57:39+00:00\",\"author\":{\"@id\":\"http:\/\/www.pego.org\/noticies\/#\/schema\/person\/4326dac4f13188e6a8a1984f5eb1e0e6\"},\"breadcrumb\":{\"@id\":\"https:\/\/www.pego.org\/noticies\/2021\/12\/20\/contractacio-de-publicitat-felicitacio-de-nadal\/#breadcrumb\"},\"inLanguage\":\"ca\",\"potentialAction\":[{\"@type\":\"ReadAction\",\"target\":[\"https:\/\/www.pego.org\/noticies\/2021\/12\/20\/contractacio-de-publicitat-felicitacio-de-nadal\/\"]}]},{\"@type\":\"BreadcrumbList\",\"@id\":\"https:\/\/www.pego.org\/noticies\/2021\/12\/20\/contractacio-de-publicitat-felicitacio-de-nadal\/#breadcrumb\",\"itemListElement\":[{\"@type\":\"ListItem\",\"position\":1,\"name\":\"Inici\",\"item\":\"http:\/\/www.pego.org\/noticies\/\"},{\"@type\":\"ListItem\",\"position\":2,\"name\":\"Contractaci\u00f3 de publicitat Felicitaci\u00f3 de Nadal\"}]},{\"@type\":\"Person\",\"@id\":\"http:\/\/www.pego.org\/noticies\/#\/schema\/person\/4326dac4f13188e6a8a1984f5eb1e0e6\",\"name\":\"Bernat Ortola\",\"image\":{\"@type\":\"ImageObject\",\"inLanguage\":\"ca\",\"@id\":\"http:\/\/www.pego.org\/noticies\/#\/schema\/person\/image\/\",\"url\":\"https:\/\/secure.gravatar.com\/avatar\/75560795a8de75338a850c3d759f927c?s=96&d=mm&r=g\",\"contentUrl\":\"https:\/\/secure.gravatar.com\/avatar\/75560795a8de75338a850c3d759f927c?s=96&d=mm&r=g\",\"caption\":\"Bernat Ortola\"}}]}<\/script>\n<!-- \/ Yoast SEO plugin. -->","yoast_head_json":{"title":"Contractaci\u00f3 de publicitat Felicitaci\u00f3 de Nadal - Ajuntament de Pego","robots":{"index":"index","follow":"follow","max-snippet":"max-snippet:-1","max-image-preview":"max-image-preview:large","max-video-preview":"max-video-preview:-1"},"canonical":"https:\/\/www.pego.org\/noticies\/2021\/12\/20\/contractacio-de-publicitat-felicitacio-de-nadal\/","og_locale":"ca_ES","og_type":"article","og_title":"Contractaci\u00f3 de publicitat Felicitaci\u00f3 de Nadal - Ajuntament de Pego","og_description":"Per tal de donar difusi\u00f3 a la campanya de publicitat durant el periode Nadal 2021, es creu convenient, des dels departaments d\u2019alcaldia, fer la seg\u00fcent inserci\u00f3 publicit\u00e0ria: Lot 1 \u00abDifusi\u00f3 de la targeta en un anunci (60 mm alt x 252 mm ample) en un peri\u00f2dic escrit d\u2019\u00e0mbit auton\u00f2mic i de distribuci\u00f3 di\u00e0ria, aix\u00ed com... Veure Article","og_url":"https:\/\/www.pego.org\/noticies\/2021\/12\/20\/contractacio-de-publicitat-felicitacio-de-nadal\/","og_site_name":"Ajuntament de Pego","article_publisher":"https:\/\/www.facebook.com\/ajuntament.de.pego\/","article_published_time":"2021-12-20T10:57:37+00:00","article_modified_time":"2021-12-20T10:57:39+00:00","author":"Bernat Ortola","twitter_card":"summary_large_image","twitter_creator":"@ajupego","twitter_site":"@ajupego","twitter_misc":{"Escrit per":"Bernat Ortola","Temps estimat de lectura":"2 minuts"},"schema":{"@context":"https:\/\/schema.org","@graph":[{"@type":"WebSite","@id":"http:\/\/www.pego.org\/noticies\/#website","url":"http:\/\/www.pego.org\/noticies\/","name":"Ajuntament de Pego","description":"","potentialAction":[{"@type":"SearchAction","target":{"@type":"EntryPoint","urlTemplate":"http:\/\/www.pego.org\/noticies\/?s={search_term_string}"},"query-input":"required name=search_term_string"}],"inLanguage":"ca"},{"@type":"WebPage","@id":"https:\/\/www.pego.org\/noticies\/2021\/12\/20\/contractacio-de-publicitat-felicitacio-de-nadal\/","url":"https:\/\/www.pego.org\/noticies\/2021\/12\/20\/contractacio-de-publicitat-felicitacio-de-nadal\/","name":"Contractaci\u00f3 de publicitat Felicitaci\u00f3 de Nadal - Ajuntament de Pego","isPartOf":{"@id":"http:\/\/www.pego.org\/noticies\/#website"},"datePublished":"2021-12-20T10:57:37+00:00","dateModified":"2021-12-20T10:57:39+00:00","author":{"@id":"http:\/\/www.pego.org\/noticies\/#\/schema\/person\/4326dac4f13188e6a8a1984f5eb1e0e6"},"breadcrumb":{"@id":"https:\/\/www.pego.org\/noticies\/2021\/12\/20\/contractacio-de-publicitat-felicitacio-de-nadal\/#breadcrumb"},"inLanguage":"ca","potentialAction":[{"@type":"ReadAction","target":["https:\/\/www.pego.org\/noticies\/2021\/12\/20\/contractacio-de-publicitat-felicitacio-de-nadal\/"]}]},{"@type":"BreadcrumbList","@id":"https:\/\/www.pego.org\/noticies\/2021\/12\/20\/contractacio-de-publicitat-felicitacio-de-nadal\/#breadcrumb","itemListElement":[{"@type":"ListItem","position":1,"name":"Inici","item":"http:\/\/www.pego.org\/noticies\/"},{"@type":"ListItem","position":2,"name":"Contractaci\u00f3 de publicitat Felicitaci\u00f3 de Nadal"}]},{"@type":"Person","@id":"http:\/\/www.pego.org\/noticies\/#\/schema\/person\/4326dac4f13188e6a8a1984f5eb1e0e6","name":"Bernat Ortola","image":{"@type":"ImageObject","inLanguage":"ca","@id":"http:\/\/www.pego.org\/noticies\/#\/schema\/person\/image\/","url":"https:\/\/secure.gravatar.com\/avatar\/75560795a8de75338a850c3d759f927c?s=96&d=mm&r=g","contentUrl":"https:\/\/secure.gravatar.com\/avatar\/75560795a8de75338a850c3d759f927c?s=96&d=mm&r=g","caption":"Bernat Ortola"}}]}},"_links":{"self":[{"href":"https:\/\/www.pego.org\/noticies\/wp-json\/wp\/v2\/posts\/708"}],"collection":[{"href":"https:\/\/www.pego.org\/noticies\/wp-json\/wp\/v2\/posts"}],"about":[{"href":"https:\/\/www.pego.org\/noticies\/wp-json\/wp\/v2\/types\/post"}],"author":[{"embeddable":true,"href":"https:\/\/www.pego.org\/noticies\/wp-json\/wp\/v2\/users\/2"}],"replies":[{"embeddable":true,"href":"https:\/\/www.pego.org\/noticies\/wp-json\/wp\/v2\/comments?post=708"}],"version-history":[{"count":1,"href":"https:\/\/www.pego.org\/noticies\/wp-json\/wp\/v2\/posts\/708\/revisions"}],"predecessor-version":[{"id":709,"href":"https:\/\/www.pego.org\/noticies\/wp-json\/wp\/v2\/posts\/708\/revisions\/709"}],"wp:attachment":[{"href":"https:\/\/www.pego.org\/noticies\/wp-json\/wp\/v2\/media?parent=708"}],"wp:term":[{"taxonomy":"category","embeddable":true,"href":"https:\/\/www.pego.org\/noticies\/wp-json\/wp\/v2\/categories?post=708"},{"taxonomy":"post_tag","embeddable":true,"href":"https:\/\/www.pego.org\/noticies\/wp-json\/wp\/v2\/tags?post=708"}],"curies":[{"name":"wp","href":"https:\/\/api.w.org\/{rel}","templated":true}]}}