{"id":721,"date":"2022-01-03T14:52:22","date_gmt":"2022-01-03T12:52:22","guid":{"rendered":"https:\/\/www.pego.org\/noticies\/?p=721"},"modified":"2022-01-03T14:52:24","modified_gmt":"2022-01-03T12:52:24","slug":"lajuntament-de-pego-incorpora-huit-nous-treballadors-a-traves-dels-programes-docupacio-de-labora","status":"publish","type":"post","link":"https:\/\/www.pego.org\/noticies\/2022\/01\/03\/lajuntament-de-pego-incorpora-huit-nous-treballadors-a-traves-dels-programes-docupacio-de-labora\/","title":{"rendered":"L\u2019Ajuntament de Pego incorpora huit nous treballadors a trav\u00e9s dels programes d\u2019ocupaci\u00f3 de Labora"},"content":{"rendered":"\n<p><em><strong>S\u2019han contractat tres persones a trav\u00e9s del programa Empuju i altres cinc a trav\u00e9s del programa Ecovid<\/strong><\/em><\/p>\n\n\n\n<p><\/p>\n\n\n\n<p><\/p>\n\n\n\n<p>Huit persones aturades s\u2019han incorporat el passat mes de desembre a diferents \u00e0rees de l\u2019Ajuntament de Pego gr\u00e0cies als programes d\u2019ocupaci\u00f3 del Servei Valenci\u00e0 d\u2019Ocupaci\u00f3 i Formaci\u00f3 de la Generalitat Valenciana (Labora).<\/p>\n\n\n\n<p><\/p>\n\n\n\n<p>D\u2019una banda, a trav\u00e9s del programa Empuju 2021\/22 per a la contractaci\u00f3 de persones desocupades menors de 30 anys per entitats locals de la Comunitat Valenciana, en el marc del Programa operatiu del Fons Social Europeu 2014-2020 de la Comunitat Valenciana, l\u2019Ajuntament de Pego ha rebut ajudes que han perm\u00e9s la contractaci\u00f3 de tres persones desocupades menors de 30 anys. Es tracta de dos auxiliars administratius que prestaran els serveis en l\u2019Ag\u00e8ncia de Desenvolupament Local i en altres departaments de l\u2019Ajuntament refor\u00e7ant l\u2019atenci\u00f3 al p\u00fablic i acomplint tasques administratives; i tamb\u00e9 un pe\u00f3 de jardineria que realitzar\u00e0 funcions de conservaci\u00f3 i manteniment de jardins i parcs p\u00fablics. La durada d\u2019estes contractacions ser\u00e0 de 12 mesos i l\u2019import rebut en aquesta subvenci\u00f3 \u00e9s de 61.248,33 euros.<\/p>\n\n\n\n<p><\/p>\n\n\n\n<p>Pel que fa a la resta de contractacions, s\u2019han realitzat a trav\u00e9s del programa Ecovid 2021\/22 per a la contractaci\u00f3 de cinc persones desocupades d\u2019almenys 30 anys per entitats locals de la Comunitat Valenciana, en el marc del Programa Operatiu del Fons Social Europeu 2014-2020 de la Comunitat Valenciana (Avalem Experi\u00e8ncia Plus). Es tracta d\u2019una auxiliar administrativa per a treballar en la Resid\u00e8ncia de la Tercera Edat de Pego, un conserge per aconseguir un refor\u00e7 al personal de les escoles, una netejadora per a augmentar l\u2019equip de neteja de l\u2019Ajuntament, un periodista per desenvolupar tasques relacionades amb la informaci\u00f3 relacionada amb la Covid i d&#8217;altres d\u2019inter\u00e9s general, aix\u00ed com un t\u00e8cnic d\u2019infantil per tal de refor\u00e7ar l\u2019equip de l\u2019Escoleta Municipal Infantil \u2018La Trilladora\u2019.<\/p>\n\n\n\n<p><\/p>\n\n\n\n<p>Aquest \u00e9s un programa dut a terme amb col\u00b7laboraci\u00f3 de corporacions locals de la Comunitat Valenciana, de la Conselleria d\u2019Economia Sostenible, Sectors Productius, Comer\u00e7 i Treball a trav\u00e9s de la Generalitat Valenciana, Labora, Servei Valenci\u00e0 d\u2019Ocupaci\u00f3 i Formaci\u00f3: Empuju 2021. \u00c9s finan\u00e7at amb fons procedents del Servicio P\u00fablico de Empleo Estatal SEPE. L\u2019import rebut en aquesta subvenci\u00f3 \u00e9s de 108.619,11 euros.<\/p>\n\n\n\n<p><\/p>\n\n\n\n<p>Aquestes cinc contractacions s\u2019han dut a terme durant aquest mes de desembre de 2021 i tindran una durada de 12 mesos.<\/p>\n\n\n\n<p><\/p>\n\n\n\n<p><\/p>\n\n\n\n<div class=\"wp-block-image\"><figure class=\"aligncenter size-large\"><img loading=\"lazy\" width=\"700\" height=\"497\" src=\"https:\/\/www.pego.org\/noticies\/wp-content\/uploads\/2022\/01\/1-700x497.jpg\" alt=\"\" class=\"wp-image-722\" srcset=\"https:\/\/www.pego.org\/noticies\/wp-content\/uploads\/2022\/01\/1-700x497.jpg 700w, https:\/\/www.pego.org\/noticies\/wp-content\/uploads\/2022\/01\/1-250x177.jpg 250w, https:\/\/www.pego.org\/noticies\/wp-content\/uploads\/2022\/01\/1-768x545.jpg 768w, https:\/\/www.pego.org\/noticies\/wp-content\/uploads\/2022\/01\/1-1536x1090.jpg 1536w, https:\/\/www.pego.org\/noticies\/wp-content\/uploads\/2022\/01\/1-120x85.jpg 120w, https:\/\/www.pego.org\/noticies\/wp-content\/uploads\/2022\/01\/1.jpg 1748w\" sizes=\"(max-width: 700px) 100vw, 700px\" \/><\/figure><\/div>\n\n\n\n<div class=\"wp-block-image\"><figure class=\"aligncenter size-large\"><img loading=\"lazy\" width=\"700\" height=\"497\" src=\"https:\/\/www.pego.org\/noticies\/wp-content\/uploads\/2022\/01\/2-700x497.jpg\" alt=\"\" class=\"wp-image-723\" srcset=\"https:\/\/www.pego.org\/noticies\/wp-content\/uploads\/2022\/01\/2-700x497.jpg 700w, https:\/\/www.pego.org\/noticies\/wp-content\/uploads\/2022\/01\/2-250x177.jpg 250w, https:\/\/www.pego.org\/noticies\/wp-content\/uploads\/2022\/01\/2-768x545.jpg 768w, https:\/\/www.pego.org\/noticies\/wp-content\/uploads\/2022\/01\/2-1536x1090.jpg 1536w, https:\/\/www.pego.org\/noticies\/wp-content\/uploads\/2022\/01\/2-120x85.jpg 120w, https:\/\/www.pego.org\/noticies\/wp-content\/uploads\/2022\/01\/2.jpg 1748w\" sizes=\"(max-width: 700px) 100vw, 700px\" \/><\/figure><\/div>\n","protected":false},"excerpt":{"rendered":"S\u2019han contractat tres persones a trav\u00e9s del programa Empuju i altres cinc a trav\u00e9s del programa Ecovid Huit persones aturades s\u2019han incorporat el passat mes de desembre a diferents \u00e0rees de l\u2019Ajuntament de Pego gr\u00e0cies als programes d\u2019ocupaci\u00f3 del Servei Valenci\u00e0 d\u2019Ocupaci\u00f3 i Formaci\u00f3 de la Generalitat Valenciana (Labora). D\u2019una banda, a trav\u00e9s del programa&#8230; <a class=\"view-article\" href=\"https:\/\/www.pego.org\/noticies\/2022\/01\/03\/lajuntament-de-pego-incorpora-huit-nous-treballadors-a-traves-dels-programes-docupacio-de-labora\/\">Veure Article<\/a>","protected":false},"author":2,"featured_media":0,"comment_status":"closed","ping_status":"open","sticky":false,"template":"","format":"standard","meta":[],"categories":[1],"tags":[],"yoast_head":"<!-- This site is optimized with the Yoast SEO plugin v19.4 - https:\/\/yoast.com\/wordpress\/plugins\/seo\/ -->\n<title>L\u2019Ajuntament de Pego incorpora huit nous treballadors a trav\u00e9s dels programes d\u2019ocupaci\u00f3 de Labora - Ajuntament de Pego<\/title>\n<meta name=\"robots\" content=\"index, follow, max-snippet:-1, max-image-preview:large, max-video-preview:-1\" \/>\n<link rel=\"canonical\" href=\"https:\/\/www.pego.org\/noticies\/2022\/01\/03\/lajuntament-de-pego-incorpora-huit-nous-treballadors-a-traves-dels-programes-docupacio-de-labora\/\" \/>\n<meta property=\"og:locale\" content=\"ca_ES\" \/>\n<meta property=\"og:type\" content=\"article\" \/>\n<meta property=\"og:title\" content=\"L\u2019Ajuntament de Pego incorpora huit nous treballadors a trav\u00e9s dels programes d\u2019ocupaci\u00f3 de Labora - Ajuntament de Pego\" \/>\n<meta property=\"og:description\" content=\"S\u2019han contractat tres persones a trav\u00e9s del programa Empuju i altres cinc a trav\u00e9s del programa Ecovid Huit persones aturades s\u2019han incorporat el passat mes de desembre a diferents \u00e0rees de l\u2019Ajuntament de Pego gr\u00e0cies als programes d\u2019ocupaci\u00f3 del Servei Valenci\u00e0 d\u2019Ocupaci\u00f3 i Formaci\u00f3 de la Generalitat Valenciana (Labora). D\u2019una banda, a trav\u00e9s del programa... Veure Article\" \/>\n<meta property=\"og:url\" content=\"https:\/\/www.pego.org\/noticies\/2022\/01\/03\/lajuntament-de-pego-incorpora-huit-nous-treballadors-a-traves-dels-programes-docupacio-de-labora\/\" \/>\n<meta property=\"og:site_name\" content=\"Ajuntament de Pego\" \/>\n<meta property=\"article:publisher\" content=\"https:\/\/www.facebook.com\/ajuntament.de.pego\/\" \/>\n<meta property=\"article:published_time\" content=\"2022-01-03T12:52:22+00:00\" \/>\n<meta property=\"article:modified_time\" content=\"2022-01-03T12:52:24+00:00\" \/>\n<meta property=\"og:image\" content=\"https:\/\/www.pego.org\/noticies\/wp-content\/uploads\/2022\/01\/1-700x497.jpg\" \/>\n<meta name=\"author\" content=\"Bernat Ortola\" \/>\n<meta name=\"twitter:card\" content=\"summary_large_image\" \/>\n<meta name=\"twitter:creator\" content=\"@ajupego\" \/>\n<meta name=\"twitter:site\" content=\"@ajupego\" \/>\n<meta name=\"twitter:label1\" content=\"Escrit per\" \/>\n\t<meta name=\"twitter:data1\" content=\"Bernat Ortola\" \/>\n\t<meta name=\"twitter:label2\" content=\"Temps estimat de lectura\" \/>\n\t<meta name=\"twitter:data2\" content=\"3 minuts\" \/>\n<script type=\"application\/ld+json\" class=\"yoast-schema-graph\">{\"@context\":\"https:\/\/schema.org\",\"@graph\":[{\"@type\":\"WebSite\",\"@id\":\"http:\/\/www.pego.org\/noticies\/#website\",\"url\":\"http:\/\/www.pego.org\/noticies\/\",\"name\":\"Ajuntament de Pego\",\"description\":\"\",\"potentialAction\":[{\"@type\":\"SearchAction\",\"target\":{\"@type\":\"EntryPoint\",\"urlTemplate\":\"http:\/\/www.pego.org\/noticies\/?s={search_term_string}\"},\"query-input\":\"required name=search_term_string\"}],\"inLanguage\":\"ca\"},{\"@type\":\"WebPage\",\"@id\":\"https:\/\/www.pego.org\/noticies\/2022\/01\/03\/lajuntament-de-pego-incorpora-huit-nous-treballadors-a-traves-dels-programes-docupacio-de-labora\/\",\"url\":\"https:\/\/www.pego.org\/noticies\/2022\/01\/03\/lajuntament-de-pego-incorpora-huit-nous-treballadors-a-traves-dels-programes-docupacio-de-labora\/\",\"name\":\"L\u2019Ajuntament de Pego incorpora huit nous treballadors a trav\u00e9s dels programes d\u2019ocupaci\u00f3 de Labora - Ajuntament de Pego\",\"isPartOf\":{\"@id\":\"http:\/\/www.pego.org\/noticies\/#website\"},\"datePublished\":\"2022-01-03T12:52:22+00:00\",\"dateModified\":\"2022-01-03T12:52:24+00:00\",\"author\":{\"@id\":\"http:\/\/www.pego.org\/noticies\/#\/schema\/person\/4326dac4f13188e6a8a1984f5eb1e0e6\"},\"breadcrumb\":{\"@id\":\"https:\/\/www.pego.org\/noticies\/2022\/01\/03\/lajuntament-de-pego-incorpora-huit-nous-treballadors-a-traves-dels-programes-docupacio-de-labora\/#breadcrumb\"},\"inLanguage\":\"ca\",\"potentialAction\":[{\"@type\":\"ReadAction\",\"target\":[\"https:\/\/www.pego.org\/noticies\/2022\/01\/03\/lajuntament-de-pego-incorpora-huit-nous-treballadors-a-traves-dels-programes-docupacio-de-labora\/\"]}]},{\"@type\":\"BreadcrumbList\",\"@id\":\"https:\/\/www.pego.org\/noticies\/2022\/01\/03\/lajuntament-de-pego-incorpora-huit-nous-treballadors-a-traves-dels-programes-docupacio-de-labora\/#breadcrumb\",\"itemListElement\":[{\"@type\":\"ListItem\",\"position\":1,\"name\":\"Inici\",\"item\":\"http:\/\/www.pego.org\/noticies\/\"},{\"@type\":\"ListItem\",\"position\":2,\"name\":\"L\u2019Ajuntament de Pego incorpora huit nous treballadors a trav\u00e9s dels programes d\u2019ocupaci\u00f3 de Labora\"}]},{\"@type\":\"Person\",\"@id\":\"http:\/\/www.pego.org\/noticies\/#\/schema\/person\/4326dac4f13188e6a8a1984f5eb1e0e6\",\"name\":\"Bernat Ortola\",\"image\":{\"@type\":\"ImageObject\",\"inLanguage\":\"ca\",\"@id\":\"http:\/\/www.pego.org\/noticies\/#\/schema\/person\/image\/\",\"url\":\"https:\/\/secure.gravatar.com\/avatar\/75560795a8de75338a850c3d759f927c?s=96&d=mm&r=g\",\"contentUrl\":\"https:\/\/secure.gravatar.com\/avatar\/75560795a8de75338a850c3d759f927c?s=96&d=mm&r=g\",\"caption\":\"Bernat Ortola\"}}]}<\/script>\n<!-- \/ Yoast SEO plugin. -->","yoast_head_json":{"title":"L\u2019Ajuntament de Pego incorpora huit nous treballadors a trav\u00e9s dels programes d\u2019ocupaci\u00f3 de Labora - Ajuntament de Pego","robots":{"index":"index","follow":"follow","max-snippet":"max-snippet:-1","max-image-preview":"max-image-preview:large","max-video-preview":"max-video-preview:-1"},"canonical":"https:\/\/www.pego.org\/noticies\/2022\/01\/03\/lajuntament-de-pego-incorpora-huit-nous-treballadors-a-traves-dels-programes-docupacio-de-labora\/","og_locale":"ca_ES","og_type":"article","og_title":"L\u2019Ajuntament de Pego incorpora huit nous treballadors a trav\u00e9s dels programes d\u2019ocupaci\u00f3 de Labora - Ajuntament de Pego","og_description":"S\u2019han contractat tres persones a trav\u00e9s del programa Empuju i altres cinc a trav\u00e9s del programa Ecovid Huit persones aturades s\u2019han incorporat el passat mes de desembre a diferents \u00e0rees de l\u2019Ajuntament de Pego gr\u00e0cies als programes d\u2019ocupaci\u00f3 del Servei Valenci\u00e0 d\u2019Ocupaci\u00f3 i Formaci\u00f3 de la Generalitat Valenciana (Labora). D\u2019una banda, a trav\u00e9s del programa... Veure Article","og_url":"https:\/\/www.pego.org\/noticies\/2022\/01\/03\/lajuntament-de-pego-incorpora-huit-nous-treballadors-a-traves-dels-programes-docupacio-de-labora\/","og_site_name":"Ajuntament de Pego","article_publisher":"https:\/\/www.facebook.com\/ajuntament.de.pego\/","article_published_time":"2022-01-03T12:52:22+00:00","article_modified_time":"2022-01-03T12:52:24+00:00","og_image":[{"url":"https:\/\/www.pego.org\/noticies\/wp-content\/uploads\/2022\/01\/1-700x497.jpg"}],"author":"Bernat Ortola","twitter_card":"summary_large_image","twitter_creator":"@ajupego","twitter_site":"@ajupego","twitter_misc":{"Escrit per":"Bernat Ortola","Temps estimat de lectura":"3 minuts"},"schema":{"@context":"https:\/\/schema.org","@graph":[{"@type":"WebSite","@id":"http:\/\/www.pego.org\/noticies\/#website","url":"http:\/\/www.pego.org\/noticies\/","name":"Ajuntament de Pego","description":"","potentialAction":[{"@type":"SearchAction","target":{"@type":"EntryPoint","urlTemplate":"http:\/\/www.pego.org\/noticies\/?s={search_term_string}"},"query-input":"required name=search_term_string"}],"inLanguage":"ca"},{"@type":"WebPage","@id":"https:\/\/www.pego.org\/noticies\/2022\/01\/03\/lajuntament-de-pego-incorpora-huit-nous-treballadors-a-traves-dels-programes-docupacio-de-labora\/","url":"https:\/\/www.pego.org\/noticies\/2022\/01\/03\/lajuntament-de-pego-incorpora-huit-nous-treballadors-a-traves-dels-programes-docupacio-de-labora\/","name":"L\u2019Ajuntament de Pego incorpora huit nous treballadors a trav\u00e9s dels programes d\u2019ocupaci\u00f3 de Labora - Ajuntament de Pego","isPartOf":{"@id":"http:\/\/www.pego.org\/noticies\/#website"},"datePublished":"2022-01-03T12:52:22+00:00","dateModified":"2022-01-03T12:52:24+00:00","author":{"@id":"http:\/\/www.pego.org\/noticies\/#\/schema\/person\/4326dac4f13188e6a8a1984f5eb1e0e6"},"breadcrumb":{"@id":"https:\/\/www.pego.org\/noticies\/2022\/01\/03\/lajuntament-de-pego-incorpora-huit-nous-treballadors-a-traves-dels-programes-docupacio-de-labora\/#breadcrumb"},"inLanguage":"ca","potentialAction":[{"@type":"ReadAction","target":["https:\/\/www.pego.org\/noticies\/2022\/01\/03\/lajuntament-de-pego-incorpora-huit-nous-treballadors-a-traves-dels-programes-docupacio-de-labora\/"]}]},{"@type":"BreadcrumbList","@id":"https:\/\/www.pego.org\/noticies\/2022\/01\/03\/lajuntament-de-pego-incorpora-huit-nous-treballadors-a-traves-dels-programes-docupacio-de-labora\/#breadcrumb","itemListElement":[{"@type":"ListItem","position":1,"name":"Inici","item":"http:\/\/www.pego.org\/noticies\/"},{"@type":"ListItem","position":2,"name":"L\u2019Ajuntament de Pego incorpora huit nous treballadors a trav\u00e9s dels programes d\u2019ocupaci\u00f3 de Labora"}]},{"@type":"Person","@id":"http:\/\/www.pego.org\/noticies\/#\/schema\/person\/4326dac4f13188e6a8a1984f5eb1e0e6","name":"Bernat Ortola","image":{"@type":"ImageObject","inLanguage":"ca","@id":"http:\/\/www.pego.org\/noticies\/#\/schema\/person\/image\/","url":"https:\/\/secure.gravatar.com\/avatar\/75560795a8de75338a850c3d759f927c?s=96&d=mm&r=g","contentUrl":"https:\/\/secure.gravatar.com\/avatar\/75560795a8de75338a850c3d759f927c?s=96&d=mm&r=g","caption":"Bernat Ortola"}}]}},"_links":{"self":[{"href":"https:\/\/www.pego.org\/noticies\/wp-json\/wp\/v2\/posts\/721"}],"collection":[{"href":"https:\/\/www.pego.org\/noticies\/wp-json\/wp\/v2\/posts"}],"about":[{"href":"https:\/\/www.pego.org\/noticies\/wp-json\/wp\/v2\/types\/post"}],"author":[{"embeddable":true,"href":"https:\/\/www.pego.org\/noticies\/wp-json\/wp\/v2\/users\/2"}],"replies":[{"embeddable":true,"href":"https:\/\/www.pego.org\/noticies\/wp-json\/wp\/v2\/comments?post=721"}],"version-history":[{"count":4,"href":"https:\/\/www.pego.org\/noticies\/wp-json\/wp\/v2\/posts\/721\/revisions"}],"predecessor-version":[{"id":727,"href":"https:\/\/www.pego.org\/noticies\/wp-json\/wp\/v2\/posts\/721\/revisions\/727"}],"wp:attachment":[{"href":"https:\/\/www.pego.org\/noticies\/wp-json\/wp\/v2\/media?parent=721"}],"wp:term":[{"taxonomy":"category","embeddable":true,"href":"https:\/\/www.pego.org\/noticies\/wp-json\/wp\/v2\/categories?post=721"},{"taxonomy":"post_tag","embeddable":true,"href":"https:\/\/www.pego.org\/noticies\/wp-json\/wp\/v2\/tags?post=721"}],"curies":[{"name":"wp","href":"https:\/\/api.w.org\/{rel}","templated":true}]}}