{"id":728,"date":"2022-01-05T12:12:05","date_gmt":"2022-01-05T10:12:05","guid":{"rendered":"https:\/\/www.pego.org\/noticies\/?p=728"},"modified":"2022-01-05T12:12:43","modified_gmt":"2022-01-05T10:12:43","slug":"pego-invertira-mes-de-28-milions-deuros-en-millorar-laccessibilitat-i-sostenibilitat-del-municipi","status":"publish","type":"post","link":"https:\/\/www.pego.org\/noticies\/2022\/01\/05\/pego-invertira-mes-de-28-milions-deuros-en-millorar-laccessibilitat-i-sostenibilitat-del-municipi\/","title":{"rendered":"Pego invertir\u00e0 m\u00e9s de 2,8 milions d&#8217;euros en millorar l&#8217;accessibilitat i sostenibilitat del municipi"},"content":{"rendered":"\n<p><strong><em>El consistori presenta el programa Avancem, un conglomerat d&#8217;actuacions que es realitzaran durant els pr\u00f2xims mesos<\/em><\/strong><\/p>\n\n\n\n<p>Aconseguir un poble m\u00e9s accessible i sostenible. Eixa \u00e9s la proposta del nou programa Avancem, un conglomerat d\u2019actuacions, principalment urban\u00edstiques, que l\u2019Ajuntament de Pego desenvolupar\u00e0 durant els pr\u00f2xims mesos. Es tracta d\u2019una s\u00e8rie d\u2019obres que busquen millorar diferents espais i \u00e0mbits del municipi.<\/p>\n\n\n\n<p>Inicialment estan programades 14 actuacions, algunes d\u2019elles s\u2019estan desenvolupant des del passat 2021, l\u2019objectiu \u00e9s finalitzar-les durant aquest curs 2022. S\u2019inclouen en aquest llistat d\u2019obres actuacions de gran magnitud com la remodelaci\u00f3 de la biblioteca Cervantes, l\u2019adequaci\u00f3 del pol\u00edgon industrial o un parc d\u2019educaci\u00f3 vi\u00e0ria, entre d\u2019altres. Encara que tamb\u00e9 hi ha de menor envergadura \u201cper\u00f2 necess\u00e0ries\u201d, apunta la regidora d\u2019Urbanisme, Laura Castell\u00e0. Destaquen la instal\u00b7laci\u00f3 d\u2019un parc infantil a la zona de la Penya del Gat, les Rutes Escolars o el canvi de les parades d\u2019autob\u00fas.<\/p>\n\n\n\n<p>L\u2019import per a emprendre aquestes actuacions \u00e9s de 2.810.261,42 euros. Algunes de les inversions s\u00f3n finan\u00e7ades a trav\u00e9s d\u2019ajudes de la Generalitat, la Diputaci\u00f3 d\u2019Alacant i del IVACE. De fet, l\u2019import subvencionat ser\u00e0 de 2.027.461,92 euros del total, amb els quals es dur\u00e0 a terme 6 de les 14 actuacions. Mentre que d\u2019altres \u201c\u00e9s l\u2019Ajuntament qui ha apostat per assumir-les, perqu\u00e8 creguem que es tracta d\u2019obres necess\u00e0ries per a millorar l\u2019entorn urb\u00e0 del poble aix\u00ed com la vida dels ve\u00efns\u201d, remarca la responsable d\u2019Urbanisme.<\/p>\n\n\n\n<p><\/p>\n\n\n\n<div class=\"wp-block-image\"><figure class=\"aligncenter size-large\"><img loading=\"lazy\" width=\"700\" height=\"497\" src=\"https:\/\/www.pego.org\/noticies\/wp-content\/uploads\/2022\/01\/Avancem-Parades-de-bus-700x497.jpg\" alt=\"\" class=\"wp-image-729\" srcset=\"https:\/\/www.pego.org\/noticies\/wp-content\/uploads\/2022\/01\/Avancem-Parades-de-bus-700x497.jpg 700w, https:\/\/www.pego.org\/noticies\/wp-content\/uploads\/2022\/01\/Avancem-Parades-de-bus-250x177.jpg 250w, https:\/\/www.pego.org\/noticies\/wp-content\/uploads\/2022\/01\/Avancem-Parades-de-bus-768x545.jpg 768w, https:\/\/www.pego.org\/noticies\/wp-content\/uploads\/2022\/01\/Avancem-Parades-de-bus-1536x1090.jpg 1536w, https:\/\/www.pego.org\/noticies\/wp-content\/uploads\/2022\/01\/Avancem-Parades-de-bus-120x85.jpg 120w, https:\/\/www.pego.org\/noticies\/wp-content\/uploads\/2022\/01\/Avancem-Parades-de-bus.jpg 1748w\" sizes=\"(max-width: 700px) 100vw, 700px\" \/><figcaption>Instal\u00b7laci\u00f3 d&#8217;una de les noves parades d&#8217;autob\u00fas.<\/figcaption><\/figure><\/div>\n","protected":false},"excerpt":{"rendered":"El consistori presenta el programa Avancem, un conglomerat d&#8217;actuacions que es realitzaran durant els pr\u00f2xims mesos Aconseguir un poble m\u00e9s accessible i sostenible. Eixa \u00e9s la proposta del nou programa Avancem, un conglomerat d\u2019actuacions, principalment urban\u00edstiques, que l\u2019Ajuntament de Pego desenvolupar\u00e0 durant els pr\u00f2xims mesos. Es tracta d\u2019una s\u00e8rie d\u2019obres que busquen millorar diferents espais&#8230; <a class=\"view-article\" href=\"https:\/\/www.pego.org\/noticies\/2022\/01\/05\/pego-invertira-mes-de-28-milions-deuros-en-millorar-laccessibilitat-i-sostenibilitat-del-municipi\/\">Veure Article<\/a>","protected":false},"author":2,"featured_media":0,"comment_status":"closed","ping_status":"open","sticky":false,"template":"","format":"standard","meta":[],"categories":[1],"tags":[],"yoast_head":"<!-- This site is optimized with the Yoast SEO plugin v19.4 - https:\/\/yoast.com\/wordpress\/plugins\/seo\/ -->\n<title>Pego invertir\u00e0 m\u00e9s de 2,8 milions d&#039;euros en millorar l&#039;accessibilitat i sostenibilitat del municipi - Ajuntament de Pego<\/title>\n<meta name=\"robots\" content=\"index, follow, max-snippet:-1, max-image-preview:large, max-video-preview:-1\" \/>\n<link rel=\"canonical\" href=\"https:\/\/www.pego.org\/noticies\/2022\/01\/05\/pego-invertira-mes-de-28-milions-deuros-en-millorar-laccessibilitat-i-sostenibilitat-del-municipi\/\" \/>\n<meta property=\"og:locale\" content=\"ca_ES\" \/>\n<meta property=\"og:type\" content=\"article\" \/>\n<meta property=\"og:title\" content=\"Pego invertir\u00e0 m\u00e9s de 2,8 milions d&#039;euros en millorar l&#039;accessibilitat i sostenibilitat del municipi - Ajuntament de Pego\" \/>\n<meta property=\"og:description\" content=\"El consistori presenta el programa Avancem, un conglomerat d&#8217;actuacions que es realitzaran durant els pr\u00f2xims mesos Aconseguir un poble m\u00e9s accessible i sostenible. Eixa \u00e9s la proposta del nou programa Avancem, un conglomerat d\u2019actuacions, principalment urban\u00edstiques, que l\u2019Ajuntament de Pego desenvolupar\u00e0 durant els pr\u00f2xims mesos. Es tracta d\u2019una s\u00e8rie d\u2019obres que busquen millorar diferents espais... Veure Article\" \/>\n<meta property=\"og:url\" content=\"https:\/\/www.pego.org\/noticies\/2022\/01\/05\/pego-invertira-mes-de-28-milions-deuros-en-millorar-laccessibilitat-i-sostenibilitat-del-municipi\/\" \/>\n<meta property=\"og:site_name\" content=\"Ajuntament de Pego\" \/>\n<meta property=\"article:publisher\" content=\"https:\/\/www.facebook.com\/ajuntament.de.pego\/\" \/>\n<meta property=\"article:published_time\" content=\"2022-01-05T10:12:05+00:00\" \/>\n<meta property=\"article:modified_time\" content=\"2022-01-05T10:12:43+00:00\" \/>\n<meta property=\"og:image\" content=\"https:\/\/www.pego.org\/noticies\/wp-content\/uploads\/2022\/01\/Avancem-Parades-de-bus-700x497.jpg\" \/>\n<meta name=\"author\" content=\"Bernat Ortola\" \/>\n<meta name=\"twitter:card\" content=\"summary_large_image\" \/>\n<meta name=\"twitter:creator\" content=\"@ajupego\" \/>\n<meta name=\"twitter:site\" content=\"@ajupego\" \/>\n<meta name=\"twitter:label1\" content=\"Escrit per\" \/>\n\t<meta name=\"twitter:data1\" content=\"Bernat Ortola\" \/>\n\t<meta name=\"twitter:label2\" content=\"Temps estimat de lectura\" \/>\n\t<meta name=\"twitter:data2\" content=\"2 minuts\" \/>\n<script type=\"application\/ld+json\" class=\"yoast-schema-graph\">{\"@context\":\"https:\/\/schema.org\",\"@graph\":[{\"@type\":\"WebSite\",\"@id\":\"http:\/\/www.pego.org\/noticies\/#website\",\"url\":\"http:\/\/www.pego.org\/noticies\/\",\"name\":\"Ajuntament de Pego\",\"description\":\"\",\"potentialAction\":[{\"@type\":\"SearchAction\",\"target\":{\"@type\":\"EntryPoint\",\"urlTemplate\":\"http:\/\/www.pego.org\/noticies\/?s={search_term_string}\"},\"query-input\":\"required name=search_term_string\"}],\"inLanguage\":\"ca\"},{\"@type\":\"WebPage\",\"@id\":\"https:\/\/www.pego.org\/noticies\/2022\/01\/05\/pego-invertira-mes-de-28-milions-deuros-en-millorar-laccessibilitat-i-sostenibilitat-del-municipi\/\",\"url\":\"https:\/\/www.pego.org\/noticies\/2022\/01\/05\/pego-invertira-mes-de-28-milions-deuros-en-millorar-laccessibilitat-i-sostenibilitat-del-municipi\/\",\"name\":\"Pego invertir\u00e0 m\u00e9s de 2,8 milions d'euros en millorar l'accessibilitat i sostenibilitat del municipi - Ajuntament de Pego\",\"isPartOf\":{\"@id\":\"http:\/\/www.pego.org\/noticies\/#website\"},\"datePublished\":\"2022-01-05T10:12:05+00:00\",\"dateModified\":\"2022-01-05T10:12:43+00:00\",\"author\":{\"@id\":\"http:\/\/www.pego.org\/noticies\/#\/schema\/person\/4326dac4f13188e6a8a1984f5eb1e0e6\"},\"breadcrumb\":{\"@id\":\"https:\/\/www.pego.org\/noticies\/2022\/01\/05\/pego-invertira-mes-de-28-milions-deuros-en-millorar-laccessibilitat-i-sostenibilitat-del-municipi\/#breadcrumb\"},\"inLanguage\":\"ca\",\"potentialAction\":[{\"@type\":\"ReadAction\",\"target\":[\"https:\/\/www.pego.org\/noticies\/2022\/01\/05\/pego-invertira-mes-de-28-milions-deuros-en-millorar-laccessibilitat-i-sostenibilitat-del-municipi\/\"]}]},{\"@type\":\"BreadcrumbList\",\"@id\":\"https:\/\/www.pego.org\/noticies\/2022\/01\/05\/pego-invertira-mes-de-28-milions-deuros-en-millorar-laccessibilitat-i-sostenibilitat-del-municipi\/#breadcrumb\",\"itemListElement\":[{\"@type\":\"ListItem\",\"position\":1,\"name\":\"Inici\",\"item\":\"http:\/\/www.pego.org\/noticies\/\"},{\"@type\":\"ListItem\",\"position\":2,\"name\":\"Pego invertir\u00e0 m\u00e9s de 2,8 milions d&#8217;euros en millorar l&#8217;accessibilitat i sostenibilitat del municipi\"}]},{\"@type\":\"Person\",\"@id\":\"http:\/\/www.pego.org\/noticies\/#\/schema\/person\/4326dac4f13188e6a8a1984f5eb1e0e6\",\"name\":\"Bernat Ortola\",\"image\":{\"@type\":\"ImageObject\",\"inLanguage\":\"ca\",\"@id\":\"http:\/\/www.pego.org\/noticies\/#\/schema\/person\/image\/\",\"url\":\"https:\/\/secure.gravatar.com\/avatar\/75560795a8de75338a850c3d759f927c?s=96&d=mm&r=g\",\"contentUrl\":\"https:\/\/secure.gravatar.com\/avatar\/75560795a8de75338a850c3d759f927c?s=96&d=mm&r=g\",\"caption\":\"Bernat Ortola\"}}]}<\/script>\n<!-- \/ Yoast SEO plugin. -->","yoast_head_json":{"title":"Pego invertir\u00e0 m\u00e9s de 2,8 milions d'euros en millorar l'accessibilitat i sostenibilitat del municipi - Ajuntament de Pego","robots":{"index":"index","follow":"follow","max-snippet":"max-snippet:-1","max-image-preview":"max-image-preview:large","max-video-preview":"max-video-preview:-1"},"canonical":"https:\/\/www.pego.org\/noticies\/2022\/01\/05\/pego-invertira-mes-de-28-milions-deuros-en-millorar-laccessibilitat-i-sostenibilitat-del-municipi\/","og_locale":"ca_ES","og_type":"article","og_title":"Pego invertir\u00e0 m\u00e9s de 2,8 milions d'euros en millorar l'accessibilitat i sostenibilitat del municipi - Ajuntament de Pego","og_description":"El consistori presenta el programa Avancem, un conglomerat d&#8217;actuacions que es realitzaran durant els pr\u00f2xims mesos Aconseguir un poble m\u00e9s accessible i sostenible. Eixa \u00e9s la proposta del nou programa Avancem, un conglomerat d\u2019actuacions, principalment urban\u00edstiques, que l\u2019Ajuntament de Pego desenvolupar\u00e0 durant els pr\u00f2xims mesos. Es tracta d\u2019una s\u00e8rie d\u2019obres que busquen millorar diferents espais... Veure Article","og_url":"https:\/\/www.pego.org\/noticies\/2022\/01\/05\/pego-invertira-mes-de-28-milions-deuros-en-millorar-laccessibilitat-i-sostenibilitat-del-municipi\/","og_site_name":"Ajuntament de Pego","article_publisher":"https:\/\/www.facebook.com\/ajuntament.de.pego\/","article_published_time":"2022-01-05T10:12:05+00:00","article_modified_time":"2022-01-05T10:12:43+00:00","og_image":[{"url":"https:\/\/www.pego.org\/noticies\/wp-content\/uploads\/2022\/01\/Avancem-Parades-de-bus-700x497.jpg"}],"author":"Bernat Ortola","twitter_card":"summary_large_image","twitter_creator":"@ajupego","twitter_site":"@ajupego","twitter_misc":{"Escrit per":"Bernat Ortola","Temps estimat de lectura":"2 minuts"},"schema":{"@context":"https:\/\/schema.org","@graph":[{"@type":"WebSite","@id":"http:\/\/www.pego.org\/noticies\/#website","url":"http:\/\/www.pego.org\/noticies\/","name":"Ajuntament de Pego","description":"","potentialAction":[{"@type":"SearchAction","target":{"@type":"EntryPoint","urlTemplate":"http:\/\/www.pego.org\/noticies\/?s={search_term_string}"},"query-input":"required name=search_term_string"}],"inLanguage":"ca"},{"@type":"WebPage","@id":"https:\/\/www.pego.org\/noticies\/2022\/01\/05\/pego-invertira-mes-de-28-milions-deuros-en-millorar-laccessibilitat-i-sostenibilitat-del-municipi\/","url":"https:\/\/www.pego.org\/noticies\/2022\/01\/05\/pego-invertira-mes-de-28-milions-deuros-en-millorar-laccessibilitat-i-sostenibilitat-del-municipi\/","name":"Pego invertir\u00e0 m\u00e9s de 2,8 milions d'euros en millorar l'accessibilitat i sostenibilitat del municipi - Ajuntament de Pego","isPartOf":{"@id":"http:\/\/www.pego.org\/noticies\/#website"},"datePublished":"2022-01-05T10:12:05+00:00","dateModified":"2022-01-05T10:12:43+00:00","author":{"@id":"http:\/\/www.pego.org\/noticies\/#\/schema\/person\/4326dac4f13188e6a8a1984f5eb1e0e6"},"breadcrumb":{"@id":"https:\/\/www.pego.org\/noticies\/2022\/01\/05\/pego-invertira-mes-de-28-milions-deuros-en-millorar-laccessibilitat-i-sostenibilitat-del-municipi\/#breadcrumb"},"inLanguage":"ca","potentialAction":[{"@type":"ReadAction","target":["https:\/\/www.pego.org\/noticies\/2022\/01\/05\/pego-invertira-mes-de-28-milions-deuros-en-millorar-laccessibilitat-i-sostenibilitat-del-municipi\/"]}]},{"@type":"BreadcrumbList","@id":"https:\/\/www.pego.org\/noticies\/2022\/01\/05\/pego-invertira-mes-de-28-milions-deuros-en-millorar-laccessibilitat-i-sostenibilitat-del-municipi\/#breadcrumb","itemListElement":[{"@type":"ListItem","position":1,"name":"Inici","item":"http:\/\/www.pego.org\/noticies\/"},{"@type":"ListItem","position":2,"name":"Pego invertir\u00e0 m\u00e9s de 2,8 milions d&#8217;euros en millorar l&#8217;accessibilitat i sostenibilitat del municipi"}]},{"@type":"Person","@id":"http:\/\/www.pego.org\/noticies\/#\/schema\/person\/4326dac4f13188e6a8a1984f5eb1e0e6","name":"Bernat Ortola","image":{"@type":"ImageObject","inLanguage":"ca","@id":"http:\/\/www.pego.org\/noticies\/#\/schema\/person\/image\/","url":"https:\/\/secure.gravatar.com\/avatar\/75560795a8de75338a850c3d759f927c?s=96&d=mm&r=g","contentUrl":"https:\/\/secure.gravatar.com\/avatar\/75560795a8de75338a850c3d759f927c?s=96&d=mm&r=g","caption":"Bernat Ortola"}}]}},"_links":{"self":[{"href":"https:\/\/www.pego.org\/noticies\/wp-json\/wp\/v2\/posts\/728"}],"collection":[{"href":"https:\/\/www.pego.org\/noticies\/wp-json\/wp\/v2\/posts"}],"about":[{"href":"https:\/\/www.pego.org\/noticies\/wp-json\/wp\/v2\/types\/post"}],"author":[{"embeddable":true,"href":"https:\/\/www.pego.org\/noticies\/wp-json\/wp\/v2\/users\/2"}],"replies":[{"embeddable":true,"href":"https:\/\/www.pego.org\/noticies\/wp-json\/wp\/v2\/comments?post=728"}],"version-history":[{"count":2,"href":"https:\/\/www.pego.org\/noticies\/wp-json\/wp\/v2\/posts\/728\/revisions"}],"predecessor-version":[{"id":732,"href":"https:\/\/www.pego.org\/noticies\/wp-json\/wp\/v2\/posts\/728\/revisions\/732"}],"wp:attachment":[{"href":"https:\/\/www.pego.org\/noticies\/wp-json\/wp\/v2\/media?parent=728"}],"wp:term":[{"taxonomy":"category","embeddable":true,"href":"https:\/\/www.pego.org\/noticies\/wp-json\/wp\/v2\/categories?post=728"},{"taxonomy":"post_tag","embeddable":true,"href":"https:\/\/www.pego.org\/noticies\/wp-json\/wp\/v2\/tags?post=728"}],"curies":[{"name":"wp","href":"https:\/\/api.w.org\/{rel}","templated":true}]}}