{"id":733,"date":"2022-01-10T11:21:52","date_gmt":"2022-01-10T09:21:52","guid":{"rendered":"https:\/\/www.pego.org\/noticies\/?p=733"},"modified":"2022-01-10T11:21:55","modified_gmt":"2022-01-10T09:21:55","slug":"pego-protegeix-als-xiquets-i-xiquetes-en-el-seu-cami-a-les-escoles","status":"publish","type":"post","link":"https:\/\/www.pego.org\/noticies\/2022\/01\/10\/pego-protegeix-als-xiquets-i-xiquetes-en-el-seu-cami-a-les-escoles\/","title":{"rendered":"Pego protegeix als xiquets i xiquetes en el seu cam\u00ed a les escoles"},"content":{"rendered":"\n<p><em><strong>El consistori crea quatre Rutes Escolars Segures als centres educatius amb diferents tipus de senyalitzacions<\/strong><\/em><\/p>\n\n\n\n<p><\/p>\n\n\n\n<div class=\"wp-block-image\"><figure class=\"aligncenter size-large\"><img loading=\"lazy\" width=\"700\" height=\"497\" src=\"https:\/\/www.pego.org\/noticies\/wp-content\/uploads\/2022\/01\/Avancem-Rutes-Escolars-Segures-700x497.jpg\" alt=\"\" class=\"wp-image-738\" srcset=\"https:\/\/www.pego.org\/noticies\/wp-content\/uploads\/2022\/01\/Avancem-Rutes-Escolars-Segures-700x497.jpg 700w, https:\/\/www.pego.org\/noticies\/wp-content\/uploads\/2022\/01\/Avancem-Rutes-Escolars-Segures-250x177.jpg 250w, https:\/\/www.pego.org\/noticies\/wp-content\/uploads\/2022\/01\/Avancem-Rutes-Escolars-Segures-768x545.jpg 768w, https:\/\/www.pego.org\/noticies\/wp-content\/uploads\/2022\/01\/Avancem-Rutes-Escolars-Segures-1536x1090.jpg 1536w, https:\/\/www.pego.org\/noticies\/wp-content\/uploads\/2022\/01\/Avancem-Rutes-Escolars-Segures-120x85.jpg 120w, https:\/\/www.pego.org\/noticies\/wp-content\/uploads\/2022\/01\/Avancem-Rutes-Escolars-Segures.jpg 1748w\" sizes=\"(max-width: 700px) 100vw, 700px\" \/><figcaption>Actuaci\u00f3 inclosa al programa Avancem.<\/figcaption><\/figure><\/div>\n\n\n\n<p><\/p>\n\n\n\n<p>Anar a l\u2019escola amb la major seguretat possible. Eixe \u00e9s el principal objectiu de les noves Rutes Escolars Segures, una iniciativa que ha posat en marxa l\u2019Ajuntament de Pego. Es tracta de quatre recorreguts a peu que compten amb diferents tipus de senyalitzaci\u00f3 que xiquets i xiquetes poden seguir per arribar de la forma m\u00e9s segura fins als seus col\u00b7legis. Per aconseguir aquestes quatre rutes \u201cs\u2019ha dut a terme un estudi amb el qual s\u2019han tingut en compte factors com el tr\u00e0nsit de vehicles, les zones on viu m\u00e9s poblaci\u00f3 infantil o les senyalitzacions existents, entre d\u2019altres\u201d, matisa la regidora d\u2019Urbanisme, Laura Castell\u00e0.<\/p>\n\n\n\n<p>Els quatre tra\u00e7ats compten amb senyalitzaci\u00f3 vertical, un total de 17, dividides en dos tipus: les primeres s\u00f3n senyals que indiquen la direcci\u00f3 a prendre per a arribar als centres escolars (Carolina Sala, Rosalia Bondia, Ambra, Sant Antoni i IES Enric Valor); mentre que el segon tipus de senyals verticals marquen els punts d\u2019encontre entre dues rutes.<\/p>\n\n\n\n<p><\/p>\n\n\n\n<div class=\"wp-block-image\"><figure class=\"aligncenter size-large\"><img loading=\"lazy\" width=\"700\" height=\"525\" src=\"https:\/\/www.pego.org\/noticies\/wp-content\/uploads\/2022\/01\/Rutes-Escolars-Segures-I-700x525.jpg\" alt=\"\" class=\"wp-image-735\" srcset=\"https:\/\/www.pego.org\/noticies\/wp-content\/uploads\/2022\/01\/Rutes-Escolars-Segures-I-700x525.jpg 700w, https:\/\/www.pego.org\/noticies\/wp-content\/uploads\/2022\/01\/Rutes-Escolars-Segures-I-250x188.jpg 250w, https:\/\/www.pego.org\/noticies\/wp-content\/uploads\/2022\/01\/Rutes-Escolars-Segures-I-768x576.jpg 768w, https:\/\/www.pego.org\/noticies\/wp-content\/uploads\/2022\/01\/Rutes-Escolars-Segures-I-1536x1152.jpg 1536w, https:\/\/www.pego.org\/noticies\/wp-content\/uploads\/2022\/01\/Rutes-Escolars-Segures-I-2048x1536.jpg 2048w, https:\/\/www.pego.org\/noticies\/wp-content\/uploads\/2022\/01\/Rutes-Escolars-Segures-I-120x90.jpg 120w\" sizes=\"(max-width: 700px) 100vw, 700px\" \/><figcaption>Senyalitzaci\u00f3 de dos Rutes Escolars Segures.<\/figcaption><\/figure><\/div>\n\n\n\n<p><\/p>\n\n\n\n<p>A m\u00e9s de comptar amb els senyals verticals, les rutes a seguir tamb\u00e9 estaran indicades durant tot el recorregut amb marques de petjades roges sobre les voreres. Aquestes petjades s\u2019han pintat cada vint-i-cinc o trenta metres aproximadament. \u2018L\u2019estudi tamb\u00e9 va determinar la necessitat de modificar alguns passos de vianants per tal d\u2019adaptar-los a la ruta i aconseguir el cam\u00ed m\u00e9s segur pels escolars\u201d, remarca el regidor d\u2019Educaci\u00f3, Juanjo Arbona. Tamb\u00e9 s\u2019han pintat sobre els passos de vianants de les quatre rutes la consigna \u2018Para, mira, creua\u2019.<\/p>\n\n\n\n<p>Tot i que el principal objectiu d\u2019aquest projecte \u00e9s aconseguir que els xiquets i les xiquetes vagen caminant al col\u00b7legi, la qual cosa repercuteix directament en la salut pels beneficis que aquest exercici els aporta, tamb\u00e9 es pret\u00e9n una millora l\u2019atmosfera si s\u2019evita d\u2019aquesta forma que els pares utilitzen el cotxe per a realitzar els trajectes.<\/p>\n\n\n\n<p><\/p>\n\n\n\n<div class=\"wp-block-image\"><figure class=\"aligncenter size-large\"><img loading=\"lazy\" width=\"700\" height=\"525\" src=\"https:\/\/www.pego.org\/noticies\/wp-content\/uploads\/2022\/01\/Rutes-Escolars-Segures-III-700x525.jpg\" alt=\"\" class=\"wp-image-737\" srcset=\"https:\/\/www.pego.org\/noticies\/wp-content\/uploads\/2022\/01\/Rutes-Escolars-Segures-III-700x525.jpg 700w, https:\/\/www.pego.org\/noticies\/wp-content\/uploads\/2022\/01\/Rutes-Escolars-Segures-III-250x188.jpg 250w, https:\/\/www.pego.org\/noticies\/wp-content\/uploads\/2022\/01\/Rutes-Escolars-Segures-III-768x576.jpg 768w, https:\/\/www.pego.org\/noticies\/wp-content\/uploads\/2022\/01\/Rutes-Escolars-Segures-III-1536x1152.jpg 1536w, https:\/\/www.pego.org\/noticies\/wp-content\/uploads\/2022\/01\/Rutes-Escolars-Segures-III-2048x1536.jpg 2048w, https:\/\/www.pego.org\/noticies\/wp-content\/uploads\/2022\/01\/Rutes-Escolars-Segures-III-120x90.jpg 120w\" sizes=\"(max-width: 700px) 100vw, 700px\" \/><figcaption>Senyalitzaci\u00f3 de Punt de trobada.<\/figcaption><\/figure><\/div>\n\n\n\n<p><\/p>\n\n\n\n<p>El pressupost d\u2019aquest projecte de senyalitzaci\u00f3 de Rutes Escolars Segures \u00e9s de 16.985,48 euros i est\u00e0 totalment finan\u00e7at per l\u2019Ajuntament de Pego. \u201cLa seguretat dels nostres fills i filles \u00e9s primordial, cal fer tot el que siga necessari per a aconseguir-la\u201d, remarca el regidor d\u2019Educaci\u00f3.<\/p>\n\n\n\n<p><\/p>\n\n\n\n<div class=\"wp-block-image\"><figure class=\"aligncenter size-large\"><img loading=\"lazy\" width=\"700\" height=\"944\" src=\"https:\/\/www.pego.org\/noticies\/wp-content\/uploads\/2022\/01\/Rutes-Escolars-Segures-IV-700x944.jpg\" alt=\"\" class=\"wp-image-736\" srcset=\"https:\/\/www.pego.org\/noticies\/wp-content\/uploads\/2022\/01\/Rutes-Escolars-Segures-IV-700x944.jpg 700w, https:\/\/www.pego.org\/noticies\/wp-content\/uploads\/2022\/01\/Rutes-Escolars-Segures-IV-250x337.jpg 250w, https:\/\/www.pego.org\/noticies\/wp-content\/uploads\/2022\/01\/Rutes-Escolars-Segures-IV-768x1036.jpg 768w, https:\/\/www.pego.org\/noticies\/wp-content\/uploads\/2022\/01\/Rutes-Escolars-Segures-IV-1139x1536.jpg 1139w, https:\/\/www.pego.org\/noticies\/wp-content\/uploads\/2022\/01\/Rutes-Escolars-Segures-IV-1518x2048.jpg 1518w, https:\/\/www.pego.org\/noticies\/wp-content\/uploads\/2022\/01\/Rutes-Escolars-Segures-IV-120x162.jpg 120w, https:\/\/www.pego.org\/noticies\/wp-content\/uploads\/2022\/01\/Rutes-Escolars-Segures-IV-scaled.jpg 1898w\" sizes=\"(max-width: 700px) 100vw, 700px\" \/><figcaption>Senyalitzaci\u00f3 amb pintura.<\/figcaption><\/figure><\/div>\n\n\n\n<p><\/p>\n\n\n\n<p><\/p>\n\n\n\n<p class=\"has-text-align-center\"><strong><span style=\"text-decoration: underline\">Senyalitzaci\u00f3 que indica la direcci\u00f3<\/span><\/strong><\/p>\n\n\n\n<p><em><span style=\"text-decoration: underline\">Senyalitzaci\u00f3 vertical al col\u00b7legi Carolina Sala \u2013 IES Enric Valor:<\/span><\/em><\/p>\n\n\n\n<p><em>Un sentit<\/em><\/p>\n\n\n\n<p>&#8211; Un senyal al carrer la Pau prop al punt d\u2019encontre de la Pla\u00e7a Franciscanes Pur\u00edsima Concepci\u00f3 (Pla\u00e7a del Mercat), assenyalant al col\u00b7legi Carolina Sala i l\u2019institut Enric Valor.<\/p>\n\n\n\n<p>&#8211; Un senyal al passeig Reina Sofia, assenyalant al col\u00b7legi Carolina Sala i l\u2019institut Enric Valor.<\/p>\n\n\n\n<p><em>Dos sentits<\/em><\/p>\n\n\n\n<p>&#8211; Un senyal situada al cant\u00f3 de l\u2019encreuament entre l\u2019avinguda de Fontilles i carrer Murla assenyalant els col\u00b7legis Carolina Sala i Sant Antoni.<\/p>\n\n\n\n<p>&#8211; Un senyal situada a l\u2019encreuament entre l\u2019avinguda de Fontilles i carrer Sant Rafel assenyalant el col\u00b7legi Carolina Sala i l\u2019IES Enric Valor.<\/p>\n\n\n\n<p>&#8211; Un senyal amb dos sentits, situada a l\u2019avinguda de Fontilles amb l\u2019encreuament del carrer D\u00e9nia assenyalant el col\u00b7legi Carolina Sala i l\u2019IES Enric Valor.<\/p>\n\n\n\n<p><\/p>\n\n\n\n<p><em><span style=\"text-decoration: underline\">Senyalitzaci\u00f3 vertical al col\u00b7legi Rosalia Bondia:<\/span><\/em><\/p>\n\n\n\n<p><em>Dos sentits<\/em><\/p>\n\n\n\n<p>&#8211; Un senyal al carrer D\u00e9nia a la intersecci\u00f3 de l\u2019avinguda Val\u00e8ncia.<\/p>\n\n\n\n<p>&#8211; Un senyal a l\u2019avinguda de Val\u00e8ncia a la intersecci\u00f3 amb el carrer Sant Miquel.<\/p>\n\n\n\n<p><\/p>\n\n\n\n<p><em><span style=\"text-decoration: underline\">Senyalitzaci\u00f3 vertical a col\u00b7legi Sant Antoni:<\/span><\/em><\/p>\n\n\n\n<p>&#8211; Un senyal a la intersecci\u00f3 entre els carrers Murla i Mestre Berenguer.<\/p>\n\n\n\n<p><\/p>\n\n\n\n<p><em><span style=\"text-decoration: underline\">Senyalitzaci\u00f3 al col\u00b7legi Ambra:<\/span><\/em><\/p>\n\n\n\n<p>&#8211; Un senyal al carrer Sant Antoni de Padua a la intersecci\u00f3 amb el carrer Major.<\/p>\n\n\n\n<p>&#8211; Un senyal al carrer Sant Joaquim.<\/p>\n\n\n\n<p><\/p>\n\n\n\n<p><\/p>\n\n\n\n<p class=\"has-text-align-center\"><strong><span style=\"text-decoration: underline\">Senyalitzaci\u00f3 que indica punt de trobada<\/span><\/strong><\/p>\n\n\n\n<p><em>Un sentit<\/em><\/p>\n\n\n\n<p>&#8211; Un senyal al carrer Aquilino Barrachina direcci\u00f3 al col\u00b7legi Ambra.<\/p>\n\n\n\n<p>&#8211; Un senyal al passeig Cervantes direcci\u00f3 al col\u00b7legi Ambra.<\/p>\n\n\n\n<p>&#8211; Un senyal a la pla\u00e7a de la Constituci\u00f3 direcci\u00f3 col\u00b7legi Sant Antoni.<\/p>\n\n\n\n<p>&#8211; Un senyal al carrer Carolina Sala direcci\u00f3 al col\u00b7legi Ambra.<\/p>\n\n\n\n<p><\/p>\n\n\n\n<p>Dos sentits<\/p>\n\n\n\n<p>&#8211; Un senyal a la pla\u00e7a de l\u2019Ajuntament direcci\u00f3 als col\u00b7legis Sant Antoni i Rosalia Bondia.<\/p>\n\n\n\n<p>&#8211; Un senyal a la pla\u00e7a Franciscanes Pur\u00edssima Concepci\u00f3 (del Mercat) direcci\u00f3 als col\u00b7legis Sant Antoni i Carolina Sala.<\/p>\n","protected":false},"excerpt":{"rendered":"El consistori crea quatre Rutes Escolars Segures als centres educatius amb diferents tipus de senyalitzacions Anar a l\u2019escola amb la major seguretat possible. Eixe \u00e9s el principal objectiu de les noves Rutes Escolars Segures, una iniciativa que ha posat en marxa l\u2019Ajuntament de Pego. Es tracta de quatre recorreguts a peu que compten amb diferents&#8230; <a class=\"view-article\" href=\"https:\/\/www.pego.org\/noticies\/2022\/01\/10\/pego-protegeix-als-xiquets-i-xiquetes-en-el-seu-cami-a-les-escoles\/\">Veure Article<\/a>","protected":false},"author":2,"featured_media":0,"comment_status":"closed","ping_status":"open","sticky":false,"template":"","format":"standard","meta":[],"categories":[1],"tags":[],"yoast_head":"<!-- This site is optimized with the Yoast SEO plugin v19.4 - https:\/\/yoast.com\/wordpress\/plugins\/seo\/ -->\n<title>Pego protegeix als xiquets i xiquetes en el seu cam\u00ed a les escoles - Ajuntament de Pego<\/title>\n<meta name=\"robots\" content=\"index, follow, max-snippet:-1, max-image-preview:large, max-video-preview:-1\" \/>\n<link rel=\"canonical\" href=\"https:\/\/www.pego.org\/noticies\/2022\/01\/10\/pego-protegeix-als-xiquets-i-xiquetes-en-el-seu-cami-a-les-escoles\/\" \/>\n<meta property=\"og:locale\" content=\"ca_ES\" \/>\n<meta property=\"og:type\" content=\"article\" \/>\n<meta property=\"og:title\" content=\"Pego protegeix als xiquets i xiquetes en el seu cam\u00ed a les escoles - Ajuntament de Pego\" \/>\n<meta property=\"og:description\" content=\"El consistori crea quatre Rutes Escolars Segures als centres educatius amb diferents tipus de senyalitzacions Anar a l\u2019escola amb la major seguretat possible. Eixe \u00e9s el principal objectiu de les noves Rutes Escolars Segures, una iniciativa que ha posat en marxa l\u2019Ajuntament de Pego. Es tracta de quatre recorreguts a peu que compten amb diferents... Veure Article\" \/>\n<meta property=\"og:url\" content=\"https:\/\/www.pego.org\/noticies\/2022\/01\/10\/pego-protegeix-als-xiquets-i-xiquetes-en-el-seu-cami-a-les-escoles\/\" \/>\n<meta property=\"og:site_name\" content=\"Ajuntament de Pego\" \/>\n<meta property=\"article:publisher\" content=\"https:\/\/www.facebook.com\/ajuntament.de.pego\/\" \/>\n<meta property=\"article:published_time\" content=\"2022-01-10T09:21:52+00:00\" \/>\n<meta property=\"article:modified_time\" content=\"2022-01-10T09:21:55+00:00\" \/>\n<meta property=\"og:image\" content=\"https:\/\/www.pego.org\/noticies\/wp-content\/uploads\/2022\/01\/Avancem-Rutes-Escolars-Segures-700x497.jpg\" \/>\n<meta name=\"author\" content=\"Bernat Ortola\" \/>\n<meta name=\"twitter:card\" content=\"summary_large_image\" \/>\n<meta name=\"twitter:creator\" content=\"@ajupego\" \/>\n<meta name=\"twitter:site\" content=\"@ajupego\" \/>\n<meta name=\"twitter:label1\" content=\"Escrit per\" \/>\n\t<meta name=\"twitter:data1\" content=\"Bernat Ortola\" \/>\n\t<meta name=\"twitter:label2\" content=\"Temps estimat de lectura\" \/>\n\t<meta name=\"twitter:data2\" content=\"5 minuts\" \/>\n<script type=\"application\/ld+json\" class=\"yoast-schema-graph\">{\"@context\":\"https:\/\/schema.org\",\"@graph\":[{\"@type\":\"WebSite\",\"@id\":\"http:\/\/www.pego.org\/noticies\/#website\",\"url\":\"http:\/\/www.pego.org\/noticies\/\",\"name\":\"Ajuntament de Pego\",\"description\":\"\",\"potentialAction\":[{\"@type\":\"SearchAction\",\"target\":{\"@type\":\"EntryPoint\",\"urlTemplate\":\"http:\/\/www.pego.org\/noticies\/?s={search_term_string}\"},\"query-input\":\"required name=search_term_string\"}],\"inLanguage\":\"ca\"},{\"@type\":\"WebPage\",\"@id\":\"https:\/\/www.pego.org\/noticies\/2022\/01\/10\/pego-protegeix-als-xiquets-i-xiquetes-en-el-seu-cami-a-les-escoles\/\",\"url\":\"https:\/\/www.pego.org\/noticies\/2022\/01\/10\/pego-protegeix-als-xiquets-i-xiquetes-en-el-seu-cami-a-les-escoles\/\",\"name\":\"Pego protegeix als xiquets i xiquetes en el seu cam\u00ed a les escoles - Ajuntament de Pego\",\"isPartOf\":{\"@id\":\"http:\/\/www.pego.org\/noticies\/#website\"},\"datePublished\":\"2022-01-10T09:21:52+00:00\",\"dateModified\":\"2022-01-10T09:21:55+00:00\",\"author\":{\"@id\":\"http:\/\/www.pego.org\/noticies\/#\/schema\/person\/4326dac4f13188e6a8a1984f5eb1e0e6\"},\"breadcrumb\":{\"@id\":\"https:\/\/www.pego.org\/noticies\/2022\/01\/10\/pego-protegeix-als-xiquets-i-xiquetes-en-el-seu-cami-a-les-escoles\/#breadcrumb\"},\"inLanguage\":\"ca\",\"potentialAction\":[{\"@type\":\"ReadAction\",\"target\":[\"https:\/\/www.pego.org\/noticies\/2022\/01\/10\/pego-protegeix-als-xiquets-i-xiquetes-en-el-seu-cami-a-les-escoles\/\"]}]},{\"@type\":\"BreadcrumbList\",\"@id\":\"https:\/\/www.pego.org\/noticies\/2022\/01\/10\/pego-protegeix-als-xiquets-i-xiquetes-en-el-seu-cami-a-les-escoles\/#breadcrumb\",\"itemListElement\":[{\"@type\":\"ListItem\",\"position\":1,\"name\":\"Inici\",\"item\":\"http:\/\/www.pego.org\/noticies\/\"},{\"@type\":\"ListItem\",\"position\":2,\"name\":\"Pego protegeix als xiquets i xiquetes en el seu cam\u00ed a les escoles\"}]},{\"@type\":\"Person\",\"@id\":\"http:\/\/www.pego.org\/noticies\/#\/schema\/person\/4326dac4f13188e6a8a1984f5eb1e0e6\",\"name\":\"Bernat Ortola\",\"image\":{\"@type\":\"ImageObject\",\"inLanguage\":\"ca\",\"@id\":\"http:\/\/www.pego.org\/noticies\/#\/schema\/person\/image\/\",\"url\":\"https:\/\/secure.gravatar.com\/avatar\/75560795a8de75338a850c3d759f927c?s=96&d=mm&r=g\",\"contentUrl\":\"https:\/\/secure.gravatar.com\/avatar\/75560795a8de75338a850c3d759f927c?s=96&d=mm&r=g\",\"caption\":\"Bernat Ortola\"}}]}<\/script>\n<!-- \/ Yoast SEO plugin. -->","yoast_head_json":{"title":"Pego protegeix als xiquets i xiquetes en el seu cam\u00ed a les escoles - Ajuntament de Pego","robots":{"index":"index","follow":"follow","max-snippet":"max-snippet:-1","max-image-preview":"max-image-preview:large","max-video-preview":"max-video-preview:-1"},"canonical":"https:\/\/www.pego.org\/noticies\/2022\/01\/10\/pego-protegeix-als-xiquets-i-xiquetes-en-el-seu-cami-a-les-escoles\/","og_locale":"ca_ES","og_type":"article","og_title":"Pego protegeix als xiquets i xiquetes en el seu cam\u00ed a les escoles - Ajuntament de Pego","og_description":"El consistori crea quatre Rutes Escolars Segures als centres educatius amb diferents tipus de senyalitzacions Anar a l\u2019escola amb la major seguretat possible. Eixe \u00e9s el principal objectiu de les noves Rutes Escolars Segures, una iniciativa que ha posat en marxa l\u2019Ajuntament de Pego. Es tracta de quatre recorreguts a peu que compten amb diferents... Veure Article","og_url":"https:\/\/www.pego.org\/noticies\/2022\/01\/10\/pego-protegeix-als-xiquets-i-xiquetes-en-el-seu-cami-a-les-escoles\/","og_site_name":"Ajuntament de Pego","article_publisher":"https:\/\/www.facebook.com\/ajuntament.de.pego\/","article_published_time":"2022-01-10T09:21:52+00:00","article_modified_time":"2022-01-10T09:21:55+00:00","og_image":[{"url":"https:\/\/www.pego.org\/noticies\/wp-content\/uploads\/2022\/01\/Avancem-Rutes-Escolars-Segures-700x497.jpg"}],"author":"Bernat Ortola","twitter_card":"summary_large_image","twitter_creator":"@ajupego","twitter_site":"@ajupego","twitter_misc":{"Escrit per":"Bernat Ortola","Temps estimat de lectura":"5 minuts"},"schema":{"@context":"https:\/\/schema.org","@graph":[{"@type":"WebSite","@id":"http:\/\/www.pego.org\/noticies\/#website","url":"http:\/\/www.pego.org\/noticies\/","name":"Ajuntament de Pego","description":"","potentialAction":[{"@type":"SearchAction","target":{"@type":"EntryPoint","urlTemplate":"http:\/\/www.pego.org\/noticies\/?s={search_term_string}"},"query-input":"required name=search_term_string"}],"inLanguage":"ca"},{"@type":"WebPage","@id":"https:\/\/www.pego.org\/noticies\/2022\/01\/10\/pego-protegeix-als-xiquets-i-xiquetes-en-el-seu-cami-a-les-escoles\/","url":"https:\/\/www.pego.org\/noticies\/2022\/01\/10\/pego-protegeix-als-xiquets-i-xiquetes-en-el-seu-cami-a-les-escoles\/","name":"Pego protegeix als xiquets i xiquetes en el seu cam\u00ed a les escoles - Ajuntament de Pego","isPartOf":{"@id":"http:\/\/www.pego.org\/noticies\/#website"},"datePublished":"2022-01-10T09:21:52+00:00","dateModified":"2022-01-10T09:21:55+00:00","author":{"@id":"http:\/\/www.pego.org\/noticies\/#\/schema\/person\/4326dac4f13188e6a8a1984f5eb1e0e6"},"breadcrumb":{"@id":"https:\/\/www.pego.org\/noticies\/2022\/01\/10\/pego-protegeix-als-xiquets-i-xiquetes-en-el-seu-cami-a-les-escoles\/#breadcrumb"},"inLanguage":"ca","potentialAction":[{"@type":"ReadAction","target":["https:\/\/www.pego.org\/noticies\/2022\/01\/10\/pego-protegeix-als-xiquets-i-xiquetes-en-el-seu-cami-a-les-escoles\/"]}]},{"@type":"BreadcrumbList","@id":"https:\/\/www.pego.org\/noticies\/2022\/01\/10\/pego-protegeix-als-xiquets-i-xiquetes-en-el-seu-cami-a-les-escoles\/#breadcrumb","itemListElement":[{"@type":"ListItem","position":1,"name":"Inici","item":"http:\/\/www.pego.org\/noticies\/"},{"@type":"ListItem","position":2,"name":"Pego protegeix als xiquets i xiquetes en el seu cam\u00ed a les escoles"}]},{"@type":"Person","@id":"http:\/\/www.pego.org\/noticies\/#\/schema\/person\/4326dac4f13188e6a8a1984f5eb1e0e6","name":"Bernat Ortola","image":{"@type":"ImageObject","inLanguage":"ca","@id":"http:\/\/www.pego.org\/noticies\/#\/schema\/person\/image\/","url":"https:\/\/secure.gravatar.com\/avatar\/75560795a8de75338a850c3d759f927c?s=96&d=mm&r=g","contentUrl":"https:\/\/secure.gravatar.com\/avatar\/75560795a8de75338a850c3d759f927c?s=96&d=mm&r=g","caption":"Bernat Ortola"}}]}},"_links":{"self":[{"href":"https:\/\/www.pego.org\/noticies\/wp-json\/wp\/v2\/posts\/733"}],"collection":[{"href":"https:\/\/www.pego.org\/noticies\/wp-json\/wp\/v2\/posts"}],"about":[{"href":"https:\/\/www.pego.org\/noticies\/wp-json\/wp\/v2\/types\/post"}],"author":[{"embeddable":true,"href":"https:\/\/www.pego.org\/noticies\/wp-json\/wp\/v2\/users\/2"}],"replies":[{"embeddable":true,"href":"https:\/\/www.pego.org\/noticies\/wp-json\/wp\/v2\/comments?post=733"}],"version-history":[{"count":2,"href":"https:\/\/www.pego.org\/noticies\/wp-json\/wp\/v2\/posts\/733\/revisions"}],"predecessor-version":[{"id":739,"href":"https:\/\/www.pego.org\/noticies\/wp-json\/wp\/v2\/posts\/733\/revisions\/739"}],"wp:attachment":[{"href":"https:\/\/www.pego.org\/noticies\/wp-json\/wp\/v2\/media?parent=733"}],"wp:term":[{"taxonomy":"category","embeddable":true,"href":"https:\/\/www.pego.org\/noticies\/wp-json\/wp\/v2\/categories?post=733"},{"taxonomy":"post_tag","embeddable":true,"href":"https:\/\/www.pego.org\/noticies\/wp-json\/wp\/v2\/tags?post=733"}],"curies":[{"name":"wp","href":"https:\/\/api.w.org\/{rel}","templated":true}]}}