{"id":741,"date":"2022-01-12T15:16:07","date_gmt":"2022-01-12T13:16:07","guid":{"rendered":"https:\/\/www.pego.org\/noticies\/?p=741"},"modified":"2022-01-12T15:20:28","modified_gmt":"2022-01-12T13:20:28","slug":"adequacio-del-poligon-industrial-sector-2-industrial-pego","status":"publish","type":"post","link":"https:\/\/www.pego.org\/noticies\/2022\/01\/12\/adequacio-del-poligon-industrial-sector-2-industrial-pego\/","title":{"rendered":"Adequaci\u00f3 del pol\u00edgon industrial Sector 2 (Industrial) &#8211; Pego"},"content":{"rendered":"\n<p><\/p>\n\n\n\n<div class=\"wp-block-image\"><figure class=\"aligncenter size-full\"><img loading=\"lazy\" width=\"462\" height=\"196\" src=\"https:\/\/www.pego.org\/noticies\/wp-content\/uploads\/2022\/01\/Segell.jpg\" alt=\"\" class=\"wp-image-742\" srcset=\"https:\/\/www.pego.org\/noticies\/wp-content\/uploads\/2022\/01\/Segell.jpg 462w, https:\/\/www.pego.org\/noticies\/wp-content\/uploads\/2022\/01\/Segell-250x106.jpg 250w, https:\/\/www.pego.org\/noticies\/wp-content\/uploads\/2022\/01\/Segell-120x51.jpg 120w\" sizes=\"(max-width: 462px) 100vw, 462px\" \/><\/figure><\/div>\n\n\n\n<p>Projecte elaborat amb l&#8217;ajuda de l&#8217;Institut Valenci\u00e0 de Competitivitat (IVACE). Convocat\u00f2ria d&#8217;ajudes per a projectes d&#8217;inversi\u00f3 per a la millora, modernitzaci\u00f3 i dotaci\u00f3 d&#8217;infraestructures i servicis en pol\u00edgons, \u00e0rees industrials i enclavaments tecnol\u00f2gics amb c\u00e0rrec al pressupost de l&#8217;exercici 2021.<\/p>\n\n\n\n<p><\/p>\n\n\n\n<p><\/p>\n\n\n\n<p>EXCAVACIONES BLAS ANTEQUERA S.L.                                             Lot 1: Obra civil fibra \u00f2ptica.<\/p>\n\n\n\n<p>ACEINSA MOVILIDAD S. A.                                                                 Lot 2: Circuit tancat de televisi\u00f3 (CCTV)<\/p>\n\n\n\n<p>HIDRAQUA GESTI\u00d3N INTEGRAL DE AGUAS DE LEVANTE S. A.          Lot 3: Servicis contra incendis.<\/p>\n\n\n\n<p>CIVIL MATENG S. L.  &#8211; REDACCI\u00d3N PROYECTO Y DIRECCI\u00d3N DE OBRAS<\/p>\n\n\n\n<p><\/p>\n\n\n\n<p><\/p>\n\n\n\n<p><strong>Beneficiari:                                                              Ayuntamiento de Pego<\/strong><\/p>\n\n\n\n<p><strong>Inversi\u00f3 total:                                                          198.410,40 \u20ac<\/strong><\/p>\n\n\n\n<p><strong>Subvenci\u00f3 concedida:                                             164.025,87 \u20ac<\/strong><\/p>\n\n\n\n<p><strong>Lot 1: Obra civil fibra \u00f2ptica:                                   118.455,49 \u20ac<\/strong><\/p>\n\n\n\n<p><strong>Lot 2: Circuit tancat de televisi\u00f3 (CCTV):                   40.476,97 \u20ac<\/strong><\/p>\n\n\n\n<p><strong>Lot 3: Servicis contra incendis:                                  24.667,53 \u20ac<\/strong><\/p>\n\n\n\n<p><strong>Cost d&#8217;execuci\u00f3 de les obres i\/o instal\u00b7lacions:        183.600,00 \u20ac<\/strong><\/p>\n\n\n\n<p><strong>Subvenci\u00f3 concebuda:                                             151.782,12 \u20ac<\/strong><\/p>\n\n\n\n<p><strong>Cost de redacci\u00f3 del projecte, SS i DO:                      14.810,40 \u20ac<\/strong><\/p>\n\n\n\n<p><strong>Subvenci\u00f3 concebuda:                                                12.243,75 \u20ac<\/strong><\/p>\n\n\n\n<p><\/p>\n\n\n\n<p><\/p>\n\n\n\n<p>L&#8217;Ajuntament de Pego ha rebut una subvenci\u00f3 per import de 164.025,87 euros per a la realitzaci\u00f3 del projecte d&#8217;Adequaci\u00f3 del Pol\u00edgon Industrial Sector 2 (Industrial), dins del programa Millores d&#8217;Infraestructures de Parcs Empresarials, anualitat 2021.<\/p>\n\n\n\n<p><\/p>\n\n\n\n<p><strong>Convocat\u00f2ria: Resoluci\u00f3 de 22 de desembre de 2020, del president de l&#8217;Institut Valenci\u00e0 de Competitivitat Empresarial (IVACE) per la qual es convoquen ajudes per a projectes d&#8217;inversi\u00f3 per a la millora, modernitzaci\u00f3 i dotaci\u00f3 d&#8217;infraestructures i servicis en pol\u00edgons, \u00e0rees industrials i enclavaments tecnol\u00f2gics amb c\u00e0rrec al pressupost de l&#8217;exercici 2021. <\/strong><\/p>\n\n\n\n<p><\/p>\n\n\n\n<figure class=\"wp-block-image size-large\"><img loading=\"lazy\" width=\"700\" height=\"494\" src=\"https:\/\/www.pego.org\/noticies\/wp-content\/uploads\/2022\/01\/web-700x494.jpg\" alt=\"\" class=\"wp-image-747\" srcset=\"https:\/\/www.pego.org\/noticies\/wp-content\/uploads\/2022\/01\/web-700x494.jpg 700w, https:\/\/www.pego.org\/noticies\/wp-content\/uploads\/2022\/01\/web-250x176.jpg 250w, https:\/\/www.pego.org\/noticies\/wp-content\/uploads\/2022\/01\/web-768x542.jpg 768w, https:\/\/www.pego.org\/noticies\/wp-content\/uploads\/2022\/01\/web-120x85.jpg 120w, https:\/\/www.pego.org\/noticies\/wp-content\/uploads\/2022\/01\/web.jpg 903w\" sizes=\"(max-width: 700px) 100vw, 700px\" \/><\/figure>\n","protected":false},"excerpt":{"rendered":"Projecte elaborat amb l&#8217;ajuda de l&#8217;Institut Valenci\u00e0 de Competitivitat (IVACE). Convocat\u00f2ria d&#8217;ajudes per a projectes d&#8217;inversi\u00f3 per a la millora, modernitzaci\u00f3 i dotaci\u00f3 d&#8217;infraestructures i servicis en pol\u00edgons, \u00e0rees industrials i enclavaments tecnol\u00f2gics amb c\u00e0rrec al pressupost de l&#8217;exercici 2021. EXCAVACIONES BLAS ANTEQUERA S.L. Lot 1: Obra civil fibra \u00f2ptica. ACEINSA MOVILIDAD S. A. Lot&#8230; <a class=\"view-article\" href=\"https:\/\/www.pego.org\/noticies\/2022\/01\/12\/adequacio-del-poligon-industrial-sector-2-industrial-pego\/\">Veure Article<\/a>","protected":false},"author":2,"featured_media":0,"comment_status":"closed","ping_status":"open","sticky":false,"template":"","format":"standard","meta":[],"categories":[1],"tags":[],"yoast_head":"<!-- This site is optimized with the Yoast SEO plugin v19.4 - https:\/\/yoast.com\/wordpress\/plugins\/seo\/ -->\n<title>Adequaci\u00f3 del pol\u00edgon industrial Sector 2 (Industrial) - Pego - Ajuntament de Pego<\/title>\n<meta name=\"robots\" content=\"index, follow, max-snippet:-1, max-image-preview:large, max-video-preview:-1\" \/>\n<link rel=\"canonical\" href=\"https:\/\/www.pego.org\/noticies\/2022\/01\/12\/adequacio-del-poligon-industrial-sector-2-industrial-pego\/\" \/>\n<meta property=\"og:locale\" content=\"ca_ES\" \/>\n<meta property=\"og:type\" content=\"article\" \/>\n<meta property=\"og:title\" content=\"Adequaci\u00f3 del pol\u00edgon industrial Sector 2 (Industrial) - Pego - Ajuntament de Pego\" \/>\n<meta property=\"og:description\" content=\"Projecte elaborat amb l&#8217;ajuda de l&#8217;Institut Valenci\u00e0 de Competitivitat (IVACE). Convocat\u00f2ria d&#8217;ajudes per a projectes d&#8217;inversi\u00f3 per a la millora, modernitzaci\u00f3 i dotaci\u00f3 d&#8217;infraestructures i servicis en pol\u00edgons, \u00e0rees industrials i enclavaments tecnol\u00f2gics amb c\u00e0rrec al pressupost de l&#8217;exercici 2021. EXCAVACIONES BLAS ANTEQUERA S.L. Lot 1: Obra civil fibra \u00f2ptica. ACEINSA MOVILIDAD S. A. Lot... Veure Article\" \/>\n<meta property=\"og:url\" content=\"https:\/\/www.pego.org\/noticies\/2022\/01\/12\/adequacio-del-poligon-industrial-sector-2-industrial-pego\/\" \/>\n<meta property=\"og:site_name\" content=\"Ajuntament de Pego\" \/>\n<meta property=\"article:publisher\" content=\"https:\/\/www.facebook.com\/ajuntament.de.pego\/\" \/>\n<meta property=\"article:published_time\" content=\"2022-01-12T13:16:07+00:00\" \/>\n<meta property=\"article:modified_time\" content=\"2022-01-12T13:20:28+00:00\" \/>\n<meta property=\"og:image\" content=\"https:\/\/www.pego.org\/noticies\/wp-content\/uploads\/2022\/01\/Segell.jpg\" \/>\n<meta name=\"author\" content=\"Bernat Ortola\" \/>\n<meta name=\"twitter:card\" content=\"summary_large_image\" \/>\n<meta name=\"twitter:creator\" content=\"@ajupego\" \/>\n<meta name=\"twitter:site\" content=\"@ajupego\" \/>\n<meta name=\"twitter:label1\" content=\"Escrit per\" \/>\n\t<meta name=\"twitter:data1\" content=\"Bernat Ortola\" \/>\n\t<meta name=\"twitter:label2\" content=\"Temps estimat de lectura\" \/>\n\t<meta name=\"twitter:data2\" content=\"2 minuts\" \/>\n<script type=\"application\/ld+json\" class=\"yoast-schema-graph\">{\"@context\":\"https:\/\/schema.org\",\"@graph\":[{\"@type\":\"WebSite\",\"@id\":\"http:\/\/www.pego.org\/noticies\/#website\",\"url\":\"http:\/\/www.pego.org\/noticies\/\",\"name\":\"Ajuntament de Pego\",\"description\":\"\",\"potentialAction\":[{\"@type\":\"SearchAction\",\"target\":{\"@type\":\"EntryPoint\",\"urlTemplate\":\"http:\/\/www.pego.org\/noticies\/?s={search_term_string}\"},\"query-input\":\"required name=search_term_string\"}],\"inLanguage\":\"ca\"},{\"@type\":\"WebPage\",\"@id\":\"https:\/\/www.pego.org\/noticies\/2022\/01\/12\/adequacio-del-poligon-industrial-sector-2-industrial-pego\/\",\"url\":\"https:\/\/www.pego.org\/noticies\/2022\/01\/12\/adequacio-del-poligon-industrial-sector-2-industrial-pego\/\",\"name\":\"Adequaci\u00f3 del pol\u00edgon industrial Sector 2 (Industrial) - Pego - Ajuntament de Pego\",\"isPartOf\":{\"@id\":\"http:\/\/www.pego.org\/noticies\/#website\"},\"datePublished\":\"2022-01-12T13:16:07+00:00\",\"dateModified\":\"2022-01-12T13:20:28+00:00\",\"author\":{\"@id\":\"http:\/\/www.pego.org\/noticies\/#\/schema\/person\/4326dac4f13188e6a8a1984f5eb1e0e6\"},\"breadcrumb\":{\"@id\":\"https:\/\/www.pego.org\/noticies\/2022\/01\/12\/adequacio-del-poligon-industrial-sector-2-industrial-pego\/#breadcrumb\"},\"inLanguage\":\"ca\",\"potentialAction\":[{\"@type\":\"ReadAction\",\"target\":[\"https:\/\/www.pego.org\/noticies\/2022\/01\/12\/adequacio-del-poligon-industrial-sector-2-industrial-pego\/\"]}]},{\"@type\":\"BreadcrumbList\",\"@id\":\"https:\/\/www.pego.org\/noticies\/2022\/01\/12\/adequacio-del-poligon-industrial-sector-2-industrial-pego\/#breadcrumb\",\"itemListElement\":[{\"@type\":\"ListItem\",\"position\":1,\"name\":\"Inici\",\"item\":\"http:\/\/www.pego.org\/noticies\/\"},{\"@type\":\"ListItem\",\"position\":2,\"name\":\"Adequaci\u00f3 del pol\u00edgon industrial Sector 2 (Industrial) &#8211; Pego\"}]},{\"@type\":\"Person\",\"@id\":\"http:\/\/www.pego.org\/noticies\/#\/schema\/person\/4326dac4f13188e6a8a1984f5eb1e0e6\",\"name\":\"Bernat Ortola\",\"image\":{\"@type\":\"ImageObject\",\"inLanguage\":\"ca\",\"@id\":\"http:\/\/www.pego.org\/noticies\/#\/schema\/person\/image\/\",\"url\":\"https:\/\/secure.gravatar.com\/avatar\/75560795a8de75338a850c3d759f927c?s=96&d=mm&r=g\",\"contentUrl\":\"https:\/\/secure.gravatar.com\/avatar\/75560795a8de75338a850c3d759f927c?s=96&d=mm&r=g\",\"caption\":\"Bernat Ortola\"}}]}<\/script>\n<!-- \/ Yoast SEO plugin. -->","yoast_head_json":{"title":"Adequaci\u00f3 del pol\u00edgon industrial Sector 2 (Industrial) - Pego - Ajuntament de Pego","robots":{"index":"index","follow":"follow","max-snippet":"max-snippet:-1","max-image-preview":"max-image-preview:large","max-video-preview":"max-video-preview:-1"},"canonical":"https:\/\/www.pego.org\/noticies\/2022\/01\/12\/adequacio-del-poligon-industrial-sector-2-industrial-pego\/","og_locale":"ca_ES","og_type":"article","og_title":"Adequaci\u00f3 del pol\u00edgon industrial Sector 2 (Industrial) - Pego - Ajuntament de Pego","og_description":"Projecte elaborat amb l&#8217;ajuda de l&#8217;Institut Valenci\u00e0 de Competitivitat (IVACE). Convocat\u00f2ria d&#8217;ajudes per a projectes d&#8217;inversi\u00f3 per a la millora, modernitzaci\u00f3 i dotaci\u00f3 d&#8217;infraestructures i servicis en pol\u00edgons, \u00e0rees industrials i enclavaments tecnol\u00f2gics amb c\u00e0rrec al pressupost de l&#8217;exercici 2021. EXCAVACIONES BLAS ANTEQUERA S.L. Lot 1: Obra civil fibra \u00f2ptica. ACEINSA MOVILIDAD S. A. Lot... Veure Article","og_url":"https:\/\/www.pego.org\/noticies\/2022\/01\/12\/adequacio-del-poligon-industrial-sector-2-industrial-pego\/","og_site_name":"Ajuntament de Pego","article_publisher":"https:\/\/www.facebook.com\/ajuntament.de.pego\/","article_published_time":"2022-01-12T13:16:07+00:00","article_modified_time":"2022-01-12T13:20:28+00:00","og_image":[{"url":"https:\/\/www.pego.org\/noticies\/wp-content\/uploads\/2022\/01\/Segell.jpg"}],"author":"Bernat Ortola","twitter_card":"summary_large_image","twitter_creator":"@ajupego","twitter_site":"@ajupego","twitter_misc":{"Escrit per":"Bernat Ortola","Temps estimat de lectura":"2 minuts"},"schema":{"@context":"https:\/\/schema.org","@graph":[{"@type":"WebSite","@id":"http:\/\/www.pego.org\/noticies\/#website","url":"http:\/\/www.pego.org\/noticies\/","name":"Ajuntament de Pego","description":"","potentialAction":[{"@type":"SearchAction","target":{"@type":"EntryPoint","urlTemplate":"http:\/\/www.pego.org\/noticies\/?s={search_term_string}"},"query-input":"required name=search_term_string"}],"inLanguage":"ca"},{"@type":"WebPage","@id":"https:\/\/www.pego.org\/noticies\/2022\/01\/12\/adequacio-del-poligon-industrial-sector-2-industrial-pego\/","url":"https:\/\/www.pego.org\/noticies\/2022\/01\/12\/adequacio-del-poligon-industrial-sector-2-industrial-pego\/","name":"Adequaci\u00f3 del pol\u00edgon industrial Sector 2 (Industrial) - Pego - Ajuntament de Pego","isPartOf":{"@id":"http:\/\/www.pego.org\/noticies\/#website"},"datePublished":"2022-01-12T13:16:07+00:00","dateModified":"2022-01-12T13:20:28+00:00","author":{"@id":"http:\/\/www.pego.org\/noticies\/#\/schema\/person\/4326dac4f13188e6a8a1984f5eb1e0e6"},"breadcrumb":{"@id":"https:\/\/www.pego.org\/noticies\/2022\/01\/12\/adequacio-del-poligon-industrial-sector-2-industrial-pego\/#breadcrumb"},"inLanguage":"ca","potentialAction":[{"@type":"ReadAction","target":["https:\/\/www.pego.org\/noticies\/2022\/01\/12\/adequacio-del-poligon-industrial-sector-2-industrial-pego\/"]}]},{"@type":"BreadcrumbList","@id":"https:\/\/www.pego.org\/noticies\/2022\/01\/12\/adequacio-del-poligon-industrial-sector-2-industrial-pego\/#breadcrumb","itemListElement":[{"@type":"ListItem","position":1,"name":"Inici","item":"http:\/\/www.pego.org\/noticies\/"},{"@type":"ListItem","position":2,"name":"Adequaci\u00f3 del pol\u00edgon industrial Sector 2 (Industrial) &#8211; Pego"}]},{"@type":"Person","@id":"http:\/\/www.pego.org\/noticies\/#\/schema\/person\/4326dac4f13188e6a8a1984f5eb1e0e6","name":"Bernat Ortola","image":{"@type":"ImageObject","inLanguage":"ca","@id":"http:\/\/www.pego.org\/noticies\/#\/schema\/person\/image\/","url":"https:\/\/secure.gravatar.com\/avatar\/75560795a8de75338a850c3d759f927c?s=96&d=mm&r=g","contentUrl":"https:\/\/secure.gravatar.com\/avatar\/75560795a8de75338a850c3d759f927c?s=96&d=mm&r=g","caption":"Bernat Ortola"}}]}},"_links":{"self":[{"href":"https:\/\/www.pego.org\/noticies\/wp-json\/wp\/v2\/posts\/741"}],"collection":[{"href":"https:\/\/www.pego.org\/noticies\/wp-json\/wp\/v2\/posts"}],"about":[{"href":"https:\/\/www.pego.org\/noticies\/wp-json\/wp\/v2\/types\/post"}],"author":[{"embeddable":true,"href":"https:\/\/www.pego.org\/noticies\/wp-json\/wp\/v2\/users\/2"}],"replies":[{"embeddable":true,"href":"https:\/\/www.pego.org\/noticies\/wp-json\/wp\/v2\/comments?post=741"}],"version-history":[{"count":3,"href":"https:\/\/www.pego.org\/noticies\/wp-json\/wp\/v2\/posts\/741\/revisions"}],"predecessor-version":[{"id":748,"href":"https:\/\/www.pego.org\/noticies\/wp-json\/wp\/v2\/posts\/741\/revisions\/748"}],"wp:attachment":[{"href":"https:\/\/www.pego.org\/noticies\/wp-json\/wp\/v2\/media?parent=741"}],"wp:term":[{"taxonomy":"category","embeddable":true,"href":"https:\/\/www.pego.org\/noticies\/wp-json\/wp\/v2\/categories?post=741"},{"taxonomy":"post_tag","embeddable":true,"href":"https:\/\/www.pego.org\/noticies\/wp-json\/wp\/v2\/tags?post=741"}],"curies":[{"name":"wp","href":"https:\/\/api.w.org\/{rel}","templated":true}]}}