{"id":754,"date":"2022-01-17T13:10:20","date_gmt":"2022-01-17T11:10:20","guid":{"rendered":"https:\/\/www.pego.org\/noticies\/?p=754"},"modified":"2022-01-17T13:12:56","modified_gmt":"2022-01-17T11:12:56","slug":"pego-aposta-per-un-poligon-industrial-mes-connectat-i-segur","status":"publish","type":"post","link":"https:\/\/www.pego.org\/noticies\/2022\/01\/17\/pego-aposta-per-un-poligon-industrial-mes-connectat-i-segur\/","title":{"rendered":"Pego aposta per un pol\u00edgon industrial m\u00e9s connectat i segur"},"content":{"rendered":"\n<p><em>L&#8217;Ajuntament inverteix 198.410,87 euros per a implementar fibra \u00f2ptica, c\u00e0meres de seguretat i hidrants<\/em><\/p>\n\n\n\n<p><em>El projecte est\u00e0 subvencionat per l\u2019Institut Valenci\u00e0 de la Competitivitat Empresarial (Ivace)<\/em><\/p>\n\n\n\n<p><\/p>\n\n\n\n<div class=\"wp-block-image\"><figure class=\"aligncenter size-large\"><img loading=\"lazy\" width=\"700\" height=\"525\" src=\"https:\/\/www.pego.org\/noticies\/wp-content\/uploads\/2022\/01\/Poligon-industrial-3-1-700x525.jpg\" alt=\"\" class=\"wp-image-758\" srcset=\"https:\/\/www.pego.org\/noticies\/wp-content\/uploads\/2022\/01\/Poligon-industrial-3-1-700x525.jpg 700w, https:\/\/www.pego.org\/noticies\/wp-content\/uploads\/2022\/01\/Poligon-industrial-3-1-250x188.jpg 250w, https:\/\/www.pego.org\/noticies\/wp-content\/uploads\/2022\/01\/Poligon-industrial-3-1-768x576.jpg 768w, https:\/\/www.pego.org\/noticies\/wp-content\/uploads\/2022\/01\/Poligon-industrial-3-1-1536x1152.jpg 1536w, https:\/\/www.pego.org\/noticies\/wp-content\/uploads\/2022\/01\/Poligon-industrial-3-1-2048x1536.jpg 2048w, https:\/\/www.pego.org\/noticies\/wp-content\/uploads\/2022\/01\/Poligon-industrial-3-1-120x90.jpg 120w\" sizes=\"(max-width: 700px) 100vw, 700px\" \/><figcaption>Pol\u00edgon industrial de Pego.<\/figcaption><\/figure><\/div>\n\n\n\n<p><\/p>\n\n\n\n<p>M\u00e9s seguretat i millor connexi\u00f3 a la xarxa, eixos s\u00f3n els objectius de les millores que s\u2019estan duent a terme des de l\u2019Ajuntament de Pego en el pol\u00edgon industrial del municipi. Es tracta d\u2019una actuaci\u00f3 que inclou tres parts. La primera d\u2019elles \u00e9s la implementaci\u00f3 de la fibra \u00f2ptica en tot el recinte industrial, per facilitar una millor connectivitat a la xarxa per a les empreses instal\u00b7lades a la zona.<\/p>\n\n\n\n<p>La segona millora ser\u00e0 la instal\u00b7laci\u00f3 d\u2019un total de 10 c\u00e0meres de seguretat col\u00b7locades en punts estrat\u00e8gics de la zona industrial. Totes elles estaran en permanent connexi\u00f3 amb la Policia Local, \u201cl\u2019objectiu \u00e9s que en tot moment els agents de seguretat tinguen vigilada tota la zona, aconseguir que les empreses de la zona se senten m\u00e9s segures\u201d, apunta la regidora d\u2019Urbanisme, Laura Castell\u00e0.<\/p>\n\n\n\n<p>Per \u00faltim, en aquesta l\u00ednia de millores de seguretat, tamb\u00e9 s\u2019est\u00e0 instal\u00b7lant un total de 9 hidrants soterrats. Es busca facilitar el treball als bombers en un possible incendi, \u201ccom m\u00e9s punts tinguen a la seua disposici\u00f3, millor perqu\u00e8 puguen treballar amb major agilitat\u201d, remarca l\u2019edil.<\/p>\n\n\n\n<p>El muntant d\u2019esta actuaci\u00f3 \u00e9s de 198.410,87 euros i est\u00e0 subvencionada \u00edntegrament per l\u2019Institut Valenci\u00e0 de la Competitivitat Empresarial (Ivace). Les obres del pol\u00edgon s\u2019inclouen tamb\u00e9 en el llistat de millores del projecte Avancem posat en marxa per l\u2019Ajuntament.<\/p>\n\n\n\n<div class=\"wp-block-image\"><figure class=\"aligncenter size-large\"><img loading=\"lazy\" width=\"700\" height=\"497\" src=\"https:\/\/www.pego.org\/noticies\/wp-content\/uploads\/2022\/01\/Avancem-Poligon-industrial-700x497.jpg\" alt=\"\" class=\"wp-image-756\" srcset=\"https:\/\/www.pego.org\/noticies\/wp-content\/uploads\/2022\/01\/Avancem-Poligon-industrial-700x497.jpg 700w, https:\/\/www.pego.org\/noticies\/wp-content\/uploads\/2022\/01\/Avancem-Poligon-industrial-250x177.jpg 250w, https:\/\/www.pego.org\/noticies\/wp-content\/uploads\/2022\/01\/Avancem-Poligon-industrial-768x545.jpg 768w, https:\/\/www.pego.org\/noticies\/wp-content\/uploads\/2022\/01\/Avancem-Poligon-industrial-1536x1090.jpg 1536w, https:\/\/www.pego.org\/noticies\/wp-content\/uploads\/2022\/01\/Avancem-Poligon-industrial-120x85.jpg 120w, https:\/\/www.pego.org\/noticies\/wp-content\/uploads\/2022\/01\/Avancem-Poligon-industrial.jpg 1748w\" sizes=\"(max-width: 700px) 100vw, 700px\" \/><figcaption>Actuaci\u00f3 inclosa al programa Avancem.<\/figcaption><\/figure><\/div>\n","protected":false},"excerpt":{"rendered":"L&#8217;Ajuntament inverteix 198.410,87 euros per a implementar fibra \u00f2ptica, c\u00e0meres de seguretat i hidrants El projecte est\u00e0 subvencionat per l\u2019Institut Valenci\u00e0 de la Competitivitat Empresarial (Ivace) M\u00e9s seguretat i millor connexi\u00f3 a la xarxa, eixos s\u00f3n els objectius de les millores que s\u2019estan duent a terme des de l\u2019Ajuntament de Pego en el pol\u00edgon industrial&#8230; <a class=\"view-article\" href=\"https:\/\/www.pego.org\/noticies\/2022\/01\/17\/pego-aposta-per-un-poligon-industrial-mes-connectat-i-segur\/\">Veure Article<\/a>","protected":false},"author":2,"featured_media":0,"comment_status":"closed","ping_status":"open","sticky":false,"template":"","format":"standard","meta":[],"categories":[1],"tags":[],"yoast_head":"<!-- This site is optimized with the Yoast SEO plugin v19.4 - https:\/\/yoast.com\/wordpress\/plugins\/seo\/ -->\n<title>Pego aposta per un pol\u00edgon industrial m\u00e9s connectat i segur - Ajuntament de Pego<\/title>\n<meta name=\"robots\" content=\"index, follow, max-snippet:-1, max-image-preview:large, max-video-preview:-1\" \/>\n<link rel=\"canonical\" href=\"https:\/\/www.pego.org\/noticies\/2022\/01\/17\/pego-aposta-per-un-poligon-industrial-mes-connectat-i-segur\/\" \/>\n<meta property=\"og:locale\" content=\"ca_ES\" \/>\n<meta property=\"og:type\" content=\"article\" \/>\n<meta property=\"og:title\" content=\"Pego aposta per un pol\u00edgon industrial m\u00e9s connectat i segur - Ajuntament de Pego\" \/>\n<meta property=\"og:description\" content=\"L&#8217;Ajuntament inverteix 198.410,87 euros per a implementar fibra \u00f2ptica, c\u00e0meres de seguretat i hidrants El projecte est\u00e0 subvencionat per l\u2019Institut Valenci\u00e0 de la Competitivitat Empresarial (Ivace) M\u00e9s seguretat i millor connexi\u00f3 a la xarxa, eixos s\u00f3n els objectius de les millores que s\u2019estan duent a terme des de l\u2019Ajuntament de Pego en el pol\u00edgon industrial... Veure Article\" \/>\n<meta property=\"og:url\" content=\"https:\/\/www.pego.org\/noticies\/2022\/01\/17\/pego-aposta-per-un-poligon-industrial-mes-connectat-i-segur\/\" \/>\n<meta property=\"og:site_name\" content=\"Ajuntament de Pego\" \/>\n<meta property=\"article:publisher\" content=\"https:\/\/www.facebook.com\/ajuntament.de.pego\/\" \/>\n<meta property=\"article:published_time\" content=\"2022-01-17T11:10:20+00:00\" \/>\n<meta property=\"article:modified_time\" content=\"2022-01-17T11:12:56+00:00\" \/>\n<meta property=\"og:image\" content=\"https:\/\/www.pego.org\/noticies\/wp-content\/uploads\/2022\/01\/Poligon-industrial-3-1-700x525.jpg\" \/>\n<meta name=\"author\" content=\"Bernat Ortola\" \/>\n<meta name=\"twitter:card\" content=\"summary_large_image\" \/>\n<meta name=\"twitter:creator\" content=\"@ajupego\" \/>\n<meta name=\"twitter:site\" content=\"@ajupego\" \/>\n<meta name=\"twitter:label1\" content=\"Escrit per\" \/>\n\t<meta name=\"twitter:data1\" content=\"Bernat Ortola\" \/>\n\t<meta name=\"twitter:label2\" content=\"Temps estimat de lectura\" \/>\n\t<meta name=\"twitter:data2\" content=\"2 minuts\" \/>\n<script type=\"application\/ld+json\" class=\"yoast-schema-graph\">{\"@context\":\"https:\/\/schema.org\",\"@graph\":[{\"@type\":\"WebSite\",\"@id\":\"http:\/\/www.pego.org\/noticies\/#website\",\"url\":\"http:\/\/www.pego.org\/noticies\/\",\"name\":\"Ajuntament de Pego\",\"description\":\"\",\"potentialAction\":[{\"@type\":\"SearchAction\",\"target\":{\"@type\":\"EntryPoint\",\"urlTemplate\":\"http:\/\/www.pego.org\/noticies\/?s={search_term_string}\"},\"query-input\":\"required name=search_term_string\"}],\"inLanguage\":\"ca\"},{\"@type\":\"WebPage\",\"@id\":\"https:\/\/www.pego.org\/noticies\/2022\/01\/17\/pego-aposta-per-un-poligon-industrial-mes-connectat-i-segur\/\",\"url\":\"https:\/\/www.pego.org\/noticies\/2022\/01\/17\/pego-aposta-per-un-poligon-industrial-mes-connectat-i-segur\/\",\"name\":\"Pego aposta per un pol\u00edgon industrial m\u00e9s connectat i segur - Ajuntament de Pego\",\"isPartOf\":{\"@id\":\"http:\/\/www.pego.org\/noticies\/#website\"},\"datePublished\":\"2022-01-17T11:10:20+00:00\",\"dateModified\":\"2022-01-17T11:12:56+00:00\",\"author\":{\"@id\":\"http:\/\/www.pego.org\/noticies\/#\/schema\/person\/4326dac4f13188e6a8a1984f5eb1e0e6\"},\"breadcrumb\":{\"@id\":\"https:\/\/www.pego.org\/noticies\/2022\/01\/17\/pego-aposta-per-un-poligon-industrial-mes-connectat-i-segur\/#breadcrumb\"},\"inLanguage\":\"ca\",\"potentialAction\":[{\"@type\":\"ReadAction\",\"target\":[\"https:\/\/www.pego.org\/noticies\/2022\/01\/17\/pego-aposta-per-un-poligon-industrial-mes-connectat-i-segur\/\"]}]},{\"@type\":\"BreadcrumbList\",\"@id\":\"https:\/\/www.pego.org\/noticies\/2022\/01\/17\/pego-aposta-per-un-poligon-industrial-mes-connectat-i-segur\/#breadcrumb\",\"itemListElement\":[{\"@type\":\"ListItem\",\"position\":1,\"name\":\"Inici\",\"item\":\"http:\/\/www.pego.org\/noticies\/\"},{\"@type\":\"ListItem\",\"position\":2,\"name\":\"Pego aposta per un pol\u00edgon industrial m\u00e9s connectat i segur\"}]},{\"@type\":\"Person\",\"@id\":\"http:\/\/www.pego.org\/noticies\/#\/schema\/person\/4326dac4f13188e6a8a1984f5eb1e0e6\",\"name\":\"Bernat Ortola\",\"image\":{\"@type\":\"ImageObject\",\"inLanguage\":\"ca\",\"@id\":\"http:\/\/www.pego.org\/noticies\/#\/schema\/person\/image\/\",\"url\":\"https:\/\/secure.gravatar.com\/avatar\/75560795a8de75338a850c3d759f927c?s=96&d=mm&r=g\",\"contentUrl\":\"https:\/\/secure.gravatar.com\/avatar\/75560795a8de75338a850c3d759f927c?s=96&d=mm&r=g\",\"caption\":\"Bernat Ortola\"}}]}<\/script>\n<!-- \/ Yoast SEO plugin. -->","yoast_head_json":{"title":"Pego aposta per un pol\u00edgon industrial m\u00e9s connectat i segur - Ajuntament de Pego","robots":{"index":"index","follow":"follow","max-snippet":"max-snippet:-1","max-image-preview":"max-image-preview:large","max-video-preview":"max-video-preview:-1"},"canonical":"https:\/\/www.pego.org\/noticies\/2022\/01\/17\/pego-aposta-per-un-poligon-industrial-mes-connectat-i-segur\/","og_locale":"ca_ES","og_type":"article","og_title":"Pego aposta per un pol\u00edgon industrial m\u00e9s connectat i segur - Ajuntament de Pego","og_description":"L&#8217;Ajuntament inverteix 198.410,87 euros per a implementar fibra \u00f2ptica, c\u00e0meres de seguretat i hidrants El projecte est\u00e0 subvencionat per l\u2019Institut Valenci\u00e0 de la Competitivitat Empresarial (Ivace) M\u00e9s seguretat i millor connexi\u00f3 a la xarxa, eixos s\u00f3n els objectius de les millores que s\u2019estan duent a terme des de l\u2019Ajuntament de Pego en el pol\u00edgon industrial... Veure Article","og_url":"https:\/\/www.pego.org\/noticies\/2022\/01\/17\/pego-aposta-per-un-poligon-industrial-mes-connectat-i-segur\/","og_site_name":"Ajuntament de Pego","article_publisher":"https:\/\/www.facebook.com\/ajuntament.de.pego\/","article_published_time":"2022-01-17T11:10:20+00:00","article_modified_time":"2022-01-17T11:12:56+00:00","og_image":[{"url":"https:\/\/www.pego.org\/noticies\/wp-content\/uploads\/2022\/01\/Poligon-industrial-3-1-700x525.jpg"}],"author":"Bernat Ortola","twitter_card":"summary_large_image","twitter_creator":"@ajupego","twitter_site":"@ajupego","twitter_misc":{"Escrit per":"Bernat Ortola","Temps estimat de lectura":"2 minuts"},"schema":{"@context":"https:\/\/schema.org","@graph":[{"@type":"WebSite","@id":"http:\/\/www.pego.org\/noticies\/#website","url":"http:\/\/www.pego.org\/noticies\/","name":"Ajuntament de Pego","description":"","potentialAction":[{"@type":"SearchAction","target":{"@type":"EntryPoint","urlTemplate":"http:\/\/www.pego.org\/noticies\/?s={search_term_string}"},"query-input":"required name=search_term_string"}],"inLanguage":"ca"},{"@type":"WebPage","@id":"https:\/\/www.pego.org\/noticies\/2022\/01\/17\/pego-aposta-per-un-poligon-industrial-mes-connectat-i-segur\/","url":"https:\/\/www.pego.org\/noticies\/2022\/01\/17\/pego-aposta-per-un-poligon-industrial-mes-connectat-i-segur\/","name":"Pego aposta per un pol\u00edgon industrial m\u00e9s connectat i segur - Ajuntament de Pego","isPartOf":{"@id":"http:\/\/www.pego.org\/noticies\/#website"},"datePublished":"2022-01-17T11:10:20+00:00","dateModified":"2022-01-17T11:12:56+00:00","author":{"@id":"http:\/\/www.pego.org\/noticies\/#\/schema\/person\/4326dac4f13188e6a8a1984f5eb1e0e6"},"breadcrumb":{"@id":"https:\/\/www.pego.org\/noticies\/2022\/01\/17\/pego-aposta-per-un-poligon-industrial-mes-connectat-i-segur\/#breadcrumb"},"inLanguage":"ca","potentialAction":[{"@type":"ReadAction","target":["https:\/\/www.pego.org\/noticies\/2022\/01\/17\/pego-aposta-per-un-poligon-industrial-mes-connectat-i-segur\/"]}]},{"@type":"BreadcrumbList","@id":"https:\/\/www.pego.org\/noticies\/2022\/01\/17\/pego-aposta-per-un-poligon-industrial-mes-connectat-i-segur\/#breadcrumb","itemListElement":[{"@type":"ListItem","position":1,"name":"Inici","item":"http:\/\/www.pego.org\/noticies\/"},{"@type":"ListItem","position":2,"name":"Pego aposta per un pol\u00edgon industrial m\u00e9s connectat i segur"}]},{"@type":"Person","@id":"http:\/\/www.pego.org\/noticies\/#\/schema\/person\/4326dac4f13188e6a8a1984f5eb1e0e6","name":"Bernat Ortola","image":{"@type":"ImageObject","inLanguage":"ca","@id":"http:\/\/www.pego.org\/noticies\/#\/schema\/person\/image\/","url":"https:\/\/secure.gravatar.com\/avatar\/75560795a8de75338a850c3d759f927c?s=96&d=mm&r=g","contentUrl":"https:\/\/secure.gravatar.com\/avatar\/75560795a8de75338a850c3d759f927c?s=96&d=mm&r=g","caption":"Bernat Ortola"}}]}},"_links":{"self":[{"href":"https:\/\/www.pego.org\/noticies\/wp-json\/wp\/v2\/posts\/754"}],"collection":[{"href":"https:\/\/www.pego.org\/noticies\/wp-json\/wp\/v2\/posts"}],"about":[{"href":"https:\/\/www.pego.org\/noticies\/wp-json\/wp\/v2\/types\/post"}],"author":[{"embeddable":true,"href":"https:\/\/www.pego.org\/noticies\/wp-json\/wp\/v2\/users\/2"}],"replies":[{"embeddable":true,"href":"https:\/\/www.pego.org\/noticies\/wp-json\/wp\/v2\/comments?post=754"}],"version-history":[{"count":2,"href":"https:\/\/www.pego.org\/noticies\/wp-json\/wp\/v2\/posts\/754\/revisions"}],"predecessor-version":[{"id":760,"href":"https:\/\/www.pego.org\/noticies\/wp-json\/wp\/v2\/posts\/754\/revisions\/760"}],"wp:attachment":[{"href":"https:\/\/www.pego.org\/noticies\/wp-json\/wp\/v2\/media?parent=754"}],"wp:term":[{"taxonomy":"category","embeddable":true,"href":"https:\/\/www.pego.org\/noticies\/wp-json\/wp\/v2\/categories?post=754"},{"taxonomy":"post_tag","embeddable":true,"href":"https:\/\/www.pego.org\/noticies\/wp-json\/wp\/v2\/tags?post=754"}],"curies":[{"name":"wp","href":"https:\/\/api.w.org\/{rel}","templated":true}]}}