{"id":762,"date":"2022-01-24T14:07:34","date_gmt":"2022-01-24T12:07:34","guid":{"rendered":"https:\/\/www.pego.org\/noticies\/?p=762"},"modified":"2022-01-24T14:07:36","modified_gmt":"2022-01-24T12:07:36","slug":"pego-rehabilita-ledifici-de-lantic-collegi-cervantes-per-a-transformar-lo-en-la-nova-biblioteca","status":"publish","type":"post","link":"https:\/\/www.pego.org\/noticies\/2022\/01\/24\/pego-rehabilita-ledifici-de-lantic-collegi-cervantes-per-a-transformar-lo-en-la-nova-biblioteca\/","title":{"rendered":"Pego rehabilita l&#8217;edifici de l&#8217;antic col\u00b7legi Cervantes per a transformar-lo en la nova biblioteca"},"content":{"rendered":"\n<p><strong><em>L&#8217;import de la subvenci\u00f3 \u00e9s d&#8217;1.570.304,88 euros dels quals 950.000 euros s\u00f3n finan\u00e7ats per la Diputaci\u00f3 d&#8217;Alacant<\/em><\/strong><\/p>\n\n\n\n<p><\/p>\n\n\n\n<div class=\"wp-block-image\"><figure class=\"aligncenter size-large\"><img loading=\"lazy\" width=\"700\" height=\"525\" src=\"https:\/\/www.pego.org\/noticies\/wp-content\/uploads\/2022\/01\/Vell-institut-Pego-700x525.jpg\" alt=\"\" class=\"wp-image-763\" srcset=\"https:\/\/www.pego.org\/noticies\/wp-content\/uploads\/2022\/01\/Vell-institut-Pego-700x525.jpg 700w, https:\/\/www.pego.org\/noticies\/wp-content\/uploads\/2022\/01\/Vell-institut-Pego-250x188.jpg 250w, https:\/\/www.pego.org\/noticies\/wp-content\/uploads\/2022\/01\/Vell-institut-Pego-768x576.jpg 768w, https:\/\/www.pego.org\/noticies\/wp-content\/uploads\/2022\/01\/Vell-institut-Pego-1536x1152.jpg 1536w, https:\/\/www.pego.org\/noticies\/wp-content\/uploads\/2022\/01\/Vell-institut-Pego-2048x1536.jpg 2048w, https:\/\/www.pego.org\/noticies\/wp-content\/uploads\/2022\/01\/Vell-institut-Pego-120x90.jpg 120w\" sizes=\"(max-width: 700px) 100vw, 700px\" \/><figcaption>Obres a l&#8217;edifici de l&#8217;antic col\u00b7legi Cervantes.<\/figcaption><\/figure><\/div>\n\n\n\n<p><\/p>\n\n\n\n<p>L\u2019Ajuntament de Pego segueix desenvolupant els projectes inclosos al programa Avancem. Un d\u2019aquests, en marxa des de fa setmanes, \u00e9s el de la rehabilitaci\u00f3 integral de l\u2019edifici de l\u2019antic col\u00b7legi Cervantes per a convertir-lo en la nova biblioteca municipal. Es tracta d\u2019una de les propostes m\u00e9s ambiciosa de l\u2019actual executiu. Fins a l\u2019inici de les obres, l\u2019edifici albergava espais per a diferents associacions municipals.<\/p>\n\n\n\n<p>La reconversi\u00f3 de l\u2019edifici passa per una rehabilitaci\u00f3 integral, des del s\u00f2l, passant per la fa\u00e7ana, fins a la coberta; s\u2019estan adaptant les depend\u00e8ncies a les noves necessitats. L\u2019espai principal ser\u00e0 el que albergar\u00e0 la biblioteca, per aconseguir-ho s\u2019estan ampliant alguns dels departaments amb els quals comptava actualment l\u2019edifici.<\/p>\n\n\n\n<p>Aquest nou espai dedicat a la cultura tamb\u00e9 comptar\u00e0 amb una sala d\u2019actes i una aula d\u2019inform\u00e0tica. Tamb\u00e9 hi haur\u00e0 una \u2018bebeteca\u2019, un espai dedicat i habilitat pels m\u00e9s menuts, la intenci\u00f3 \u00e9s que es puga gaudir de la cultura des de menuts, per tal d\u2019aconseguir-ho s\u2019instal\u00b7laran alguns mobles adaptats per a xiquetes i xiquets de curta edat.<\/p>\n\n\n\n<p>El total de l\u2019import d\u2019aquesta rehabilitaci\u00f3 \u00e9s d\u20191.570.304,88 euros, dels quals la Diputaci\u00f3 d\u2019Alacant finan\u00e7a 950.000 euros. La resta, els 620.304,88 euros els assumeix l\u2019Ajuntament de Pego. Aquesta \u00e9s una de les obres m\u00e9s esperades i importants pel nostre municipi, amb aix\u00f2 aconseguirem tindre per fi una biblioteca amb condicions, adaptada als nous temps i diferents espais per a atendre les necessitats dels ve\u00efns i ve\u00efnes de Pego. A m\u00e9s, deixarem m\u00e9s espai a la Casa de Cultura per a millorar els espais que ja cohabiten all\u00ed com el Museu i l\u2019Arxiu i d\u2019altres nous.<\/p>\n\n\n\n<p><\/p>\n\n\n\n<p><\/p>\n\n\n\n<div class=\"wp-block-image\"><figure class=\"aligncenter size-large\"><img loading=\"lazy\" width=\"700\" height=\"497\" src=\"https:\/\/www.pego.org\/noticies\/wp-content\/uploads\/2022\/01\/Futura-biblioteca-de-Pego-700x497.jpg\" alt=\"\" class=\"wp-image-764\" srcset=\"https:\/\/www.pego.org\/noticies\/wp-content\/uploads\/2022\/01\/Futura-biblioteca-de-Pego-700x497.jpg 700w, https:\/\/www.pego.org\/noticies\/wp-content\/uploads\/2022\/01\/Futura-biblioteca-de-Pego-250x177.jpg 250w, https:\/\/www.pego.org\/noticies\/wp-content\/uploads\/2022\/01\/Futura-biblioteca-de-Pego-768x545.jpg 768w, https:\/\/www.pego.org\/noticies\/wp-content\/uploads\/2022\/01\/Futura-biblioteca-de-Pego-1536x1090.jpg 1536w, https:\/\/www.pego.org\/noticies\/wp-content\/uploads\/2022\/01\/Futura-biblioteca-de-Pego-120x85.jpg 120w, https:\/\/www.pego.org\/noticies\/wp-content\/uploads\/2022\/01\/Futura-biblioteca-de-Pego.jpg 1748w\" sizes=\"(max-width: 700px) 100vw, 700px\" \/><\/figure><\/div>\n","protected":false},"excerpt":{"rendered":"L&#8217;import de la subvenci\u00f3 \u00e9s d&#8217;1.570.304,88 euros dels quals 950.000 euros s\u00f3n finan\u00e7ats per la Diputaci\u00f3 d&#8217;Alacant L\u2019Ajuntament de Pego segueix desenvolupant els projectes inclosos al programa Avancem. Un d\u2019aquests, en marxa des de fa setmanes, \u00e9s el de la rehabilitaci\u00f3 integral de l\u2019edifici de l\u2019antic col\u00b7legi Cervantes per a convertir-lo en la nova biblioteca&#8230; <a class=\"view-article\" href=\"https:\/\/www.pego.org\/noticies\/2022\/01\/24\/pego-rehabilita-ledifici-de-lantic-collegi-cervantes-per-a-transformar-lo-en-la-nova-biblioteca\/\">Veure Article<\/a>","protected":false},"author":2,"featured_media":0,"comment_status":"closed","ping_status":"open","sticky":false,"template":"","format":"standard","meta":[],"categories":[1],"tags":[],"yoast_head":"<!-- This site is optimized with the Yoast SEO plugin v19.4 - https:\/\/yoast.com\/wordpress\/plugins\/seo\/ -->\n<title>Pego rehabilita l&#039;edifici de l&#039;antic col\u00b7legi Cervantes per a transformar-lo en la nova biblioteca - Ajuntament de Pego<\/title>\n<meta name=\"robots\" content=\"index, follow, max-snippet:-1, max-image-preview:large, max-video-preview:-1\" \/>\n<link rel=\"canonical\" href=\"https:\/\/www.pego.org\/noticies\/2022\/01\/24\/pego-rehabilita-ledifici-de-lantic-collegi-cervantes-per-a-transformar-lo-en-la-nova-biblioteca\/\" \/>\n<meta property=\"og:locale\" content=\"ca_ES\" \/>\n<meta property=\"og:type\" content=\"article\" \/>\n<meta property=\"og:title\" content=\"Pego rehabilita l&#039;edifici de l&#039;antic col\u00b7legi Cervantes per a transformar-lo en la nova biblioteca - Ajuntament de Pego\" \/>\n<meta property=\"og:description\" content=\"L&#8217;import de la subvenci\u00f3 \u00e9s d&#8217;1.570.304,88 euros dels quals 950.000 euros s\u00f3n finan\u00e7ats per la Diputaci\u00f3 d&#8217;Alacant L\u2019Ajuntament de Pego segueix desenvolupant els projectes inclosos al programa Avancem. Un d\u2019aquests, en marxa des de fa setmanes, \u00e9s el de la rehabilitaci\u00f3 integral de l\u2019edifici de l\u2019antic col\u00b7legi Cervantes per a convertir-lo en la nova biblioteca... Veure Article\" \/>\n<meta property=\"og:url\" content=\"https:\/\/www.pego.org\/noticies\/2022\/01\/24\/pego-rehabilita-ledifici-de-lantic-collegi-cervantes-per-a-transformar-lo-en-la-nova-biblioteca\/\" \/>\n<meta property=\"og:site_name\" content=\"Ajuntament de Pego\" \/>\n<meta property=\"article:publisher\" content=\"https:\/\/www.facebook.com\/ajuntament.de.pego\/\" \/>\n<meta property=\"article:published_time\" content=\"2022-01-24T12:07:34+00:00\" \/>\n<meta property=\"article:modified_time\" content=\"2022-01-24T12:07:36+00:00\" \/>\n<meta property=\"og:image\" content=\"https:\/\/www.pego.org\/noticies\/wp-content\/uploads\/2022\/01\/Vell-institut-Pego-700x525.jpg\" \/>\n<meta name=\"author\" content=\"Bernat Ortola\" \/>\n<meta name=\"twitter:card\" content=\"summary_large_image\" \/>\n<meta name=\"twitter:creator\" content=\"@ajupego\" \/>\n<meta name=\"twitter:site\" content=\"@ajupego\" \/>\n<meta name=\"twitter:label1\" content=\"Escrit per\" \/>\n\t<meta name=\"twitter:data1\" content=\"Bernat Ortola\" \/>\n\t<meta name=\"twitter:label2\" content=\"Temps estimat de lectura\" \/>\n\t<meta name=\"twitter:data2\" content=\"2 minuts\" \/>\n<script type=\"application\/ld+json\" class=\"yoast-schema-graph\">{\"@context\":\"https:\/\/schema.org\",\"@graph\":[{\"@type\":\"WebSite\",\"@id\":\"http:\/\/www.pego.org\/noticies\/#website\",\"url\":\"http:\/\/www.pego.org\/noticies\/\",\"name\":\"Ajuntament de Pego\",\"description\":\"\",\"potentialAction\":[{\"@type\":\"SearchAction\",\"target\":{\"@type\":\"EntryPoint\",\"urlTemplate\":\"http:\/\/www.pego.org\/noticies\/?s={search_term_string}\"},\"query-input\":\"required name=search_term_string\"}],\"inLanguage\":\"ca\"},{\"@type\":\"WebPage\",\"@id\":\"https:\/\/www.pego.org\/noticies\/2022\/01\/24\/pego-rehabilita-ledifici-de-lantic-collegi-cervantes-per-a-transformar-lo-en-la-nova-biblioteca\/\",\"url\":\"https:\/\/www.pego.org\/noticies\/2022\/01\/24\/pego-rehabilita-ledifici-de-lantic-collegi-cervantes-per-a-transformar-lo-en-la-nova-biblioteca\/\",\"name\":\"Pego rehabilita l'edifici de l'antic col\u00b7legi Cervantes per a transformar-lo en la nova biblioteca - Ajuntament de Pego\",\"isPartOf\":{\"@id\":\"http:\/\/www.pego.org\/noticies\/#website\"},\"datePublished\":\"2022-01-24T12:07:34+00:00\",\"dateModified\":\"2022-01-24T12:07:36+00:00\",\"author\":{\"@id\":\"http:\/\/www.pego.org\/noticies\/#\/schema\/person\/4326dac4f13188e6a8a1984f5eb1e0e6\"},\"breadcrumb\":{\"@id\":\"https:\/\/www.pego.org\/noticies\/2022\/01\/24\/pego-rehabilita-ledifici-de-lantic-collegi-cervantes-per-a-transformar-lo-en-la-nova-biblioteca\/#breadcrumb\"},\"inLanguage\":\"ca\",\"potentialAction\":[{\"@type\":\"ReadAction\",\"target\":[\"https:\/\/www.pego.org\/noticies\/2022\/01\/24\/pego-rehabilita-ledifici-de-lantic-collegi-cervantes-per-a-transformar-lo-en-la-nova-biblioteca\/\"]}]},{\"@type\":\"BreadcrumbList\",\"@id\":\"https:\/\/www.pego.org\/noticies\/2022\/01\/24\/pego-rehabilita-ledifici-de-lantic-collegi-cervantes-per-a-transformar-lo-en-la-nova-biblioteca\/#breadcrumb\",\"itemListElement\":[{\"@type\":\"ListItem\",\"position\":1,\"name\":\"Inici\",\"item\":\"http:\/\/www.pego.org\/noticies\/\"},{\"@type\":\"ListItem\",\"position\":2,\"name\":\"Pego rehabilita l&#8217;edifici de l&#8217;antic col\u00b7legi Cervantes per a transformar-lo en la nova biblioteca\"}]},{\"@type\":\"Person\",\"@id\":\"http:\/\/www.pego.org\/noticies\/#\/schema\/person\/4326dac4f13188e6a8a1984f5eb1e0e6\",\"name\":\"Bernat Ortola\",\"image\":{\"@type\":\"ImageObject\",\"inLanguage\":\"ca\",\"@id\":\"http:\/\/www.pego.org\/noticies\/#\/schema\/person\/image\/\",\"url\":\"https:\/\/secure.gravatar.com\/avatar\/75560795a8de75338a850c3d759f927c?s=96&d=mm&r=g\",\"contentUrl\":\"https:\/\/secure.gravatar.com\/avatar\/75560795a8de75338a850c3d759f927c?s=96&d=mm&r=g\",\"caption\":\"Bernat Ortola\"}}]}<\/script>\n<!-- \/ Yoast SEO plugin. -->","yoast_head_json":{"title":"Pego rehabilita l'edifici de l'antic col\u00b7legi Cervantes per a transformar-lo en la nova biblioteca - Ajuntament de Pego","robots":{"index":"index","follow":"follow","max-snippet":"max-snippet:-1","max-image-preview":"max-image-preview:large","max-video-preview":"max-video-preview:-1"},"canonical":"https:\/\/www.pego.org\/noticies\/2022\/01\/24\/pego-rehabilita-ledifici-de-lantic-collegi-cervantes-per-a-transformar-lo-en-la-nova-biblioteca\/","og_locale":"ca_ES","og_type":"article","og_title":"Pego rehabilita l'edifici de l'antic col\u00b7legi Cervantes per a transformar-lo en la nova biblioteca - Ajuntament de Pego","og_description":"L&#8217;import de la subvenci\u00f3 \u00e9s d&#8217;1.570.304,88 euros dels quals 950.000 euros s\u00f3n finan\u00e7ats per la Diputaci\u00f3 d&#8217;Alacant L\u2019Ajuntament de Pego segueix desenvolupant els projectes inclosos al programa Avancem. Un d\u2019aquests, en marxa des de fa setmanes, \u00e9s el de la rehabilitaci\u00f3 integral de l\u2019edifici de l\u2019antic col\u00b7legi Cervantes per a convertir-lo en la nova biblioteca... Veure Article","og_url":"https:\/\/www.pego.org\/noticies\/2022\/01\/24\/pego-rehabilita-ledifici-de-lantic-collegi-cervantes-per-a-transformar-lo-en-la-nova-biblioteca\/","og_site_name":"Ajuntament de Pego","article_publisher":"https:\/\/www.facebook.com\/ajuntament.de.pego\/","article_published_time":"2022-01-24T12:07:34+00:00","article_modified_time":"2022-01-24T12:07:36+00:00","og_image":[{"url":"https:\/\/www.pego.org\/noticies\/wp-content\/uploads\/2022\/01\/Vell-institut-Pego-700x525.jpg"}],"author":"Bernat Ortola","twitter_card":"summary_large_image","twitter_creator":"@ajupego","twitter_site":"@ajupego","twitter_misc":{"Escrit per":"Bernat Ortola","Temps estimat de lectura":"2 minuts"},"schema":{"@context":"https:\/\/schema.org","@graph":[{"@type":"WebSite","@id":"http:\/\/www.pego.org\/noticies\/#website","url":"http:\/\/www.pego.org\/noticies\/","name":"Ajuntament de Pego","description":"","potentialAction":[{"@type":"SearchAction","target":{"@type":"EntryPoint","urlTemplate":"http:\/\/www.pego.org\/noticies\/?s={search_term_string}"},"query-input":"required name=search_term_string"}],"inLanguage":"ca"},{"@type":"WebPage","@id":"https:\/\/www.pego.org\/noticies\/2022\/01\/24\/pego-rehabilita-ledifici-de-lantic-collegi-cervantes-per-a-transformar-lo-en-la-nova-biblioteca\/","url":"https:\/\/www.pego.org\/noticies\/2022\/01\/24\/pego-rehabilita-ledifici-de-lantic-collegi-cervantes-per-a-transformar-lo-en-la-nova-biblioteca\/","name":"Pego rehabilita l'edifici de l'antic col\u00b7legi Cervantes per a transformar-lo en la nova biblioteca - Ajuntament de Pego","isPartOf":{"@id":"http:\/\/www.pego.org\/noticies\/#website"},"datePublished":"2022-01-24T12:07:34+00:00","dateModified":"2022-01-24T12:07:36+00:00","author":{"@id":"http:\/\/www.pego.org\/noticies\/#\/schema\/person\/4326dac4f13188e6a8a1984f5eb1e0e6"},"breadcrumb":{"@id":"https:\/\/www.pego.org\/noticies\/2022\/01\/24\/pego-rehabilita-ledifici-de-lantic-collegi-cervantes-per-a-transformar-lo-en-la-nova-biblioteca\/#breadcrumb"},"inLanguage":"ca","potentialAction":[{"@type":"ReadAction","target":["https:\/\/www.pego.org\/noticies\/2022\/01\/24\/pego-rehabilita-ledifici-de-lantic-collegi-cervantes-per-a-transformar-lo-en-la-nova-biblioteca\/"]}]},{"@type":"BreadcrumbList","@id":"https:\/\/www.pego.org\/noticies\/2022\/01\/24\/pego-rehabilita-ledifici-de-lantic-collegi-cervantes-per-a-transformar-lo-en-la-nova-biblioteca\/#breadcrumb","itemListElement":[{"@type":"ListItem","position":1,"name":"Inici","item":"http:\/\/www.pego.org\/noticies\/"},{"@type":"ListItem","position":2,"name":"Pego rehabilita l&#8217;edifici de l&#8217;antic col\u00b7legi Cervantes per a transformar-lo en la nova biblioteca"}]},{"@type":"Person","@id":"http:\/\/www.pego.org\/noticies\/#\/schema\/person\/4326dac4f13188e6a8a1984f5eb1e0e6","name":"Bernat Ortola","image":{"@type":"ImageObject","inLanguage":"ca","@id":"http:\/\/www.pego.org\/noticies\/#\/schema\/person\/image\/","url":"https:\/\/secure.gravatar.com\/avatar\/75560795a8de75338a850c3d759f927c?s=96&d=mm&r=g","contentUrl":"https:\/\/secure.gravatar.com\/avatar\/75560795a8de75338a850c3d759f927c?s=96&d=mm&r=g","caption":"Bernat Ortola"}}]}},"_links":{"self":[{"href":"https:\/\/www.pego.org\/noticies\/wp-json\/wp\/v2\/posts\/762"}],"collection":[{"href":"https:\/\/www.pego.org\/noticies\/wp-json\/wp\/v2\/posts"}],"about":[{"href":"https:\/\/www.pego.org\/noticies\/wp-json\/wp\/v2\/types\/post"}],"author":[{"embeddable":true,"href":"https:\/\/www.pego.org\/noticies\/wp-json\/wp\/v2\/users\/2"}],"replies":[{"embeddable":true,"href":"https:\/\/www.pego.org\/noticies\/wp-json\/wp\/v2\/comments?post=762"}],"version-history":[{"count":1,"href":"https:\/\/www.pego.org\/noticies\/wp-json\/wp\/v2\/posts\/762\/revisions"}],"predecessor-version":[{"id":765,"href":"https:\/\/www.pego.org\/noticies\/wp-json\/wp\/v2\/posts\/762\/revisions\/765"}],"wp:attachment":[{"href":"https:\/\/www.pego.org\/noticies\/wp-json\/wp\/v2\/media?parent=762"}],"wp:term":[{"taxonomy":"category","embeddable":true,"href":"https:\/\/www.pego.org\/noticies\/wp-json\/wp\/v2\/categories?post=762"},{"taxonomy":"post_tag","embeddable":true,"href":"https:\/\/www.pego.org\/noticies\/wp-json\/wp\/v2\/tags?post=762"}],"curies":[{"name":"wp","href":"https:\/\/api.w.org\/{rel}","templated":true}]}}