{"id":766,"date":"2022-01-26T15:53:07","date_gmt":"2022-01-26T13:53:07","guid":{"rendered":"https:\/\/www.pego.org\/noticies\/?p=766"},"modified":"2022-01-26T17:52:31","modified_gmt":"2022-01-26T15:52:31","slug":"pego-millora-els-seus-mes-de-100-quilometres-de-senda","status":"publish","type":"post","link":"https:\/\/www.pego.org\/noticies\/2022\/01\/26\/pego-millora-els-seus-mes-de-100-quilometres-de-senda\/","title":{"rendered":"Pego millora els seus m\u00e9s de 100 quil\u00f2metres de senda"},"content":{"rendered":"\n<p><em>El projecte contempla la neteja, senyalitzaci\u00f3 i adaptaci\u00f3 de les rutes a la normativa de la FEMEVC<\/em><\/p>\n\n\n\n<p><em>Els Treballs estan finan\u00e7ats pel departament de Turisme de l&#8217;Ajuntament i els coordina el Centre Excursionista del municipi<\/em><\/p>\n\n\n\n<p><\/p>\n\n\n\n<div class=\"wp-block-image\"><figure class=\"aligncenter size-large\"><img loading=\"lazy\" width=\"700\" height=\"525\" src=\"https:\/\/www.pego.org\/noticies\/wp-content\/uploads\/2022\/01\/Senyalitzacio-I-700x525.jpg\" alt=\"\" class=\"wp-image-767\" srcset=\"https:\/\/www.pego.org\/noticies\/wp-content\/uploads\/2022\/01\/Senyalitzacio-I-700x525.jpg 700w, https:\/\/www.pego.org\/noticies\/wp-content\/uploads\/2022\/01\/Senyalitzacio-I-250x188.jpg 250w, https:\/\/www.pego.org\/noticies\/wp-content\/uploads\/2022\/01\/Senyalitzacio-I-768x576.jpg 768w, https:\/\/www.pego.org\/noticies\/wp-content\/uploads\/2022\/01\/Senyalitzacio-I-1536x1152.jpg 1536w, https:\/\/www.pego.org\/noticies\/wp-content\/uploads\/2022\/01\/Senyalitzacio-I-2048x1536.jpg 2048w, https:\/\/www.pego.org\/noticies\/wp-content\/uploads\/2022\/01\/Senyalitzacio-I-120x90.jpg 120w\" sizes=\"(max-width: 700px) 100vw, 700px\" \/><figcaption>Un dels nous panels informatius instal\u00b7lats.<\/figcaption><\/figure><\/div>\n\n\n\n<p><\/p>\n\n\n\n<p>El municipi de Pego es tira a les muntanyes per a millorar els m\u00e9s de 100 kil\u00f2metres de sendes que recorre el terme municipal. Es tracta d\u2019un projecte coordinat pel Centre Excursionista local i que consisteix en la rehabilitaci\u00f3 de les sendes, \u201ctant en l\u2019apartat de neteja, si \u00e9s necessari; i tamb\u00e9 en l\u2019apartat de la senyalitzaci\u00f3\u201d, apunta el responsable de la iniciativa, Ximo Sala. Una iniciativa que s\u2019est\u00e0 realitzant actualment.<\/p>\n\n\n\n<p>Respecte a la senyalitzaci\u00f3, s\u2019estan renovant les senyals d\u2019indicacions, amb fletxes direccionals; tamb\u00e9 s\u2019estan repintant algunes senyalitzacions fixades en diverses pedres; i a m\u00e9s s\u2019han instal\u00b7lat tres nous panels informatius. En aquestos tres \u00faltims es detalla \u2018informaci\u00f3 d\u2019una ruta concreta amb aspectes com el desnivell, la dificultat o la dist\u00e0ncia entre d\u2019altres\u201d, apunta Sala. La proposta, explica el coordinador, \u00e9s adaptar-les a la normativa de la Federaci\u00f3 d\u2019Esports de Muntanya i Escalada de la Comunitat Valenciana (FEMECV).<\/p>\n\n\n\n<p>El projecte contempla la millora de fins a set rutes en la que destaca una principal, la PRCV 58, amb aproximadament 29 quil\u00f2metres de dist\u00e0ncia i que va m\u00e9s enll\u00e0 de les fronteres de Pego, ja que a m\u00e9s recorre les muntanyes de Tormos, Sagra, l\u2019Adsubia i la Vall d\u2019Ebo. D\u2019aquest itinerari naix altres tres variants: la que uneix el Cam\u00ed de Vall d\u2019Ebo fins a la Figuereta, la senda del Xical fins a la Cova Blanca i la que va des del Pla del Miser\u00e0 fins al Castell de Benirrama.<\/p>\n\n\n\n<p><\/p>\n\n\n\n<div class=\"wp-block-image\"><figure class=\"aligncenter size-large\"><img loading=\"lazy\" width=\"700\" height=\"525\" src=\"https:\/\/www.pego.org\/noticies\/wp-content\/uploads\/2022\/01\/Senyalitzacio-III-700x525.jpg\" alt=\"\" class=\"wp-image-768\" srcset=\"https:\/\/www.pego.org\/noticies\/wp-content\/uploads\/2022\/01\/Senyalitzacio-III-700x525.jpg 700w, https:\/\/www.pego.org\/noticies\/wp-content\/uploads\/2022\/01\/Senyalitzacio-III-250x188.jpg 250w, https:\/\/www.pego.org\/noticies\/wp-content\/uploads\/2022\/01\/Senyalitzacio-III-768x576.jpg 768w, https:\/\/www.pego.org\/noticies\/wp-content\/uploads\/2022\/01\/Senyalitzacio-III-1536x1152.jpg 1536w, https:\/\/www.pego.org\/noticies\/wp-content\/uploads\/2022\/01\/Senyalitzacio-III-2048x1536.jpg 2048w, https:\/\/www.pego.org\/noticies\/wp-content\/uploads\/2022\/01\/Senyalitzacio-III-120x90.jpg 120w\" sizes=\"(max-width: 700px) 100vw, 700px\" \/><figcaption>Mapa amb les diferents rutes.<\/figcaption><\/figure><\/div>\n\n\n\n<p><\/p>\n\n\n\n<p>Tamb\u00e9 s\u2019estan millorant tres rutes m\u00e9s, Mostalla, la de la Creu de Bodoix i la del Barranc de la Canal; \u201caquestes no estan homologades per la FEMECV tan sols per excedir el tram per la zona urbana, encara que tamb\u00e9 s\u2019estan adequant com la resta\u201d, matisa Sala.<\/p>\n\n\n\n<p>A m\u00e9s est\u00e0 prevista la posada en marxa dels treballs per a millorar una altra senda, la que arriba a la Creu de Cabal fins al Barranc del Castell.<\/p>\n\n\n\n<p>La millora dels m\u00e9s de 100 quil\u00f2metres de sendes \u00e9s una posta del departament de Turisme de Pego i coincideix amb l\u2019any Internacional del Desenvolupament Sostenible de les Muntanyes. Est\u00e0 finan\u00e7at al 100% pel departament amb una dotaci\u00f3 de 10.000 euros.<\/p>\n\n\n\n<p>Des de l&#8217;Ajuntament de Pego es t\u00e9 el comprom\u00eds de seguir treballant per a condicionar velles sendes que han quedat inutilitzades pel pas del temps. \u00c9s una aposta per la natura i tamb\u00e9 pel turisme de muntanya. Perqu\u00e8 amb els m\u00e9s de 100 quil\u00f2metres, Pego \u00e9s terra de sendes.<\/p>\n","protected":false},"excerpt":{"rendered":"El projecte contempla la neteja, senyalitzaci\u00f3 i adaptaci\u00f3 de les rutes a la normativa de la FEMEVC Els Treballs estan finan\u00e7ats pel departament de Turisme de l&#8217;Ajuntament i els coordina el Centre Excursionista del municipi El municipi de Pego es tira a les muntanyes per a millorar els m\u00e9s de 100 kil\u00f2metres de sendes que&#8230; <a class=\"view-article\" href=\"https:\/\/www.pego.org\/noticies\/2022\/01\/26\/pego-millora-els-seus-mes-de-100-quilometres-de-senda\/\">Veure Article<\/a>","protected":false},"author":2,"featured_media":0,"comment_status":"closed","ping_status":"open","sticky":false,"template":"","format":"standard","meta":[],"categories":[1],"tags":[],"yoast_head":"<!-- This site is optimized with the Yoast SEO plugin v19.4 - https:\/\/yoast.com\/wordpress\/plugins\/seo\/ -->\n<title>Pego millora els seus m\u00e9s de 100 quil\u00f2metres de senda - Ajuntament de Pego<\/title>\n<meta name=\"robots\" content=\"index, follow, max-snippet:-1, max-image-preview:large, max-video-preview:-1\" \/>\n<link rel=\"canonical\" href=\"https:\/\/www.pego.org\/noticies\/2022\/01\/26\/pego-millora-els-seus-mes-de-100-quilometres-de-senda\/\" \/>\n<meta property=\"og:locale\" content=\"ca_ES\" \/>\n<meta property=\"og:type\" content=\"article\" \/>\n<meta property=\"og:title\" content=\"Pego millora els seus m\u00e9s de 100 quil\u00f2metres de senda - Ajuntament de Pego\" \/>\n<meta property=\"og:description\" content=\"El projecte contempla la neteja, senyalitzaci\u00f3 i adaptaci\u00f3 de les rutes a la normativa de la FEMEVC Els Treballs estan finan\u00e7ats pel departament de Turisme de l&#8217;Ajuntament i els coordina el Centre Excursionista del municipi El municipi de Pego es tira a les muntanyes per a millorar els m\u00e9s de 100 kil\u00f2metres de sendes que... Veure Article\" \/>\n<meta property=\"og:url\" content=\"https:\/\/www.pego.org\/noticies\/2022\/01\/26\/pego-millora-els-seus-mes-de-100-quilometres-de-senda\/\" \/>\n<meta property=\"og:site_name\" content=\"Ajuntament de Pego\" \/>\n<meta property=\"article:publisher\" content=\"https:\/\/www.facebook.com\/ajuntament.de.pego\/\" \/>\n<meta property=\"article:published_time\" content=\"2022-01-26T13:53:07+00:00\" \/>\n<meta property=\"article:modified_time\" content=\"2022-01-26T15:52:31+00:00\" \/>\n<meta property=\"og:image\" content=\"https:\/\/www.pego.org\/noticies\/wp-content\/uploads\/2022\/01\/Senyalitzacio-I-700x525.jpg\" \/>\n<meta name=\"author\" content=\"Bernat Ortola\" \/>\n<meta name=\"twitter:card\" content=\"summary_large_image\" \/>\n<meta name=\"twitter:creator\" content=\"@ajupego\" \/>\n<meta name=\"twitter:site\" content=\"@ajupego\" \/>\n<meta name=\"twitter:label1\" content=\"Escrit per\" \/>\n\t<meta name=\"twitter:data1\" content=\"Bernat Ortola\" \/>\n\t<meta name=\"twitter:label2\" content=\"Temps estimat de lectura\" \/>\n\t<meta name=\"twitter:data2\" content=\"3 minuts\" \/>\n<script type=\"application\/ld+json\" class=\"yoast-schema-graph\">{\"@context\":\"https:\/\/schema.org\",\"@graph\":[{\"@type\":\"WebSite\",\"@id\":\"http:\/\/www.pego.org\/noticies\/#website\",\"url\":\"http:\/\/www.pego.org\/noticies\/\",\"name\":\"Ajuntament de Pego\",\"description\":\"\",\"potentialAction\":[{\"@type\":\"SearchAction\",\"target\":{\"@type\":\"EntryPoint\",\"urlTemplate\":\"http:\/\/www.pego.org\/noticies\/?s={search_term_string}\"},\"query-input\":\"required name=search_term_string\"}],\"inLanguage\":\"ca\"},{\"@type\":\"WebPage\",\"@id\":\"https:\/\/www.pego.org\/noticies\/2022\/01\/26\/pego-millora-els-seus-mes-de-100-quilometres-de-senda\/\",\"url\":\"https:\/\/www.pego.org\/noticies\/2022\/01\/26\/pego-millora-els-seus-mes-de-100-quilometres-de-senda\/\",\"name\":\"Pego millora els seus m\u00e9s de 100 quil\u00f2metres de senda - Ajuntament de Pego\",\"isPartOf\":{\"@id\":\"http:\/\/www.pego.org\/noticies\/#website\"},\"datePublished\":\"2022-01-26T13:53:07+00:00\",\"dateModified\":\"2022-01-26T15:52:31+00:00\",\"author\":{\"@id\":\"http:\/\/www.pego.org\/noticies\/#\/schema\/person\/4326dac4f13188e6a8a1984f5eb1e0e6\"},\"breadcrumb\":{\"@id\":\"https:\/\/www.pego.org\/noticies\/2022\/01\/26\/pego-millora-els-seus-mes-de-100-quilometres-de-senda\/#breadcrumb\"},\"inLanguage\":\"ca\",\"potentialAction\":[{\"@type\":\"ReadAction\",\"target\":[\"https:\/\/www.pego.org\/noticies\/2022\/01\/26\/pego-millora-els-seus-mes-de-100-quilometres-de-senda\/\"]}]},{\"@type\":\"BreadcrumbList\",\"@id\":\"https:\/\/www.pego.org\/noticies\/2022\/01\/26\/pego-millora-els-seus-mes-de-100-quilometres-de-senda\/#breadcrumb\",\"itemListElement\":[{\"@type\":\"ListItem\",\"position\":1,\"name\":\"Inici\",\"item\":\"http:\/\/www.pego.org\/noticies\/\"},{\"@type\":\"ListItem\",\"position\":2,\"name\":\"Pego millora els seus m\u00e9s de 100 quil\u00f2metres de senda\"}]},{\"@type\":\"Person\",\"@id\":\"http:\/\/www.pego.org\/noticies\/#\/schema\/person\/4326dac4f13188e6a8a1984f5eb1e0e6\",\"name\":\"Bernat Ortola\",\"image\":{\"@type\":\"ImageObject\",\"inLanguage\":\"ca\",\"@id\":\"http:\/\/www.pego.org\/noticies\/#\/schema\/person\/image\/\",\"url\":\"https:\/\/secure.gravatar.com\/avatar\/75560795a8de75338a850c3d759f927c?s=96&d=mm&r=g\",\"contentUrl\":\"https:\/\/secure.gravatar.com\/avatar\/75560795a8de75338a850c3d759f927c?s=96&d=mm&r=g\",\"caption\":\"Bernat Ortola\"}}]}<\/script>\n<!-- \/ Yoast SEO plugin. -->","yoast_head_json":{"title":"Pego millora els seus m\u00e9s de 100 quil\u00f2metres de senda - Ajuntament de Pego","robots":{"index":"index","follow":"follow","max-snippet":"max-snippet:-1","max-image-preview":"max-image-preview:large","max-video-preview":"max-video-preview:-1"},"canonical":"https:\/\/www.pego.org\/noticies\/2022\/01\/26\/pego-millora-els-seus-mes-de-100-quilometres-de-senda\/","og_locale":"ca_ES","og_type":"article","og_title":"Pego millora els seus m\u00e9s de 100 quil\u00f2metres de senda - Ajuntament de Pego","og_description":"El projecte contempla la neteja, senyalitzaci\u00f3 i adaptaci\u00f3 de les rutes a la normativa de la FEMEVC Els Treballs estan finan\u00e7ats pel departament de Turisme de l&#8217;Ajuntament i els coordina el Centre Excursionista del municipi El municipi de Pego es tira a les muntanyes per a millorar els m\u00e9s de 100 kil\u00f2metres de sendes que... Veure Article","og_url":"https:\/\/www.pego.org\/noticies\/2022\/01\/26\/pego-millora-els-seus-mes-de-100-quilometres-de-senda\/","og_site_name":"Ajuntament de Pego","article_publisher":"https:\/\/www.facebook.com\/ajuntament.de.pego\/","article_published_time":"2022-01-26T13:53:07+00:00","article_modified_time":"2022-01-26T15:52:31+00:00","og_image":[{"url":"https:\/\/www.pego.org\/noticies\/wp-content\/uploads\/2022\/01\/Senyalitzacio-I-700x525.jpg"}],"author":"Bernat Ortola","twitter_card":"summary_large_image","twitter_creator":"@ajupego","twitter_site":"@ajupego","twitter_misc":{"Escrit per":"Bernat Ortola","Temps estimat de lectura":"3 minuts"},"schema":{"@context":"https:\/\/schema.org","@graph":[{"@type":"WebSite","@id":"http:\/\/www.pego.org\/noticies\/#website","url":"http:\/\/www.pego.org\/noticies\/","name":"Ajuntament de Pego","description":"","potentialAction":[{"@type":"SearchAction","target":{"@type":"EntryPoint","urlTemplate":"http:\/\/www.pego.org\/noticies\/?s={search_term_string}"},"query-input":"required name=search_term_string"}],"inLanguage":"ca"},{"@type":"WebPage","@id":"https:\/\/www.pego.org\/noticies\/2022\/01\/26\/pego-millora-els-seus-mes-de-100-quilometres-de-senda\/","url":"https:\/\/www.pego.org\/noticies\/2022\/01\/26\/pego-millora-els-seus-mes-de-100-quilometres-de-senda\/","name":"Pego millora els seus m\u00e9s de 100 quil\u00f2metres de senda - Ajuntament de Pego","isPartOf":{"@id":"http:\/\/www.pego.org\/noticies\/#website"},"datePublished":"2022-01-26T13:53:07+00:00","dateModified":"2022-01-26T15:52:31+00:00","author":{"@id":"http:\/\/www.pego.org\/noticies\/#\/schema\/person\/4326dac4f13188e6a8a1984f5eb1e0e6"},"breadcrumb":{"@id":"https:\/\/www.pego.org\/noticies\/2022\/01\/26\/pego-millora-els-seus-mes-de-100-quilometres-de-senda\/#breadcrumb"},"inLanguage":"ca","potentialAction":[{"@type":"ReadAction","target":["https:\/\/www.pego.org\/noticies\/2022\/01\/26\/pego-millora-els-seus-mes-de-100-quilometres-de-senda\/"]}]},{"@type":"BreadcrumbList","@id":"https:\/\/www.pego.org\/noticies\/2022\/01\/26\/pego-millora-els-seus-mes-de-100-quilometres-de-senda\/#breadcrumb","itemListElement":[{"@type":"ListItem","position":1,"name":"Inici","item":"http:\/\/www.pego.org\/noticies\/"},{"@type":"ListItem","position":2,"name":"Pego millora els seus m\u00e9s de 100 quil\u00f2metres de senda"}]},{"@type":"Person","@id":"http:\/\/www.pego.org\/noticies\/#\/schema\/person\/4326dac4f13188e6a8a1984f5eb1e0e6","name":"Bernat Ortola","image":{"@type":"ImageObject","inLanguage":"ca","@id":"http:\/\/www.pego.org\/noticies\/#\/schema\/person\/image\/","url":"https:\/\/secure.gravatar.com\/avatar\/75560795a8de75338a850c3d759f927c?s=96&d=mm&r=g","contentUrl":"https:\/\/secure.gravatar.com\/avatar\/75560795a8de75338a850c3d759f927c?s=96&d=mm&r=g","caption":"Bernat Ortola"}}]}},"_links":{"self":[{"href":"https:\/\/www.pego.org\/noticies\/wp-json\/wp\/v2\/posts\/766"}],"collection":[{"href":"https:\/\/www.pego.org\/noticies\/wp-json\/wp\/v2\/posts"}],"about":[{"href":"https:\/\/www.pego.org\/noticies\/wp-json\/wp\/v2\/types\/post"}],"author":[{"embeddable":true,"href":"https:\/\/www.pego.org\/noticies\/wp-json\/wp\/v2\/users\/2"}],"replies":[{"embeddable":true,"href":"https:\/\/www.pego.org\/noticies\/wp-json\/wp\/v2\/comments?post=766"}],"version-history":[{"count":5,"href":"https:\/\/www.pego.org\/noticies\/wp-json\/wp\/v2\/posts\/766\/revisions"}],"predecessor-version":[{"id":775,"href":"https:\/\/www.pego.org\/noticies\/wp-json\/wp\/v2\/posts\/766\/revisions\/775"}],"wp:attachment":[{"href":"https:\/\/www.pego.org\/noticies\/wp-json\/wp\/v2\/media?parent=766"}],"wp:term":[{"taxonomy":"category","embeddable":true,"href":"https:\/\/www.pego.org\/noticies\/wp-json\/wp\/v2\/categories?post=766"},{"taxonomy":"post_tag","embeddable":true,"href":"https:\/\/www.pego.org\/noticies\/wp-json\/wp\/v2\/tags?post=766"}],"curies":[{"name":"wp","href":"https:\/\/api.w.org\/{rel}","templated":true}]}}