{"id":776,"date":"2022-01-31T16:35:17","date_gmt":"2022-01-31T14:35:17","guid":{"rendered":"https:\/\/www.pego.org\/noticies\/?p=776"},"modified":"2022-01-31T16:35:20","modified_gmt":"2022-01-31T14:35:20","slug":"pego-dona-un-impuls-al-turisme-dautocaravanes-amb-la-construccio-duna-zona-daparcament","status":"publish","type":"post","link":"https:\/\/www.pego.org\/noticies\/2022\/01\/31\/pego-dona-un-impuls-al-turisme-dautocaravanes-amb-la-construccio-duna-zona-daparcament\/","title":{"rendered":"Pego dona un impuls al turisme d&#8217;autocaravanes amb la construcci\u00f3 d&#8217;una zona d&#8217;aparcament"},"content":{"rendered":"\n<p><em>La nova instal\u00b7laci\u00f3 se situar\u00e0 al passeig Michel i podr\u00e0 albergar fins a set vehicles d&#8217;aquest tipus al mateix temps<\/em><\/p>\n\n\n\n<p><\/p>\n\n\n\n<div class=\"wp-block-image\"><figure class=\"aligncenter size-large\"><img loading=\"lazy\" width=\"700\" height=\"525\" src=\"https:\/\/www.pego.org\/noticies\/wp-content\/uploads\/2022\/01\/Aparcament-caravanes-II-700x525.jpg\" alt=\"\" class=\"wp-image-777\" srcset=\"https:\/\/www.pego.org\/noticies\/wp-content\/uploads\/2022\/01\/Aparcament-caravanes-II-700x525.jpg 700w, https:\/\/www.pego.org\/noticies\/wp-content\/uploads\/2022\/01\/Aparcament-caravanes-II-250x188.jpg 250w, https:\/\/www.pego.org\/noticies\/wp-content\/uploads\/2022\/01\/Aparcament-caravanes-II-768x576.jpg 768w, https:\/\/www.pego.org\/noticies\/wp-content\/uploads\/2022\/01\/Aparcament-caravanes-II-1536x1152.jpg 1536w, https:\/\/www.pego.org\/noticies\/wp-content\/uploads\/2022\/01\/Aparcament-caravanes-II-2048x1536.jpg 2048w, https:\/\/www.pego.org\/noticies\/wp-content\/uploads\/2022\/01\/Aparcament-caravanes-II-120x90.jpg 120w\" sizes=\"(max-width: 700px) 100vw, 700px\" \/><figcaption>Operaris treballant al passeig Michel.<\/figcaption><\/figure><\/div>\n\n\n\n<p><\/p>\n\n\n\n<p>Pego vol ampliar el seu ventall d\u2019oferta tur\u00edstica i ha decidit donar un impuls a aquell que arriba en autocaravana. Per tal d\u2019aconseguir-ho l\u2019Ajuntament est\u00e0 construint una zona d\u2019aparcament i descans per a aquest tipus de vehicles. L\u2019espai escollit es troba al passeig Michel, una zona amplia i de f\u00e0cil acc\u00e9s pels conductors.<\/p>\n\n\n\n<p>El nou recinte tindr\u00e0 un total de set places d\u2019aparcament i comptar\u00e0 amb servici de c\u00e0rrega de bateries, aix\u00ed com per a carregar dep\u00f2sits d\u2019aigua. La zona, a m\u00e9s, estar\u00e0 connectada a la xarxa de clavegueram perqu\u00e8 es puguen buidar els sanejaments. \u201cEs contar\u00e0 amb tot el necessari per a prestar el servici b\u00e0sic d\u2019aquest tipus d\u2019\u00e0rees per a poder descansar. Cal remarcar que no es tracta d\u2019una zona de pernoctaci\u00f3\u201d, explica la regidora d\u2019Urbanisme, Laura Castell\u00e0.<\/p>\n\n\n\n<p>El pressupost d\u2019aquesta nova instal\u00b7laci\u00f3, actualment en construcci\u00f3, \u00e9s de 48.079 euros, i \u00e9s finan\u00e7ada per la Diputaci\u00f3 d\u2019Alacant, a trav\u00e9s del \u2018Plan M\u00e1s Cerca\u2019. \u201cAmb esta actuaci\u00f3 intentem obrir m\u00e9s el ventall d\u2019ofertes tur\u00edstiques i apostem per una altra forma de viatjar\u201d, apunta el regidor de Turisme, Ricardo Sendra. Respecte a la ubicaci\u00f3, l\u2019edil remarca que s\u2019ha optat pel passeig Michel \u201cperqu\u00e8 \u00e9s una zona de f\u00e0cil acc\u00e9s dins del cas urb\u00e0, a tan sols cinc minuts a peu del centre del poble. La idea \u00e9s que la gent visite el nostre entorn natural, per\u00f2 tamb\u00e9 el nostre nucli urb\u00e0, que conega Pego, la seua gent i la seua gastronomia\u201d.<\/p>\n\n\n\n<p><\/p>\n\n\n\n<div class=\"wp-block-image\"><figure class=\"aligncenter size-large is-resized\"><img loading=\"lazy\" src=\"https:\/\/www.pego.org\/noticies\/wp-content\/uploads\/2022\/01\/Aparcament-caravanes-700x525.jpg\" alt=\"\" class=\"wp-image-778\" width=\"700\" height=\"525\" srcset=\"https:\/\/www.pego.org\/noticies\/wp-content\/uploads\/2022\/01\/Aparcament-caravanes-700x525.jpg 700w, https:\/\/www.pego.org\/noticies\/wp-content\/uploads\/2022\/01\/Aparcament-caravanes-250x188.jpg 250w, https:\/\/www.pego.org\/noticies\/wp-content\/uploads\/2022\/01\/Aparcament-caravanes-768x576.jpg 768w, https:\/\/www.pego.org\/noticies\/wp-content\/uploads\/2022\/01\/Aparcament-caravanes-1536x1152.jpg 1536w, https:\/\/www.pego.org\/noticies\/wp-content\/uploads\/2022\/01\/Aparcament-caravanes-2048x1536.jpg 2048w, https:\/\/www.pego.org\/noticies\/wp-content\/uploads\/2022\/01\/Aparcament-caravanes-120x90.jpg 120w\" sizes=\"(max-width: 700px) 100vw, 700px\" \/><figcaption>Operaris treballant a la zona on s&#8217;ubicar\u00e0 l&#8217;aparcament d&#8217;autocaravanes.<\/figcaption><\/figure><\/div>\n","protected":false},"excerpt":{"rendered":"La nova instal\u00b7laci\u00f3 se situar\u00e0 al passeig Michel i podr\u00e0 albergar fins a set vehicles d&#8217;aquest tipus al mateix temps Pego vol ampliar el seu ventall d\u2019oferta tur\u00edstica i ha decidit donar un impuls a aquell que arriba en autocaravana. Per tal d\u2019aconseguir-ho l\u2019Ajuntament est\u00e0 construint una zona d\u2019aparcament i descans per a aquest tipus&#8230; <a class=\"view-article\" href=\"https:\/\/www.pego.org\/noticies\/2022\/01\/31\/pego-dona-un-impuls-al-turisme-dautocaravanes-amb-la-construccio-duna-zona-daparcament\/\">Veure Article<\/a>","protected":false},"author":2,"featured_media":0,"comment_status":"closed","ping_status":"open","sticky":false,"template":"","format":"standard","meta":[],"categories":[1],"tags":[],"yoast_head":"<!-- This site is optimized with the Yoast SEO plugin v19.4 - https:\/\/yoast.com\/wordpress\/plugins\/seo\/ -->\n<title>Pego dona un impuls al turisme d&#039;autocaravanes amb la construcci\u00f3 d&#039;una zona d&#039;aparcament - Ajuntament de Pego<\/title>\n<meta name=\"robots\" content=\"index, follow, max-snippet:-1, max-image-preview:large, max-video-preview:-1\" \/>\n<link rel=\"canonical\" href=\"https:\/\/www.pego.org\/noticies\/2022\/01\/31\/pego-dona-un-impuls-al-turisme-dautocaravanes-amb-la-construccio-duna-zona-daparcament\/\" \/>\n<meta property=\"og:locale\" content=\"ca_ES\" \/>\n<meta property=\"og:type\" content=\"article\" \/>\n<meta property=\"og:title\" content=\"Pego dona un impuls al turisme d&#039;autocaravanes amb la construcci\u00f3 d&#039;una zona d&#039;aparcament - Ajuntament de Pego\" \/>\n<meta property=\"og:description\" content=\"La nova instal\u00b7laci\u00f3 se situar\u00e0 al passeig Michel i podr\u00e0 albergar fins a set vehicles d&#8217;aquest tipus al mateix temps Pego vol ampliar el seu ventall d\u2019oferta tur\u00edstica i ha decidit donar un impuls a aquell que arriba en autocaravana. Per tal d\u2019aconseguir-ho l\u2019Ajuntament est\u00e0 construint una zona d\u2019aparcament i descans per a aquest tipus... Veure Article\" \/>\n<meta property=\"og:url\" content=\"https:\/\/www.pego.org\/noticies\/2022\/01\/31\/pego-dona-un-impuls-al-turisme-dautocaravanes-amb-la-construccio-duna-zona-daparcament\/\" \/>\n<meta property=\"og:site_name\" content=\"Ajuntament de Pego\" \/>\n<meta property=\"article:publisher\" content=\"https:\/\/www.facebook.com\/ajuntament.de.pego\/\" \/>\n<meta property=\"article:published_time\" content=\"2022-01-31T14:35:17+00:00\" \/>\n<meta property=\"article:modified_time\" content=\"2022-01-31T14:35:20+00:00\" \/>\n<meta property=\"og:image\" content=\"https:\/\/www.pego.org\/noticies\/wp-content\/uploads\/2022\/01\/Aparcament-caravanes-II-700x525.jpg\" \/>\n<meta name=\"author\" content=\"Bernat Ortola\" \/>\n<meta name=\"twitter:card\" content=\"summary_large_image\" \/>\n<meta name=\"twitter:creator\" content=\"@ajupego\" \/>\n<meta name=\"twitter:site\" content=\"@ajupego\" \/>\n<meta name=\"twitter:label1\" content=\"Escrit per\" \/>\n\t<meta name=\"twitter:data1\" content=\"Bernat Ortola\" \/>\n\t<meta name=\"twitter:label2\" content=\"Temps estimat de lectura\" \/>\n\t<meta name=\"twitter:data2\" content=\"2 minuts\" \/>\n<script type=\"application\/ld+json\" class=\"yoast-schema-graph\">{\"@context\":\"https:\/\/schema.org\",\"@graph\":[{\"@type\":\"WebSite\",\"@id\":\"http:\/\/www.pego.org\/noticies\/#website\",\"url\":\"http:\/\/www.pego.org\/noticies\/\",\"name\":\"Ajuntament de Pego\",\"description\":\"\",\"potentialAction\":[{\"@type\":\"SearchAction\",\"target\":{\"@type\":\"EntryPoint\",\"urlTemplate\":\"http:\/\/www.pego.org\/noticies\/?s={search_term_string}\"},\"query-input\":\"required name=search_term_string\"}],\"inLanguage\":\"ca\"},{\"@type\":\"WebPage\",\"@id\":\"https:\/\/www.pego.org\/noticies\/2022\/01\/31\/pego-dona-un-impuls-al-turisme-dautocaravanes-amb-la-construccio-duna-zona-daparcament\/\",\"url\":\"https:\/\/www.pego.org\/noticies\/2022\/01\/31\/pego-dona-un-impuls-al-turisme-dautocaravanes-amb-la-construccio-duna-zona-daparcament\/\",\"name\":\"Pego dona un impuls al turisme d'autocaravanes amb la construcci\u00f3 d'una zona d'aparcament - Ajuntament de Pego\",\"isPartOf\":{\"@id\":\"http:\/\/www.pego.org\/noticies\/#website\"},\"datePublished\":\"2022-01-31T14:35:17+00:00\",\"dateModified\":\"2022-01-31T14:35:20+00:00\",\"author\":{\"@id\":\"http:\/\/www.pego.org\/noticies\/#\/schema\/person\/4326dac4f13188e6a8a1984f5eb1e0e6\"},\"breadcrumb\":{\"@id\":\"https:\/\/www.pego.org\/noticies\/2022\/01\/31\/pego-dona-un-impuls-al-turisme-dautocaravanes-amb-la-construccio-duna-zona-daparcament\/#breadcrumb\"},\"inLanguage\":\"ca\",\"potentialAction\":[{\"@type\":\"ReadAction\",\"target\":[\"https:\/\/www.pego.org\/noticies\/2022\/01\/31\/pego-dona-un-impuls-al-turisme-dautocaravanes-amb-la-construccio-duna-zona-daparcament\/\"]}]},{\"@type\":\"BreadcrumbList\",\"@id\":\"https:\/\/www.pego.org\/noticies\/2022\/01\/31\/pego-dona-un-impuls-al-turisme-dautocaravanes-amb-la-construccio-duna-zona-daparcament\/#breadcrumb\",\"itemListElement\":[{\"@type\":\"ListItem\",\"position\":1,\"name\":\"Inici\",\"item\":\"http:\/\/www.pego.org\/noticies\/\"},{\"@type\":\"ListItem\",\"position\":2,\"name\":\"Pego dona un impuls al turisme d&#8217;autocaravanes amb la construcci\u00f3 d&#8217;una zona d&#8217;aparcament\"}]},{\"@type\":\"Person\",\"@id\":\"http:\/\/www.pego.org\/noticies\/#\/schema\/person\/4326dac4f13188e6a8a1984f5eb1e0e6\",\"name\":\"Bernat Ortola\",\"image\":{\"@type\":\"ImageObject\",\"inLanguage\":\"ca\",\"@id\":\"http:\/\/www.pego.org\/noticies\/#\/schema\/person\/image\/\",\"url\":\"https:\/\/secure.gravatar.com\/avatar\/75560795a8de75338a850c3d759f927c?s=96&d=mm&r=g\",\"contentUrl\":\"https:\/\/secure.gravatar.com\/avatar\/75560795a8de75338a850c3d759f927c?s=96&d=mm&r=g\",\"caption\":\"Bernat Ortola\"}}]}<\/script>\n<!-- \/ Yoast SEO plugin. -->","yoast_head_json":{"title":"Pego dona un impuls al turisme d'autocaravanes amb la construcci\u00f3 d'una zona d'aparcament - Ajuntament de Pego","robots":{"index":"index","follow":"follow","max-snippet":"max-snippet:-1","max-image-preview":"max-image-preview:large","max-video-preview":"max-video-preview:-1"},"canonical":"https:\/\/www.pego.org\/noticies\/2022\/01\/31\/pego-dona-un-impuls-al-turisme-dautocaravanes-amb-la-construccio-duna-zona-daparcament\/","og_locale":"ca_ES","og_type":"article","og_title":"Pego dona un impuls al turisme d'autocaravanes amb la construcci\u00f3 d'una zona d'aparcament - Ajuntament de Pego","og_description":"La nova instal\u00b7laci\u00f3 se situar\u00e0 al passeig Michel i podr\u00e0 albergar fins a set vehicles d&#8217;aquest tipus al mateix temps Pego vol ampliar el seu ventall d\u2019oferta tur\u00edstica i ha decidit donar un impuls a aquell que arriba en autocaravana. Per tal d\u2019aconseguir-ho l\u2019Ajuntament est\u00e0 construint una zona d\u2019aparcament i descans per a aquest tipus... Veure Article","og_url":"https:\/\/www.pego.org\/noticies\/2022\/01\/31\/pego-dona-un-impuls-al-turisme-dautocaravanes-amb-la-construccio-duna-zona-daparcament\/","og_site_name":"Ajuntament de Pego","article_publisher":"https:\/\/www.facebook.com\/ajuntament.de.pego\/","article_published_time":"2022-01-31T14:35:17+00:00","article_modified_time":"2022-01-31T14:35:20+00:00","og_image":[{"url":"https:\/\/www.pego.org\/noticies\/wp-content\/uploads\/2022\/01\/Aparcament-caravanes-II-700x525.jpg"}],"author":"Bernat Ortola","twitter_card":"summary_large_image","twitter_creator":"@ajupego","twitter_site":"@ajupego","twitter_misc":{"Escrit per":"Bernat Ortola","Temps estimat de lectura":"2 minuts"},"schema":{"@context":"https:\/\/schema.org","@graph":[{"@type":"WebSite","@id":"http:\/\/www.pego.org\/noticies\/#website","url":"http:\/\/www.pego.org\/noticies\/","name":"Ajuntament de Pego","description":"","potentialAction":[{"@type":"SearchAction","target":{"@type":"EntryPoint","urlTemplate":"http:\/\/www.pego.org\/noticies\/?s={search_term_string}"},"query-input":"required name=search_term_string"}],"inLanguage":"ca"},{"@type":"WebPage","@id":"https:\/\/www.pego.org\/noticies\/2022\/01\/31\/pego-dona-un-impuls-al-turisme-dautocaravanes-amb-la-construccio-duna-zona-daparcament\/","url":"https:\/\/www.pego.org\/noticies\/2022\/01\/31\/pego-dona-un-impuls-al-turisme-dautocaravanes-amb-la-construccio-duna-zona-daparcament\/","name":"Pego dona un impuls al turisme d'autocaravanes amb la construcci\u00f3 d'una zona d'aparcament - Ajuntament de Pego","isPartOf":{"@id":"http:\/\/www.pego.org\/noticies\/#website"},"datePublished":"2022-01-31T14:35:17+00:00","dateModified":"2022-01-31T14:35:20+00:00","author":{"@id":"http:\/\/www.pego.org\/noticies\/#\/schema\/person\/4326dac4f13188e6a8a1984f5eb1e0e6"},"breadcrumb":{"@id":"https:\/\/www.pego.org\/noticies\/2022\/01\/31\/pego-dona-un-impuls-al-turisme-dautocaravanes-amb-la-construccio-duna-zona-daparcament\/#breadcrumb"},"inLanguage":"ca","potentialAction":[{"@type":"ReadAction","target":["https:\/\/www.pego.org\/noticies\/2022\/01\/31\/pego-dona-un-impuls-al-turisme-dautocaravanes-amb-la-construccio-duna-zona-daparcament\/"]}]},{"@type":"BreadcrumbList","@id":"https:\/\/www.pego.org\/noticies\/2022\/01\/31\/pego-dona-un-impuls-al-turisme-dautocaravanes-amb-la-construccio-duna-zona-daparcament\/#breadcrumb","itemListElement":[{"@type":"ListItem","position":1,"name":"Inici","item":"http:\/\/www.pego.org\/noticies\/"},{"@type":"ListItem","position":2,"name":"Pego dona un impuls al turisme d&#8217;autocaravanes amb la construcci\u00f3 d&#8217;una zona d&#8217;aparcament"}]},{"@type":"Person","@id":"http:\/\/www.pego.org\/noticies\/#\/schema\/person\/4326dac4f13188e6a8a1984f5eb1e0e6","name":"Bernat Ortola","image":{"@type":"ImageObject","inLanguage":"ca","@id":"http:\/\/www.pego.org\/noticies\/#\/schema\/person\/image\/","url":"https:\/\/secure.gravatar.com\/avatar\/75560795a8de75338a850c3d759f927c?s=96&d=mm&r=g","contentUrl":"https:\/\/secure.gravatar.com\/avatar\/75560795a8de75338a850c3d759f927c?s=96&d=mm&r=g","caption":"Bernat Ortola"}}]}},"_links":{"self":[{"href":"https:\/\/www.pego.org\/noticies\/wp-json\/wp\/v2\/posts\/776"}],"collection":[{"href":"https:\/\/www.pego.org\/noticies\/wp-json\/wp\/v2\/posts"}],"about":[{"href":"https:\/\/www.pego.org\/noticies\/wp-json\/wp\/v2\/types\/post"}],"author":[{"embeddable":true,"href":"https:\/\/www.pego.org\/noticies\/wp-json\/wp\/v2\/users\/2"}],"replies":[{"embeddable":true,"href":"https:\/\/www.pego.org\/noticies\/wp-json\/wp\/v2\/comments?post=776"}],"version-history":[{"count":1,"href":"https:\/\/www.pego.org\/noticies\/wp-json\/wp\/v2\/posts\/776\/revisions"}],"predecessor-version":[{"id":779,"href":"https:\/\/www.pego.org\/noticies\/wp-json\/wp\/v2\/posts\/776\/revisions\/779"}],"wp:attachment":[{"href":"https:\/\/www.pego.org\/noticies\/wp-json\/wp\/v2\/media?parent=776"}],"wp:term":[{"taxonomy":"category","embeddable":true,"href":"https:\/\/www.pego.org\/noticies\/wp-json\/wp\/v2\/categories?post=776"},{"taxonomy":"post_tag","embeddable":true,"href":"https:\/\/www.pego.org\/noticies\/wp-json\/wp\/v2\/tags?post=776"}],"curies":[{"name":"wp","href":"https:\/\/api.w.org\/{rel}","templated":true}]}}