{"id":781,"date":"2022-02-01T15:06:46","date_gmt":"2022-02-01T13:06:46","guid":{"rendered":"https:\/\/www.pego.org\/noticies\/?p=781"},"modified":"2022-02-01T15:06:49","modified_gmt":"2022-02-01T13:06:49","slug":"pego-celebrara-la-baixa-del-riu-ajorna-el-carnestoltes-i-suspen-la-pinyata","status":"publish","type":"post","link":"https:\/\/www.pego.org\/noticies\/2022\/02\/01\/pego-celebrara-la-baixa-del-riu-ajorna-el-carnestoltes-i-suspen-la-pinyata\/","title":{"rendered":"Pego celebrar\u00e0 la Baix\u00e0 del Riu, ajorna el Carnestoltes i susp\u00e9n la Pinyata"},"content":{"rendered":"\n<p><em>L\u2019Equip de govern decideix esperar un temps prudencial per a veure com evoluciona la pand\u00e8mia<\/em> <em>i decidir aix\u00ed si organitza el Festival d\u2019Arts Esc\u00e8niques<\/em><\/p>\n\n\n\n<p><\/p>\n\n\n\n<div class=\"wp-block-image\"><figure class=\"aligncenter size-large\"><img loading=\"lazy\" width=\"700\" height=\"525\" src=\"https:\/\/www.pego.org\/noticies\/wp-content\/uploads\/2022\/02\/Carnestoltes-Pego-Festival-dArts-Esceniques-II-700x525.jpg\" alt=\"\" class=\"wp-image-783\" srcset=\"https:\/\/www.pego.org\/noticies\/wp-content\/uploads\/2022\/02\/Carnestoltes-Pego-Festival-dArts-Esceniques-II-700x525.jpg 700w, https:\/\/www.pego.org\/noticies\/wp-content\/uploads\/2022\/02\/Carnestoltes-Pego-Festival-dArts-Esceniques-II-250x188.jpg 250w, https:\/\/www.pego.org\/noticies\/wp-content\/uploads\/2022\/02\/Carnestoltes-Pego-Festival-dArts-Esceniques-II-768x576.jpg 768w, https:\/\/www.pego.org\/noticies\/wp-content\/uploads\/2022\/02\/Carnestoltes-Pego-Festival-dArts-Esceniques-II-1536x1153.jpg 1536w, https:\/\/www.pego.org\/noticies\/wp-content\/uploads\/2022\/02\/Carnestoltes-Pego-Festival-dArts-Esceniques-II-120x90.jpg 120w, https:\/\/www.pego.org\/noticies\/wp-content\/uploads\/2022\/02\/Carnestoltes-Pego-Festival-dArts-Esceniques-II.jpg 1599w\" sizes=\"(max-width: 700px) 100vw, 700px\" \/><figcaption>Presentaci\u00f3 del primer certamen d&#8217;Arts esc\u00e8niques, l&#8217;any 2020<\/figcaption><\/figure><\/div>\n\n\n\n<p>Ja hi ha confirmaci\u00f3 respecte als tres esdeveniments que engloben el Carnestoltes a Pego. L\u2019Ajuntament ha decidit celebrar la Baix\u00e0 del Riu, el pr\u00f2xim 19 de febrer; ajornar la festa de Carnestoltes, fixat pel 26 de febrer; i suspendre la Pinyata, que se celebraria el 5 de mar\u00e7.<\/p>\n\n\n\n<p>L\u2019actual situaci\u00f3 sanit\u00e0ria \u00e9s la principal ra\u00f3 per la qual l\u2019executiu, encap\u00e7alat per Enrique Moll, ha pres finalment aquesta decisi\u00f3 d\u2019ajornament de l\u2019acte centra d\u2019aquestes festes, el Carnestoltes. \u201cSabem que \u00e9s un dels esdeveniments m\u00e9s importants que tenim durant l\u2019any, per\u00f2 \u00e9s molt m\u00e9s important per a nosaltres la salut dels nostres ve\u00efns i ve\u00efnes. En les celebracions tradicionals de Carnestoltes, pre Covid, l\u2019aflu\u00e8ncia de gent al carrer \u00e9s immensa, per la qual cosa les aglomeracions eren impossibles d\u2019evitar. En aquests moments \u00e9s inviable celebrar aquest tipus de festa\u201d.<\/p>\n\n\n\n<p>Descartat el Carnestoltes a l\u2019\u00fas, l\u2019executiu ha optat per repetir la f\u00f3rmula del 2020, amb la celebraci\u00f3 del Festival d\u2019Arts Esc\u00e8niques, on en diferents punts del municipi es transformaven en escenes \u2018carnavalesques\u2019 (cabaret, moviment flower power, el gran circ o el Versalles paris\u00ed). Per\u00f2 de moment no tindr\u00e0 data de celebraci\u00f3, \u201chem decidit esperar que passe un temps prudencial, veure com evoluciona la pand\u00e8mia i si les dades negatives baixen i la situaci\u00f3 \u00e9s favorable, celebrarem el festival en una altra data\u201d. De moment aquesta no s\u2019ha fixat al calendari, \u201chem apostat per un format diferent i que va rebre molt bona acollida en la seua primera edici\u00f3. Volem que siga un referent per la qual cosa hem d\u2019estar molt segurs a l\u2019hora de fer-se sense riscos per a la salut, tant dels ve\u00efns i ve\u00efnes com pel mateix festival\u201d, hem d\u2019estar molt segurs a l\u2019hora de fer-ho\u201d, matisa Moll. Aquest temps d\u2019espera tamb\u00e9 servir\u00e0 per a confeccionar un protocol adaptat a la situaci\u00f3 sanit\u00e0ria del moment.<\/p>\n\n\n\n<p>La pr\u00e8via al Carnestoltes si es dur\u00e0 a terme. La Baix\u00e0 del Riu Bullent, l\u2019original carrera de barques constru\u00efdes per a l\u2019ocasi\u00f3, compleix 37 anys i es mantindr\u00e0 aquest any al calendari. \u201cLes condicions amb les quals es celebra aquest esdeveniment s\u00f3n molt diferents del Carnestoltes, \u00e9s a l\u2019aire lliure, rodejats de naturalesa i la gent pot repartir-se per tot el llit del riu, no hi ha tantes aglomeracions. Encara que cal recordar que s\u2019ha de ser responsables\u201d, remarca Enrique Moll.<\/p>\n\n\n\n<p>Com cada any, tots els participants hauran de registrar-se per a poder competir al concurs a millor embarcaci\u00f3, a m\u00e9s, en esta edici\u00f3 hi haur\u00e0 nous premis. Aquesta ha d\u2019estar constru\u00efda amb materials reciclables i a la finalitzaci\u00f3 de la carrera pel Bullent s\u2019han de retirar \u00edntegrament de l\u2019aigua.<\/p>\n\n\n\n<p>L\u2019Enterro de la Sardina, la coneguda Pinyata a Pego, queda anul\u00b7lada definitivament. La idiosincr\u00e0sia d\u2019aquesta festa, rec\u00f3rrer els carrers al ritme de la m\u00fasica i baix un festival pirot\u00e8cnic, fa impossible la seua celebraci\u00f3, \u201chi ha moltes aglomeracions durant el recorregut i el risc de contagi \u00e9s molt alt, per tot aix\u00f2 hem decidit cancel\u00b7lar\u201d, apunta l\u2019alcalde.<\/p>\n\n\n\n<p>El primer edil lamenta no poder gaudir amb normalitat d\u2019aquestes festes, \u201cencara que esperem que tot vaja millorant i aquesta edici\u00f3, la del 2022, siga l\u2019\u00faltima en la qual h\u00e0gem de prendre aquest tipus de decisions\u201d.<\/p>\n","protected":false},"excerpt":{"rendered":"L\u2019Equip de govern decideix esperar un temps prudencial per a veure com evoluciona la pand\u00e8mia i decidir aix\u00ed si organitza el Festival d\u2019Arts Esc\u00e8niques Ja hi ha confirmaci\u00f3 respecte als tres esdeveniments que engloben el Carnestoltes a Pego. L\u2019Ajuntament ha decidit celebrar la Baix\u00e0 del Riu, el pr\u00f2xim 19 de febrer; ajornar la festa de&#8230; <a class=\"view-article\" href=\"https:\/\/www.pego.org\/noticies\/2022\/02\/01\/pego-celebrara-la-baixa-del-riu-ajorna-el-carnestoltes-i-suspen-la-pinyata\/\">Veure Article<\/a>","protected":false},"author":2,"featured_media":0,"comment_status":"closed","ping_status":"open","sticky":false,"template":"","format":"standard","meta":[],"categories":[1],"tags":[],"yoast_head":"<!-- This site is optimized with the Yoast SEO plugin v19.4 - https:\/\/yoast.com\/wordpress\/plugins\/seo\/ -->\n<title>Pego celebrar\u00e0 la Baix\u00e0 del Riu, ajorna el Carnestoltes i susp\u00e9n la Pinyata - Ajuntament de Pego<\/title>\n<meta name=\"robots\" content=\"index, follow, max-snippet:-1, max-image-preview:large, max-video-preview:-1\" \/>\n<link rel=\"canonical\" href=\"https:\/\/www.pego.org\/noticies\/2022\/02\/01\/pego-celebrara-la-baixa-del-riu-ajorna-el-carnestoltes-i-suspen-la-pinyata\/\" \/>\n<meta property=\"og:locale\" content=\"ca_ES\" \/>\n<meta property=\"og:type\" content=\"article\" \/>\n<meta property=\"og:title\" content=\"Pego celebrar\u00e0 la Baix\u00e0 del Riu, ajorna el Carnestoltes i susp\u00e9n la Pinyata - Ajuntament de Pego\" \/>\n<meta property=\"og:description\" content=\"L\u2019Equip de govern decideix esperar un temps prudencial per a veure com evoluciona la pand\u00e8mia i decidir aix\u00ed si organitza el Festival d\u2019Arts Esc\u00e8niques Ja hi ha confirmaci\u00f3 respecte als tres esdeveniments que engloben el Carnestoltes a Pego. L\u2019Ajuntament ha decidit celebrar la Baix\u00e0 del Riu, el pr\u00f2xim 19 de febrer; ajornar la festa de... Veure Article\" \/>\n<meta property=\"og:url\" content=\"https:\/\/www.pego.org\/noticies\/2022\/02\/01\/pego-celebrara-la-baixa-del-riu-ajorna-el-carnestoltes-i-suspen-la-pinyata\/\" \/>\n<meta property=\"og:site_name\" content=\"Ajuntament de Pego\" \/>\n<meta property=\"article:publisher\" content=\"https:\/\/www.facebook.com\/ajuntament.de.pego\/\" \/>\n<meta property=\"article:published_time\" content=\"2022-02-01T13:06:46+00:00\" \/>\n<meta property=\"article:modified_time\" content=\"2022-02-01T13:06:49+00:00\" \/>\n<meta property=\"og:image\" content=\"https:\/\/www.pego.org\/noticies\/wp-content\/uploads\/2022\/02\/Carnestoltes-Pego-Festival-dArts-Esceniques-II-700x525.jpg\" \/>\n<meta name=\"author\" content=\"Bernat Ortola\" \/>\n<meta name=\"twitter:card\" content=\"summary_large_image\" \/>\n<meta name=\"twitter:creator\" content=\"@ajupego\" \/>\n<meta name=\"twitter:site\" content=\"@ajupego\" \/>\n<meta name=\"twitter:label1\" content=\"Escrit per\" \/>\n\t<meta name=\"twitter:data1\" content=\"Bernat Ortola\" \/>\n\t<meta name=\"twitter:label2\" content=\"Temps estimat de lectura\" \/>\n\t<meta name=\"twitter:data2\" content=\"4 minuts\" \/>\n<script type=\"application\/ld+json\" class=\"yoast-schema-graph\">{\"@context\":\"https:\/\/schema.org\",\"@graph\":[{\"@type\":\"WebSite\",\"@id\":\"http:\/\/www.pego.org\/noticies\/#website\",\"url\":\"http:\/\/www.pego.org\/noticies\/\",\"name\":\"Ajuntament de Pego\",\"description\":\"\",\"potentialAction\":[{\"@type\":\"SearchAction\",\"target\":{\"@type\":\"EntryPoint\",\"urlTemplate\":\"http:\/\/www.pego.org\/noticies\/?s={search_term_string}\"},\"query-input\":\"required name=search_term_string\"}],\"inLanguage\":\"ca\"},{\"@type\":\"WebPage\",\"@id\":\"https:\/\/www.pego.org\/noticies\/2022\/02\/01\/pego-celebrara-la-baixa-del-riu-ajorna-el-carnestoltes-i-suspen-la-pinyata\/\",\"url\":\"https:\/\/www.pego.org\/noticies\/2022\/02\/01\/pego-celebrara-la-baixa-del-riu-ajorna-el-carnestoltes-i-suspen-la-pinyata\/\",\"name\":\"Pego celebrar\u00e0 la Baix\u00e0 del Riu, ajorna el Carnestoltes i susp\u00e9n la Pinyata - Ajuntament de Pego\",\"isPartOf\":{\"@id\":\"http:\/\/www.pego.org\/noticies\/#website\"},\"datePublished\":\"2022-02-01T13:06:46+00:00\",\"dateModified\":\"2022-02-01T13:06:49+00:00\",\"author\":{\"@id\":\"http:\/\/www.pego.org\/noticies\/#\/schema\/person\/4326dac4f13188e6a8a1984f5eb1e0e6\"},\"breadcrumb\":{\"@id\":\"https:\/\/www.pego.org\/noticies\/2022\/02\/01\/pego-celebrara-la-baixa-del-riu-ajorna-el-carnestoltes-i-suspen-la-pinyata\/#breadcrumb\"},\"inLanguage\":\"ca\",\"potentialAction\":[{\"@type\":\"ReadAction\",\"target\":[\"https:\/\/www.pego.org\/noticies\/2022\/02\/01\/pego-celebrara-la-baixa-del-riu-ajorna-el-carnestoltes-i-suspen-la-pinyata\/\"]}]},{\"@type\":\"BreadcrumbList\",\"@id\":\"https:\/\/www.pego.org\/noticies\/2022\/02\/01\/pego-celebrara-la-baixa-del-riu-ajorna-el-carnestoltes-i-suspen-la-pinyata\/#breadcrumb\",\"itemListElement\":[{\"@type\":\"ListItem\",\"position\":1,\"name\":\"Inici\",\"item\":\"http:\/\/www.pego.org\/noticies\/\"},{\"@type\":\"ListItem\",\"position\":2,\"name\":\"Pego celebrar\u00e0 la Baix\u00e0 del Riu, ajorna el Carnestoltes i susp\u00e9n la Pinyata\"}]},{\"@type\":\"Person\",\"@id\":\"http:\/\/www.pego.org\/noticies\/#\/schema\/person\/4326dac4f13188e6a8a1984f5eb1e0e6\",\"name\":\"Bernat Ortola\",\"image\":{\"@type\":\"ImageObject\",\"inLanguage\":\"ca\",\"@id\":\"http:\/\/www.pego.org\/noticies\/#\/schema\/person\/image\/\",\"url\":\"https:\/\/secure.gravatar.com\/avatar\/75560795a8de75338a850c3d759f927c?s=96&d=mm&r=g\",\"contentUrl\":\"https:\/\/secure.gravatar.com\/avatar\/75560795a8de75338a850c3d759f927c?s=96&d=mm&r=g\",\"caption\":\"Bernat Ortola\"}}]}<\/script>\n<!-- \/ Yoast SEO plugin. -->","yoast_head_json":{"title":"Pego celebrar\u00e0 la Baix\u00e0 del Riu, ajorna el Carnestoltes i susp\u00e9n la Pinyata - Ajuntament de Pego","robots":{"index":"index","follow":"follow","max-snippet":"max-snippet:-1","max-image-preview":"max-image-preview:large","max-video-preview":"max-video-preview:-1"},"canonical":"https:\/\/www.pego.org\/noticies\/2022\/02\/01\/pego-celebrara-la-baixa-del-riu-ajorna-el-carnestoltes-i-suspen-la-pinyata\/","og_locale":"ca_ES","og_type":"article","og_title":"Pego celebrar\u00e0 la Baix\u00e0 del Riu, ajorna el Carnestoltes i susp\u00e9n la Pinyata - Ajuntament de Pego","og_description":"L\u2019Equip de govern decideix esperar un temps prudencial per a veure com evoluciona la pand\u00e8mia i decidir aix\u00ed si organitza el Festival d\u2019Arts Esc\u00e8niques Ja hi ha confirmaci\u00f3 respecte als tres esdeveniments que engloben el Carnestoltes a Pego. L\u2019Ajuntament ha decidit celebrar la Baix\u00e0 del Riu, el pr\u00f2xim 19 de febrer; ajornar la festa de... Veure Article","og_url":"https:\/\/www.pego.org\/noticies\/2022\/02\/01\/pego-celebrara-la-baixa-del-riu-ajorna-el-carnestoltes-i-suspen-la-pinyata\/","og_site_name":"Ajuntament de Pego","article_publisher":"https:\/\/www.facebook.com\/ajuntament.de.pego\/","article_published_time":"2022-02-01T13:06:46+00:00","article_modified_time":"2022-02-01T13:06:49+00:00","og_image":[{"url":"https:\/\/www.pego.org\/noticies\/wp-content\/uploads\/2022\/02\/Carnestoltes-Pego-Festival-dArts-Esceniques-II-700x525.jpg"}],"author":"Bernat Ortola","twitter_card":"summary_large_image","twitter_creator":"@ajupego","twitter_site":"@ajupego","twitter_misc":{"Escrit per":"Bernat Ortola","Temps estimat de lectura":"4 minuts"},"schema":{"@context":"https:\/\/schema.org","@graph":[{"@type":"WebSite","@id":"http:\/\/www.pego.org\/noticies\/#website","url":"http:\/\/www.pego.org\/noticies\/","name":"Ajuntament de Pego","description":"","potentialAction":[{"@type":"SearchAction","target":{"@type":"EntryPoint","urlTemplate":"http:\/\/www.pego.org\/noticies\/?s={search_term_string}"},"query-input":"required name=search_term_string"}],"inLanguage":"ca"},{"@type":"WebPage","@id":"https:\/\/www.pego.org\/noticies\/2022\/02\/01\/pego-celebrara-la-baixa-del-riu-ajorna-el-carnestoltes-i-suspen-la-pinyata\/","url":"https:\/\/www.pego.org\/noticies\/2022\/02\/01\/pego-celebrara-la-baixa-del-riu-ajorna-el-carnestoltes-i-suspen-la-pinyata\/","name":"Pego celebrar\u00e0 la Baix\u00e0 del Riu, ajorna el Carnestoltes i susp\u00e9n la Pinyata - Ajuntament de Pego","isPartOf":{"@id":"http:\/\/www.pego.org\/noticies\/#website"},"datePublished":"2022-02-01T13:06:46+00:00","dateModified":"2022-02-01T13:06:49+00:00","author":{"@id":"http:\/\/www.pego.org\/noticies\/#\/schema\/person\/4326dac4f13188e6a8a1984f5eb1e0e6"},"breadcrumb":{"@id":"https:\/\/www.pego.org\/noticies\/2022\/02\/01\/pego-celebrara-la-baixa-del-riu-ajorna-el-carnestoltes-i-suspen-la-pinyata\/#breadcrumb"},"inLanguage":"ca","potentialAction":[{"@type":"ReadAction","target":["https:\/\/www.pego.org\/noticies\/2022\/02\/01\/pego-celebrara-la-baixa-del-riu-ajorna-el-carnestoltes-i-suspen-la-pinyata\/"]}]},{"@type":"BreadcrumbList","@id":"https:\/\/www.pego.org\/noticies\/2022\/02\/01\/pego-celebrara-la-baixa-del-riu-ajorna-el-carnestoltes-i-suspen-la-pinyata\/#breadcrumb","itemListElement":[{"@type":"ListItem","position":1,"name":"Inici","item":"http:\/\/www.pego.org\/noticies\/"},{"@type":"ListItem","position":2,"name":"Pego celebrar\u00e0 la Baix\u00e0 del Riu, ajorna el Carnestoltes i susp\u00e9n la Pinyata"}]},{"@type":"Person","@id":"http:\/\/www.pego.org\/noticies\/#\/schema\/person\/4326dac4f13188e6a8a1984f5eb1e0e6","name":"Bernat Ortola","image":{"@type":"ImageObject","inLanguage":"ca","@id":"http:\/\/www.pego.org\/noticies\/#\/schema\/person\/image\/","url":"https:\/\/secure.gravatar.com\/avatar\/75560795a8de75338a850c3d759f927c?s=96&d=mm&r=g","contentUrl":"https:\/\/secure.gravatar.com\/avatar\/75560795a8de75338a850c3d759f927c?s=96&d=mm&r=g","caption":"Bernat Ortola"}}]}},"_links":{"self":[{"href":"https:\/\/www.pego.org\/noticies\/wp-json\/wp\/v2\/posts\/781"}],"collection":[{"href":"https:\/\/www.pego.org\/noticies\/wp-json\/wp\/v2\/posts"}],"about":[{"href":"https:\/\/www.pego.org\/noticies\/wp-json\/wp\/v2\/types\/post"}],"author":[{"embeddable":true,"href":"https:\/\/www.pego.org\/noticies\/wp-json\/wp\/v2\/users\/2"}],"replies":[{"embeddable":true,"href":"https:\/\/www.pego.org\/noticies\/wp-json\/wp\/v2\/comments?post=781"}],"version-history":[{"count":1,"href":"https:\/\/www.pego.org\/noticies\/wp-json\/wp\/v2\/posts\/781\/revisions"}],"predecessor-version":[{"id":784,"href":"https:\/\/www.pego.org\/noticies\/wp-json\/wp\/v2\/posts\/781\/revisions\/784"}],"wp:attachment":[{"href":"https:\/\/www.pego.org\/noticies\/wp-json\/wp\/v2\/media?parent=781"}],"wp:term":[{"taxonomy":"category","embeddable":true,"href":"https:\/\/www.pego.org\/noticies\/wp-json\/wp\/v2\/categories?post=781"},{"taxonomy":"post_tag","embeddable":true,"href":"https:\/\/www.pego.org\/noticies\/wp-json\/wp\/v2\/tags?post=781"}],"curies":[{"name":"wp","href":"https:\/\/api.w.org\/{rel}","templated":true}]}}