{"id":785,"date":"2022-02-03T15:08:40","date_gmt":"2022-02-03T13:08:40","guid":{"rendered":"https:\/\/www.pego.org\/noticies\/?p=785"},"modified":"2022-02-03T15:08:43","modified_gmt":"2022-02-03T13:08:43","slug":"pego-treballa-per-aconseguir-acomodar-encara-mes-a-estell-a-la-marjal","status":"publish","type":"post","link":"https:\/\/www.pego.org\/noticies\/2022\/02\/03\/pego-treballa-per-aconseguir-acomodar-encara-mes-a-estell-a-la-marjal\/","title":{"rendered":"Pego treballa per aconseguir acomodar, encara m\u00e9s, a Estell a la Marjal"},"content":{"rendered":"\n<p><em>La Fundaci\u00f3 Migres instal\u00b7la, amb la col\u00b7laboraci\u00f3 de l\u2019Ajuntament, diversos nius i posadors per<\/em> <em>a facilitar la vida a l\u2019\u00e0guila pescadora que viu al parc natural<\/em><\/p>\n\n\n\n<p><\/p>\n\n\n\n<p><\/p>\n\n\n\n<div class=\"wp-block-image\"><figure class=\"aligncenter size-large\"><img loading=\"lazy\" width=\"700\" height=\"525\" src=\"https:\/\/www.pego.org\/noticies\/wp-content\/uploads\/2022\/02\/Nius-a-la-Marjal-III-700x525.jpg\" alt=\"\" class=\"wp-image-786\" srcset=\"https:\/\/www.pego.org\/noticies\/wp-content\/uploads\/2022\/02\/Nius-a-la-Marjal-III-700x525.jpg 700w, https:\/\/www.pego.org\/noticies\/wp-content\/uploads\/2022\/02\/Nius-a-la-Marjal-III-250x188.jpg 250w, https:\/\/www.pego.org\/noticies\/wp-content\/uploads\/2022\/02\/Nius-a-la-Marjal-III-768x576.jpg 768w, https:\/\/www.pego.org\/noticies\/wp-content\/uploads\/2022\/02\/Nius-a-la-Marjal-III-1536x1152.jpg 1536w, https:\/\/www.pego.org\/noticies\/wp-content\/uploads\/2022\/02\/Nius-a-la-Marjal-III-2048x1536.jpg 2048w, https:\/\/www.pego.org\/noticies\/wp-content\/uploads\/2022\/02\/Nius-a-la-Marjal-III-120x90.jpg 120w\" sizes=\"(max-width: 700px) 100vw, 700px\" \/><figcaption>Membres de la Fundaci\u00f3 Migres confeccionant un posador.<\/figcaption><\/figure><\/div>\n\n\n\n<p><\/p>\n\n\n\n<p class=\"has-text-align-justify\">Aconseguir que Estell, l\u2019\u00e0guila pescadora que viu part de l\u2019any a la Marjal de Pego, estiga el m\u00e9s c\u00f2mode possible a sa casa. Aquest \u00e9s l\u2019objectiu dels treballs que s\u2019estan realitzant els \u00faltims dies al paratge natural. Es tracta d\u2019una construcci\u00f3 de diversos nius i posadors repartits en punts estrat\u00e8gics perqu\u00e8 Estell, aix\u00ed com altres aus rapaces, puguen descansar despr\u00e9s d\u2019intenses jornades de vols.<\/p>\n\n\n\n<p>Per a la construcci\u00f3 d\u2019aquests punts de descans i nidaci\u00f3, els membres de la Fundaci\u00f3 Migres, encarregats d\u2019aquest projecte, s\u2019estan utilitzant torres el\u00e8ctriques en des\u00fas, \u201cs\u00f3n perfectes per a aquest tipus de funcions perqu\u00e8 estan a una altura \u00f2ptima, en entorns allunyats de les persones i es poden adaptar amb relativa facilitat\u201d, explica Itziar Colodro, membre de la fundaci\u00f3. El material que s\u2019utilitza, recalca, \u00e9s vegetaci\u00f3 que es troba al parc, \u201ccal aconseguir grans pals per a fabricar una base estable i suficientment gran per a les aus, s\u00f3n treballs costosos\u201d.<\/p>\n\n\n\n<p>Es tracta d\u2019un treball d\u2019alts vols, els operaris han d\u2019escalar una desena de metres que mesuren les torres, sempre amb les proteccions necess\u00e0ries, i col\u00b7locar una a una les peces d\u2019aquests curiosos puzles naturals. Durant la jornada d\u2019ahir i de hui, els membres de la Fundaci\u00f3 Migres estan treballant amb la confecci\u00f3 de dos posadors i la rehabilitaci\u00f3 de dos nius, \u201cestaven fets des de feia molt de temps i era necessari readaptar-los per a millorar les seues condicions\u201d, matisa Colodro. Despr\u00e9s d\u2019aquesta actuaci\u00f3 el parc natural comptar\u00e0 amb quatre nius i dos posadors, encara que remarca la t\u00e8cnica de la Fundaci\u00f3 Migres que estan projectant algunes m\u00e9s en altres punts del paratge, \u201ccom m\u00e9s tinguem millor, perqu\u00e8 esperem que en els pr\u00f2xims anys el nombre d\u2019esp\u00e8cimens vagen en augment\u201d.<\/p>\n\n\n\n<div class=\"wp-block-image\"><figure class=\"aligncenter size-large\"><img loading=\"lazy\" width=\"700\" height=\"525\" src=\"https:\/\/www.pego.org\/noticies\/wp-content\/uploads\/2022\/02\/Nius-a-la-Marjal-700x525.jpg\" alt=\"\" class=\"wp-image-787\" srcset=\"https:\/\/www.pego.org\/noticies\/wp-content\/uploads\/2022\/02\/Nius-a-la-Marjal-700x525.jpg 700w, https:\/\/www.pego.org\/noticies\/wp-content\/uploads\/2022\/02\/Nius-a-la-Marjal-250x188.jpg 250w, https:\/\/www.pego.org\/noticies\/wp-content\/uploads\/2022\/02\/Nius-a-la-Marjal-768x576.jpg 768w, https:\/\/www.pego.org\/noticies\/wp-content\/uploads\/2022\/02\/Nius-a-la-Marjal-1536x1152.jpg 1536w, https:\/\/www.pego.org\/noticies\/wp-content\/uploads\/2022\/02\/Nius-a-la-Marjal-2048x1536.jpg 2048w, https:\/\/www.pego.org\/noticies\/wp-content\/uploads\/2022\/02\/Nius-a-la-Marjal-120x90.jpg 120w\" sizes=\"(max-width: 700px) 100vw, 700px\" \/><figcaption>Membres de la Fundaci\u00f3 Migres durant la construcci\u00f3 d&#8217;un posador.<\/figcaption><\/figure><\/div>\n\n\n\n<p>La regidora de Medi Ambient, Laura Castell\u00e0 va agrair ahir \u201cl\u2019important treball que est\u00e0 realitzant la Fundaci\u00f3 Migres per a aconseguir que Estell i la resta d\u2019aus que habiten al parc visquen en les millors condicions. Per a nosaltres \u00e9s b\u00e0sica la recuperaci\u00f3 de l\u2019\u00e0guila pescadora i per a tindre \u00e8xit aquests treballs s\u00f3n essencials. Esperem que prompte als nostres cels volen molts m\u00e9s exemplars. Anem a seguir col\u00b7laborant amb la Fundaci\u00f3 Migres per fer-ho possible\u201d. La regidora tamb\u00e9 va agrair a Iberdrola, l\u2019empresa subministradora d\u2019electricitat, \u201cla seua predisposici\u00f3 a l\u2019hora de retirar cablejat i ajudar en la mesura del possible amb aquest projecte\u201d.<\/p>\n\n\n\n<p>A m\u00e9s de millorar l\u2019habitabilitat de l\u2019\u00e0guila pescadora, aquest projecte afavoreix la proposta del \u2018birding\u2019 que ha posat en marxa l\u2019Ajuntament i amb la que es pret\u00e9n fomentar el turisme de naturalesa. \u201cLa variada fauna i flora de la Marjal \u00e9s un reclam per a moltes persones que gaudeixen albirant aus mentre passegen pel parc natural. Amb la instal\u00b7laci\u00f3 de nius i posadors aconseguim que les aus estiguen en llocs segurs i puguen ser observades des de la dist\u00e0ncia\u201d, apunta el regidor de Turisme, Ricardo Sendra.<\/p>\n","protected":false},"excerpt":{"rendered":"La Fundaci\u00f3 Migres instal\u00b7la, amb la col\u00b7laboraci\u00f3 de l\u2019Ajuntament, diversos nius i posadors per a facilitar la vida a l\u2019\u00e0guila pescadora que viu al parc natural Aconseguir que Estell, l\u2019\u00e0guila pescadora que viu part de l\u2019any a la Marjal de Pego, estiga el m\u00e9s c\u00f2mode possible a sa casa. Aquest \u00e9s l\u2019objectiu dels treballs que&#8230; <a class=\"view-article\" href=\"https:\/\/www.pego.org\/noticies\/2022\/02\/03\/pego-treballa-per-aconseguir-acomodar-encara-mes-a-estell-a-la-marjal\/\">Veure Article<\/a>","protected":false},"author":2,"featured_media":0,"comment_status":"closed","ping_status":"open","sticky":false,"template":"","format":"standard","meta":[],"categories":[1],"tags":[],"yoast_head":"<!-- This site is optimized with the Yoast SEO plugin v19.4 - https:\/\/yoast.com\/wordpress\/plugins\/seo\/ -->\n<title>Pego treballa per aconseguir acomodar, encara m\u00e9s, a Estell a la Marjal - Ajuntament de Pego<\/title>\n<meta name=\"robots\" content=\"index, follow, max-snippet:-1, max-image-preview:large, max-video-preview:-1\" \/>\n<link rel=\"canonical\" href=\"https:\/\/www.pego.org\/noticies\/2022\/02\/03\/pego-treballa-per-aconseguir-acomodar-encara-mes-a-estell-a-la-marjal\/\" \/>\n<meta property=\"og:locale\" content=\"ca_ES\" \/>\n<meta property=\"og:type\" content=\"article\" \/>\n<meta property=\"og:title\" content=\"Pego treballa per aconseguir acomodar, encara m\u00e9s, a Estell a la Marjal - Ajuntament de Pego\" \/>\n<meta property=\"og:description\" content=\"La Fundaci\u00f3 Migres instal\u00b7la, amb la col\u00b7laboraci\u00f3 de l\u2019Ajuntament, diversos nius i posadors per a facilitar la vida a l\u2019\u00e0guila pescadora que viu al parc natural Aconseguir que Estell, l\u2019\u00e0guila pescadora que viu part de l\u2019any a la Marjal de Pego, estiga el m\u00e9s c\u00f2mode possible a sa casa. Aquest \u00e9s l\u2019objectiu dels treballs que... Veure Article\" \/>\n<meta property=\"og:url\" content=\"https:\/\/www.pego.org\/noticies\/2022\/02\/03\/pego-treballa-per-aconseguir-acomodar-encara-mes-a-estell-a-la-marjal\/\" \/>\n<meta property=\"og:site_name\" content=\"Ajuntament de Pego\" \/>\n<meta property=\"article:publisher\" content=\"https:\/\/www.facebook.com\/ajuntament.de.pego\/\" \/>\n<meta property=\"article:published_time\" content=\"2022-02-03T13:08:40+00:00\" \/>\n<meta property=\"article:modified_time\" content=\"2022-02-03T13:08:43+00:00\" \/>\n<meta property=\"og:image\" content=\"https:\/\/www.pego.org\/noticies\/wp-content\/uploads\/2022\/02\/Nius-a-la-Marjal-III-700x525.jpg\" \/>\n<meta name=\"author\" content=\"Bernat Ortola\" \/>\n<meta name=\"twitter:card\" content=\"summary_large_image\" \/>\n<meta name=\"twitter:creator\" content=\"@ajupego\" \/>\n<meta name=\"twitter:site\" content=\"@ajupego\" \/>\n<meta name=\"twitter:label1\" content=\"Escrit per\" \/>\n\t<meta name=\"twitter:data1\" content=\"Bernat Ortola\" \/>\n\t<meta name=\"twitter:label2\" content=\"Temps estimat de lectura\" \/>\n\t<meta name=\"twitter:data2\" content=\"4 minuts\" \/>\n<script type=\"application\/ld+json\" class=\"yoast-schema-graph\">{\"@context\":\"https:\/\/schema.org\",\"@graph\":[{\"@type\":\"WebSite\",\"@id\":\"http:\/\/www.pego.org\/noticies\/#website\",\"url\":\"http:\/\/www.pego.org\/noticies\/\",\"name\":\"Ajuntament de Pego\",\"description\":\"\",\"potentialAction\":[{\"@type\":\"SearchAction\",\"target\":{\"@type\":\"EntryPoint\",\"urlTemplate\":\"http:\/\/www.pego.org\/noticies\/?s={search_term_string}\"},\"query-input\":\"required name=search_term_string\"}],\"inLanguage\":\"ca\"},{\"@type\":\"WebPage\",\"@id\":\"https:\/\/www.pego.org\/noticies\/2022\/02\/03\/pego-treballa-per-aconseguir-acomodar-encara-mes-a-estell-a-la-marjal\/\",\"url\":\"https:\/\/www.pego.org\/noticies\/2022\/02\/03\/pego-treballa-per-aconseguir-acomodar-encara-mes-a-estell-a-la-marjal\/\",\"name\":\"Pego treballa per aconseguir acomodar, encara m\u00e9s, a Estell a la Marjal - Ajuntament de Pego\",\"isPartOf\":{\"@id\":\"http:\/\/www.pego.org\/noticies\/#website\"},\"datePublished\":\"2022-02-03T13:08:40+00:00\",\"dateModified\":\"2022-02-03T13:08:43+00:00\",\"author\":{\"@id\":\"http:\/\/www.pego.org\/noticies\/#\/schema\/person\/4326dac4f13188e6a8a1984f5eb1e0e6\"},\"breadcrumb\":{\"@id\":\"https:\/\/www.pego.org\/noticies\/2022\/02\/03\/pego-treballa-per-aconseguir-acomodar-encara-mes-a-estell-a-la-marjal\/#breadcrumb\"},\"inLanguage\":\"ca\",\"potentialAction\":[{\"@type\":\"ReadAction\",\"target\":[\"https:\/\/www.pego.org\/noticies\/2022\/02\/03\/pego-treballa-per-aconseguir-acomodar-encara-mes-a-estell-a-la-marjal\/\"]}]},{\"@type\":\"BreadcrumbList\",\"@id\":\"https:\/\/www.pego.org\/noticies\/2022\/02\/03\/pego-treballa-per-aconseguir-acomodar-encara-mes-a-estell-a-la-marjal\/#breadcrumb\",\"itemListElement\":[{\"@type\":\"ListItem\",\"position\":1,\"name\":\"Inici\",\"item\":\"http:\/\/www.pego.org\/noticies\/\"},{\"@type\":\"ListItem\",\"position\":2,\"name\":\"Pego treballa per aconseguir acomodar, encara m\u00e9s, a Estell a la Marjal\"}]},{\"@type\":\"Person\",\"@id\":\"http:\/\/www.pego.org\/noticies\/#\/schema\/person\/4326dac4f13188e6a8a1984f5eb1e0e6\",\"name\":\"Bernat Ortola\",\"image\":{\"@type\":\"ImageObject\",\"inLanguage\":\"ca\",\"@id\":\"http:\/\/www.pego.org\/noticies\/#\/schema\/person\/image\/\",\"url\":\"https:\/\/secure.gravatar.com\/avatar\/75560795a8de75338a850c3d759f927c?s=96&d=mm&r=g\",\"contentUrl\":\"https:\/\/secure.gravatar.com\/avatar\/75560795a8de75338a850c3d759f927c?s=96&d=mm&r=g\",\"caption\":\"Bernat Ortola\"}}]}<\/script>\n<!-- \/ Yoast SEO plugin. -->","yoast_head_json":{"title":"Pego treballa per aconseguir acomodar, encara m\u00e9s, a Estell a la Marjal - Ajuntament de Pego","robots":{"index":"index","follow":"follow","max-snippet":"max-snippet:-1","max-image-preview":"max-image-preview:large","max-video-preview":"max-video-preview:-1"},"canonical":"https:\/\/www.pego.org\/noticies\/2022\/02\/03\/pego-treballa-per-aconseguir-acomodar-encara-mes-a-estell-a-la-marjal\/","og_locale":"ca_ES","og_type":"article","og_title":"Pego treballa per aconseguir acomodar, encara m\u00e9s, a Estell a la Marjal - Ajuntament de Pego","og_description":"La Fundaci\u00f3 Migres instal\u00b7la, amb la col\u00b7laboraci\u00f3 de l\u2019Ajuntament, diversos nius i posadors per a facilitar la vida a l\u2019\u00e0guila pescadora que viu al parc natural Aconseguir que Estell, l\u2019\u00e0guila pescadora que viu part de l\u2019any a la Marjal de Pego, estiga el m\u00e9s c\u00f2mode possible a sa casa. Aquest \u00e9s l\u2019objectiu dels treballs que... Veure Article","og_url":"https:\/\/www.pego.org\/noticies\/2022\/02\/03\/pego-treballa-per-aconseguir-acomodar-encara-mes-a-estell-a-la-marjal\/","og_site_name":"Ajuntament de Pego","article_publisher":"https:\/\/www.facebook.com\/ajuntament.de.pego\/","article_published_time":"2022-02-03T13:08:40+00:00","article_modified_time":"2022-02-03T13:08:43+00:00","og_image":[{"url":"https:\/\/www.pego.org\/noticies\/wp-content\/uploads\/2022\/02\/Nius-a-la-Marjal-III-700x525.jpg"}],"author":"Bernat Ortola","twitter_card":"summary_large_image","twitter_creator":"@ajupego","twitter_site":"@ajupego","twitter_misc":{"Escrit per":"Bernat Ortola","Temps estimat de lectura":"4 minuts"},"schema":{"@context":"https:\/\/schema.org","@graph":[{"@type":"WebSite","@id":"http:\/\/www.pego.org\/noticies\/#website","url":"http:\/\/www.pego.org\/noticies\/","name":"Ajuntament de Pego","description":"","potentialAction":[{"@type":"SearchAction","target":{"@type":"EntryPoint","urlTemplate":"http:\/\/www.pego.org\/noticies\/?s={search_term_string}"},"query-input":"required name=search_term_string"}],"inLanguage":"ca"},{"@type":"WebPage","@id":"https:\/\/www.pego.org\/noticies\/2022\/02\/03\/pego-treballa-per-aconseguir-acomodar-encara-mes-a-estell-a-la-marjal\/","url":"https:\/\/www.pego.org\/noticies\/2022\/02\/03\/pego-treballa-per-aconseguir-acomodar-encara-mes-a-estell-a-la-marjal\/","name":"Pego treballa per aconseguir acomodar, encara m\u00e9s, a Estell a la Marjal - Ajuntament de Pego","isPartOf":{"@id":"http:\/\/www.pego.org\/noticies\/#website"},"datePublished":"2022-02-03T13:08:40+00:00","dateModified":"2022-02-03T13:08:43+00:00","author":{"@id":"http:\/\/www.pego.org\/noticies\/#\/schema\/person\/4326dac4f13188e6a8a1984f5eb1e0e6"},"breadcrumb":{"@id":"https:\/\/www.pego.org\/noticies\/2022\/02\/03\/pego-treballa-per-aconseguir-acomodar-encara-mes-a-estell-a-la-marjal\/#breadcrumb"},"inLanguage":"ca","potentialAction":[{"@type":"ReadAction","target":["https:\/\/www.pego.org\/noticies\/2022\/02\/03\/pego-treballa-per-aconseguir-acomodar-encara-mes-a-estell-a-la-marjal\/"]}]},{"@type":"BreadcrumbList","@id":"https:\/\/www.pego.org\/noticies\/2022\/02\/03\/pego-treballa-per-aconseguir-acomodar-encara-mes-a-estell-a-la-marjal\/#breadcrumb","itemListElement":[{"@type":"ListItem","position":1,"name":"Inici","item":"http:\/\/www.pego.org\/noticies\/"},{"@type":"ListItem","position":2,"name":"Pego treballa per aconseguir acomodar, encara m\u00e9s, a Estell a la Marjal"}]},{"@type":"Person","@id":"http:\/\/www.pego.org\/noticies\/#\/schema\/person\/4326dac4f13188e6a8a1984f5eb1e0e6","name":"Bernat Ortola","image":{"@type":"ImageObject","inLanguage":"ca","@id":"http:\/\/www.pego.org\/noticies\/#\/schema\/person\/image\/","url":"https:\/\/secure.gravatar.com\/avatar\/75560795a8de75338a850c3d759f927c?s=96&d=mm&r=g","contentUrl":"https:\/\/secure.gravatar.com\/avatar\/75560795a8de75338a850c3d759f927c?s=96&d=mm&r=g","caption":"Bernat Ortola"}}]}},"_links":{"self":[{"href":"https:\/\/www.pego.org\/noticies\/wp-json\/wp\/v2\/posts\/785"}],"collection":[{"href":"https:\/\/www.pego.org\/noticies\/wp-json\/wp\/v2\/posts"}],"about":[{"href":"https:\/\/www.pego.org\/noticies\/wp-json\/wp\/v2\/types\/post"}],"author":[{"embeddable":true,"href":"https:\/\/www.pego.org\/noticies\/wp-json\/wp\/v2\/users\/2"}],"replies":[{"embeddable":true,"href":"https:\/\/www.pego.org\/noticies\/wp-json\/wp\/v2\/comments?post=785"}],"version-history":[{"count":1,"href":"https:\/\/www.pego.org\/noticies\/wp-json\/wp\/v2\/posts\/785\/revisions"}],"predecessor-version":[{"id":788,"href":"https:\/\/www.pego.org\/noticies\/wp-json\/wp\/v2\/posts\/785\/revisions\/788"}],"wp:attachment":[{"href":"https:\/\/www.pego.org\/noticies\/wp-json\/wp\/v2\/media?parent=785"}],"wp:term":[{"taxonomy":"category","embeddable":true,"href":"https:\/\/www.pego.org\/noticies\/wp-json\/wp\/v2\/categories?post=785"},{"taxonomy":"post_tag","embeddable":true,"href":"https:\/\/www.pego.org\/noticies\/wp-json\/wp\/v2\/tags?post=785"}],"curies":[{"name":"wp","href":"https:\/\/api.w.org\/{rel}","templated":true}]}}