{"id":789,"date":"2022-02-04T13:32:11","date_gmt":"2022-02-04T11:32:11","guid":{"rendered":"https:\/\/www.pego.org\/noticies\/?p=789"},"modified":"2022-02-04T13:32:14","modified_gmt":"2022-02-04T11:32:14","slug":"la-baixa-del-riu-bullent-2022","status":"publish","type":"post","link":"https:\/\/www.pego.org\/noticies\/2022\/02\/04\/la-baixa-del-riu-bullent-2022\/","title":{"rendered":"La Baix\u00e0 del riu Bullent 2022"},"content":{"rendered":"\n<p>El proper 19 de febrer a les 13 hores la Marjal de Pego-Oliva ser\u00e0 l\u2019escenari d\u2019una nova edici\u00f3 de la Baix\u00e0 del riu Bullent.<\/p>\n\n\n\n<p>Des del \u201cPas de Bullent\u201d, fins al \u201cBlau del Galapatar\u201d participaran les divertides barques fetes de tota classe de materials amb uns passatgers disfressats i amb gana de festa, sempre amb el major respecte per a la natura i el Parc Natural.<\/p>\n\n\n\n<p>Com cada any, la Baixada del Riu Bullent, \u00e9s l&#8217;inici del Carnestoltes. Podr\u00e0 participar qualsevol persona amb ganes de festa i sense por a l&#8217;aigua, i sobretot que vinga disfressada, per a seguir la tradici\u00f3 d&#8217;una de les festes m\u00e9s populars i originals dels pegolins.<\/p>\n\n\n\n<p>Convidem a tot el m\u00f3n que participen, siga de Pego o de fora. \u00c9s una festa per a tots!!!<\/p>\n\n\n\n<p>Podeu inscriure&#8217;s descarregant-se la sol\u00b7licitud i presentant-la a l&#8217;Ajuntament, o tamb\u00e9 la podeu recollir a la C\u00e0mera Agr\u00e0ria, i sempre atenent a les Bases establides.<\/p>\n\n\n\n<p>Qualsevol dubte o q\u00fcesti\u00f3, podeu dirigir-se al correu comunicacio@pego.org<\/p>\n\n\n\n<p><\/p>\n\n\n\n<p>Gaudim de les nostres tradicions i les nostres festes, amb responsabilitat.<\/p>\n\n\n\n<p><\/p>\n\n\n\n<p>Ac\u00ed podeu descarregar-se les bases de la cursa i tamb\u00e9 la sol\u00b7licitut per participar.<\/p>\n\n\n\n<div class=\"wp-block-file\"><a href=\"https:\/\/www.pego.org\/noticies\/wp-content\/uploads\/2022\/02\/Bases-Baixa-del-riu-Bullent.pdf\">Bases-Baixa-del-riu-Bullent<\/a><a href=\"https:\/\/www.pego.org\/noticies\/wp-content\/uploads\/2022\/02\/Bases-Baixa-del-riu-Bullent.pdf\" class=\"wp-block-file__button\" download>Baixa<\/a><\/div>\n\n\n\n<div class=\"wp-block-file\"><a href=\"https:\/\/www.pego.org\/noticies\/wp-content\/uploads\/2022\/02\/Sollicitud.pdf\">Sollicitud<\/a><a href=\"https:\/\/www.pego.org\/noticies\/wp-content\/uploads\/2022\/02\/Sollicitud.pdf\" class=\"wp-block-file__button\" download>Baixa<\/a><\/div>\n","protected":false},"excerpt":{"rendered":"El proper 19 de febrer a les 13 hores la Marjal de Pego-Oliva ser\u00e0 l\u2019escenari d\u2019una nova edici\u00f3 de la Baix\u00e0 del riu Bullent. Des del \u201cPas de Bullent\u201d, fins al \u201cBlau del Galapatar\u201d participaran les divertides barques fetes de tota classe de materials amb uns passatgers disfressats i amb gana de festa, sempre amb&#8230; <a class=\"view-article\" href=\"https:\/\/www.pego.org\/noticies\/2022\/02\/04\/la-baixa-del-riu-bullent-2022\/\">Veure Article<\/a>","protected":false},"author":2,"featured_media":0,"comment_status":"closed","ping_status":"open","sticky":false,"template":"","format":"standard","meta":[],"categories":[1],"tags":[],"yoast_head":"<!-- This site is optimized with the Yoast SEO plugin v19.4 - https:\/\/yoast.com\/wordpress\/plugins\/seo\/ -->\n<title>La Baix\u00e0 del riu Bullent 2022 - Ajuntament de Pego<\/title>\n<meta name=\"robots\" content=\"index, follow, max-snippet:-1, max-image-preview:large, max-video-preview:-1\" \/>\n<link rel=\"canonical\" href=\"https:\/\/www.pego.org\/noticies\/2022\/02\/04\/la-baixa-del-riu-bullent-2022\/\" \/>\n<meta property=\"og:locale\" content=\"ca_ES\" \/>\n<meta property=\"og:type\" content=\"article\" \/>\n<meta property=\"og:title\" content=\"La Baix\u00e0 del riu Bullent 2022 - Ajuntament de Pego\" \/>\n<meta property=\"og:description\" content=\"El proper 19 de febrer a les 13 hores la Marjal de Pego-Oliva ser\u00e0 l\u2019escenari d\u2019una nova edici\u00f3 de la Baix\u00e0 del riu Bullent. Des del \u201cPas de Bullent\u201d, fins al \u201cBlau del Galapatar\u201d participaran les divertides barques fetes de tota classe de materials amb uns passatgers disfressats i amb gana de festa, sempre amb... Veure Article\" \/>\n<meta property=\"og:url\" content=\"https:\/\/www.pego.org\/noticies\/2022\/02\/04\/la-baixa-del-riu-bullent-2022\/\" \/>\n<meta property=\"og:site_name\" content=\"Ajuntament de Pego\" \/>\n<meta property=\"article:publisher\" content=\"https:\/\/www.facebook.com\/ajuntament.de.pego\/\" \/>\n<meta property=\"article:published_time\" content=\"2022-02-04T11:32:11+00:00\" \/>\n<meta property=\"article:modified_time\" content=\"2022-02-04T11:32:14+00:00\" \/>\n<meta name=\"author\" content=\"Bernat Ortola\" \/>\n<meta name=\"twitter:card\" content=\"summary_large_image\" \/>\n<meta name=\"twitter:creator\" content=\"@ajupego\" \/>\n<meta name=\"twitter:site\" content=\"@ajupego\" \/>\n<meta name=\"twitter:label1\" content=\"Escrit per\" \/>\n\t<meta name=\"twitter:data1\" content=\"Bernat Ortola\" \/>\n\t<meta name=\"twitter:label2\" content=\"Temps estimat de lectura\" \/>\n\t<meta name=\"twitter:data2\" content=\"2 minuts\" \/>\n<script type=\"application\/ld+json\" class=\"yoast-schema-graph\">{\"@context\":\"https:\/\/schema.org\",\"@graph\":[{\"@type\":\"WebSite\",\"@id\":\"http:\/\/www.pego.org\/noticies\/#website\",\"url\":\"http:\/\/www.pego.org\/noticies\/\",\"name\":\"Ajuntament de Pego\",\"description\":\"\",\"potentialAction\":[{\"@type\":\"SearchAction\",\"target\":{\"@type\":\"EntryPoint\",\"urlTemplate\":\"http:\/\/www.pego.org\/noticies\/?s={search_term_string}\"},\"query-input\":\"required name=search_term_string\"}],\"inLanguage\":\"ca\"},{\"@type\":\"WebPage\",\"@id\":\"https:\/\/www.pego.org\/noticies\/2022\/02\/04\/la-baixa-del-riu-bullent-2022\/\",\"url\":\"https:\/\/www.pego.org\/noticies\/2022\/02\/04\/la-baixa-del-riu-bullent-2022\/\",\"name\":\"La Baix\u00e0 del riu Bullent 2022 - Ajuntament de Pego\",\"isPartOf\":{\"@id\":\"http:\/\/www.pego.org\/noticies\/#website\"},\"datePublished\":\"2022-02-04T11:32:11+00:00\",\"dateModified\":\"2022-02-04T11:32:14+00:00\",\"author\":{\"@id\":\"http:\/\/www.pego.org\/noticies\/#\/schema\/person\/4326dac4f13188e6a8a1984f5eb1e0e6\"},\"breadcrumb\":{\"@id\":\"https:\/\/www.pego.org\/noticies\/2022\/02\/04\/la-baixa-del-riu-bullent-2022\/#breadcrumb\"},\"inLanguage\":\"ca\",\"potentialAction\":[{\"@type\":\"ReadAction\",\"target\":[\"https:\/\/www.pego.org\/noticies\/2022\/02\/04\/la-baixa-del-riu-bullent-2022\/\"]}]},{\"@type\":\"BreadcrumbList\",\"@id\":\"https:\/\/www.pego.org\/noticies\/2022\/02\/04\/la-baixa-del-riu-bullent-2022\/#breadcrumb\",\"itemListElement\":[{\"@type\":\"ListItem\",\"position\":1,\"name\":\"Inici\",\"item\":\"http:\/\/www.pego.org\/noticies\/\"},{\"@type\":\"ListItem\",\"position\":2,\"name\":\"La Baix\u00e0 del riu Bullent 2022\"}]},{\"@type\":\"Person\",\"@id\":\"http:\/\/www.pego.org\/noticies\/#\/schema\/person\/4326dac4f13188e6a8a1984f5eb1e0e6\",\"name\":\"Bernat Ortola\",\"image\":{\"@type\":\"ImageObject\",\"inLanguage\":\"ca\",\"@id\":\"http:\/\/www.pego.org\/noticies\/#\/schema\/person\/image\/\",\"url\":\"https:\/\/secure.gravatar.com\/avatar\/75560795a8de75338a850c3d759f927c?s=96&d=mm&r=g\",\"contentUrl\":\"https:\/\/secure.gravatar.com\/avatar\/75560795a8de75338a850c3d759f927c?s=96&d=mm&r=g\",\"caption\":\"Bernat Ortola\"}}]}<\/script>\n<!-- \/ Yoast SEO plugin. -->","yoast_head_json":{"title":"La Baix\u00e0 del riu Bullent 2022 - Ajuntament de Pego","robots":{"index":"index","follow":"follow","max-snippet":"max-snippet:-1","max-image-preview":"max-image-preview:large","max-video-preview":"max-video-preview:-1"},"canonical":"https:\/\/www.pego.org\/noticies\/2022\/02\/04\/la-baixa-del-riu-bullent-2022\/","og_locale":"ca_ES","og_type":"article","og_title":"La Baix\u00e0 del riu Bullent 2022 - Ajuntament de Pego","og_description":"El proper 19 de febrer a les 13 hores la Marjal de Pego-Oliva ser\u00e0 l\u2019escenari d\u2019una nova edici\u00f3 de la Baix\u00e0 del riu Bullent. Des del \u201cPas de Bullent\u201d, fins al \u201cBlau del Galapatar\u201d participaran les divertides barques fetes de tota classe de materials amb uns passatgers disfressats i amb gana de festa, sempre amb... Veure Article","og_url":"https:\/\/www.pego.org\/noticies\/2022\/02\/04\/la-baixa-del-riu-bullent-2022\/","og_site_name":"Ajuntament de Pego","article_publisher":"https:\/\/www.facebook.com\/ajuntament.de.pego\/","article_published_time":"2022-02-04T11:32:11+00:00","article_modified_time":"2022-02-04T11:32:14+00:00","author":"Bernat Ortola","twitter_card":"summary_large_image","twitter_creator":"@ajupego","twitter_site":"@ajupego","twitter_misc":{"Escrit per":"Bernat Ortola","Temps estimat de lectura":"2 minuts"},"schema":{"@context":"https:\/\/schema.org","@graph":[{"@type":"WebSite","@id":"http:\/\/www.pego.org\/noticies\/#website","url":"http:\/\/www.pego.org\/noticies\/","name":"Ajuntament de Pego","description":"","potentialAction":[{"@type":"SearchAction","target":{"@type":"EntryPoint","urlTemplate":"http:\/\/www.pego.org\/noticies\/?s={search_term_string}"},"query-input":"required name=search_term_string"}],"inLanguage":"ca"},{"@type":"WebPage","@id":"https:\/\/www.pego.org\/noticies\/2022\/02\/04\/la-baixa-del-riu-bullent-2022\/","url":"https:\/\/www.pego.org\/noticies\/2022\/02\/04\/la-baixa-del-riu-bullent-2022\/","name":"La Baix\u00e0 del riu Bullent 2022 - Ajuntament de Pego","isPartOf":{"@id":"http:\/\/www.pego.org\/noticies\/#website"},"datePublished":"2022-02-04T11:32:11+00:00","dateModified":"2022-02-04T11:32:14+00:00","author":{"@id":"http:\/\/www.pego.org\/noticies\/#\/schema\/person\/4326dac4f13188e6a8a1984f5eb1e0e6"},"breadcrumb":{"@id":"https:\/\/www.pego.org\/noticies\/2022\/02\/04\/la-baixa-del-riu-bullent-2022\/#breadcrumb"},"inLanguage":"ca","potentialAction":[{"@type":"ReadAction","target":["https:\/\/www.pego.org\/noticies\/2022\/02\/04\/la-baixa-del-riu-bullent-2022\/"]}]},{"@type":"BreadcrumbList","@id":"https:\/\/www.pego.org\/noticies\/2022\/02\/04\/la-baixa-del-riu-bullent-2022\/#breadcrumb","itemListElement":[{"@type":"ListItem","position":1,"name":"Inici","item":"http:\/\/www.pego.org\/noticies\/"},{"@type":"ListItem","position":2,"name":"La Baix\u00e0 del riu Bullent 2022"}]},{"@type":"Person","@id":"http:\/\/www.pego.org\/noticies\/#\/schema\/person\/4326dac4f13188e6a8a1984f5eb1e0e6","name":"Bernat Ortola","image":{"@type":"ImageObject","inLanguage":"ca","@id":"http:\/\/www.pego.org\/noticies\/#\/schema\/person\/image\/","url":"https:\/\/secure.gravatar.com\/avatar\/75560795a8de75338a850c3d759f927c?s=96&d=mm&r=g","contentUrl":"https:\/\/secure.gravatar.com\/avatar\/75560795a8de75338a850c3d759f927c?s=96&d=mm&r=g","caption":"Bernat Ortola"}}]}},"_links":{"self":[{"href":"https:\/\/www.pego.org\/noticies\/wp-json\/wp\/v2\/posts\/789"}],"collection":[{"href":"https:\/\/www.pego.org\/noticies\/wp-json\/wp\/v2\/posts"}],"about":[{"href":"https:\/\/www.pego.org\/noticies\/wp-json\/wp\/v2\/types\/post"}],"author":[{"embeddable":true,"href":"https:\/\/www.pego.org\/noticies\/wp-json\/wp\/v2\/users\/2"}],"replies":[{"embeddable":true,"href":"https:\/\/www.pego.org\/noticies\/wp-json\/wp\/v2\/comments?post=789"}],"version-history":[{"count":2,"href":"https:\/\/www.pego.org\/noticies\/wp-json\/wp\/v2\/posts\/789\/revisions"}],"predecessor-version":[{"id":793,"href":"https:\/\/www.pego.org\/noticies\/wp-json\/wp\/v2\/posts\/789\/revisions\/793"}],"wp:attachment":[{"href":"https:\/\/www.pego.org\/noticies\/wp-json\/wp\/v2\/media?parent=789"}],"wp:term":[{"taxonomy":"category","embeddable":true,"href":"https:\/\/www.pego.org\/noticies\/wp-json\/wp\/v2\/categories?post=789"},{"taxonomy":"post_tag","embeddable":true,"href":"https:\/\/www.pego.org\/noticies\/wp-json\/wp\/v2\/tags?post=789"}],"curies":[{"name":"wp","href":"https:\/\/api.w.org\/{rel}","templated":true}]}}