{"id":794,"date":"2022-02-08T10:50:39","date_gmt":"2022-02-08T08:50:39","guid":{"rendered":"https:\/\/www.pego.org\/noticies\/?p=794"},"modified":"2022-02-08T10:55:42","modified_gmt":"2022-02-08T08:55:42","slug":"pego-recupera-la-zona-recreativa-de-la-penya-del-gat","status":"publish","type":"post","link":"https:\/\/www.pego.org\/noticies\/2022\/02\/08\/pego-recupera-la-zona-recreativa-de-la-penya-del-gat\/","title":{"rendered":"Pego recupera la zona recreativa de la Penya del Gat"},"content":{"rendered":"\n<p><em>El nou espai d\u2019oci compta amb una zona de p\u00edcnic i una \u00e0rea de jocs infantils amb diversos<\/em> <em>gronxadors<\/em><\/p>\n\n\n\n<p><\/p>\n\n\n\n<div class=\"wp-block-image\"><figure class=\"aligncenter size-large\"><img loading=\"lazy\" width=\"700\" height=\"525\" src=\"https:\/\/www.pego.org\/noticies\/wp-content\/uploads\/2022\/02\/Penya-del-gat-III-700x525.jpg\" alt=\"\" class=\"wp-image-795\" srcset=\"https:\/\/www.pego.org\/noticies\/wp-content\/uploads\/2022\/02\/Penya-del-gat-III-700x525.jpg 700w, https:\/\/www.pego.org\/noticies\/wp-content\/uploads\/2022\/02\/Penya-del-gat-III-250x188.jpg 250w, https:\/\/www.pego.org\/noticies\/wp-content\/uploads\/2022\/02\/Penya-del-gat-III-768x576.jpg 768w, https:\/\/www.pego.org\/noticies\/wp-content\/uploads\/2022\/02\/Penya-del-gat-III-1536x1152.jpg 1536w, https:\/\/www.pego.org\/noticies\/wp-content\/uploads\/2022\/02\/Penya-del-gat-III-2048x1536.jpg 2048w, https:\/\/www.pego.org\/noticies\/wp-content\/uploads\/2022\/02\/Penya-del-gat-III-120x90.jpg 120w\" sizes=\"(max-width: 700px) 100vw, 700px\" \/><figcaption>Nou espai recreatiu a la zona de la Penya del Gat.<\/figcaption><\/figure><\/div>\n\n\n\n<p><\/p>\n\n\n\n<p>Pego segueix recuperant espais per a les persones. Una de les \u00faltimes actuacions emmarcades en aquesta l\u00ednia \u00e9s la rehabilitaci\u00f3 de la zona recreativa de la Penya del Gat. Un espai on retrobar-se amb la naturalesa sense eixir del nucli urb\u00e0, ja que aquesta zona d\u2019oci est\u00e0 situada en un parc on manen moreres i oliveres.<\/p>\n\n\n\n<p>Les millores, que formen part de la s\u00e8rie de projectes englobats a la proposta Avancem, han consistit en la recuperaci\u00f3 de diversos berenadors i la instal\u00b7laci\u00f3 d\u2019altres nous (en total l\u2019espai comptar\u00e0 amb quatre); i tres gronxadors, situats en una zona pavimentada amb cautx\u00fa. S\u2019han col\u00b7locat tamb\u00e9 cinc bancs per a descansar i contemplar les vistes de l\u2019entorn natural que envolta la zona; i s\u2019ha instal\u00b7lat il\u00b7luminaci\u00f3 LED. Tot envoltat de zona verda, amb moreres, olivers i altres tipus de vegetaci\u00f3, algunes d\u2019elles plantades expressament per a donar ombra a tot l\u2019espai recreatiu. L\u2019\u00e0rea, a m\u00e9s t\u00e9 accessos adaptats per a les persones amb mobilitat redu\u00efda.<\/p>\n\n\n\n<p><\/p>\n\n\n\n<div class=\"wp-block-image\"><figure class=\"aligncenter size-large\"><img loading=\"lazy\" width=\"700\" height=\"525\" src=\"https:\/\/www.pego.org\/noticies\/wp-content\/uploads\/2022\/02\/Penya-del-gat-II-700x525.jpg\" alt=\"\" class=\"wp-image-796\" srcset=\"https:\/\/www.pego.org\/noticies\/wp-content\/uploads\/2022\/02\/Penya-del-gat-II-700x525.jpg 700w, https:\/\/www.pego.org\/noticies\/wp-content\/uploads\/2022\/02\/Penya-del-gat-II-250x188.jpg 250w, https:\/\/www.pego.org\/noticies\/wp-content\/uploads\/2022\/02\/Penya-del-gat-II-768x576.jpg 768w, https:\/\/www.pego.org\/noticies\/wp-content\/uploads\/2022\/02\/Penya-del-gat-II-1536x1152.jpg 1536w, https:\/\/www.pego.org\/noticies\/wp-content\/uploads\/2022\/02\/Penya-del-gat-II-2048x1536.jpg 2048w, https:\/\/www.pego.org\/noticies\/wp-content\/uploads\/2022\/02\/Penya-del-gat-II-120x90.jpg 120w\" sizes=\"(max-width: 700px) 100vw, 700px\" \/><figcaption>Nou espai recreatiu a la zona de la Penya del Gat.<\/figcaption><\/figure><\/div>\n\n\n\n<p><\/p>\n\n\n\n<p>El cost d\u2019aquest projecte de recuperaci\u00f3 de la zona recreativa de la Penya del Gat \u00e9s de 48.330,81 euros, que han estat sufragats \u00edntegrament per l\u2019Ajuntament de Pego. \u2018L\u2019objectiu d\u2019aquest equip de govern \u00e9s recuperar espais per a les persones, el de la Penya del Gat \u00e9s un gran exemple, ja que s\u2019ha convertit en una zona molt m\u00e9s amable on poder passar junts a amics o familiars una jornada en un entorn rodejat de naturalesa, a l\u2019aire lliure i sense haver d\u2019eixir del poble\u201d, remarca la regidora d\u2019Urbanisme, Laura Castell\u00e0.<\/p>\n\n\n\n<p>Cal recordar que l\u2019edat d\u2019us recomanada d\u2019aquest nou espai recreatiu \u00e9s de m\u00e9s de 4 anys; els menors de 3 anys han d\u2019anar acompanyats per un adult. Els majors d\u2019edat no poden utilitzar els jocs. A m\u00e9s, queda prohibit l\u2019entrada a la zona recreativa d\u2019animals ni vehicles, aix\u00ed com patinets i bicicletes. Tamb\u00e9 est\u00e0 prohibit fumar en aquesta zona.<\/p>\n\n\n\n<p><\/p>\n\n\n\n<div class=\"wp-block-image\"><figure class=\"aligncenter size-large\"><img loading=\"lazy\" width=\"700\" height=\"497\" src=\"https:\/\/www.pego.org\/noticies\/wp-content\/uploads\/2022\/02\/Avancem-Penya-del-Gat-700x497.jpg\" alt=\"\" class=\"wp-image-797\" srcset=\"https:\/\/www.pego.org\/noticies\/wp-content\/uploads\/2022\/02\/Avancem-Penya-del-Gat-700x497.jpg 700w, https:\/\/www.pego.org\/noticies\/wp-content\/uploads\/2022\/02\/Avancem-Penya-del-Gat-250x177.jpg 250w, https:\/\/www.pego.org\/noticies\/wp-content\/uploads\/2022\/02\/Avancem-Penya-del-Gat-768x545.jpg 768w, https:\/\/www.pego.org\/noticies\/wp-content\/uploads\/2022\/02\/Avancem-Penya-del-Gat-1536x1090.jpg 1536w, https:\/\/www.pego.org\/noticies\/wp-content\/uploads\/2022\/02\/Avancem-Penya-del-Gat-120x85.jpg 120w, https:\/\/www.pego.org\/noticies\/wp-content\/uploads\/2022\/02\/Avancem-Penya-del-Gat.jpg 1748w\" sizes=\"(max-width: 700px) 100vw, 700px\" \/><figcaption>Programa Avancem.<\/figcaption><\/figure><\/div>\n","protected":false},"excerpt":{"rendered":"El nou espai d\u2019oci compta amb una zona de p\u00edcnic i una \u00e0rea de jocs infantils amb diversos gronxadors Pego segueix recuperant espais per a les persones. Una de les \u00faltimes actuacions emmarcades en aquesta l\u00ednia \u00e9s la rehabilitaci\u00f3 de la zona recreativa de la Penya del Gat. Un espai on retrobar-se amb la naturalesa&#8230; <a class=\"view-article\" href=\"https:\/\/www.pego.org\/noticies\/2022\/02\/08\/pego-recupera-la-zona-recreativa-de-la-penya-del-gat\/\">Veure Article<\/a>","protected":false},"author":2,"featured_media":0,"comment_status":"closed","ping_status":"open","sticky":false,"template":"","format":"standard","meta":[],"categories":[1],"tags":[],"yoast_head":"<!-- This site is optimized with the Yoast SEO plugin v19.4 - https:\/\/yoast.com\/wordpress\/plugins\/seo\/ -->\n<title>Pego recupera la zona recreativa de la Penya del Gat - Ajuntament de Pego<\/title>\n<meta name=\"robots\" content=\"index, follow, max-snippet:-1, max-image-preview:large, max-video-preview:-1\" \/>\n<link rel=\"canonical\" href=\"https:\/\/www.pego.org\/noticies\/2022\/02\/08\/pego-recupera-la-zona-recreativa-de-la-penya-del-gat\/\" \/>\n<meta property=\"og:locale\" content=\"ca_ES\" \/>\n<meta property=\"og:type\" content=\"article\" \/>\n<meta property=\"og:title\" content=\"Pego recupera la zona recreativa de la Penya del Gat - Ajuntament de Pego\" \/>\n<meta property=\"og:description\" content=\"El nou espai d\u2019oci compta amb una zona de p\u00edcnic i una \u00e0rea de jocs infantils amb diversos gronxadors Pego segueix recuperant espais per a les persones. Una de les \u00faltimes actuacions emmarcades en aquesta l\u00ednia \u00e9s la rehabilitaci\u00f3 de la zona recreativa de la Penya del Gat. Un espai on retrobar-se amb la naturalesa... Veure Article\" \/>\n<meta property=\"og:url\" content=\"https:\/\/www.pego.org\/noticies\/2022\/02\/08\/pego-recupera-la-zona-recreativa-de-la-penya-del-gat\/\" \/>\n<meta property=\"og:site_name\" content=\"Ajuntament de Pego\" \/>\n<meta property=\"article:publisher\" content=\"https:\/\/www.facebook.com\/ajuntament.de.pego\/\" \/>\n<meta property=\"article:published_time\" content=\"2022-02-08T08:50:39+00:00\" \/>\n<meta property=\"article:modified_time\" content=\"2022-02-08T08:55:42+00:00\" \/>\n<meta property=\"og:image\" content=\"https:\/\/www.pego.org\/noticies\/wp-content\/uploads\/2022\/02\/Penya-del-gat-III-700x525.jpg\" \/>\n<meta name=\"author\" content=\"Bernat Ortola\" \/>\n<meta name=\"twitter:card\" content=\"summary_large_image\" \/>\n<meta name=\"twitter:creator\" content=\"@ajupego\" \/>\n<meta name=\"twitter:site\" content=\"@ajupego\" \/>\n<meta name=\"twitter:label1\" content=\"Escrit per\" \/>\n\t<meta name=\"twitter:data1\" content=\"Bernat Ortola\" \/>\n\t<meta name=\"twitter:label2\" content=\"Temps estimat de lectura\" \/>\n\t<meta name=\"twitter:data2\" content=\"3 minuts\" \/>\n<script type=\"application\/ld+json\" class=\"yoast-schema-graph\">{\"@context\":\"https:\/\/schema.org\",\"@graph\":[{\"@type\":\"WebSite\",\"@id\":\"http:\/\/www.pego.org\/noticies\/#website\",\"url\":\"http:\/\/www.pego.org\/noticies\/\",\"name\":\"Ajuntament de Pego\",\"description\":\"\",\"potentialAction\":[{\"@type\":\"SearchAction\",\"target\":{\"@type\":\"EntryPoint\",\"urlTemplate\":\"http:\/\/www.pego.org\/noticies\/?s={search_term_string}\"},\"query-input\":\"required name=search_term_string\"}],\"inLanguage\":\"ca\"},{\"@type\":\"WebPage\",\"@id\":\"https:\/\/www.pego.org\/noticies\/2022\/02\/08\/pego-recupera-la-zona-recreativa-de-la-penya-del-gat\/\",\"url\":\"https:\/\/www.pego.org\/noticies\/2022\/02\/08\/pego-recupera-la-zona-recreativa-de-la-penya-del-gat\/\",\"name\":\"Pego recupera la zona recreativa de la Penya del Gat - Ajuntament de Pego\",\"isPartOf\":{\"@id\":\"http:\/\/www.pego.org\/noticies\/#website\"},\"datePublished\":\"2022-02-08T08:50:39+00:00\",\"dateModified\":\"2022-02-08T08:55:42+00:00\",\"author\":{\"@id\":\"http:\/\/www.pego.org\/noticies\/#\/schema\/person\/4326dac4f13188e6a8a1984f5eb1e0e6\"},\"breadcrumb\":{\"@id\":\"https:\/\/www.pego.org\/noticies\/2022\/02\/08\/pego-recupera-la-zona-recreativa-de-la-penya-del-gat\/#breadcrumb\"},\"inLanguage\":\"ca\",\"potentialAction\":[{\"@type\":\"ReadAction\",\"target\":[\"https:\/\/www.pego.org\/noticies\/2022\/02\/08\/pego-recupera-la-zona-recreativa-de-la-penya-del-gat\/\"]}]},{\"@type\":\"BreadcrumbList\",\"@id\":\"https:\/\/www.pego.org\/noticies\/2022\/02\/08\/pego-recupera-la-zona-recreativa-de-la-penya-del-gat\/#breadcrumb\",\"itemListElement\":[{\"@type\":\"ListItem\",\"position\":1,\"name\":\"Inici\",\"item\":\"http:\/\/www.pego.org\/noticies\/\"},{\"@type\":\"ListItem\",\"position\":2,\"name\":\"Pego recupera la zona recreativa de la Penya del Gat\"}]},{\"@type\":\"Person\",\"@id\":\"http:\/\/www.pego.org\/noticies\/#\/schema\/person\/4326dac4f13188e6a8a1984f5eb1e0e6\",\"name\":\"Bernat Ortola\",\"image\":{\"@type\":\"ImageObject\",\"inLanguage\":\"ca\",\"@id\":\"http:\/\/www.pego.org\/noticies\/#\/schema\/person\/image\/\",\"url\":\"https:\/\/secure.gravatar.com\/avatar\/75560795a8de75338a850c3d759f927c?s=96&d=mm&r=g\",\"contentUrl\":\"https:\/\/secure.gravatar.com\/avatar\/75560795a8de75338a850c3d759f927c?s=96&d=mm&r=g\",\"caption\":\"Bernat Ortola\"}}]}<\/script>\n<!-- \/ Yoast SEO plugin. -->","yoast_head_json":{"title":"Pego recupera la zona recreativa de la Penya del Gat - Ajuntament de Pego","robots":{"index":"index","follow":"follow","max-snippet":"max-snippet:-1","max-image-preview":"max-image-preview:large","max-video-preview":"max-video-preview:-1"},"canonical":"https:\/\/www.pego.org\/noticies\/2022\/02\/08\/pego-recupera-la-zona-recreativa-de-la-penya-del-gat\/","og_locale":"ca_ES","og_type":"article","og_title":"Pego recupera la zona recreativa de la Penya del Gat - Ajuntament de Pego","og_description":"El nou espai d\u2019oci compta amb una zona de p\u00edcnic i una \u00e0rea de jocs infantils amb diversos gronxadors Pego segueix recuperant espais per a les persones. Una de les \u00faltimes actuacions emmarcades en aquesta l\u00ednia \u00e9s la rehabilitaci\u00f3 de la zona recreativa de la Penya del Gat. Un espai on retrobar-se amb la naturalesa... Veure Article","og_url":"https:\/\/www.pego.org\/noticies\/2022\/02\/08\/pego-recupera-la-zona-recreativa-de-la-penya-del-gat\/","og_site_name":"Ajuntament de Pego","article_publisher":"https:\/\/www.facebook.com\/ajuntament.de.pego\/","article_published_time":"2022-02-08T08:50:39+00:00","article_modified_time":"2022-02-08T08:55:42+00:00","og_image":[{"url":"https:\/\/www.pego.org\/noticies\/wp-content\/uploads\/2022\/02\/Penya-del-gat-III-700x525.jpg"}],"author":"Bernat Ortola","twitter_card":"summary_large_image","twitter_creator":"@ajupego","twitter_site":"@ajupego","twitter_misc":{"Escrit per":"Bernat Ortola","Temps estimat de lectura":"3 minuts"},"schema":{"@context":"https:\/\/schema.org","@graph":[{"@type":"WebSite","@id":"http:\/\/www.pego.org\/noticies\/#website","url":"http:\/\/www.pego.org\/noticies\/","name":"Ajuntament de Pego","description":"","potentialAction":[{"@type":"SearchAction","target":{"@type":"EntryPoint","urlTemplate":"http:\/\/www.pego.org\/noticies\/?s={search_term_string}"},"query-input":"required name=search_term_string"}],"inLanguage":"ca"},{"@type":"WebPage","@id":"https:\/\/www.pego.org\/noticies\/2022\/02\/08\/pego-recupera-la-zona-recreativa-de-la-penya-del-gat\/","url":"https:\/\/www.pego.org\/noticies\/2022\/02\/08\/pego-recupera-la-zona-recreativa-de-la-penya-del-gat\/","name":"Pego recupera la zona recreativa de la Penya del Gat - Ajuntament de Pego","isPartOf":{"@id":"http:\/\/www.pego.org\/noticies\/#website"},"datePublished":"2022-02-08T08:50:39+00:00","dateModified":"2022-02-08T08:55:42+00:00","author":{"@id":"http:\/\/www.pego.org\/noticies\/#\/schema\/person\/4326dac4f13188e6a8a1984f5eb1e0e6"},"breadcrumb":{"@id":"https:\/\/www.pego.org\/noticies\/2022\/02\/08\/pego-recupera-la-zona-recreativa-de-la-penya-del-gat\/#breadcrumb"},"inLanguage":"ca","potentialAction":[{"@type":"ReadAction","target":["https:\/\/www.pego.org\/noticies\/2022\/02\/08\/pego-recupera-la-zona-recreativa-de-la-penya-del-gat\/"]}]},{"@type":"BreadcrumbList","@id":"https:\/\/www.pego.org\/noticies\/2022\/02\/08\/pego-recupera-la-zona-recreativa-de-la-penya-del-gat\/#breadcrumb","itemListElement":[{"@type":"ListItem","position":1,"name":"Inici","item":"http:\/\/www.pego.org\/noticies\/"},{"@type":"ListItem","position":2,"name":"Pego recupera la zona recreativa de la Penya del Gat"}]},{"@type":"Person","@id":"http:\/\/www.pego.org\/noticies\/#\/schema\/person\/4326dac4f13188e6a8a1984f5eb1e0e6","name":"Bernat Ortola","image":{"@type":"ImageObject","inLanguage":"ca","@id":"http:\/\/www.pego.org\/noticies\/#\/schema\/person\/image\/","url":"https:\/\/secure.gravatar.com\/avatar\/75560795a8de75338a850c3d759f927c?s=96&d=mm&r=g","contentUrl":"https:\/\/secure.gravatar.com\/avatar\/75560795a8de75338a850c3d759f927c?s=96&d=mm&r=g","caption":"Bernat Ortola"}}]}},"_links":{"self":[{"href":"https:\/\/www.pego.org\/noticies\/wp-json\/wp\/v2\/posts\/794"}],"collection":[{"href":"https:\/\/www.pego.org\/noticies\/wp-json\/wp\/v2\/posts"}],"about":[{"href":"https:\/\/www.pego.org\/noticies\/wp-json\/wp\/v2\/types\/post"}],"author":[{"embeddable":true,"href":"https:\/\/www.pego.org\/noticies\/wp-json\/wp\/v2\/users\/2"}],"replies":[{"embeddable":true,"href":"https:\/\/www.pego.org\/noticies\/wp-json\/wp\/v2\/comments?post=794"}],"version-history":[{"count":2,"href":"https:\/\/www.pego.org\/noticies\/wp-json\/wp\/v2\/posts\/794\/revisions"}],"predecessor-version":[{"id":800,"href":"https:\/\/www.pego.org\/noticies\/wp-json\/wp\/v2\/posts\/794\/revisions\/800"}],"wp:attachment":[{"href":"https:\/\/www.pego.org\/noticies\/wp-json\/wp\/v2\/media?parent=794"}],"wp:term":[{"taxonomy":"category","embeddable":true,"href":"https:\/\/www.pego.org\/noticies\/wp-json\/wp\/v2\/categories?post=794"},{"taxonomy":"post_tag","embeddable":true,"href":"https:\/\/www.pego.org\/noticies\/wp-json\/wp\/v2\/tags?post=794"}],"curies":[{"name":"wp","href":"https:\/\/api.w.org\/{rel}","templated":true}]}}