{"id":808,"date":"2022-02-10T11:48:09","date_gmt":"2022-02-10T09:48:09","guid":{"rendered":"https:\/\/www.pego.org\/noticies\/?p=808"},"modified":"2022-02-10T11:48:44","modified_gmt":"2022-02-10T09:48:44","slug":"pego-ret-homenatge-a-les-dones-cientifiques","status":"publish","type":"post","link":"https:\/\/www.pego.org\/noticies\/2022\/02\/10\/pego-ret-homenatge-a-les-dones-cientifiques\/","title":{"rendered":"Pego ret homenatge a les dones cient\u00edfiques"},"content":{"rendered":"\n<p><strong><em>El departament de Joventut organitza una s\u00e8rie d\u2019activitats per a reivindicar l\u2019important paper<\/em> <em>de la dona al m\u00f3n de la ci\u00e8ncia<\/em><\/strong><\/p>\n\n\n\n<p><\/p>\n\n\n\n<p>L\u2019Ajuntament de Pego ha organitzat una s\u00e8rie d\u2019actes per a reivindicar el paper de la dona a l\u2019\u00e0mbit cient\u00edfic, coincidint, el divendres 11 de febrer amb el Dia Internacional de la Dona i la Xiqueta a la Ci\u00e8ncia. Es tracta d\u2019una iniciativa que va n\u00e0ixer el passat any de la m\u00e0 del departament de Joventut amb l\u2019objectiu de fer visible el treball de la dona cient\u00edfica, atraure i retenir el talent femen\u00ed cap a la investigaci\u00f3, frenar el descens d\u2019enginyeres i tecn\u00f2logues, aix\u00ed com integrar la perspectiva de g\u00e8nere I+D+I.<\/p>\n\n\n\n<p>Per a aconseguir-ho s\u2019ha fet servir l\u2019ajuda de dues cient\u00edfiques pegolines, la bi\u00f2loga Elena Aller i la biotecn\u00f2loga Mar\u00eda Ort\u00ed. Ambdues col\u00b7laboren amb el departament de Joventut al \u2018Taller Joves cient\u00edfiques\u2019. Una iniciativa pionera que consisteix en una s\u00e8rie de visites als centres educatius del municipi, que es realitzen de forma itinerant cada any. \u201cVolem presentar a les dones cient\u00edfiques de la hist\u00f2ria, per\u00f2 tamb\u00e9 del present immediat. Creguem que \u00e9s fonamental tindre models propers i veure la ci\u00e8ncia de forma accessible\u201d, explica Maido Moreno, t\u00e8cnica de Joventut.<\/p>\n\n\n\n<div class=\"wp-block-image\"><figure class=\"aligncenter size-large\"><img loading=\"lazy\" width=\"700\" height=\"526\" src=\"https:\/\/www.pego.org\/noticies\/wp-content\/uploads\/2022\/02\/1644249136910-700x526.jpg\" alt=\"\" class=\"wp-image-809\" srcset=\"https:\/\/www.pego.org\/noticies\/wp-content\/uploads\/2022\/02\/1644249136910-700x526.jpg 700w, https:\/\/www.pego.org\/noticies\/wp-content\/uploads\/2022\/02\/1644249136910-250x188.jpg 250w, https:\/\/www.pego.org\/noticies\/wp-content\/uploads\/2022\/02\/1644249136910-768x577.jpg 768w, https:\/\/www.pego.org\/noticies\/wp-content\/uploads\/2022\/02\/1644249136910-1536x1153.jpg 1536w, https:\/\/www.pego.org\/noticies\/wp-content\/uploads\/2022\/02\/1644249136910-2048x1538.jpg 2048w, https:\/\/www.pego.org\/noticies\/wp-content\/uploads\/2022\/02\/1644249136910-120x90.jpg 120w\" sizes=\"(max-width: 700px) 100vw, 700px\" \/><figcaption>Elena Aller i Mar\u00eda Ort\u00ed durant la xerrada amb els alumnes. <\/figcaption><\/figure><\/div>\n\n\n\n<p>En estos encontres Aller i Ort\u00ed ofereixen el seu punt de vista sobre el m\u00f3n cient\u00edfic i parlen sobre els seus treballs. Aquest any s\u2019ha realitzat una sessi\u00f3 amb els alumnes de sext del col\u00b7legi Rosalia Bondia, que va tindre lloc el dimarts 9 de febrer. A m\u00e9s amb detall els seus treballs, Aller i Ort\u00ed realitzaren amb els estudiants una s\u00e8rie d\u2019experiments, cultius amb bacteris de les mans i tinta invisible amb c\u00edtrics.<\/p>\n\n\n\n<p>La segona pota d\u2019aquest projecte \u00e9s la participaci\u00f3, el divendres, d\u2019un representant de la regidoria de Joventut (la t\u00e8cnica del departament, Maido Moreno) en el col\u00b7loqui titulat \u2018La situaci\u00f3 actual de les dones a l\u2019\u00e0mbit de la Ci\u00e8ncia i de la Investigaci\u00f3\u2019, en commemoraci\u00f3 del Dia Internacional de la Dona i la Xiqueta a la Ci\u00e8ncia, organitzat per la Delegaci\u00f3 de Govern a la Comunitat Valenciana i on tamb\u00e9 participaran, entre d\u2019altres, la delegada de Govern a la Comunitat, Gloria Albal, la directora del CIPF Deborah Burks i les investigadores de Fisabio Ana Myriam Seva Llor i Maribel Aci\u00e9n S\u00e1nchez.<\/p>\n\n\n\n<p>Per \u00faltim, est\u00e0 prevista una visita dels alumnes del col\u00b7legi Sant Antoni al Museu de les Arts i les Ci\u00e8ncies, el dilluns 14 de febrer. Una proposta amb la qual es busca \u201cdespertar vocacions i tamb\u00e9 familiaritzar-se amb qu\u00e8 \u00e9s la ci\u00e8ncia, vivint-la en primera persona, amb la participaci\u00f3, a m\u00e9s, en un taller i una obra de teatre. Propostes per a vendre la ci\u00e8ncia de forma m\u00e9s atractiva\u201d, explica Moreno.<\/p>\n\n\n\n<p>Pel regidor de Joventut, Ra\u00fcl Tamarit, aquesta iniciativa \u201c\u00e9s imprescindible per a aconseguir reivindicar el paper de la dona a la ci\u00e8ncia i facilitar el cam\u00ed a les joves que somien en ser cient\u00edfiques. Cal seguir treballant per a trencar barreres que, desgraciadament, encara existeixen\u201d.<\/p>\n\n\n\n<p><\/p>\n\n\n\n<p><strong>Referents a Pego<\/strong><\/p>\n\n\n\n<p>Elena Aller i Mar\u00eda Ort\u00ed s\u00f3n les protagonistes i les cares visibles d\u2019aquesta iniciativa. Les referents actuals per a les cient\u00edfiques del futur. Aller \u00e9s llicenciada en Biologia i actualment treballa a la Unitat de Gen\u00e8tica de l\u2019Hospital Universitari la Fe. Doctora Cum Laude en Biologia molecular i gen\u00e8tica, va rebre l\u2019any 2011 el premi a la Millor Investigadora Jove en Gen\u00e8tica Humana.<\/p>\n\n\n\n<p>Per la seua part, la tamb\u00e9 pegolina Mar\u00eda Ort\u00ed \u00e9s graduada en Biotecnologia amb un m\u00e0ster en secund\u00e0ria. Ort\u00ed va guanyar el Premi C\u00e0tedra Palmerar d\u2019Elx del concurs Innobiotec.<\/p>\n","protected":false},"excerpt":{"rendered":"El departament de Joventut organitza una s\u00e8rie d\u2019activitats per a reivindicar l\u2019important paper de la dona al m\u00f3n de la ci\u00e8ncia L\u2019Ajuntament de Pego ha organitzat una s\u00e8rie d\u2019actes per a reivindicar el paper de la dona a l\u2019\u00e0mbit cient\u00edfic, coincidint, el divendres 11 de febrer amb el Dia Internacional de la Dona i la&#8230; <a class=\"view-article\" href=\"https:\/\/www.pego.org\/noticies\/2022\/02\/10\/pego-ret-homenatge-a-les-dones-cientifiques\/\">Veure Article<\/a>","protected":false},"author":2,"featured_media":0,"comment_status":"closed","ping_status":"open","sticky":false,"template":"","format":"standard","meta":[],"categories":[1],"tags":[],"yoast_head":"<!-- This site is optimized with the Yoast SEO plugin v19.4 - https:\/\/yoast.com\/wordpress\/plugins\/seo\/ -->\n<title>Pego ret homenatge a les dones cient\u00edfiques - Ajuntament de Pego<\/title>\n<meta name=\"robots\" content=\"index, follow, max-snippet:-1, max-image-preview:large, max-video-preview:-1\" \/>\n<link rel=\"canonical\" href=\"https:\/\/www.pego.org\/noticies\/2022\/02\/10\/pego-ret-homenatge-a-les-dones-cientifiques\/\" \/>\n<meta property=\"og:locale\" content=\"ca_ES\" \/>\n<meta property=\"og:type\" content=\"article\" \/>\n<meta property=\"og:title\" content=\"Pego ret homenatge a les dones cient\u00edfiques - Ajuntament de Pego\" \/>\n<meta property=\"og:description\" content=\"El departament de Joventut organitza una s\u00e8rie d\u2019activitats per a reivindicar l\u2019important paper de la dona al m\u00f3n de la ci\u00e8ncia L\u2019Ajuntament de Pego ha organitzat una s\u00e8rie d\u2019actes per a reivindicar el paper de la dona a l\u2019\u00e0mbit cient\u00edfic, coincidint, el divendres 11 de febrer amb el Dia Internacional de la Dona i la... Veure Article\" \/>\n<meta property=\"og:url\" content=\"https:\/\/www.pego.org\/noticies\/2022\/02\/10\/pego-ret-homenatge-a-les-dones-cientifiques\/\" \/>\n<meta property=\"og:site_name\" content=\"Ajuntament de Pego\" \/>\n<meta property=\"article:publisher\" content=\"https:\/\/www.facebook.com\/ajuntament.de.pego\/\" \/>\n<meta property=\"article:published_time\" content=\"2022-02-10T09:48:09+00:00\" \/>\n<meta property=\"article:modified_time\" content=\"2022-02-10T09:48:44+00:00\" \/>\n<meta property=\"og:image\" content=\"https:\/\/www.pego.org\/noticies\/wp-content\/uploads\/2022\/02\/1644249136910-700x526.jpg\" \/>\n<meta name=\"author\" content=\"Bernat Ortola\" \/>\n<meta name=\"twitter:card\" content=\"summary_large_image\" \/>\n<meta name=\"twitter:creator\" content=\"@ajupego\" \/>\n<meta name=\"twitter:site\" content=\"@ajupego\" \/>\n<meta name=\"twitter:label1\" content=\"Escrit per\" \/>\n\t<meta name=\"twitter:data1\" content=\"Bernat Ortola\" \/>\n\t<meta name=\"twitter:label2\" content=\"Temps estimat de lectura\" \/>\n\t<meta name=\"twitter:data2\" content=\"4 minuts\" \/>\n<script type=\"application\/ld+json\" class=\"yoast-schema-graph\">{\"@context\":\"https:\/\/schema.org\",\"@graph\":[{\"@type\":\"WebSite\",\"@id\":\"http:\/\/www.pego.org\/noticies\/#website\",\"url\":\"http:\/\/www.pego.org\/noticies\/\",\"name\":\"Ajuntament de Pego\",\"description\":\"\",\"potentialAction\":[{\"@type\":\"SearchAction\",\"target\":{\"@type\":\"EntryPoint\",\"urlTemplate\":\"http:\/\/www.pego.org\/noticies\/?s={search_term_string}\"},\"query-input\":\"required name=search_term_string\"}],\"inLanguage\":\"ca\"},{\"@type\":\"WebPage\",\"@id\":\"https:\/\/www.pego.org\/noticies\/2022\/02\/10\/pego-ret-homenatge-a-les-dones-cientifiques\/\",\"url\":\"https:\/\/www.pego.org\/noticies\/2022\/02\/10\/pego-ret-homenatge-a-les-dones-cientifiques\/\",\"name\":\"Pego ret homenatge a les dones cient\u00edfiques - Ajuntament de Pego\",\"isPartOf\":{\"@id\":\"http:\/\/www.pego.org\/noticies\/#website\"},\"datePublished\":\"2022-02-10T09:48:09+00:00\",\"dateModified\":\"2022-02-10T09:48:44+00:00\",\"author\":{\"@id\":\"http:\/\/www.pego.org\/noticies\/#\/schema\/person\/4326dac4f13188e6a8a1984f5eb1e0e6\"},\"breadcrumb\":{\"@id\":\"https:\/\/www.pego.org\/noticies\/2022\/02\/10\/pego-ret-homenatge-a-les-dones-cientifiques\/#breadcrumb\"},\"inLanguage\":\"ca\",\"potentialAction\":[{\"@type\":\"ReadAction\",\"target\":[\"https:\/\/www.pego.org\/noticies\/2022\/02\/10\/pego-ret-homenatge-a-les-dones-cientifiques\/\"]}]},{\"@type\":\"BreadcrumbList\",\"@id\":\"https:\/\/www.pego.org\/noticies\/2022\/02\/10\/pego-ret-homenatge-a-les-dones-cientifiques\/#breadcrumb\",\"itemListElement\":[{\"@type\":\"ListItem\",\"position\":1,\"name\":\"Inici\",\"item\":\"http:\/\/www.pego.org\/noticies\/\"},{\"@type\":\"ListItem\",\"position\":2,\"name\":\"Pego ret homenatge a les dones cient\u00edfiques\"}]},{\"@type\":\"Person\",\"@id\":\"http:\/\/www.pego.org\/noticies\/#\/schema\/person\/4326dac4f13188e6a8a1984f5eb1e0e6\",\"name\":\"Bernat Ortola\",\"image\":{\"@type\":\"ImageObject\",\"inLanguage\":\"ca\",\"@id\":\"http:\/\/www.pego.org\/noticies\/#\/schema\/person\/image\/\",\"url\":\"https:\/\/secure.gravatar.com\/avatar\/75560795a8de75338a850c3d759f927c?s=96&d=mm&r=g\",\"contentUrl\":\"https:\/\/secure.gravatar.com\/avatar\/75560795a8de75338a850c3d759f927c?s=96&d=mm&r=g\",\"caption\":\"Bernat Ortola\"}}]}<\/script>\n<!-- \/ Yoast SEO plugin. -->","yoast_head_json":{"title":"Pego ret homenatge a les dones cient\u00edfiques - Ajuntament de Pego","robots":{"index":"index","follow":"follow","max-snippet":"max-snippet:-1","max-image-preview":"max-image-preview:large","max-video-preview":"max-video-preview:-1"},"canonical":"https:\/\/www.pego.org\/noticies\/2022\/02\/10\/pego-ret-homenatge-a-les-dones-cientifiques\/","og_locale":"ca_ES","og_type":"article","og_title":"Pego ret homenatge a les dones cient\u00edfiques - Ajuntament de Pego","og_description":"El departament de Joventut organitza una s\u00e8rie d\u2019activitats per a reivindicar l\u2019important paper de la dona al m\u00f3n de la ci\u00e8ncia L\u2019Ajuntament de Pego ha organitzat una s\u00e8rie d\u2019actes per a reivindicar el paper de la dona a l\u2019\u00e0mbit cient\u00edfic, coincidint, el divendres 11 de febrer amb el Dia Internacional de la Dona i la... Veure Article","og_url":"https:\/\/www.pego.org\/noticies\/2022\/02\/10\/pego-ret-homenatge-a-les-dones-cientifiques\/","og_site_name":"Ajuntament de Pego","article_publisher":"https:\/\/www.facebook.com\/ajuntament.de.pego\/","article_published_time":"2022-02-10T09:48:09+00:00","article_modified_time":"2022-02-10T09:48:44+00:00","og_image":[{"url":"https:\/\/www.pego.org\/noticies\/wp-content\/uploads\/2022\/02\/1644249136910-700x526.jpg"}],"author":"Bernat Ortola","twitter_card":"summary_large_image","twitter_creator":"@ajupego","twitter_site":"@ajupego","twitter_misc":{"Escrit per":"Bernat Ortola","Temps estimat de lectura":"4 minuts"},"schema":{"@context":"https:\/\/schema.org","@graph":[{"@type":"WebSite","@id":"http:\/\/www.pego.org\/noticies\/#website","url":"http:\/\/www.pego.org\/noticies\/","name":"Ajuntament de Pego","description":"","potentialAction":[{"@type":"SearchAction","target":{"@type":"EntryPoint","urlTemplate":"http:\/\/www.pego.org\/noticies\/?s={search_term_string}"},"query-input":"required name=search_term_string"}],"inLanguage":"ca"},{"@type":"WebPage","@id":"https:\/\/www.pego.org\/noticies\/2022\/02\/10\/pego-ret-homenatge-a-les-dones-cientifiques\/","url":"https:\/\/www.pego.org\/noticies\/2022\/02\/10\/pego-ret-homenatge-a-les-dones-cientifiques\/","name":"Pego ret homenatge a les dones cient\u00edfiques - Ajuntament de Pego","isPartOf":{"@id":"http:\/\/www.pego.org\/noticies\/#website"},"datePublished":"2022-02-10T09:48:09+00:00","dateModified":"2022-02-10T09:48:44+00:00","author":{"@id":"http:\/\/www.pego.org\/noticies\/#\/schema\/person\/4326dac4f13188e6a8a1984f5eb1e0e6"},"breadcrumb":{"@id":"https:\/\/www.pego.org\/noticies\/2022\/02\/10\/pego-ret-homenatge-a-les-dones-cientifiques\/#breadcrumb"},"inLanguage":"ca","potentialAction":[{"@type":"ReadAction","target":["https:\/\/www.pego.org\/noticies\/2022\/02\/10\/pego-ret-homenatge-a-les-dones-cientifiques\/"]}]},{"@type":"BreadcrumbList","@id":"https:\/\/www.pego.org\/noticies\/2022\/02\/10\/pego-ret-homenatge-a-les-dones-cientifiques\/#breadcrumb","itemListElement":[{"@type":"ListItem","position":1,"name":"Inici","item":"http:\/\/www.pego.org\/noticies\/"},{"@type":"ListItem","position":2,"name":"Pego ret homenatge a les dones cient\u00edfiques"}]},{"@type":"Person","@id":"http:\/\/www.pego.org\/noticies\/#\/schema\/person\/4326dac4f13188e6a8a1984f5eb1e0e6","name":"Bernat Ortola","image":{"@type":"ImageObject","inLanguage":"ca","@id":"http:\/\/www.pego.org\/noticies\/#\/schema\/person\/image\/","url":"https:\/\/secure.gravatar.com\/avatar\/75560795a8de75338a850c3d759f927c?s=96&d=mm&r=g","contentUrl":"https:\/\/secure.gravatar.com\/avatar\/75560795a8de75338a850c3d759f927c?s=96&d=mm&r=g","caption":"Bernat Ortola"}}]}},"_links":{"self":[{"href":"https:\/\/www.pego.org\/noticies\/wp-json\/wp\/v2\/posts\/808"}],"collection":[{"href":"https:\/\/www.pego.org\/noticies\/wp-json\/wp\/v2\/posts"}],"about":[{"href":"https:\/\/www.pego.org\/noticies\/wp-json\/wp\/v2\/types\/post"}],"author":[{"embeddable":true,"href":"https:\/\/www.pego.org\/noticies\/wp-json\/wp\/v2\/users\/2"}],"replies":[{"embeddable":true,"href":"https:\/\/www.pego.org\/noticies\/wp-json\/wp\/v2\/comments?post=808"}],"version-history":[{"count":1,"href":"https:\/\/www.pego.org\/noticies\/wp-json\/wp\/v2\/posts\/808\/revisions"}],"predecessor-version":[{"id":810,"href":"https:\/\/www.pego.org\/noticies\/wp-json\/wp\/v2\/posts\/808\/revisions\/810"}],"wp:attachment":[{"href":"https:\/\/www.pego.org\/noticies\/wp-json\/wp\/v2\/media?parent=808"}],"wp:term":[{"taxonomy":"category","embeddable":true,"href":"https:\/\/www.pego.org\/noticies\/wp-json\/wp\/v2\/categories?post=808"},{"taxonomy":"post_tag","embeddable":true,"href":"https:\/\/www.pego.org\/noticies\/wp-json\/wp\/v2\/tags?post=808"}],"curies":[{"name":"wp","href":"https:\/\/api.w.org\/{rel}","templated":true}]}}