{"id":816,"date":"2022-02-11T14:46:40","date_gmt":"2022-02-11T12:46:40","guid":{"rendered":"https:\/\/www.pego.org\/noticies\/?p=816"},"modified":"2022-02-11T14:46:42","modified_gmt":"2022-02-11T12:46:42","slug":"subvencio-per-a-un-vehicle-electric","status":"publish","type":"post","link":"https:\/\/www.pego.org\/noticies\/2022\/02\/11\/subvencio-per-a-un-vehicle-electric\/","title":{"rendered":"Subvenci\u00f3 per a un vehicle el\u00e8ctric"},"content":{"rendered":"\n<p>La Diputaci\u00f3 provincial d&#8217;Alacant ha concedit a l&#8217;Ajuntament de Pego una subvenci\u00f3 no diner\u00e0ria amb relaci\u00f3 a la convocat\u00f2ria publicada al BOP n\u00ba 113 de data 16\/06\/21.<\/p>\n\n\n\n<p>Mat\u00e8ria: \u00e0rea de Medi Ambient.<\/p>\n\n\n\n<p>Convocat\u00f2ria: Vehicles el\u00e8ctrics purs o etiqueta ambiental zero.<\/p>\n\n\n\n<p>Objecte dest\u00ed: servicis generals.<\/p>\n\n\n\n<p>Any: 2021<\/p>\n\n\n\n<p>Import: 27.397,26 euros<\/p>\n\n\n\n<p>BOP n\u00ba: 27<\/p>\n\n\n\n<p>Data: 09\/02\/2022<\/p>\n\n\n\n<p><\/p>\n\n\n\n<figure class=\"wp-block-image size-full\"><img loading=\"lazy\" width=\"573\" height=\"383\" src=\"https:\/\/www.pego.org\/noticies\/wp-content\/uploads\/2022\/02\/Vehicles-electrics.jpg\" alt=\"\" class=\"wp-image-817\" srcset=\"https:\/\/www.pego.org\/noticies\/wp-content\/uploads\/2022\/02\/Vehicles-electrics.jpg 573w, https:\/\/www.pego.org\/noticies\/wp-content\/uploads\/2022\/02\/Vehicles-electrics-250x167.jpg 250w, https:\/\/www.pego.org\/noticies\/wp-content\/uploads\/2022\/02\/Vehicles-electrics-120x80.jpg 120w\" sizes=\"(max-width: 573px) 100vw, 573px\" \/><\/figure>\n","protected":false},"excerpt":{"rendered":"La Diputaci\u00f3 provincial d&#8217;Alacant ha concedit a l&#8217;Ajuntament de Pego una subvenci\u00f3 no diner\u00e0ria amb relaci\u00f3 a la convocat\u00f2ria publicada al BOP n\u00ba 113 de data 16\/06\/21. Mat\u00e8ria: \u00e0rea de Medi Ambient. Convocat\u00f2ria: Vehicles el\u00e8ctrics purs o etiqueta ambiental zero. Objecte dest\u00ed: servicis generals. Any: 2021 Import: 27.397,26 euros BOP n\u00ba: 27 Data: 09\/02\/2022","protected":false},"author":2,"featured_media":0,"comment_status":"closed","ping_status":"open","sticky":false,"template":"","format":"standard","meta":[],"categories":[1],"tags":[],"yoast_head":"<!-- This site is optimized with the Yoast SEO plugin v19.4 - https:\/\/yoast.com\/wordpress\/plugins\/seo\/ -->\n<title>Subvenci\u00f3 per a un vehicle el\u00e8ctric - Ajuntament de Pego<\/title>\n<meta name=\"robots\" content=\"index, follow, max-snippet:-1, max-image-preview:large, max-video-preview:-1\" \/>\n<link rel=\"canonical\" href=\"https:\/\/www.pego.org\/noticies\/2022\/02\/11\/subvencio-per-a-un-vehicle-electric\/\" \/>\n<meta property=\"og:locale\" content=\"ca_ES\" \/>\n<meta property=\"og:type\" content=\"article\" \/>\n<meta property=\"og:title\" content=\"Subvenci\u00f3 per a un vehicle el\u00e8ctric - Ajuntament de Pego\" \/>\n<meta property=\"og:description\" content=\"La Diputaci\u00f3 provincial d&#8217;Alacant ha concedit a l&#8217;Ajuntament de Pego una subvenci\u00f3 no diner\u00e0ria amb relaci\u00f3 a la convocat\u00f2ria publicada al BOP n\u00ba 113 de data 16\/06\/21. Mat\u00e8ria: \u00e0rea de Medi Ambient. Convocat\u00f2ria: Vehicles el\u00e8ctrics purs o etiqueta ambiental zero. Objecte dest\u00ed: servicis generals. Any: 2021 Import: 27.397,26 euros BOP n\u00ba: 27 Data: 09\/02\/2022\" \/>\n<meta property=\"og:url\" content=\"https:\/\/www.pego.org\/noticies\/2022\/02\/11\/subvencio-per-a-un-vehicle-electric\/\" \/>\n<meta property=\"og:site_name\" content=\"Ajuntament de Pego\" \/>\n<meta property=\"article:publisher\" content=\"https:\/\/www.facebook.com\/ajuntament.de.pego\/\" \/>\n<meta property=\"article:published_time\" content=\"2022-02-11T12:46:40+00:00\" \/>\n<meta property=\"article:modified_time\" content=\"2022-02-11T12:46:42+00:00\" \/>\n<meta property=\"og:image\" content=\"https:\/\/www.pego.org\/noticies\/wp-content\/uploads\/2022\/02\/Vehicles-electrics.jpg\" \/>\n<meta name=\"author\" content=\"Bernat Ortola\" \/>\n<meta name=\"twitter:card\" content=\"summary_large_image\" \/>\n<meta name=\"twitter:creator\" content=\"@ajupego\" \/>\n<meta name=\"twitter:site\" content=\"@ajupego\" \/>\n<meta name=\"twitter:label1\" content=\"Escrit per\" \/>\n\t<meta name=\"twitter:data1\" content=\"Bernat Ortola\" \/>\n\t<meta name=\"twitter:label2\" content=\"Temps estimat de lectura\" \/>\n\t<meta name=\"twitter:data2\" content=\"1 minut\" \/>\n<script type=\"application\/ld+json\" class=\"yoast-schema-graph\">{\"@context\":\"https:\/\/schema.org\",\"@graph\":[{\"@type\":\"WebSite\",\"@id\":\"http:\/\/www.pego.org\/noticies\/#website\",\"url\":\"http:\/\/www.pego.org\/noticies\/\",\"name\":\"Ajuntament de Pego\",\"description\":\"\",\"potentialAction\":[{\"@type\":\"SearchAction\",\"target\":{\"@type\":\"EntryPoint\",\"urlTemplate\":\"http:\/\/www.pego.org\/noticies\/?s={search_term_string}\"},\"query-input\":\"required name=search_term_string\"}],\"inLanguage\":\"ca\"},{\"@type\":\"WebPage\",\"@id\":\"https:\/\/www.pego.org\/noticies\/2022\/02\/11\/subvencio-per-a-un-vehicle-electric\/\",\"url\":\"https:\/\/www.pego.org\/noticies\/2022\/02\/11\/subvencio-per-a-un-vehicle-electric\/\",\"name\":\"Subvenci\u00f3 per a un vehicle el\u00e8ctric - Ajuntament de Pego\",\"isPartOf\":{\"@id\":\"http:\/\/www.pego.org\/noticies\/#website\"},\"datePublished\":\"2022-02-11T12:46:40+00:00\",\"dateModified\":\"2022-02-11T12:46:42+00:00\",\"author\":{\"@id\":\"http:\/\/www.pego.org\/noticies\/#\/schema\/person\/4326dac4f13188e6a8a1984f5eb1e0e6\"},\"breadcrumb\":{\"@id\":\"https:\/\/www.pego.org\/noticies\/2022\/02\/11\/subvencio-per-a-un-vehicle-electric\/#breadcrumb\"},\"inLanguage\":\"ca\",\"potentialAction\":[{\"@type\":\"ReadAction\",\"target\":[\"https:\/\/www.pego.org\/noticies\/2022\/02\/11\/subvencio-per-a-un-vehicle-electric\/\"]}]},{\"@type\":\"BreadcrumbList\",\"@id\":\"https:\/\/www.pego.org\/noticies\/2022\/02\/11\/subvencio-per-a-un-vehicle-electric\/#breadcrumb\",\"itemListElement\":[{\"@type\":\"ListItem\",\"position\":1,\"name\":\"Inici\",\"item\":\"http:\/\/www.pego.org\/noticies\/\"},{\"@type\":\"ListItem\",\"position\":2,\"name\":\"Subvenci\u00f3 per a un vehicle el\u00e8ctric\"}]},{\"@type\":\"Person\",\"@id\":\"http:\/\/www.pego.org\/noticies\/#\/schema\/person\/4326dac4f13188e6a8a1984f5eb1e0e6\",\"name\":\"Bernat Ortola\",\"image\":{\"@type\":\"ImageObject\",\"inLanguage\":\"ca\",\"@id\":\"http:\/\/www.pego.org\/noticies\/#\/schema\/person\/image\/\",\"url\":\"https:\/\/secure.gravatar.com\/avatar\/75560795a8de75338a850c3d759f927c?s=96&d=mm&r=g\",\"contentUrl\":\"https:\/\/secure.gravatar.com\/avatar\/75560795a8de75338a850c3d759f927c?s=96&d=mm&r=g\",\"caption\":\"Bernat Ortola\"}}]}<\/script>\n<!-- \/ Yoast SEO plugin. -->","yoast_head_json":{"title":"Subvenci\u00f3 per a un vehicle el\u00e8ctric - Ajuntament de Pego","robots":{"index":"index","follow":"follow","max-snippet":"max-snippet:-1","max-image-preview":"max-image-preview:large","max-video-preview":"max-video-preview:-1"},"canonical":"https:\/\/www.pego.org\/noticies\/2022\/02\/11\/subvencio-per-a-un-vehicle-electric\/","og_locale":"ca_ES","og_type":"article","og_title":"Subvenci\u00f3 per a un vehicle el\u00e8ctric - Ajuntament de Pego","og_description":"La Diputaci\u00f3 provincial d&#8217;Alacant ha concedit a l&#8217;Ajuntament de Pego una subvenci\u00f3 no diner\u00e0ria amb relaci\u00f3 a la convocat\u00f2ria publicada al BOP n\u00ba 113 de data 16\/06\/21. Mat\u00e8ria: \u00e0rea de Medi Ambient. Convocat\u00f2ria: Vehicles el\u00e8ctrics purs o etiqueta ambiental zero. Objecte dest\u00ed: servicis generals. Any: 2021 Import: 27.397,26 euros BOP n\u00ba: 27 Data: 09\/02\/2022","og_url":"https:\/\/www.pego.org\/noticies\/2022\/02\/11\/subvencio-per-a-un-vehicle-electric\/","og_site_name":"Ajuntament de Pego","article_publisher":"https:\/\/www.facebook.com\/ajuntament.de.pego\/","article_published_time":"2022-02-11T12:46:40+00:00","article_modified_time":"2022-02-11T12:46:42+00:00","og_image":[{"url":"https:\/\/www.pego.org\/noticies\/wp-content\/uploads\/2022\/02\/Vehicles-electrics.jpg"}],"author":"Bernat Ortola","twitter_card":"summary_large_image","twitter_creator":"@ajupego","twitter_site":"@ajupego","twitter_misc":{"Escrit per":"Bernat Ortola","Temps estimat de lectura":"1 minut"},"schema":{"@context":"https:\/\/schema.org","@graph":[{"@type":"WebSite","@id":"http:\/\/www.pego.org\/noticies\/#website","url":"http:\/\/www.pego.org\/noticies\/","name":"Ajuntament de Pego","description":"","potentialAction":[{"@type":"SearchAction","target":{"@type":"EntryPoint","urlTemplate":"http:\/\/www.pego.org\/noticies\/?s={search_term_string}"},"query-input":"required name=search_term_string"}],"inLanguage":"ca"},{"@type":"WebPage","@id":"https:\/\/www.pego.org\/noticies\/2022\/02\/11\/subvencio-per-a-un-vehicle-electric\/","url":"https:\/\/www.pego.org\/noticies\/2022\/02\/11\/subvencio-per-a-un-vehicle-electric\/","name":"Subvenci\u00f3 per a un vehicle el\u00e8ctric - Ajuntament de Pego","isPartOf":{"@id":"http:\/\/www.pego.org\/noticies\/#website"},"datePublished":"2022-02-11T12:46:40+00:00","dateModified":"2022-02-11T12:46:42+00:00","author":{"@id":"http:\/\/www.pego.org\/noticies\/#\/schema\/person\/4326dac4f13188e6a8a1984f5eb1e0e6"},"breadcrumb":{"@id":"https:\/\/www.pego.org\/noticies\/2022\/02\/11\/subvencio-per-a-un-vehicle-electric\/#breadcrumb"},"inLanguage":"ca","potentialAction":[{"@type":"ReadAction","target":["https:\/\/www.pego.org\/noticies\/2022\/02\/11\/subvencio-per-a-un-vehicle-electric\/"]}]},{"@type":"BreadcrumbList","@id":"https:\/\/www.pego.org\/noticies\/2022\/02\/11\/subvencio-per-a-un-vehicle-electric\/#breadcrumb","itemListElement":[{"@type":"ListItem","position":1,"name":"Inici","item":"http:\/\/www.pego.org\/noticies\/"},{"@type":"ListItem","position":2,"name":"Subvenci\u00f3 per a un vehicle el\u00e8ctric"}]},{"@type":"Person","@id":"http:\/\/www.pego.org\/noticies\/#\/schema\/person\/4326dac4f13188e6a8a1984f5eb1e0e6","name":"Bernat Ortola","image":{"@type":"ImageObject","inLanguage":"ca","@id":"http:\/\/www.pego.org\/noticies\/#\/schema\/person\/image\/","url":"https:\/\/secure.gravatar.com\/avatar\/75560795a8de75338a850c3d759f927c?s=96&d=mm&r=g","contentUrl":"https:\/\/secure.gravatar.com\/avatar\/75560795a8de75338a850c3d759f927c?s=96&d=mm&r=g","caption":"Bernat Ortola"}}]}},"_links":{"self":[{"href":"https:\/\/www.pego.org\/noticies\/wp-json\/wp\/v2\/posts\/816"}],"collection":[{"href":"https:\/\/www.pego.org\/noticies\/wp-json\/wp\/v2\/posts"}],"about":[{"href":"https:\/\/www.pego.org\/noticies\/wp-json\/wp\/v2\/types\/post"}],"author":[{"embeddable":true,"href":"https:\/\/www.pego.org\/noticies\/wp-json\/wp\/v2\/users\/2"}],"replies":[{"embeddable":true,"href":"https:\/\/www.pego.org\/noticies\/wp-json\/wp\/v2\/comments?post=816"}],"version-history":[{"count":1,"href":"https:\/\/www.pego.org\/noticies\/wp-json\/wp\/v2\/posts\/816\/revisions"}],"predecessor-version":[{"id":818,"href":"https:\/\/www.pego.org\/noticies\/wp-json\/wp\/v2\/posts\/816\/revisions\/818"}],"wp:attachment":[{"href":"https:\/\/www.pego.org\/noticies\/wp-json\/wp\/v2\/media?parent=816"}],"wp:term":[{"taxonomy":"category","embeddable":true,"href":"https:\/\/www.pego.org\/noticies\/wp-json\/wp\/v2\/categories?post=816"},{"taxonomy":"post_tag","embeddable":true,"href":"https:\/\/www.pego.org\/noticies\/wp-json\/wp\/v2\/tags?post=816"}],"curies":[{"name":"wp","href":"https:\/\/api.w.org\/{rel}","templated":true}]}}