{"id":823,"date":"2022-02-23T11:29:30","date_gmt":"2022-02-23T09:29:30","guid":{"rendered":"https:\/\/www.pego.org\/noticies\/?p=823"},"modified":"2022-02-23T11:30:55","modified_gmt":"2022-02-23T09:30:55","slug":"pego-rep-una-subvencio-per-a-oferir-activitats-extraescolars","status":"publish","type":"post","link":"https:\/\/www.pego.org\/noticies\/2022\/02\/23\/pego-rep-una-subvencio-per-a-oferir-activitats-extraescolars\/","title":{"rendered":"Pego rep una subvenci\u00f3 per a oferir activitats extraescolars"},"content":{"rendered":"\n<p><em><strong>L\u2019ajuda de 56.000 euros es destinar\u00e0 per a tres tipus de tallers destinats a xiquets i xiquetes d\u2019entre 3 i 14 anys<\/strong><\/em><\/p>\n\n\n\n<p><\/p>\n\n\n\n<p>L\u2019Ajuntament de Pego ha rebut una subvenci\u00f3 de 56.000 euros de la Conselleria d\u2019Igualtat i Pol\u00edtiques Inclusives pel desenvolupament del projecte \u2018Borses de cures professionals per a fam\u00edlies amb filles i fills menors de 14 anys\u2019. Una proposta per a pal\u00b7liar els efectes de la crisi econ\u00f2mica i social actual; permeten tant la conciliaci\u00f3 de la vida laboral i familiar, aix\u00ed com a l\u2019acc\u00e9s dels alumnes a activitats l\u00fadiques, educatives, culturals i esportives.<\/p>\n\n\n\n<p>Per tal d\u2019aconseguir-ho l\u2019Ajuntament de Pego ha plantejat un total de tres activitats destinades a xiquets i xiquetes d\u2019entre 3 i 14 anys, propostes perqu\u00e8 els pares i mares puguen deixar els seus fills i filles en un lloc segur i no altere el seu horari laboral. \u201cEs tracta d\u2019una demanda dels pares i mares que creiem necess\u00e0ria resoldre\u201d, apunta la regidora de Serveis Socials, Merxe Bolta.<\/p>\n\n\n\n<p>La primera de les propostes que es posar\u00e0 en marxa \u00e9s un taller educatiu que tindr\u00e0 lloc de dilluns a dijous de 17 a 19 hores a l\u2019Espai Ve\u00efnal. Aquestos tallers comen\u00e7aran el 7 de mar\u00e7 i es desenvoluparan fins al mes de juny.<\/p>\n\n\n\n<p>Una altra de les activitats tindr\u00e0 lloc els dissabtes (Dissabtes Actius) de 9.30 hores fins a les 13.30 hores, tamb\u00e9 a l\u2019Espai Ve\u00efnal. Aquestes activitats comen\u00e7aran el 12 de mar\u00e7 i es desenvoluparan, tamb\u00e9, fins al mes de juny.<\/p>\n\n\n\n<p>La tercera proposta tindr\u00e0 com a objectiu ajudar a les fam\u00edlies durant les vacances de Pasqua. \u2018L\u2019Escola de Pasqua\u2019 ser\u00e0 una opci\u00f3 pels pares i mares que han de seguir treballant durant les vacances pasq\u00fceres. Aquesta activitat tindr\u00e0 lloc del 19 al 22 d\u2019abril de 9 a 13.30 hores a l\u2019Espai Ve\u00efnal.<\/p>\n\n\n\n<p>Mentre que el quart taller es desenvolupar\u00e0 del 21 de juny fins a l\u20191 de juliol. Una proposta que tindr\u00e0 com a objectiu el foment de la igualtat, en la que els m\u00e9s menuts i menudes aprendran a trav\u00e9s d\u2019una s\u00e8rie d\u2019activitats i tallers. L\u2019horari ser\u00e0 de 9 a 13 hores. \u201cEs tracta d\u2019un curs amb el qual les fam\u00edlies, els pares i mares que han de treballar i que no tenen amb qui deixar els seus fills i filles des de la finalitzaci\u00f3 de les classes fins a l\u2019inici de l\u2019Escola d\u2019Estiu\u201d.<\/p>\n\n\n\n<p>\u201cS\u00f3n tres propostes on creguen que els xiquets i xiquetes podran gaudir i aprendre. Una opci\u00f3 que moltes mares i pares necessiten perqu\u00e8 tenen horaris de feina que fan un poc m\u00e9s dif\u00edcil la conciliaci\u00f3 familiar. A m\u00e9s poden tenir la total confian\u00e7a que els seus fills i filles estaran en un lloc agradable, amb m\u00e9s xiquets i xiquetes i atesos en tot moment per professionals\u201d.<\/p>\n\n\n\n<p>Per poder participar en qualsevol d\u2019aquestes tres activitats es requereix inscripci\u00f3 pr\u00e8via. Aquesta podr\u00e0 realitzar-se a la Mancomunitat de Serveis Socials i Turisme de Pego, l\u2019Atz\u00fabia i Les Valls, situada al carrer Ramon i Cajal. Tamb\u00e9 es pot realitzar la inscripci\u00f3 a trav\u00e9s de la seu electr\u00f2nica del web de l\u2019Ajuntament de Pego, descarregant el full d&#8217;inscripci\u00f3, omplint-lo i enviant-lo per registre d&#8217;entrada telem\u00e0tic. Les places s\u00f3n limitades.<\/p>\n\n\n\n<p><\/p>\n\n\n\n<p><\/p>\n\n\n\n<div class=\"wp-block-file\"><a href=\"https:\/\/www.pego.org\/noticies\/wp-content\/uploads\/2022\/02\/Fitxa-Matricula.pdf\">Fitxa-Matricula<\/a><a href=\"https:\/\/www.pego.org\/noticies\/wp-content\/uploads\/2022\/02\/Fitxa-Matricula.pdf\" class=\"wp-block-file__button\" download>Baixa<\/a><\/div>\n","protected":false},"excerpt":{"rendered":"L\u2019ajuda de 56.000 euros es destinar\u00e0 per a tres tipus de tallers destinats a xiquets i xiquetes d\u2019entre 3 i 14 anys L\u2019Ajuntament de Pego ha rebut una subvenci\u00f3 de 56.000 euros de la Conselleria d\u2019Igualtat i Pol\u00edtiques Inclusives pel desenvolupament del projecte \u2018Borses de cures professionals per a fam\u00edlies amb filles i fills menors&#8230; <a class=\"view-article\" href=\"https:\/\/www.pego.org\/noticies\/2022\/02\/23\/pego-rep-una-subvencio-per-a-oferir-activitats-extraescolars\/\">Veure Article<\/a>","protected":false},"author":2,"featured_media":0,"comment_status":"closed","ping_status":"open","sticky":false,"template":"","format":"standard","meta":[],"categories":[1],"tags":[],"yoast_head":"<!-- This site is optimized with the Yoast SEO plugin v19.4 - https:\/\/yoast.com\/wordpress\/plugins\/seo\/ -->\n<title>Pego rep una subvenci\u00f3 per a oferir activitats extraescolars - Ajuntament de Pego<\/title>\n<meta name=\"robots\" content=\"index, follow, max-snippet:-1, max-image-preview:large, max-video-preview:-1\" \/>\n<link rel=\"canonical\" href=\"https:\/\/www.pego.org\/noticies\/2022\/02\/23\/pego-rep-una-subvencio-per-a-oferir-activitats-extraescolars\/\" \/>\n<meta property=\"og:locale\" content=\"ca_ES\" \/>\n<meta property=\"og:type\" content=\"article\" \/>\n<meta property=\"og:title\" content=\"Pego rep una subvenci\u00f3 per a oferir activitats extraescolars - Ajuntament de Pego\" \/>\n<meta property=\"og:description\" content=\"L\u2019ajuda de 56.000 euros es destinar\u00e0 per a tres tipus de tallers destinats a xiquets i xiquetes d\u2019entre 3 i 14 anys L\u2019Ajuntament de Pego ha rebut una subvenci\u00f3 de 56.000 euros de la Conselleria d\u2019Igualtat i Pol\u00edtiques Inclusives pel desenvolupament del projecte \u2018Borses de cures professionals per a fam\u00edlies amb filles i fills menors... Veure Article\" \/>\n<meta property=\"og:url\" content=\"https:\/\/www.pego.org\/noticies\/2022\/02\/23\/pego-rep-una-subvencio-per-a-oferir-activitats-extraescolars\/\" \/>\n<meta property=\"og:site_name\" content=\"Ajuntament de Pego\" \/>\n<meta property=\"article:publisher\" content=\"https:\/\/www.facebook.com\/ajuntament.de.pego\/\" \/>\n<meta property=\"article:published_time\" content=\"2022-02-23T09:29:30+00:00\" \/>\n<meta property=\"article:modified_time\" content=\"2022-02-23T09:30:55+00:00\" \/>\n<meta name=\"author\" content=\"Bernat Ortola\" \/>\n<meta name=\"twitter:card\" content=\"summary_large_image\" \/>\n<meta name=\"twitter:creator\" content=\"@ajupego\" \/>\n<meta name=\"twitter:site\" content=\"@ajupego\" \/>\n<meta name=\"twitter:label1\" content=\"Escrit per\" \/>\n\t<meta name=\"twitter:data1\" content=\"Bernat Ortola\" \/>\n\t<meta name=\"twitter:label2\" content=\"Temps estimat de lectura\" \/>\n\t<meta name=\"twitter:data2\" content=\"3 minuts\" \/>\n<script type=\"application\/ld+json\" class=\"yoast-schema-graph\">{\"@context\":\"https:\/\/schema.org\",\"@graph\":[{\"@type\":\"WebSite\",\"@id\":\"http:\/\/www.pego.org\/noticies\/#website\",\"url\":\"http:\/\/www.pego.org\/noticies\/\",\"name\":\"Ajuntament de Pego\",\"description\":\"\",\"potentialAction\":[{\"@type\":\"SearchAction\",\"target\":{\"@type\":\"EntryPoint\",\"urlTemplate\":\"http:\/\/www.pego.org\/noticies\/?s={search_term_string}\"},\"query-input\":\"required name=search_term_string\"}],\"inLanguage\":\"ca\"},{\"@type\":\"WebPage\",\"@id\":\"https:\/\/www.pego.org\/noticies\/2022\/02\/23\/pego-rep-una-subvencio-per-a-oferir-activitats-extraescolars\/\",\"url\":\"https:\/\/www.pego.org\/noticies\/2022\/02\/23\/pego-rep-una-subvencio-per-a-oferir-activitats-extraescolars\/\",\"name\":\"Pego rep una subvenci\u00f3 per a oferir activitats extraescolars - Ajuntament de Pego\",\"isPartOf\":{\"@id\":\"http:\/\/www.pego.org\/noticies\/#website\"},\"datePublished\":\"2022-02-23T09:29:30+00:00\",\"dateModified\":\"2022-02-23T09:30:55+00:00\",\"author\":{\"@id\":\"http:\/\/www.pego.org\/noticies\/#\/schema\/person\/4326dac4f13188e6a8a1984f5eb1e0e6\"},\"breadcrumb\":{\"@id\":\"https:\/\/www.pego.org\/noticies\/2022\/02\/23\/pego-rep-una-subvencio-per-a-oferir-activitats-extraescolars\/#breadcrumb\"},\"inLanguage\":\"ca\",\"potentialAction\":[{\"@type\":\"ReadAction\",\"target\":[\"https:\/\/www.pego.org\/noticies\/2022\/02\/23\/pego-rep-una-subvencio-per-a-oferir-activitats-extraescolars\/\"]}]},{\"@type\":\"BreadcrumbList\",\"@id\":\"https:\/\/www.pego.org\/noticies\/2022\/02\/23\/pego-rep-una-subvencio-per-a-oferir-activitats-extraescolars\/#breadcrumb\",\"itemListElement\":[{\"@type\":\"ListItem\",\"position\":1,\"name\":\"Inici\",\"item\":\"http:\/\/www.pego.org\/noticies\/\"},{\"@type\":\"ListItem\",\"position\":2,\"name\":\"Pego rep una subvenci\u00f3 per a oferir activitats extraescolars\"}]},{\"@type\":\"Person\",\"@id\":\"http:\/\/www.pego.org\/noticies\/#\/schema\/person\/4326dac4f13188e6a8a1984f5eb1e0e6\",\"name\":\"Bernat Ortola\",\"image\":{\"@type\":\"ImageObject\",\"inLanguage\":\"ca\",\"@id\":\"http:\/\/www.pego.org\/noticies\/#\/schema\/person\/image\/\",\"url\":\"https:\/\/secure.gravatar.com\/avatar\/75560795a8de75338a850c3d759f927c?s=96&d=mm&r=g\",\"contentUrl\":\"https:\/\/secure.gravatar.com\/avatar\/75560795a8de75338a850c3d759f927c?s=96&d=mm&r=g\",\"caption\":\"Bernat Ortola\"}}]}<\/script>\n<!-- \/ Yoast SEO plugin. -->","yoast_head_json":{"title":"Pego rep una subvenci\u00f3 per a oferir activitats extraescolars - Ajuntament de Pego","robots":{"index":"index","follow":"follow","max-snippet":"max-snippet:-1","max-image-preview":"max-image-preview:large","max-video-preview":"max-video-preview:-1"},"canonical":"https:\/\/www.pego.org\/noticies\/2022\/02\/23\/pego-rep-una-subvencio-per-a-oferir-activitats-extraescolars\/","og_locale":"ca_ES","og_type":"article","og_title":"Pego rep una subvenci\u00f3 per a oferir activitats extraescolars - Ajuntament de Pego","og_description":"L\u2019ajuda de 56.000 euros es destinar\u00e0 per a tres tipus de tallers destinats a xiquets i xiquetes d\u2019entre 3 i 14 anys L\u2019Ajuntament de Pego ha rebut una subvenci\u00f3 de 56.000 euros de la Conselleria d\u2019Igualtat i Pol\u00edtiques Inclusives pel desenvolupament del projecte \u2018Borses de cures professionals per a fam\u00edlies amb filles i fills menors... Veure Article","og_url":"https:\/\/www.pego.org\/noticies\/2022\/02\/23\/pego-rep-una-subvencio-per-a-oferir-activitats-extraescolars\/","og_site_name":"Ajuntament de Pego","article_publisher":"https:\/\/www.facebook.com\/ajuntament.de.pego\/","article_published_time":"2022-02-23T09:29:30+00:00","article_modified_time":"2022-02-23T09:30:55+00:00","author":"Bernat Ortola","twitter_card":"summary_large_image","twitter_creator":"@ajupego","twitter_site":"@ajupego","twitter_misc":{"Escrit per":"Bernat Ortola","Temps estimat de lectura":"3 minuts"},"schema":{"@context":"https:\/\/schema.org","@graph":[{"@type":"WebSite","@id":"http:\/\/www.pego.org\/noticies\/#website","url":"http:\/\/www.pego.org\/noticies\/","name":"Ajuntament de Pego","description":"","potentialAction":[{"@type":"SearchAction","target":{"@type":"EntryPoint","urlTemplate":"http:\/\/www.pego.org\/noticies\/?s={search_term_string}"},"query-input":"required name=search_term_string"}],"inLanguage":"ca"},{"@type":"WebPage","@id":"https:\/\/www.pego.org\/noticies\/2022\/02\/23\/pego-rep-una-subvencio-per-a-oferir-activitats-extraescolars\/","url":"https:\/\/www.pego.org\/noticies\/2022\/02\/23\/pego-rep-una-subvencio-per-a-oferir-activitats-extraescolars\/","name":"Pego rep una subvenci\u00f3 per a oferir activitats extraescolars - Ajuntament de Pego","isPartOf":{"@id":"http:\/\/www.pego.org\/noticies\/#website"},"datePublished":"2022-02-23T09:29:30+00:00","dateModified":"2022-02-23T09:30:55+00:00","author":{"@id":"http:\/\/www.pego.org\/noticies\/#\/schema\/person\/4326dac4f13188e6a8a1984f5eb1e0e6"},"breadcrumb":{"@id":"https:\/\/www.pego.org\/noticies\/2022\/02\/23\/pego-rep-una-subvencio-per-a-oferir-activitats-extraescolars\/#breadcrumb"},"inLanguage":"ca","potentialAction":[{"@type":"ReadAction","target":["https:\/\/www.pego.org\/noticies\/2022\/02\/23\/pego-rep-una-subvencio-per-a-oferir-activitats-extraescolars\/"]}]},{"@type":"BreadcrumbList","@id":"https:\/\/www.pego.org\/noticies\/2022\/02\/23\/pego-rep-una-subvencio-per-a-oferir-activitats-extraescolars\/#breadcrumb","itemListElement":[{"@type":"ListItem","position":1,"name":"Inici","item":"http:\/\/www.pego.org\/noticies\/"},{"@type":"ListItem","position":2,"name":"Pego rep una subvenci\u00f3 per a oferir activitats extraescolars"}]},{"@type":"Person","@id":"http:\/\/www.pego.org\/noticies\/#\/schema\/person\/4326dac4f13188e6a8a1984f5eb1e0e6","name":"Bernat Ortola","image":{"@type":"ImageObject","inLanguage":"ca","@id":"http:\/\/www.pego.org\/noticies\/#\/schema\/person\/image\/","url":"https:\/\/secure.gravatar.com\/avatar\/75560795a8de75338a850c3d759f927c?s=96&d=mm&r=g","contentUrl":"https:\/\/secure.gravatar.com\/avatar\/75560795a8de75338a850c3d759f927c?s=96&d=mm&r=g","caption":"Bernat Ortola"}}]}},"_links":{"self":[{"href":"https:\/\/www.pego.org\/noticies\/wp-json\/wp\/v2\/posts\/823"}],"collection":[{"href":"https:\/\/www.pego.org\/noticies\/wp-json\/wp\/v2\/posts"}],"about":[{"href":"https:\/\/www.pego.org\/noticies\/wp-json\/wp\/v2\/types\/post"}],"author":[{"embeddable":true,"href":"https:\/\/www.pego.org\/noticies\/wp-json\/wp\/v2\/users\/2"}],"replies":[{"embeddable":true,"href":"https:\/\/www.pego.org\/noticies\/wp-json\/wp\/v2\/comments?post=823"}],"version-history":[{"count":2,"href":"https:\/\/www.pego.org\/noticies\/wp-json\/wp\/v2\/posts\/823\/revisions"}],"predecessor-version":[{"id":826,"href":"https:\/\/www.pego.org\/noticies\/wp-json\/wp\/v2\/posts\/823\/revisions\/826"}],"wp:attachment":[{"href":"https:\/\/www.pego.org\/noticies\/wp-json\/wp\/v2\/media?parent=823"}],"wp:term":[{"taxonomy":"category","embeddable":true,"href":"https:\/\/www.pego.org\/noticies\/wp-json\/wp\/v2\/categories?post=823"},{"taxonomy":"post_tag","embeddable":true,"href":"https:\/\/www.pego.org\/noticies\/wp-json\/wp\/v2\/tags?post=823"}],"curies":[{"name":"wp","href":"https:\/\/api.w.org\/{rel}","templated":true}]}}