{"id":827,"date":"2022-02-23T14:32:41","date_gmt":"2022-02-23T12:32:41","guid":{"rendered":"https:\/\/www.pego.org\/noticies\/?p=827"},"modified":"2022-02-23T14:32:44","modified_gmt":"2022-02-23T12:32:44","slug":"pego-millora-laccessibilitat-dels-vehicles-grans-al-poligon-industrial","status":"publish","type":"post","link":"https:\/\/www.pego.org\/noticies\/2022\/02\/23\/pego-millora-laccessibilitat-dels-vehicles-grans-al-poligon-industrial\/","title":{"rendered":"Pego millora l\u2019accessibilitat dels vehicles grans al pol\u00edgon industrial"},"content":{"rendered":"\n<p><strong><em>En aquesta actuaci\u00f3 s\u2019inclouen l\u2019ampliaci\u00f3 de la rotonda, l\u2019ampliaci\u00f3 del tram de la carretera<\/em> <em>CV-700 i el canvi de sentit d\u2019una part de la zona industrial<\/em><\/strong><\/p>\n\n\n\n<p><\/p>\n\n\n\n<p><\/p>\n\n\n\n<p>Millorar l\u2019accessibilitat dels vehicles, especialment els de gran mida. Aquest \u00e9s l\u2019objectiu de les obres que s\u2019estan realitzant al pol\u00edgon industrial de Pego. Es tracta d\u2019una s\u00e8rie d\u2019obres amb les quals canviar\u00e0, en part, l\u2019aspecte d\u2019una de les principals entrades de la localitat pegolina.<\/p>\n\n\n\n<p>El projecte consta de l\u2019ampliaci\u00f3 de la rotonda situada enfront de la Cooperativa Agr\u00edcola de Pego, s\u2019ampliar\u00e0 uns metres el di\u00e0metre, per la qual cosa afectar\u00e0 el tra\u00e7at de la via, que tamb\u00e9 s\u2019haur\u00e0 de modificar. \u201cAls camions de grans dimensions els costa girar a l\u2019actual rotonda i accedir de forma f\u00e0cil al recinte industrial, \u00e9s una actuaci\u00f3 necess\u00e0ria\u201d, explica la regidora d\u2019Urbanisme, Laura Castell\u00e0.<\/p>\n\n\n\n<p>L\u2019ampliaci\u00f3 de la rotonda servir\u00e0, tamb\u00e9, per a modificar la circulaci\u00f3 d\u2019un tram del pol\u00edgon industrial; concretament el que passa per davant de la Cooperativa Agr\u00edcola de Pego (des de la rotonda fins a la primera intersecci\u00f3). En aquest punt tan sols es podr\u00e0 circular en una sola direcci\u00f3.<\/p>\n\n\n\n<p>Una altra millora ser\u00e0 l\u2019ampliaci\u00f3 d\u2019un tram de la carretera CV-700, que de fet ja est\u00e0 en marxa. Tamb\u00e9 va a realitzar-se la reparaci\u00f3 del carril bici que passa per la mateixa via, aix\u00ed com del tram del pol\u00edgon industrial (aquesta part est\u00e0 finalitzada).<\/p>\n\n\n\n<p>\u201cTenim una zona industrial molt bona, per\u00f2 volem millorar-la solucionant alguns xicotets problemes que ens han transm\u00e9s els qui m\u00e9s saben a la zona, els mateixos usuaris del pol\u00edgon\u201d. El muntant de tota l\u2019actuaci\u00f3 puja a un mili\u00f3 d\u2019euros i \u00e9s finan\u00e7at completament per la Generalitat.<\/p>\n\n\n\n<p><\/p>\n\n\n\n<div class=\"wp-block-image\"><figure class=\"aligncenter size-large\"><img loading=\"lazy\" width=\"700\" height=\"497\" src=\"https:\/\/www.pego.org\/noticies\/wp-content\/uploads\/2022\/02\/Avancem-Poligon-industrial-700x497.jpg\" alt=\"\" class=\"wp-image-828\" srcset=\"https:\/\/www.pego.org\/noticies\/wp-content\/uploads\/2022\/02\/Avancem-Poligon-industrial-700x497.jpg 700w, https:\/\/www.pego.org\/noticies\/wp-content\/uploads\/2022\/02\/Avancem-Poligon-industrial-250x177.jpg 250w, https:\/\/www.pego.org\/noticies\/wp-content\/uploads\/2022\/02\/Avancem-Poligon-industrial-768x545.jpg 768w, https:\/\/www.pego.org\/noticies\/wp-content\/uploads\/2022\/02\/Avancem-Poligon-industrial-1536x1090.jpg 1536w, https:\/\/www.pego.org\/noticies\/wp-content\/uploads\/2022\/02\/Avancem-Poligon-industrial-120x85.jpg 120w, https:\/\/www.pego.org\/noticies\/wp-content\/uploads\/2022\/02\/Avancem-Poligon-industrial.jpg 1748w\" sizes=\"(max-width: 700px) 100vw, 700px\" \/><figcaption>Vallat de terreny municipal, incl\u00f2s en la proposta Avancem.<\/figcaption><\/figure><\/div>\n\n\n\n<p><\/p>\n\n\n\n<p><strong>Avancem<\/strong><\/p>\n\n\n\n<p>Junt amb aquesta actuaci\u00f3 finan\u00e7ada per la Generalitat, s\u2019ha aprofitat per a executar una altra obra a la zona, emmarcada a la proposta Avancem. Es tracta de la construcci\u00f3 d\u2019un mur de caravista per a barrar una parcel\u00b7la municipal (un espai d\u2019emmagatzematge) situat davant de la Cooperativa de Pego. Una obra amb un pressupost de 48.079 euros i que \u00e9s finan\u00e7at per la Diputaci\u00f3 d\u2019Alacant, a trav\u00e9s del Pla +Cerca.<\/p>\n","protected":false},"excerpt":{"rendered":"En aquesta actuaci\u00f3 s\u2019inclouen l\u2019ampliaci\u00f3 de la rotonda, l\u2019ampliaci\u00f3 del tram de la carretera CV-700 i el canvi de sentit d\u2019una part de la zona industrial Millorar l\u2019accessibilitat dels vehicles, especialment els de gran mida. Aquest \u00e9s l\u2019objectiu de les obres que s\u2019estan realitzant al pol\u00edgon industrial de Pego. Es tracta d\u2019una s\u00e8rie d\u2019obres amb&#8230; <a class=\"view-article\" href=\"https:\/\/www.pego.org\/noticies\/2022\/02\/23\/pego-millora-laccessibilitat-dels-vehicles-grans-al-poligon-industrial\/\">Veure Article<\/a>","protected":false},"author":2,"featured_media":0,"comment_status":"closed","ping_status":"open","sticky":false,"template":"","format":"standard","meta":[],"categories":[1],"tags":[],"yoast_head":"<!-- This site is optimized with the Yoast SEO plugin v19.4 - https:\/\/yoast.com\/wordpress\/plugins\/seo\/ -->\n<title>Pego millora l\u2019accessibilitat dels vehicles grans al pol\u00edgon industrial - Ajuntament de Pego<\/title>\n<meta name=\"robots\" content=\"index, follow, max-snippet:-1, max-image-preview:large, max-video-preview:-1\" \/>\n<link rel=\"canonical\" href=\"https:\/\/www.pego.org\/noticies\/2022\/02\/23\/pego-millora-laccessibilitat-dels-vehicles-grans-al-poligon-industrial\/\" \/>\n<meta property=\"og:locale\" content=\"ca_ES\" \/>\n<meta property=\"og:type\" content=\"article\" \/>\n<meta property=\"og:title\" content=\"Pego millora l\u2019accessibilitat dels vehicles grans al pol\u00edgon industrial - Ajuntament de Pego\" \/>\n<meta property=\"og:description\" content=\"En aquesta actuaci\u00f3 s\u2019inclouen l\u2019ampliaci\u00f3 de la rotonda, l\u2019ampliaci\u00f3 del tram de la carretera CV-700 i el canvi de sentit d\u2019una part de la zona industrial Millorar l\u2019accessibilitat dels vehicles, especialment els de gran mida. Aquest \u00e9s l\u2019objectiu de les obres que s\u2019estan realitzant al pol\u00edgon industrial de Pego. Es tracta d\u2019una s\u00e8rie d\u2019obres amb... Veure Article\" \/>\n<meta property=\"og:url\" content=\"https:\/\/www.pego.org\/noticies\/2022\/02\/23\/pego-millora-laccessibilitat-dels-vehicles-grans-al-poligon-industrial\/\" \/>\n<meta property=\"og:site_name\" content=\"Ajuntament de Pego\" \/>\n<meta property=\"article:publisher\" content=\"https:\/\/www.facebook.com\/ajuntament.de.pego\/\" \/>\n<meta property=\"article:published_time\" content=\"2022-02-23T12:32:41+00:00\" \/>\n<meta property=\"article:modified_time\" content=\"2022-02-23T12:32:44+00:00\" \/>\n<meta property=\"og:image\" content=\"https:\/\/www.pego.org\/noticies\/wp-content\/uploads\/2022\/02\/Avancem-Poligon-industrial-700x497.jpg\" \/>\n<meta name=\"author\" content=\"Bernat Ortola\" \/>\n<meta name=\"twitter:card\" content=\"summary_large_image\" \/>\n<meta name=\"twitter:creator\" content=\"@ajupego\" \/>\n<meta name=\"twitter:site\" content=\"@ajupego\" \/>\n<meta name=\"twitter:label1\" content=\"Escrit per\" \/>\n\t<meta name=\"twitter:data1\" content=\"Bernat Ortola\" \/>\n\t<meta name=\"twitter:label2\" content=\"Temps estimat de lectura\" \/>\n\t<meta name=\"twitter:data2\" content=\"3 minuts\" \/>\n<script type=\"application\/ld+json\" class=\"yoast-schema-graph\">{\"@context\":\"https:\/\/schema.org\",\"@graph\":[{\"@type\":\"WebSite\",\"@id\":\"http:\/\/www.pego.org\/noticies\/#website\",\"url\":\"http:\/\/www.pego.org\/noticies\/\",\"name\":\"Ajuntament de Pego\",\"description\":\"\",\"potentialAction\":[{\"@type\":\"SearchAction\",\"target\":{\"@type\":\"EntryPoint\",\"urlTemplate\":\"http:\/\/www.pego.org\/noticies\/?s={search_term_string}\"},\"query-input\":\"required name=search_term_string\"}],\"inLanguage\":\"ca\"},{\"@type\":\"WebPage\",\"@id\":\"https:\/\/www.pego.org\/noticies\/2022\/02\/23\/pego-millora-laccessibilitat-dels-vehicles-grans-al-poligon-industrial\/\",\"url\":\"https:\/\/www.pego.org\/noticies\/2022\/02\/23\/pego-millora-laccessibilitat-dels-vehicles-grans-al-poligon-industrial\/\",\"name\":\"Pego millora l\u2019accessibilitat dels vehicles grans al pol\u00edgon industrial - Ajuntament de Pego\",\"isPartOf\":{\"@id\":\"http:\/\/www.pego.org\/noticies\/#website\"},\"datePublished\":\"2022-02-23T12:32:41+00:00\",\"dateModified\":\"2022-02-23T12:32:44+00:00\",\"author\":{\"@id\":\"http:\/\/www.pego.org\/noticies\/#\/schema\/person\/4326dac4f13188e6a8a1984f5eb1e0e6\"},\"breadcrumb\":{\"@id\":\"https:\/\/www.pego.org\/noticies\/2022\/02\/23\/pego-millora-laccessibilitat-dels-vehicles-grans-al-poligon-industrial\/#breadcrumb\"},\"inLanguage\":\"ca\",\"potentialAction\":[{\"@type\":\"ReadAction\",\"target\":[\"https:\/\/www.pego.org\/noticies\/2022\/02\/23\/pego-millora-laccessibilitat-dels-vehicles-grans-al-poligon-industrial\/\"]}]},{\"@type\":\"BreadcrumbList\",\"@id\":\"https:\/\/www.pego.org\/noticies\/2022\/02\/23\/pego-millora-laccessibilitat-dels-vehicles-grans-al-poligon-industrial\/#breadcrumb\",\"itemListElement\":[{\"@type\":\"ListItem\",\"position\":1,\"name\":\"Inici\",\"item\":\"http:\/\/www.pego.org\/noticies\/\"},{\"@type\":\"ListItem\",\"position\":2,\"name\":\"Pego millora l\u2019accessibilitat dels vehicles grans al pol\u00edgon industrial\"}]},{\"@type\":\"Person\",\"@id\":\"http:\/\/www.pego.org\/noticies\/#\/schema\/person\/4326dac4f13188e6a8a1984f5eb1e0e6\",\"name\":\"Bernat Ortola\",\"image\":{\"@type\":\"ImageObject\",\"inLanguage\":\"ca\",\"@id\":\"http:\/\/www.pego.org\/noticies\/#\/schema\/person\/image\/\",\"url\":\"https:\/\/secure.gravatar.com\/avatar\/75560795a8de75338a850c3d759f927c?s=96&d=mm&r=g\",\"contentUrl\":\"https:\/\/secure.gravatar.com\/avatar\/75560795a8de75338a850c3d759f927c?s=96&d=mm&r=g\",\"caption\":\"Bernat Ortola\"}}]}<\/script>\n<!-- \/ Yoast SEO plugin. -->","yoast_head_json":{"title":"Pego millora l\u2019accessibilitat dels vehicles grans al pol\u00edgon industrial - Ajuntament de Pego","robots":{"index":"index","follow":"follow","max-snippet":"max-snippet:-1","max-image-preview":"max-image-preview:large","max-video-preview":"max-video-preview:-1"},"canonical":"https:\/\/www.pego.org\/noticies\/2022\/02\/23\/pego-millora-laccessibilitat-dels-vehicles-grans-al-poligon-industrial\/","og_locale":"ca_ES","og_type":"article","og_title":"Pego millora l\u2019accessibilitat dels vehicles grans al pol\u00edgon industrial - Ajuntament de Pego","og_description":"En aquesta actuaci\u00f3 s\u2019inclouen l\u2019ampliaci\u00f3 de la rotonda, l\u2019ampliaci\u00f3 del tram de la carretera CV-700 i el canvi de sentit d\u2019una part de la zona industrial Millorar l\u2019accessibilitat dels vehicles, especialment els de gran mida. Aquest \u00e9s l\u2019objectiu de les obres que s\u2019estan realitzant al pol\u00edgon industrial de Pego. Es tracta d\u2019una s\u00e8rie d\u2019obres amb... Veure Article","og_url":"https:\/\/www.pego.org\/noticies\/2022\/02\/23\/pego-millora-laccessibilitat-dels-vehicles-grans-al-poligon-industrial\/","og_site_name":"Ajuntament de Pego","article_publisher":"https:\/\/www.facebook.com\/ajuntament.de.pego\/","article_published_time":"2022-02-23T12:32:41+00:00","article_modified_time":"2022-02-23T12:32:44+00:00","og_image":[{"url":"https:\/\/www.pego.org\/noticies\/wp-content\/uploads\/2022\/02\/Avancem-Poligon-industrial-700x497.jpg"}],"author":"Bernat Ortola","twitter_card":"summary_large_image","twitter_creator":"@ajupego","twitter_site":"@ajupego","twitter_misc":{"Escrit per":"Bernat Ortola","Temps estimat de lectura":"3 minuts"},"schema":{"@context":"https:\/\/schema.org","@graph":[{"@type":"WebSite","@id":"http:\/\/www.pego.org\/noticies\/#website","url":"http:\/\/www.pego.org\/noticies\/","name":"Ajuntament de Pego","description":"","potentialAction":[{"@type":"SearchAction","target":{"@type":"EntryPoint","urlTemplate":"http:\/\/www.pego.org\/noticies\/?s={search_term_string}"},"query-input":"required name=search_term_string"}],"inLanguage":"ca"},{"@type":"WebPage","@id":"https:\/\/www.pego.org\/noticies\/2022\/02\/23\/pego-millora-laccessibilitat-dels-vehicles-grans-al-poligon-industrial\/","url":"https:\/\/www.pego.org\/noticies\/2022\/02\/23\/pego-millora-laccessibilitat-dels-vehicles-grans-al-poligon-industrial\/","name":"Pego millora l\u2019accessibilitat dels vehicles grans al pol\u00edgon industrial - Ajuntament de Pego","isPartOf":{"@id":"http:\/\/www.pego.org\/noticies\/#website"},"datePublished":"2022-02-23T12:32:41+00:00","dateModified":"2022-02-23T12:32:44+00:00","author":{"@id":"http:\/\/www.pego.org\/noticies\/#\/schema\/person\/4326dac4f13188e6a8a1984f5eb1e0e6"},"breadcrumb":{"@id":"https:\/\/www.pego.org\/noticies\/2022\/02\/23\/pego-millora-laccessibilitat-dels-vehicles-grans-al-poligon-industrial\/#breadcrumb"},"inLanguage":"ca","potentialAction":[{"@type":"ReadAction","target":["https:\/\/www.pego.org\/noticies\/2022\/02\/23\/pego-millora-laccessibilitat-dels-vehicles-grans-al-poligon-industrial\/"]}]},{"@type":"BreadcrumbList","@id":"https:\/\/www.pego.org\/noticies\/2022\/02\/23\/pego-millora-laccessibilitat-dels-vehicles-grans-al-poligon-industrial\/#breadcrumb","itemListElement":[{"@type":"ListItem","position":1,"name":"Inici","item":"http:\/\/www.pego.org\/noticies\/"},{"@type":"ListItem","position":2,"name":"Pego millora l\u2019accessibilitat dels vehicles grans al pol\u00edgon industrial"}]},{"@type":"Person","@id":"http:\/\/www.pego.org\/noticies\/#\/schema\/person\/4326dac4f13188e6a8a1984f5eb1e0e6","name":"Bernat Ortola","image":{"@type":"ImageObject","inLanguage":"ca","@id":"http:\/\/www.pego.org\/noticies\/#\/schema\/person\/image\/","url":"https:\/\/secure.gravatar.com\/avatar\/75560795a8de75338a850c3d759f927c?s=96&d=mm&r=g","contentUrl":"https:\/\/secure.gravatar.com\/avatar\/75560795a8de75338a850c3d759f927c?s=96&d=mm&r=g","caption":"Bernat Ortola"}}]}},"_links":{"self":[{"href":"https:\/\/www.pego.org\/noticies\/wp-json\/wp\/v2\/posts\/827"}],"collection":[{"href":"https:\/\/www.pego.org\/noticies\/wp-json\/wp\/v2\/posts"}],"about":[{"href":"https:\/\/www.pego.org\/noticies\/wp-json\/wp\/v2\/types\/post"}],"author":[{"embeddable":true,"href":"https:\/\/www.pego.org\/noticies\/wp-json\/wp\/v2\/users\/2"}],"replies":[{"embeddable":true,"href":"https:\/\/www.pego.org\/noticies\/wp-json\/wp\/v2\/comments?post=827"}],"version-history":[{"count":1,"href":"https:\/\/www.pego.org\/noticies\/wp-json\/wp\/v2\/posts\/827\/revisions"}],"predecessor-version":[{"id":829,"href":"https:\/\/www.pego.org\/noticies\/wp-json\/wp\/v2\/posts\/827\/revisions\/829"}],"wp:attachment":[{"href":"https:\/\/www.pego.org\/noticies\/wp-json\/wp\/v2\/media?parent=827"}],"wp:term":[{"taxonomy":"category","embeddable":true,"href":"https:\/\/www.pego.org\/noticies\/wp-json\/wp\/v2\/categories?post=827"},{"taxonomy":"post_tag","embeddable":true,"href":"https:\/\/www.pego.org\/noticies\/wp-json\/wp\/v2\/tags?post=827"}],"curies":[{"name":"wp","href":"https:\/\/api.w.org\/{rel}","templated":true}]}}