{"id":830,"date":"2022-02-28T11:20:19","date_gmt":"2022-02-28T09:20:19","guid":{"rendered":"https:\/\/www.pego.org\/noticies\/?p=830"},"modified":"2022-03-01T11:56:42","modified_gmt":"2022-03-01T09:56:42","slug":"pego-millora-loficina-dassistencia-en-materia-de-registres","status":"publish","type":"post","link":"https:\/\/www.pego.org\/noticies\/2022\/02\/28\/pego-millora-loficina-dassistencia-en-materia-de-registres\/","title":{"rendered":"Pego millora l\u2019oficina d\u2019assist\u00e8ncia al ciutad\u00e0 (OAC)"},"content":{"rendered":"\n<p><em><strong>L\u2019actuaci\u00f3 consisteix en la millora de l\u2019espai i organitzaci\u00f3 de la planta baixa de l\u2019edifici de l\u2019Ajuntament amb un cost de 48.394,71 euros, finan\u00e7ats parcialment per la Generalitat<\/strong><\/em><\/p>\n\n\n\n<p><\/p>\n\n\n\n<div class=\"wp-block-image\"><figure class=\"aligncenter size-large\"><img loading=\"lazy\" width=\"700\" height=\"519\" src=\"https:\/\/www.pego.org\/noticies\/wp-content\/uploads\/2022\/02\/Nova-entrada-a-lAjuntament-700x519.jpg\" alt=\"\" class=\"wp-image-831\" srcset=\"https:\/\/www.pego.org\/noticies\/wp-content\/uploads\/2022\/02\/Nova-entrada-a-lAjuntament-700x519.jpg 700w, https:\/\/www.pego.org\/noticies\/wp-content\/uploads\/2022\/02\/Nova-entrada-a-lAjuntament-250x185.jpg 250w, https:\/\/www.pego.org\/noticies\/wp-content\/uploads\/2022\/02\/Nova-entrada-a-lAjuntament-768x569.jpg 768w, https:\/\/www.pego.org\/noticies\/wp-content\/uploads\/2022\/02\/Nova-entrada-a-lAjuntament-1536x1139.jpg 1536w, https:\/\/www.pego.org\/noticies\/wp-content\/uploads\/2022\/02\/Nova-entrada-a-lAjuntament-2048x1518.jpg 2048w, https:\/\/www.pego.org\/noticies\/wp-content\/uploads\/2022\/02\/Nova-entrada-a-lAjuntament-120x89.jpg 120w\" sizes=\"(max-width: 700px) 100vw, 700px\" \/><figcaption>Nova entrada d&#8217;acc\u00e9s a l&#8217;edifici de l&#8217;Ajuntament de Pego.<\/figcaption><\/figure><\/div>\n\n\n\n<p><\/p>\n\n\n\n<p>Pego millora l\u2019oficina d\u2019assist\u00e8ncia en mat\u00e8ria de registres, \u00e9s a dir, l&#8217;oficina d&#8217;atenci\u00f3 al ciutad\u00e0 (OAC). Es tracta d\u2019una obra que s\u2019ha dut a terme a la planta baixa de l\u2019edifici de l\u2019Ajuntament per a reorganitzar i millorar l\u2019actuaci\u00f3 als servicis que es presten al ciutad\u00e0 (registres, empadronament i atenci\u00f3 al ciutad\u00e0).<\/p>\n\n\n\n<p>En aquest projecte s\u2019ha tingut en conter l\u2019aprofitament d\u2019espais i de llum; s\u2019ha dotat, a m\u00e9s, d\u2019una instal\u00b7laci\u00f3 funcional vers\u00e0til pel treball del personal de l\u2019Ajuntament. Tamb\u00e9 s\u2019ha habilitat una nova entrada, un acc\u00e9s lateral (baix dels porxos), \u201ca la zona coberta, on s\u2019evita que la gent espere en perill pel pas de vehicles si estan esperant fora de l\u2019edifici, en definitiva, un espai m\u00e9s segur\u201d, explica la regidora d\u2019Urbanisme, Laura Castell\u00e0. Pel que fa a l\u2019altra porta, la que dona entrada a l\u2019edifici des de la pla\u00e7a, \u201ces reservar\u00e0 per a esdeveniments de protocol\u201d, indica la regidora.<\/p>\n\n\n\n<p><\/p>\n\n\n\n<div class=\"wp-block-image\"><figure class=\"aligncenter size-large\"><img loading=\"lazy\" width=\"700\" height=\"525\" src=\"https:\/\/www.pego.org\/noticies\/wp-content\/uploads\/2022\/02\/Nou-espai-de-loficina-dassitencia-al-ciutada-700x525.jpg\" alt=\"\" class=\"wp-image-832\" srcset=\"https:\/\/www.pego.org\/noticies\/wp-content\/uploads\/2022\/02\/Nou-espai-de-loficina-dassitencia-al-ciutada-700x525.jpg 700w, https:\/\/www.pego.org\/noticies\/wp-content\/uploads\/2022\/02\/Nou-espai-de-loficina-dassitencia-al-ciutada-250x188.jpg 250w, https:\/\/www.pego.org\/noticies\/wp-content\/uploads\/2022\/02\/Nou-espai-de-loficina-dassitencia-al-ciutada-768x576.jpg 768w, https:\/\/www.pego.org\/noticies\/wp-content\/uploads\/2022\/02\/Nou-espai-de-loficina-dassitencia-al-ciutada-1536x1152.jpg 1536w, https:\/\/www.pego.org\/noticies\/wp-content\/uploads\/2022\/02\/Nou-espai-de-loficina-dassitencia-al-ciutada-2048x1536.jpg 2048w, https:\/\/www.pego.org\/noticies\/wp-content\/uploads\/2022\/02\/Nou-espai-de-loficina-dassitencia-al-ciutada-120x90.jpg 120w\" sizes=\"(max-width: 700px) 100vw, 700px\" \/><figcaption> Millores a l&#8217;espai d&#8217;atenci\u00f3 al ciutad\u00e0, situat a la planta baixa de l&#8217;edifici de l&#8217;Ajuntament.<\/figcaption><\/figure><\/div>\n\n\n\n<p><\/p>\n\n\n\n<p>Els treballs de millora, la rehabilitaci\u00f3, ja han finalitzat, encara que no hi ha data determinada perqu\u00e8 torne a la depend\u00e8ncia municipal el personal que presta el servici. Actualment estan ubicats a l\u2019edifici de la Cambra Agr\u00e0ria, una altra sede de l\u2019Ajuntament que est\u00e0 situada a tan sols uns metres de l\u2019edifici principal. \u201cEncara s\u2019han d\u2019acabar alguns detalls t\u00e8cnics com ordenar el mobiliari o habilitar la connexi\u00f3 a servidors\u201d, apunta la regidora d\u2019Urbanisme.<\/p>\n\n\n\n<p>El muntant de les obres \u00e9s de 48.394,71 euros, dels quals el 45% del total est\u00e0 subvencionat per la Generalitat Valenciana. La resta ho finan\u00e7a l\u2019Ajuntament de Pego. Una actuaci\u00f3 que s\u2019inclou al projecte Avancem.<\/p>\n\n\n\n<p><\/p>\n\n\n\n<div class=\"wp-block-image\"><figure class=\"aligncenter size-large\"><img loading=\"lazy\" width=\"700\" height=\"497\" src=\"https:\/\/www.pego.org\/noticies\/wp-content\/uploads\/2022\/02\/Avancem-Obres-planta-baixa-Ajutnament-700x497.jpg\" alt=\"\" class=\"wp-image-833\" srcset=\"https:\/\/www.pego.org\/noticies\/wp-content\/uploads\/2022\/02\/Avancem-Obres-planta-baixa-Ajutnament-700x497.jpg 700w, https:\/\/www.pego.org\/noticies\/wp-content\/uploads\/2022\/02\/Avancem-Obres-planta-baixa-Ajutnament-250x177.jpg 250w, https:\/\/www.pego.org\/noticies\/wp-content\/uploads\/2022\/02\/Avancem-Obres-planta-baixa-Ajutnament-768x545.jpg 768w, https:\/\/www.pego.org\/noticies\/wp-content\/uploads\/2022\/02\/Avancem-Obres-planta-baixa-Ajutnament-1536x1090.jpg 1536w, https:\/\/www.pego.org\/noticies\/wp-content\/uploads\/2022\/02\/Avancem-Obres-planta-baixa-Ajutnament-120x85.jpg 120w, https:\/\/www.pego.org\/noticies\/wp-content\/uploads\/2022\/02\/Avancem-Obres-planta-baixa-Ajutnament.jpg 1748w\" sizes=\"(max-width: 700px) 100vw, 700px\" \/><\/figure><\/div>\n","protected":false},"excerpt":{"rendered":"L\u2019actuaci\u00f3 consisteix en la millora de l\u2019espai i organitzaci\u00f3 de la planta baixa de l\u2019edifici de l\u2019Ajuntament amb un cost de 48.394,71 euros, finan\u00e7ats parcialment per la Generalitat Pego millora l\u2019oficina d\u2019assist\u00e8ncia en mat\u00e8ria de registres, \u00e9s a dir, l&#8217;oficina d&#8217;atenci\u00f3 al ciutad\u00e0 (OAC). Es tracta d\u2019una obra que s\u2019ha dut a terme a la&#8230; <a class=\"view-article\" href=\"https:\/\/www.pego.org\/noticies\/2022\/02\/28\/pego-millora-loficina-dassistencia-en-materia-de-registres\/\">Veure Article<\/a>","protected":false},"author":2,"featured_media":0,"comment_status":"closed","ping_status":"open","sticky":false,"template":"","format":"standard","meta":[],"categories":[1],"tags":[],"yoast_head":"<!-- This site is optimized with the Yoast SEO plugin v19.4 - https:\/\/yoast.com\/wordpress\/plugins\/seo\/ -->\n<title>Pego millora l\u2019oficina d\u2019assist\u00e8ncia al ciutad\u00e0 (OAC) - Ajuntament de Pego<\/title>\n<meta name=\"robots\" content=\"index, follow, max-snippet:-1, max-image-preview:large, max-video-preview:-1\" \/>\n<link rel=\"canonical\" href=\"https:\/\/www.pego.org\/noticies\/2022\/02\/28\/pego-millora-loficina-dassistencia-en-materia-de-registres\/\" \/>\n<meta property=\"og:locale\" content=\"ca_ES\" \/>\n<meta property=\"og:type\" content=\"article\" \/>\n<meta property=\"og:title\" content=\"Pego millora l\u2019oficina d\u2019assist\u00e8ncia al ciutad\u00e0 (OAC) - Ajuntament de Pego\" \/>\n<meta property=\"og:description\" content=\"L\u2019actuaci\u00f3 consisteix en la millora de l\u2019espai i organitzaci\u00f3 de la planta baixa de l\u2019edifici de l\u2019Ajuntament amb un cost de 48.394,71 euros, finan\u00e7ats parcialment per la Generalitat Pego millora l\u2019oficina d\u2019assist\u00e8ncia en mat\u00e8ria de registres, \u00e9s a dir, l&#8217;oficina d&#8217;atenci\u00f3 al ciutad\u00e0 (OAC). Es tracta d\u2019una obra que s\u2019ha dut a terme a la... Veure Article\" \/>\n<meta property=\"og:url\" content=\"https:\/\/www.pego.org\/noticies\/2022\/02\/28\/pego-millora-loficina-dassistencia-en-materia-de-registres\/\" \/>\n<meta property=\"og:site_name\" content=\"Ajuntament de Pego\" \/>\n<meta property=\"article:publisher\" content=\"https:\/\/www.facebook.com\/ajuntament.de.pego\/\" \/>\n<meta property=\"article:published_time\" content=\"2022-02-28T09:20:19+00:00\" \/>\n<meta property=\"article:modified_time\" content=\"2022-03-01T09:56:42+00:00\" \/>\n<meta property=\"og:image\" content=\"https:\/\/www.pego.org\/noticies\/wp-content\/uploads\/2022\/02\/Nova-entrada-a-lAjuntament-700x519.jpg\" \/>\n<meta name=\"author\" content=\"Bernat Ortola\" \/>\n<meta name=\"twitter:card\" content=\"summary_large_image\" \/>\n<meta name=\"twitter:creator\" content=\"@ajupego\" \/>\n<meta name=\"twitter:site\" content=\"@ajupego\" \/>\n<meta name=\"twitter:label1\" content=\"Escrit per\" \/>\n\t<meta name=\"twitter:data1\" content=\"Bernat Ortola\" \/>\n\t<meta name=\"twitter:label2\" content=\"Temps estimat de lectura\" \/>\n\t<meta name=\"twitter:data2\" content=\"3 minuts\" \/>\n<script type=\"application\/ld+json\" class=\"yoast-schema-graph\">{\"@context\":\"https:\/\/schema.org\",\"@graph\":[{\"@type\":\"WebSite\",\"@id\":\"http:\/\/www.pego.org\/noticies\/#website\",\"url\":\"http:\/\/www.pego.org\/noticies\/\",\"name\":\"Ajuntament de Pego\",\"description\":\"\",\"potentialAction\":[{\"@type\":\"SearchAction\",\"target\":{\"@type\":\"EntryPoint\",\"urlTemplate\":\"http:\/\/www.pego.org\/noticies\/?s={search_term_string}\"},\"query-input\":\"required name=search_term_string\"}],\"inLanguage\":\"ca\"},{\"@type\":\"WebPage\",\"@id\":\"https:\/\/www.pego.org\/noticies\/2022\/02\/28\/pego-millora-loficina-dassistencia-en-materia-de-registres\/\",\"url\":\"https:\/\/www.pego.org\/noticies\/2022\/02\/28\/pego-millora-loficina-dassistencia-en-materia-de-registres\/\",\"name\":\"Pego millora l\u2019oficina d\u2019assist\u00e8ncia al ciutad\u00e0 (OAC) - Ajuntament de Pego\",\"isPartOf\":{\"@id\":\"http:\/\/www.pego.org\/noticies\/#website\"},\"datePublished\":\"2022-02-28T09:20:19+00:00\",\"dateModified\":\"2022-03-01T09:56:42+00:00\",\"author\":{\"@id\":\"http:\/\/www.pego.org\/noticies\/#\/schema\/person\/4326dac4f13188e6a8a1984f5eb1e0e6\"},\"breadcrumb\":{\"@id\":\"https:\/\/www.pego.org\/noticies\/2022\/02\/28\/pego-millora-loficina-dassistencia-en-materia-de-registres\/#breadcrumb\"},\"inLanguage\":\"ca\",\"potentialAction\":[{\"@type\":\"ReadAction\",\"target\":[\"https:\/\/www.pego.org\/noticies\/2022\/02\/28\/pego-millora-loficina-dassistencia-en-materia-de-registres\/\"]}]},{\"@type\":\"BreadcrumbList\",\"@id\":\"https:\/\/www.pego.org\/noticies\/2022\/02\/28\/pego-millora-loficina-dassistencia-en-materia-de-registres\/#breadcrumb\",\"itemListElement\":[{\"@type\":\"ListItem\",\"position\":1,\"name\":\"Inici\",\"item\":\"http:\/\/www.pego.org\/noticies\/\"},{\"@type\":\"ListItem\",\"position\":2,\"name\":\"Pego millora l\u2019oficina d\u2019assist\u00e8ncia al ciutad\u00e0 (OAC)\"}]},{\"@type\":\"Person\",\"@id\":\"http:\/\/www.pego.org\/noticies\/#\/schema\/person\/4326dac4f13188e6a8a1984f5eb1e0e6\",\"name\":\"Bernat Ortola\",\"image\":{\"@type\":\"ImageObject\",\"inLanguage\":\"ca\",\"@id\":\"http:\/\/www.pego.org\/noticies\/#\/schema\/person\/image\/\",\"url\":\"https:\/\/secure.gravatar.com\/avatar\/75560795a8de75338a850c3d759f927c?s=96&d=mm&r=g\",\"contentUrl\":\"https:\/\/secure.gravatar.com\/avatar\/75560795a8de75338a850c3d759f927c?s=96&d=mm&r=g\",\"caption\":\"Bernat Ortola\"}}]}<\/script>\n<!-- \/ Yoast SEO plugin. -->","yoast_head_json":{"title":"Pego millora l\u2019oficina d\u2019assist\u00e8ncia al ciutad\u00e0 (OAC) - Ajuntament de Pego","robots":{"index":"index","follow":"follow","max-snippet":"max-snippet:-1","max-image-preview":"max-image-preview:large","max-video-preview":"max-video-preview:-1"},"canonical":"https:\/\/www.pego.org\/noticies\/2022\/02\/28\/pego-millora-loficina-dassistencia-en-materia-de-registres\/","og_locale":"ca_ES","og_type":"article","og_title":"Pego millora l\u2019oficina d\u2019assist\u00e8ncia al ciutad\u00e0 (OAC) - Ajuntament de Pego","og_description":"L\u2019actuaci\u00f3 consisteix en la millora de l\u2019espai i organitzaci\u00f3 de la planta baixa de l\u2019edifici de l\u2019Ajuntament amb un cost de 48.394,71 euros, finan\u00e7ats parcialment per la Generalitat Pego millora l\u2019oficina d\u2019assist\u00e8ncia en mat\u00e8ria de registres, \u00e9s a dir, l&#8217;oficina d&#8217;atenci\u00f3 al ciutad\u00e0 (OAC). Es tracta d\u2019una obra que s\u2019ha dut a terme a la... Veure Article","og_url":"https:\/\/www.pego.org\/noticies\/2022\/02\/28\/pego-millora-loficina-dassistencia-en-materia-de-registres\/","og_site_name":"Ajuntament de Pego","article_publisher":"https:\/\/www.facebook.com\/ajuntament.de.pego\/","article_published_time":"2022-02-28T09:20:19+00:00","article_modified_time":"2022-03-01T09:56:42+00:00","og_image":[{"url":"https:\/\/www.pego.org\/noticies\/wp-content\/uploads\/2022\/02\/Nova-entrada-a-lAjuntament-700x519.jpg"}],"author":"Bernat Ortola","twitter_card":"summary_large_image","twitter_creator":"@ajupego","twitter_site":"@ajupego","twitter_misc":{"Escrit per":"Bernat Ortola","Temps estimat de lectura":"3 minuts"},"schema":{"@context":"https:\/\/schema.org","@graph":[{"@type":"WebSite","@id":"http:\/\/www.pego.org\/noticies\/#website","url":"http:\/\/www.pego.org\/noticies\/","name":"Ajuntament de Pego","description":"","potentialAction":[{"@type":"SearchAction","target":{"@type":"EntryPoint","urlTemplate":"http:\/\/www.pego.org\/noticies\/?s={search_term_string}"},"query-input":"required name=search_term_string"}],"inLanguage":"ca"},{"@type":"WebPage","@id":"https:\/\/www.pego.org\/noticies\/2022\/02\/28\/pego-millora-loficina-dassistencia-en-materia-de-registres\/","url":"https:\/\/www.pego.org\/noticies\/2022\/02\/28\/pego-millora-loficina-dassistencia-en-materia-de-registres\/","name":"Pego millora l\u2019oficina d\u2019assist\u00e8ncia al ciutad\u00e0 (OAC) - Ajuntament de Pego","isPartOf":{"@id":"http:\/\/www.pego.org\/noticies\/#website"},"datePublished":"2022-02-28T09:20:19+00:00","dateModified":"2022-03-01T09:56:42+00:00","author":{"@id":"http:\/\/www.pego.org\/noticies\/#\/schema\/person\/4326dac4f13188e6a8a1984f5eb1e0e6"},"breadcrumb":{"@id":"https:\/\/www.pego.org\/noticies\/2022\/02\/28\/pego-millora-loficina-dassistencia-en-materia-de-registres\/#breadcrumb"},"inLanguage":"ca","potentialAction":[{"@type":"ReadAction","target":["https:\/\/www.pego.org\/noticies\/2022\/02\/28\/pego-millora-loficina-dassistencia-en-materia-de-registres\/"]}]},{"@type":"BreadcrumbList","@id":"https:\/\/www.pego.org\/noticies\/2022\/02\/28\/pego-millora-loficina-dassistencia-en-materia-de-registres\/#breadcrumb","itemListElement":[{"@type":"ListItem","position":1,"name":"Inici","item":"http:\/\/www.pego.org\/noticies\/"},{"@type":"ListItem","position":2,"name":"Pego millora l\u2019oficina d\u2019assist\u00e8ncia al ciutad\u00e0 (OAC)"}]},{"@type":"Person","@id":"http:\/\/www.pego.org\/noticies\/#\/schema\/person\/4326dac4f13188e6a8a1984f5eb1e0e6","name":"Bernat Ortola","image":{"@type":"ImageObject","inLanguage":"ca","@id":"http:\/\/www.pego.org\/noticies\/#\/schema\/person\/image\/","url":"https:\/\/secure.gravatar.com\/avatar\/75560795a8de75338a850c3d759f927c?s=96&d=mm&r=g","contentUrl":"https:\/\/secure.gravatar.com\/avatar\/75560795a8de75338a850c3d759f927c?s=96&d=mm&r=g","caption":"Bernat Ortola"}}]}},"_links":{"self":[{"href":"https:\/\/www.pego.org\/noticies\/wp-json\/wp\/v2\/posts\/830"}],"collection":[{"href":"https:\/\/www.pego.org\/noticies\/wp-json\/wp\/v2\/posts"}],"about":[{"href":"https:\/\/www.pego.org\/noticies\/wp-json\/wp\/v2\/types\/post"}],"author":[{"embeddable":true,"href":"https:\/\/www.pego.org\/noticies\/wp-json\/wp\/v2\/users\/2"}],"replies":[{"embeddable":true,"href":"https:\/\/www.pego.org\/noticies\/wp-json\/wp\/v2\/comments?post=830"}],"version-history":[{"count":3,"href":"https:\/\/www.pego.org\/noticies\/wp-json\/wp\/v2\/posts\/830\/revisions"}],"predecessor-version":[{"id":838,"href":"https:\/\/www.pego.org\/noticies\/wp-json\/wp\/v2\/posts\/830\/revisions\/838"}],"wp:attachment":[{"href":"https:\/\/www.pego.org\/noticies\/wp-json\/wp\/v2\/media?parent=830"}],"wp:term":[{"taxonomy":"category","embeddable":true,"href":"https:\/\/www.pego.org\/noticies\/wp-json\/wp\/v2\/categories?post=830"},{"taxonomy":"post_tag","embeddable":true,"href":"https:\/\/www.pego.org\/noticies\/wp-json\/wp\/v2\/tags?post=830"}],"curies":[{"name":"wp","href":"https:\/\/api.w.org\/{rel}","templated":true}]}}