{"id":839,"date":"2022-03-01T12:11:50","date_gmt":"2022-03-01T10:11:50","guid":{"rendered":"https:\/\/www.pego.org\/noticies\/?p=839"},"modified":"2022-03-01T12:11:53","modified_gmt":"2022-03-01T10:11:53","slug":"pego-comptara-amb-dones-de-renom-i-importants-per-celebrar-el-dia-de-la-dona","status":"publish","type":"post","link":"https:\/\/www.pego.org\/noticies\/2022\/03\/01\/pego-comptara-amb-dones-de-renom-i-importants-per-celebrar-el-dia-de-la-dona\/","title":{"rendered":"Pego comptar\u00e0 amb dones de renom i importants per celebrar el Dia de la Dona"},"content":{"rendered":"\n<p><em><strong>Sandra Polop, cantant i participant d\u2019OT 4 compartir\u00e0 protagonisme amb una altra convidada sorpresa durant l\u2019acte d\u2019entrega dels Premis Jo Dona que es celebrar\u00e0 divendres 4 de mar\u00e7<\/strong><\/em><\/p>\n\n\n\n<p><\/p>\n\n\n\n<p><\/p>\n\n\n\n<p>El premi Jo Dona es celebra anualment a Pego amb motiu del Dia de la Dona. Un acte que pret\u00e9n destacar la carrera professional de les dones pegolines. Enguany es celebrar\u00e0 el pr\u00f2xim 4 de mar\u00e7 a la Casa de la Cultura de Pego com a punt de partida a una setmana plena d&#8217;actes especialment pensats per a totes les residents de la poblaci\u00f3, a fi de fomentar el seu creixement personal i professional, a m\u00e9s de com a conseq\u00fcencia, la sororitat entre elles.<\/p>\n\n\n\n<p>L&#8217;esdeveniment estar\u00e0 ple de sorpreses agradables i no sols per saber qui ser\u00e0 la pr\u00f2xima mereixedora d&#8217;aquest premi tan significatiu per a la poblaci\u00f3, sin\u00f3 tamb\u00e9 perqu\u00e8 comptaran amb la pres\u00e8ncia de la cantant Sandra Polop i una altra convidada molt especial que nom\u00e9s podran descobrir aquelles persones que assistisquen a l&#8217;esdeveniment.<\/p>\n\n\n\n<p>Sandra Polop, la cantant valenciana que va participar en la quarta edici\u00f3 d&#8217;<em>Operaci\u00f3n Triunfo<\/em>, assistir\u00e0 a la gala dels premis \u2018Jo\u00a0Dona\u2019\u00a0que es celebra anualment a Pego. L&#8217;artista no sols ressalta per la\u00a0seua\u00a0participaci\u00f3 en aquest reconegut programa de televisi\u00f3, sin\u00f3 que a m\u00e9s ha sigut vocalista en programes com <em>&#8220;Al Pie de la Letra&#8221;<\/em> d&#8217;Antena 3 i <em>&#8220;Los mejores a\u00f1os de nuestra vida&#8221;<\/em> en TVE, a m\u00e9s de\u00a0co-protagonitzar el musical m\u00e9s taquiller de la temporada tardor-hivern de 2008 <em>&#8220;Jesucristo\u00a0Superstar&#8221;,<\/em> sense oblidar la\u00a0seua\u00a0actual etapa com a vocalista de la reconeguda orquestra <em>&#8220;La Tribu&#8221;<\/em>.<\/p>\n\n\n\n<p>Actualment est\u00e0 desenvolupant el projecte <em>&#8220;Pop Ladies&#8221;,<\/em> un tribut al pop nacional femen\u00ed amb m\u00fasica en directe de les millors cantants d&#8217;aquests \u00faltims anys, com Leire Mart\u00ednez, de L&#8217;Orella de\u00a0Van Gogh, Natalia Jim\u00e9nez, de La 5a Estaci\u00f3,\u00a0Ana\u00a0Torroja, Eva Amaral\u00a0o\u00a0Mal\u00fa\u00a0que est\u00e0 omplint les butaques del Teatre Ol\u00edmpia de Val\u00e8ncia. \u201c\u00c9s per aix\u00f2 que des de la regidoria d&#8217;Igualtat s\u2019ha volgut comptar amb ella per a aquest esdeveniment que es torna a celebrar per fi, despr\u00e9s de dos anys cancel\u00b7lat a causa de la pand\u00e8mia, aquesta vegada amb l&#8217;objectiu de ressaltar la gran sororitat de les dones de Pego\u201d, indica la regidora d\u2019Igualtat, Merxe Bolta.<\/p>\n\n\n\n<p>Quan a la segona convidada, explica Bolta, \u201ces tracta d\u2019una dona que ressalta per la\u00a0seua\u00a0gran fortalesa i lluita pels seus somnis, a m\u00e9s de per la\u00a0seua\u00a0brillant carrera, cosa que l&#8217;ha portat a tenir l&#8217;\u00e8xit que avui presenta. Caldr\u00e0 acudir a la Casa de Cultura de Pego per descobrir-la\u201d, indica la regidora.<\/p>\n\n\n\n<p><\/p>\n\n\n\n<p><strong>Programaci\u00f3<\/strong><\/p>\n\n\n\n<p>Aquest esdeveniment donar\u00e0 el punt de partida a una setmana de confer\u00e8ncies. Aquest any s\u2019ha apostat per potenciar, encara m\u00e9s, la sororitat de les pegolines. La setmana del 7 al 11 de mar\u00e7 tindr\u00e0n lloc pon\u00e8ncies especialment creades per transmetre informaci\u00f3 molt important sobre salut de la dona, la fertilitat i fins i tot per a saber com actuar davant els primers anys de sexualitat de filles i fills.<\/p>\n\n\n\n<p>El primer dels actes programats ser\u00e0 el del dimarts 8 de mar\u00e7 (Dia de la Dona). Tindr\u00e0 lloc una concentraci\u00f3 a les 19.30 hores a la Pla\u00e7a Maria Cambrils. L\u2019endem\u00e0, dimecres 9 de mar\u00e7, es celebrar\u00e0 la pon\u00e8ncia \u2018Parlem de sexualitat amb els nostres fills i filles\u2019, dirigida a pares i mares; a la Casa de Cultura de Pego, a les 19.30 hores. El dijous 10 de mar\u00e7, a les 19.30 hores a la Casa de Cultura, tindr\u00e0 lloc una altra pon\u00e8ncia, \u2018La regla + sostenible\u2019, a c\u00e0rrec de Diana Sendra, gerent del comer\u00e7 \u2018La Potingues\u2019 i la fisioterapeuta, Carla Mengual. Per \u00faltim, el divendres 11 a les 19.30 hores, tamb\u00e9 a la Casa de Cultura, es celebrar\u00e0 una \u00faltima pon\u00e8ncia \u2018Salut femenina i fertilitat\u2019, a c\u00e0rrec d\u2019Antonia Gonz\u00e1lez, directora i fundadora d\u2019Onet, cl\u00ednica espezialitzada en fertilitat.<\/p>\n\n\n\n<p><\/p>\n\n\n\n<div class=\"wp-block-image\"><figure class=\"aligncenter size-large\"><img loading=\"lazy\" width=\"700\" height=\"990\" src=\"https:\/\/www.pego.org\/noticies\/wp-content\/uploads\/2022\/03\/Cartell-8M-Pego-1-700x990.jpg\" alt=\"\" class=\"wp-image-841\" srcset=\"https:\/\/www.pego.org\/noticies\/wp-content\/uploads\/2022\/03\/Cartell-8M-Pego-1-700x990.jpg 700w, https:\/\/www.pego.org\/noticies\/wp-content\/uploads\/2022\/03\/Cartell-8M-Pego-1-250x354.jpg 250w, https:\/\/www.pego.org\/noticies\/wp-content\/uploads\/2022\/03\/Cartell-8M-Pego-1-768x1086.jpg 768w, https:\/\/www.pego.org\/noticies\/wp-content\/uploads\/2022\/03\/Cartell-8M-Pego-1-1086x1536.jpg 1086w, https:\/\/www.pego.org\/noticies\/wp-content\/uploads\/2022\/03\/Cartell-8M-Pego-1-1448x2048.jpg 1448w, https:\/\/www.pego.org\/noticies\/wp-content\/uploads\/2022\/03\/Cartell-8M-Pego-1-120x170.jpg 120w, https:\/\/www.pego.org\/noticies\/wp-content\/uploads\/2022\/03\/Cartell-8M-Pego-1-scaled.jpg 1810w\" sizes=\"(max-width: 700px) 100vw, 700px\" \/><\/figure><\/div>\n","protected":false},"excerpt":{"rendered":"Sandra Polop, cantant i participant d\u2019OT 4 compartir\u00e0 protagonisme amb una altra convidada sorpresa durant l\u2019acte d\u2019entrega dels Premis Jo Dona que es celebrar\u00e0 divendres 4 de mar\u00e7 El premi Jo Dona es celebra anualment a Pego amb motiu del Dia de la Dona. Un acte que pret\u00e9n destacar la carrera professional de les dones&#8230; <a class=\"view-article\" href=\"https:\/\/www.pego.org\/noticies\/2022\/03\/01\/pego-comptara-amb-dones-de-renom-i-importants-per-celebrar-el-dia-de-la-dona\/\">Veure Article<\/a>","protected":false},"author":2,"featured_media":0,"comment_status":"closed","ping_status":"open","sticky":false,"template":"","format":"standard","meta":[],"categories":[1],"tags":[],"yoast_head":"<!-- This site is optimized with the Yoast SEO plugin v19.4 - https:\/\/yoast.com\/wordpress\/plugins\/seo\/ -->\n<title>Pego comptar\u00e0 amb dones de renom i importants per celebrar el Dia de la Dona - Ajuntament de Pego<\/title>\n<meta name=\"robots\" content=\"index, follow, max-snippet:-1, max-image-preview:large, max-video-preview:-1\" \/>\n<link rel=\"canonical\" href=\"https:\/\/www.pego.org\/noticies\/2022\/03\/01\/pego-comptara-amb-dones-de-renom-i-importants-per-celebrar-el-dia-de-la-dona\/\" \/>\n<meta property=\"og:locale\" content=\"ca_ES\" \/>\n<meta property=\"og:type\" content=\"article\" \/>\n<meta property=\"og:title\" content=\"Pego comptar\u00e0 amb dones de renom i importants per celebrar el Dia de la Dona - Ajuntament de Pego\" \/>\n<meta property=\"og:description\" content=\"Sandra Polop, cantant i participant d\u2019OT 4 compartir\u00e0 protagonisme amb una altra convidada sorpresa durant l\u2019acte d\u2019entrega dels Premis Jo Dona que es celebrar\u00e0 divendres 4 de mar\u00e7 El premi Jo Dona es celebra anualment a Pego amb motiu del Dia de la Dona. Un acte que pret\u00e9n destacar la carrera professional de les dones... Veure Article\" \/>\n<meta property=\"og:url\" content=\"https:\/\/www.pego.org\/noticies\/2022\/03\/01\/pego-comptara-amb-dones-de-renom-i-importants-per-celebrar-el-dia-de-la-dona\/\" \/>\n<meta property=\"og:site_name\" content=\"Ajuntament de Pego\" \/>\n<meta property=\"article:publisher\" content=\"https:\/\/www.facebook.com\/ajuntament.de.pego\/\" \/>\n<meta property=\"article:published_time\" content=\"2022-03-01T10:11:50+00:00\" \/>\n<meta property=\"article:modified_time\" content=\"2022-03-01T10:11:53+00:00\" \/>\n<meta property=\"og:image\" content=\"https:\/\/www.pego.org\/noticies\/wp-content\/uploads\/2022\/03\/Cartell-8M-Pego-1-700x990.jpg\" \/>\n<meta name=\"author\" content=\"Bernat Ortola\" \/>\n<meta name=\"twitter:card\" content=\"summary_large_image\" \/>\n<meta name=\"twitter:creator\" content=\"@ajupego\" \/>\n<meta name=\"twitter:site\" content=\"@ajupego\" \/>\n<meta name=\"twitter:label1\" content=\"Escrit per\" \/>\n\t<meta name=\"twitter:data1\" content=\"Bernat Ortola\" \/>\n\t<meta name=\"twitter:label2\" content=\"Temps estimat de lectura\" \/>\n\t<meta name=\"twitter:data2\" content=\"4 minuts\" \/>\n<script type=\"application\/ld+json\" class=\"yoast-schema-graph\">{\"@context\":\"https:\/\/schema.org\",\"@graph\":[{\"@type\":\"WebSite\",\"@id\":\"http:\/\/www.pego.org\/noticies\/#website\",\"url\":\"http:\/\/www.pego.org\/noticies\/\",\"name\":\"Ajuntament de Pego\",\"description\":\"\",\"potentialAction\":[{\"@type\":\"SearchAction\",\"target\":{\"@type\":\"EntryPoint\",\"urlTemplate\":\"http:\/\/www.pego.org\/noticies\/?s={search_term_string}\"},\"query-input\":\"required name=search_term_string\"}],\"inLanguage\":\"ca\"},{\"@type\":\"WebPage\",\"@id\":\"https:\/\/www.pego.org\/noticies\/2022\/03\/01\/pego-comptara-amb-dones-de-renom-i-importants-per-celebrar-el-dia-de-la-dona\/\",\"url\":\"https:\/\/www.pego.org\/noticies\/2022\/03\/01\/pego-comptara-amb-dones-de-renom-i-importants-per-celebrar-el-dia-de-la-dona\/\",\"name\":\"Pego comptar\u00e0 amb dones de renom i importants per celebrar el Dia de la Dona - Ajuntament de Pego\",\"isPartOf\":{\"@id\":\"http:\/\/www.pego.org\/noticies\/#website\"},\"datePublished\":\"2022-03-01T10:11:50+00:00\",\"dateModified\":\"2022-03-01T10:11:53+00:00\",\"author\":{\"@id\":\"http:\/\/www.pego.org\/noticies\/#\/schema\/person\/4326dac4f13188e6a8a1984f5eb1e0e6\"},\"breadcrumb\":{\"@id\":\"https:\/\/www.pego.org\/noticies\/2022\/03\/01\/pego-comptara-amb-dones-de-renom-i-importants-per-celebrar-el-dia-de-la-dona\/#breadcrumb\"},\"inLanguage\":\"ca\",\"potentialAction\":[{\"@type\":\"ReadAction\",\"target\":[\"https:\/\/www.pego.org\/noticies\/2022\/03\/01\/pego-comptara-amb-dones-de-renom-i-importants-per-celebrar-el-dia-de-la-dona\/\"]}]},{\"@type\":\"BreadcrumbList\",\"@id\":\"https:\/\/www.pego.org\/noticies\/2022\/03\/01\/pego-comptara-amb-dones-de-renom-i-importants-per-celebrar-el-dia-de-la-dona\/#breadcrumb\",\"itemListElement\":[{\"@type\":\"ListItem\",\"position\":1,\"name\":\"Inici\",\"item\":\"http:\/\/www.pego.org\/noticies\/\"},{\"@type\":\"ListItem\",\"position\":2,\"name\":\"Pego comptar\u00e0 amb dones de renom i importants per celebrar el Dia de la Dona\"}]},{\"@type\":\"Person\",\"@id\":\"http:\/\/www.pego.org\/noticies\/#\/schema\/person\/4326dac4f13188e6a8a1984f5eb1e0e6\",\"name\":\"Bernat Ortola\",\"image\":{\"@type\":\"ImageObject\",\"inLanguage\":\"ca\",\"@id\":\"http:\/\/www.pego.org\/noticies\/#\/schema\/person\/image\/\",\"url\":\"https:\/\/secure.gravatar.com\/avatar\/75560795a8de75338a850c3d759f927c?s=96&d=mm&r=g\",\"contentUrl\":\"https:\/\/secure.gravatar.com\/avatar\/75560795a8de75338a850c3d759f927c?s=96&d=mm&r=g\",\"caption\":\"Bernat Ortola\"}}]}<\/script>\n<!-- \/ Yoast SEO plugin. -->","yoast_head_json":{"title":"Pego comptar\u00e0 amb dones de renom i importants per celebrar el Dia de la Dona - Ajuntament de Pego","robots":{"index":"index","follow":"follow","max-snippet":"max-snippet:-1","max-image-preview":"max-image-preview:large","max-video-preview":"max-video-preview:-1"},"canonical":"https:\/\/www.pego.org\/noticies\/2022\/03\/01\/pego-comptara-amb-dones-de-renom-i-importants-per-celebrar-el-dia-de-la-dona\/","og_locale":"ca_ES","og_type":"article","og_title":"Pego comptar\u00e0 amb dones de renom i importants per celebrar el Dia de la Dona - Ajuntament de Pego","og_description":"Sandra Polop, cantant i participant d\u2019OT 4 compartir\u00e0 protagonisme amb una altra convidada sorpresa durant l\u2019acte d\u2019entrega dels Premis Jo Dona que es celebrar\u00e0 divendres 4 de mar\u00e7 El premi Jo Dona es celebra anualment a Pego amb motiu del Dia de la Dona. Un acte que pret\u00e9n destacar la carrera professional de les dones... Veure Article","og_url":"https:\/\/www.pego.org\/noticies\/2022\/03\/01\/pego-comptara-amb-dones-de-renom-i-importants-per-celebrar-el-dia-de-la-dona\/","og_site_name":"Ajuntament de Pego","article_publisher":"https:\/\/www.facebook.com\/ajuntament.de.pego\/","article_published_time":"2022-03-01T10:11:50+00:00","article_modified_time":"2022-03-01T10:11:53+00:00","og_image":[{"url":"https:\/\/www.pego.org\/noticies\/wp-content\/uploads\/2022\/03\/Cartell-8M-Pego-1-700x990.jpg"}],"author":"Bernat Ortola","twitter_card":"summary_large_image","twitter_creator":"@ajupego","twitter_site":"@ajupego","twitter_misc":{"Escrit per":"Bernat Ortola","Temps estimat de lectura":"4 minuts"},"schema":{"@context":"https:\/\/schema.org","@graph":[{"@type":"WebSite","@id":"http:\/\/www.pego.org\/noticies\/#website","url":"http:\/\/www.pego.org\/noticies\/","name":"Ajuntament de Pego","description":"","potentialAction":[{"@type":"SearchAction","target":{"@type":"EntryPoint","urlTemplate":"http:\/\/www.pego.org\/noticies\/?s={search_term_string}"},"query-input":"required name=search_term_string"}],"inLanguage":"ca"},{"@type":"WebPage","@id":"https:\/\/www.pego.org\/noticies\/2022\/03\/01\/pego-comptara-amb-dones-de-renom-i-importants-per-celebrar-el-dia-de-la-dona\/","url":"https:\/\/www.pego.org\/noticies\/2022\/03\/01\/pego-comptara-amb-dones-de-renom-i-importants-per-celebrar-el-dia-de-la-dona\/","name":"Pego comptar\u00e0 amb dones de renom i importants per celebrar el Dia de la Dona - Ajuntament de Pego","isPartOf":{"@id":"http:\/\/www.pego.org\/noticies\/#website"},"datePublished":"2022-03-01T10:11:50+00:00","dateModified":"2022-03-01T10:11:53+00:00","author":{"@id":"http:\/\/www.pego.org\/noticies\/#\/schema\/person\/4326dac4f13188e6a8a1984f5eb1e0e6"},"breadcrumb":{"@id":"https:\/\/www.pego.org\/noticies\/2022\/03\/01\/pego-comptara-amb-dones-de-renom-i-importants-per-celebrar-el-dia-de-la-dona\/#breadcrumb"},"inLanguage":"ca","potentialAction":[{"@type":"ReadAction","target":["https:\/\/www.pego.org\/noticies\/2022\/03\/01\/pego-comptara-amb-dones-de-renom-i-importants-per-celebrar-el-dia-de-la-dona\/"]}]},{"@type":"BreadcrumbList","@id":"https:\/\/www.pego.org\/noticies\/2022\/03\/01\/pego-comptara-amb-dones-de-renom-i-importants-per-celebrar-el-dia-de-la-dona\/#breadcrumb","itemListElement":[{"@type":"ListItem","position":1,"name":"Inici","item":"http:\/\/www.pego.org\/noticies\/"},{"@type":"ListItem","position":2,"name":"Pego comptar\u00e0 amb dones de renom i importants per celebrar el Dia de la Dona"}]},{"@type":"Person","@id":"http:\/\/www.pego.org\/noticies\/#\/schema\/person\/4326dac4f13188e6a8a1984f5eb1e0e6","name":"Bernat Ortola","image":{"@type":"ImageObject","inLanguage":"ca","@id":"http:\/\/www.pego.org\/noticies\/#\/schema\/person\/image\/","url":"https:\/\/secure.gravatar.com\/avatar\/75560795a8de75338a850c3d759f927c?s=96&d=mm&r=g","contentUrl":"https:\/\/secure.gravatar.com\/avatar\/75560795a8de75338a850c3d759f927c?s=96&d=mm&r=g","caption":"Bernat Ortola"}}]}},"_links":{"self":[{"href":"https:\/\/www.pego.org\/noticies\/wp-json\/wp\/v2\/posts\/839"}],"collection":[{"href":"https:\/\/www.pego.org\/noticies\/wp-json\/wp\/v2\/posts"}],"about":[{"href":"https:\/\/www.pego.org\/noticies\/wp-json\/wp\/v2\/types\/post"}],"author":[{"embeddable":true,"href":"https:\/\/www.pego.org\/noticies\/wp-json\/wp\/v2\/users\/2"}],"replies":[{"embeddable":true,"href":"https:\/\/www.pego.org\/noticies\/wp-json\/wp\/v2\/comments?post=839"}],"version-history":[{"count":1,"href":"https:\/\/www.pego.org\/noticies\/wp-json\/wp\/v2\/posts\/839\/revisions"}],"predecessor-version":[{"id":842,"href":"https:\/\/www.pego.org\/noticies\/wp-json\/wp\/v2\/posts\/839\/revisions\/842"}],"wp:attachment":[{"href":"https:\/\/www.pego.org\/noticies\/wp-json\/wp\/v2\/media?parent=839"}],"wp:term":[{"taxonomy":"category","embeddable":true,"href":"https:\/\/www.pego.org\/noticies\/wp-json\/wp\/v2\/categories?post=839"},{"taxonomy":"post_tag","embeddable":true,"href":"https:\/\/www.pego.org\/noticies\/wp-json\/wp\/v2\/tags?post=839"}],"curies":[{"name":"wp","href":"https:\/\/api.w.org\/{rel}","templated":true}]}}