{"id":844,"date":"2022-03-04T11:37:15","date_gmt":"2022-03-04T09:37:15","guid":{"rendered":"https:\/\/www.pego.org\/noticies\/?p=844"},"modified":"2022-03-04T11:43:06","modified_gmt":"2022-03-04T09:43:06","slug":"xlvi-certamen-de-pintura-vila-de-pego-2022","status":"publish","type":"post","link":"https:\/\/www.pego.org\/noticies\/2022\/03\/04\/xlvi-certamen-de-pintura-vila-de-pego-2022\/","title":{"rendered":"XLVI certamen de pintura Vila de Pego 2022"},"content":{"rendered":"\n<div class=\"wp-block-image\"><figure class=\"aligncenter size-large\"><img loading=\"lazy\" width=\"700\" height=\"702\" src=\"https:\/\/www.pego.org\/noticies\/wp-content\/uploads\/2022\/03\/CARTELL-VILA-PEGO-1-700x702.jpg\" alt=\"\" class=\"wp-image-846\" srcset=\"https:\/\/www.pego.org\/noticies\/wp-content\/uploads\/2022\/03\/CARTELL-VILA-PEGO-1-700x702.jpg 700w, https:\/\/www.pego.org\/noticies\/wp-content\/uploads\/2022\/03\/CARTELL-VILA-PEGO-1-250x251.jpg 250w, https:\/\/www.pego.org\/noticies\/wp-content\/uploads\/2022\/03\/CARTELL-VILA-PEGO-1-150x150.jpg 150w, https:\/\/www.pego.org\/noticies\/wp-content\/uploads\/2022\/03\/CARTELL-VILA-PEGO-1-768x770.jpg 768w, https:\/\/www.pego.org\/noticies\/wp-content\/uploads\/2022\/03\/CARTELL-VILA-PEGO-1-1532x1536.jpg 1532w, https:\/\/www.pego.org\/noticies\/wp-content\/uploads\/2022\/03\/CARTELL-VILA-PEGO-1-120x120.jpg 120w, https:\/\/www.pego.org\/noticies\/wp-content\/uploads\/2022\/03\/CARTELL-VILA-PEGO-1.jpg 1582w\" sizes=\"(max-width: 700px) 100vw, 700px\" \/><\/figure><\/div>\n\n\n\n<p>Amb data dos de mar\u00e7 de 2022 queda convocat per l\u2019Ajuntament de Pego el XLVI Certamen Nacional de Pintura, \u00abVila de Pego\u00bb. A continuaci\u00f3 pots descarregar-te les bases del certamen.<\/p>\n\n\n\n<div class=\"wp-block-file\"><a href=\"https:\/\/www.pego.org\/noticies\/wp-content\/uploads\/2022\/03\/Bases-certamen-val.pdf\">Bases-certamen-val<\/a><a href=\"https:\/\/www.pego.org\/noticies\/wp-content\/uploads\/2022\/03\/Bases-certamen-val.pdf\" class=\"wp-block-file__button\" download>Baixa<\/a><\/div>\n\n\n\n<div class=\"wp-block-file\"><a href=\"https:\/\/www.pego.org\/noticies\/wp-content\/uploads\/2022\/03\/Bases-certamen-cast.pdf\">Bases-certamen-cast<\/a><a href=\"https:\/\/www.pego.org\/noticies\/wp-content\/uploads\/2022\/03\/Bases-certamen-cast.pdf\" class=\"wp-block-file__button\" download>Baixa<\/a><\/div>\n\n\n\n<p><\/p>\n\n\n\n<p><\/p>\n\n\n\n<p><strong>PROTECCI\u00d3 DE DADES<\/strong><\/p>\n\n\n\n<p>Conforme a los establecido en la normativa vigente en materia de Protecci\u00f3n de datos de car\u00e1cter personal, el Ayuntamiento de Fuente \u00c1lamo de Murcia, junto a Mundoarti, son corresponsables del tratamiento de sus datos de car\u00e1cter personal, con la finalidad de llevar a cabo todas las actividades necesarias para gestionar su participaci\u00f3n en el concurso, as\u00ed como del tratamiento de sus datos con la finalidad de enviarles futuras convocatorias, por distintos medios, siempre que nos otorgue el consentimiento al efecto, teniendo en cada comunicaci\u00f3n la posibilidad de darse de baja.<\/p>\n","protected":false},"excerpt":{"rendered":"Amb data dos de mar\u00e7 de 2022 queda convocat per l\u2019Ajuntament de Pego el XLVI Certamen Nacional de Pintura, \u00abVila de Pego\u00bb. A continuaci\u00f3 pots descarregar-te les bases del certamen. PROTECCI\u00d3 DE DADES Conforme a los establecido en la normativa vigente en materia de Protecci\u00f3n de datos de car\u00e1cter personal, el Ayuntamiento de Fuente \u00c1lamo&#8230; <a class=\"view-article\" href=\"https:\/\/www.pego.org\/noticies\/2022\/03\/04\/xlvi-certamen-de-pintura-vila-de-pego-2022\/\">Veure Article<\/a>","protected":false},"author":2,"featured_media":0,"comment_status":"closed","ping_status":"open","sticky":false,"template":"","format":"standard","meta":[],"categories":[1],"tags":[],"yoast_head":"<!-- This site is optimized with the Yoast SEO plugin v19.4 - https:\/\/yoast.com\/wordpress\/plugins\/seo\/ -->\n<title>XLVI certamen de pintura Vila de Pego 2022 - Ajuntament de Pego<\/title>\n<meta name=\"robots\" content=\"index, follow, max-snippet:-1, max-image-preview:large, max-video-preview:-1\" \/>\n<link rel=\"canonical\" href=\"https:\/\/www.pego.org\/noticies\/2022\/03\/04\/xlvi-certamen-de-pintura-vila-de-pego-2022\/\" \/>\n<meta property=\"og:locale\" content=\"ca_ES\" \/>\n<meta property=\"og:type\" content=\"article\" \/>\n<meta property=\"og:title\" content=\"XLVI certamen de pintura Vila de Pego 2022 - Ajuntament de Pego\" \/>\n<meta property=\"og:description\" content=\"Amb data dos de mar\u00e7 de 2022 queda convocat per l\u2019Ajuntament de Pego el XLVI Certamen Nacional de Pintura, \u00abVila de Pego\u00bb. A continuaci\u00f3 pots descarregar-te les bases del certamen. PROTECCI\u00d3 DE DADES Conforme a los establecido en la normativa vigente en materia de Protecci\u00f3n de datos de car\u00e1cter personal, el Ayuntamiento de Fuente \u00c1lamo... Veure Article\" \/>\n<meta property=\"og:url\" content=\"https:\/\/www.pego.org\/noticies\/2022\/03\/04\/xlvi-certamen-de-pintura-vila-de-pego-2022\/\" \/>\n<meta property=\"og:site_name\" content=\"Ajuntament de Pego\" \/>\n<meta property=\"article:publisher\" content=\"https:\/\/www.facebook.com\/ajuntament.de.pego\/\" \/>\n<meta property=\"article:published_time\" content=\"2022-03-04T09:37:15+00:00\" \/>\n<meta property=\"article:modified_time\" content=\"2022-03-04T09:43:06+00:00\" \/>\n<meta property=\"og:image\" content=\"https:\/\/www.pego.org\/noticies\/wp-content\/uploads\/2022\/03\/CARTELL-VILA-PEGO-1-700x702.jpg\" \/>\n<meta name=\"author\" content=\"Bernat Ortola\" \/>\n<meta name=\"twitter:card\" content=\"summary_large_image\" \/>\n<meta name=\"twitter:creator\" content=\"@ajupego\" \/>\n<meta name=\"twitter:site\" content=\"@ajupego\" \/>\n<meta name=\"twitter:label1\" content=\"Escrit per\" \/>\n\t<meta name=\"twitter:data1\" content=\"Bernat Ortola\" \/>\n\t<meta name=\"twitter:label2\" content=\"Temps estimat de lectura\" \/>\n\t<meta name=\"twitter:data2\" content=\"1 minut\" \/>\n<script type=\"application\/ld+json\" class=\"yoast-schema-graph\">{\"@context\":\"https:\/\/schema.org\",\"@graph\":[{\"@type\":\"WebSite\",\"@id\":\"https:\/\/www.pego.org\/noticies\/#website\",\"url\":\"https:\/\/www.pego.org\/noticies\/\",\"name\":\"Ajuntament de Pego\",\"description\":\"\",\"potentialAction\":[{\"@type\":\"SearchAction\",\"target\":{\"@type\":\"EntryPoint\",\"urlTemplate\":\"https:\/\/www.pego.org\/noticies\/?s={search_term_string}\"},\"query-input\":\"required name=search_term_string\"}],\"inLanguage\":\"ca\"},{\"@type\":\"WebPage\",\"@id\":\"https:\/\/www.pego.org\/noticies\/2022\/03\/04\/xlvi-certamen-de-pintura-vila-de-pego-2022\/\",\"url\":\"https:\/\/www.pego.org\/noticies\/2022\/03\/04\/xlvi-certamen-de-pintura-vila-de-pego-2022\/\",\"name\":\"XLVI certamen de pintura Vila de Pego 2022 - Ajuntament de Pego\",\"isPartOf\":{\"@id\":\"https:\/\/www.pego.org\/noticies\/#website\"},\"datePublished\":\"2022-03-04T09:37:15+00:00\",\"dateModified\":\"2022-03-04T09:43:06+00:00\",\"author\":{\"@id\":\"https:\/\/www.pego.org\/noticies\/#\/schema\/person\/4326dac4f13188e6a8a1984f5eb1e0e6\"},\"breadcrumb\":{\"@id\":\"https:\/\/www.pego.org\/noticies\/2022\/03\/04\/xlvi-certamen-de-pintura-vila-de-pego-2022\/#breadcrumb\"},\"inLanguage\":\"ca\",\"potentialAction\":[{\"@type\":\"ReadAction\",\"target\":[\"https:\/\/www.pego.org\/noticies\/2022\/03\/04\/xlvi-certamen-de-pintura-vila-de-pego-2022\/\"]}]},{\"@type\":\"BreadcrumbList\",\"@id\":\"https:\/\/www.pego.org\/noticies\/2022\/03\/04\/xlvi-certamen-de-pintura-vila-de-pego-2022\/#breadcrumb\",\"itemListElement\":[{\"@type\":\"ListItem\",\"position\":1,\"name\":\"Inici\",\"item\":\"https:\/\/www.pego.org\/noticies\/\"},{\"@type\":\"ListItem\",\"position\":2,\"name\":\"XLVI certamen de pintura Vila de Pego 2022\"}]},{\"@type\":\"Person\",\"@id\":\"https:\/\/www.pego.org\/noticies\/#\/schema\/person\/4326dac4f13188e6a8a1984f5eb1e0e6\",\"name\":\"Bernat Ortola\",\"image\":{\"@type\":\"ImageObject\",\"inLanguage\":\"ca\",\"@id\":\"https:\/\/www.pego.org\/noticies\/#\/schema\/person\/image\/\",\"url\":\"https:\/\/secure.gravatar.com\/avatar\/75560795a8de75338a850c3d759f927c?s=96&d=mm&r=g\",\"contentUrl\":\"https:\/\/secure.gravatar.com\/avatar\/75560795a8de75338a850c3d759f927c?s=96&d=mm&r=g\",\"caption\":\"Bernat Ortola\"}}]}<\/script>\n<!-- \/ Yoast SEO plugin. -->","yoast_head_json":{"title":"XLVI certamen de pintura Vila de Pego 2022 - Ajuntament de Pego","robots":{"index":"index","follow":"follow","max-snippet":"max-snippet:-1","max-image-preview":"max-image-preview:large","max-video-preview":"max-video-preview:-1"},"canonical":"https:\/\/www.pego.org\/noticies\/2022\/03\/04\/xlvi-certamen-de-pintura-vila-de-pego-2022\/","og_locale":"ca_ES","og_type":"article","og_title":"XLVI certamen de pintura Vila de Pego 2022 - Ajuntament de Pego","og_description":"Amb data dos de mar\u00e7 de 2022 queda convocat per l\u2019Ajuntament de Pego el XLVI Certamen Nacional de Pintura, \u00abVila de Pego\u00bb. A continuaci\u00f3 pots descarregar-te les bases del certamen. PROTECCI\u00d3 DE DADES Conforme a los establecido en la normativa vigente en materia de Protecci\u00f3n de datos de car\u00e1cter personal, el Ayuntamiento de Fuente \u00c1lamo... Veure Article","og_url":"https:\/\/www.pego.org\/noticies\/2022\/03\/04\/xlvi-certamen-de-pintura-vila-de-pego-2022\/","og_site_name":"Ajuntament de Pego","article_publisher":"https:\/\/www.facebook.com\/ajuntament.de.pego\/","article_published_time":"2022-03-04T09:37:15+00:00","article_modified_time":"2022-03-04T09:43:06+00:00","og_image":[{"url":"https:\/\/www.pego.org\/noticies\/wp-content\/uploads\/2022\/03\/CARTELL-VILA-PEGO-1-700x702.jpg"}],"author":"Bernat Ortola","twitter_card":"summary_large_image","twitter_creator":"@ajupego","twitter_site":"@ajupego","twitter_misc":{"Escrit per":"Bernat Ortola","Temps estimat de lectura":"1 minut"},"schema":{"@context":"https:\/\/schema.org","@graph":[{"@type":"WebSite","@id":"https:\/\/www.pego.org\/noticies\/#website","url":"https:\/\/www.pego.org\/noticies\/","name":"Ajuntament de Pego","description":"","potentialAction":[{"@type":"SearchAction","target":{"@type":"EntryPoint","urlTemplate":"https:\/\/www.pego.org\/noticies\/?s={search_term_string}"},"query-input":"required name=search_term_string"}],"inLanguage":"ca"},{"@type":"WebPage","@id":"https:\/\/www.pego.org\/noticies\/2022\/03\/04\/xlvi-certamen-de-pintura-vila-de-pego-2022\/","url":"https:\/\/www.pego.org\/noticies\/2022\/03\/04\/xlvi-certamen-de-pintura-vila-de-pego-2022\/","name":"XLVI certamen de pintura Vila de Pego 2022 - Ajuntament de Pego","isPartOf":{"@id":"https:\/\/www.pego.org\/noticies\/#website"},"datePublished":"2022-03-04T09:37:15+00:00","dateModified":"2022-03-04T09:43:06+00:00","author":{"@id":"https:\/\/www.pego.org\/noticies\/#\/schema\/person\/4326dac4f13188e6a8a1984f5eb1e0e6"},"breadcrumb":{"@id":"https:\/\/www.pego.org\/noticies\/2022\/03\/04\/xlvi-certamen-de-pintura-vila-de-pego-2022\/#breadcrumb"},"inLanguage":"ca","potentialAction":[{"@type":"ReadAction","target":["https:\/\/www.pego.org\/noticies\/2022\/03\/04\/xlvi-certamen-de-pintura-vila-de-pego-2022\/"]}]},{"@type":"BreadcrumbList","@id":"https:\/\/www.pego.org\/noticies\/2022\/03\/04\/xlvi-certamen-de-pintura-vila-de-pego-2022\/#breadcrumb","itemListElement":[{"@type":"ListItem","position":1,"name":"Inici","item":"https:\/\/www.pego.org\/noticies\/"},{"@type":"ListItem","position":2,"name":"XLVI certamen de pintura Vila de Pego 2022"}]},{"@type":"Person","@id":"https:\/\/www.pego.org\/noticies\/#\/schema\/person\/4326dac4f13188e6a8a1984f5eb1e0e6","name":"Bernat Ortola","image":{"@type":"ImageObject","inLanguage":"ca","@id":"https:\/\/www.pego.org\/noticies\/#\/schema\/person\/image\/","url":"https:\/\/secure.gravatar.com\/avatar\/75560795a8de75338a850c3d759f927c?s=96&d=mm&r=g","contentUrl":"https:\/\/secure.gravatar.com\/avatar\/75560795a8de75338a850c3d759f927c?s=96&d=mm&r=g","caption":"Bernat Ortola"}}]}},"_links":{"self":[{"href":"https:\/\/www.pego.org\/noticies\/wp-json\/wp\/v2\/posts\/844"}],"collection":[{"href":"https:\/\/www.pego.org\/noticies\/wp-json\/wp\/v2\/posts"}],"about":[{"href":"https:\/\/www.pego.org\/noticies\/wp-json\/wp\/v2\/types\/post"}],"author":[{"embeddable":true,"href":"https:\/\/www.pego.org\/noticies\/wp-json\/wp\/v2\/users\/2"}],"replies":[{"embeddable":true,"href":"https:\/\/www.pego.org\/noticies\/wp-json\/wp\/v2\/comments?post=844"}],"version-history":[{"count":2,"href":"https:\/\/www.pego.org\/noticies\/wp-json\/wp\/v2\/posts\/844\/revisions"}],"predecessor-version":[{"id":851,"href":"https:\/\/www.pego.org\/noticies\/wp-json\/wp\/v2\/posts\/844\/revisions\/851"}],"wp:attachment":[{"href":"https:\/\/www.pego.org\/noticies\/wp-json\/wp\/v2\/media?parent=844"}],"wp:term":[{"taxonomy":"category","embeddable":true,"href":"https:\/\/www.pego.org\/noticies\/wp-json\/wp\/v2\/categories?post=844"},{"taxonomy":"post_tag","embeddable":true,"href":"https:\/\/www.pego.org\/noticies\/wp-json\/wp\/v2\/tags?post=844"}],"curies":[{"name":"wp","href":"https:\/\/api.w.org\/{rel}","templated":true}]}}