{"id":856,"date":"2022-03-11T12:53:14","date_gmt":"2022-03-11T10:53:14","guid":{"rendered":"https:\/\/www.pego.org\/noticies\/?p=856"},"modified":"2022-03-11T12:53:16","modified_gmt":"2022-03-11T10:53:16","slug":"pego-acull-a-una-vintena-de-refugiats-pel-conflicte-bellic-ducraina","status":"publish","type":"post","link":"https:\/\/www.pego.org\/noticies\/2022\/03\/11\/pego-acull-a-una-vintena-de-refugiats-pel-conflicte-bellic-ducraina\/","title":{"rendered":"Pego acull a una vintena de refugiats pel conflicte b\u00e8l\u00b7lic d\u2019Ucra\u00efna"},"content":{"rendered":"\n<p><strong><em>El consistori ha coordinat amb entitats privades, associacions, ve\u00efns i ve\u00efnes un banc de vivendes<\/em> <em>d\u2019acollida per a les persones que arribe a la localitat<\/em><\/strong><\/p>\n\n\n\n<p><\/p>\n\n\n\n<p>El municipi de Pego ha decidit, des del primer moment, fer un pas al capdavant respecte al conflicte b\u00e8l\u00b7lic d\u2019Ucra\u00efna prestant ajuda als afectats a trav\u00e9s de diferents vies de col\u00b7laboraci\u00f3. Una d\u2019elles \u00e9s convertir-se en poble refugi, ja que en els \u00faltims dies han arribat al municipi una vintena de persones de nacionalitat ucra\u00efnesa que han fugit de la zona de guerra.<\/p>\n\n\n\n<p>El consistori s\u2019ha posat al davant d\u2019aquest proc\u00e9s. Amb l\u2019inici del conflicte, de forma anticipada, es va contactar amb els ve\u00efns i ve\u00efnes de nacionalitat ucra\u00efnesa que viuen a Pego per tal de con\u00e9ixer la situaci\u00f3 dels seus familiars i amics afectats per la guerra. Tots ells explicaren que estaven esperant l\u2019arribada dels seus afins; un proc\u00e9s escalonat perqu\u00e8 hi ha complicacions que han de sortejar abans de realitzar el viatge que els porte a Pego.<\/p>\n\n\n\n<p>A m\u00e9s de la primera presa de contacte amb els ve\u00efns i ve\u00efnes d\u2019origen ucra\u00efn\u00e9s, des de l\u2019Ajuntament s\u2019ha realitzat un recompte dels espais amb els quals compta el municipi de Pego per tal d\u2019allotjar als refugiats. S\u2019ha parlat amb C\u00e0rites, aix\u00ed com en altres associacions del municipi, tamb\u00e9 amb els franciscans de la parr\u00f2quia de la Sagrada Fam\u00edlia, qui han confirmat que tenen habitacions per poder allotjar a diverses persones. Incl\u00f2s s\u2019ha contactat amb entitats privades per tal de buscar altres vivendes de les quals poder disposar per la possible arribada de m\u00e9s refugiats. Cal remarcar que l\u2019Ajuntament compta amb dos pisos d\u2019acollida en la localitat que tamb\u00e9 han estat habilitats per a aquesta causa.<\/p>\n\n\n\n<p>De moment han arribat a Pego una vintena de refugiats, dels quals la meitat s\u00f3n menors d\u2019edat. Seguint amb el protocol establert i recomanat per les autoritats, la primera presa de contacte \u00e9s amb els Serveis Socials i la Policia Local. Aquests dos departaments s\u2019encarreguen de recopilar i certificar les dades personals de cada una de les persones. Tamb\u00e9 s\u2019ha realitzat un examen m\u00e8dic en el centre de salut i despr\u00e9s del pertinent informe, s\u2019ha facilitat una targeta sanit\u00e0ria (SIP), perqu\u00e8 puguen tindre acc\u00e9s als servicis sanitaris, en cas de necessitar-los.<\/p>\n\n\n\n<p>Una vegada realitzats aquests tr\u00e0mits, se\u2019ls ha facilitat l\u2019acc\u00e9s a una vivenda. De moment, la vintena de refugiats estan allotjats a casa de familiars i amics. Encara que els pisos d\u2019acollida ja estan preparats per si arriba m\u00e9s gent.<\/p>\n\n\n\n<p><\/p>\n\n\n\n<p><strong>Ajuda humanit\u00e0ria<\/strong><\/p>\n\n\n\n<p>A m\u00e9s de facilitar als refugiats un lloc on viure mentre dura la guerra, tamb\u00e9 se segueix enviant ajuda humanit\u00e0ria fins a Ucra\u00efna i els pa\u00efsos ve\u00efns. De fet, la setmana passada es va enviar el primer carregament d\u2019aliments i medicines que va aconseguir reunir l\u2019Ajuntament gr\u00e0cies a la solidaritat dels ve\u00efns i les ve\u00efnes de Pego. Ja s\u2019est\u00e0 treballant en altres enviaments. Cal remarcar que altres associacions de la localitat tamb\u00e9 han posat en marxa campanyes de recollida.<\/p>\n\n\n\n<p>L\u2019Ajuntament tamb\u00e9 mant\u00e9 un contacte directe amb les autoritats de la localitat de Wieliszew, municipi de Pol\u00f2nia, situat prop de la frontera amb Ucra\u00efna; amb el qual es mant\u00e9 una estreta relaci\u00f3 despr\u00e9s de compartir diverses jornades de programes europeus de Medi Ambient i Esports. El municipi polon\u00e9s est\u00e0 rebent una mitja de 20.000 refugiats al dia.<\/p>\n\n\n\n<p>La solidaritat no t\u00e9 l\u00edmits quan es parla de Pego, aix\u00ed ho estan demostrant els dos bombers, ve\u00efns de la localitat, que estan participant, juntament amb altres companys en el comboi humanitari que ha organitzat el Consorci Provincial de Bombers d\u2019Alacant. Es tracta d\u2019una primera presa de contacte que ha viatjat fins a Medyka, un altre municipi de Pol\u00f2nia situat a la frontera d\u2019Ucra\u00efna, amb l\u2019objectiu de portar aliments i, especialment, medicaments pels m\u00e9s necessitats. A m\u00e9s, la comitiva ha contactat pr\u00e8viament amb refugiats pel conflicte per tal de recollir-los i traslladar-los fins a diferents municipis de la prov\u00edncia d\u2019Alacant.<\/p>\n\n\n\n<p>Per a aquest primer viatge, el consistori pegol\u00ed ha donat 500 euros al comboi per a ajudar amb el seu viatge. De fet, ha estat l\u2019\u00fanic municipi de la prov\u00edncia d\u2019Alacant que ha donat diners en met\u00e0l\u00b7lic (a m\u00e9s de menjar i medicaments com han fet altres) per finan\u00e7ar aquesta proposta solid\u00e0ria.<\/p>\n\n\n\n<p>La intenci\u00f3 del cos de bombers \u00e9s la de realitzar diferents viatges fins a Medyka per a seguir portant material humanitari i tamb\u00e9 per a recollir als refugiats que tenen a la prov\u00edncia d\u2019Alacant familiars o amics. L\u2019Ajuntament de Pego seguir\u00e0 ajudant-los en tots els viatges que realitzen.<\/p>\n\n\n\n<p>Des de l\u2019equip de govern es vol agrair la col\u00b7laboraci\u00f3 que est\u00e0 rebent per part de ve\u00efns i ve\u00efnes, aix\u00ed com a entitats, associacions i empreses del municipi, que s\u2019han oferit per participar en tota mena d\u2019activitats humanit\u00e0ries. \u00c9s la mostra del fet que Pego \u00e9s un poble solidari.<\/p>\n","protected":false},"excerpt":{"rendered":"El consistori ha coordinat amb entitats privades, associacions, ve\u00efns i ve\u00efnes un banc de vivendes d\u2019acollida per a les persones que arribe a la localitat El municipi de Pego ha decidit, des del primer moment, fer un pas al capdavant respecte al conflicte b\u00e8l\u00b7lic d\u2019Ucra\u00efna prestant ajuda als afectats a trav\u00e9s de diferents vies de&#8230; <a class=\"view-article\" href=\"https:\/\/www.pego.org\/noticies\/2022\/03\/11\/pego-acull-a-una-vintena-de-refugiats-pel-conflicte-bellic-ducraina\/\">Veure Article<\/a>","protected":false},"author":2,"featured_media":0,"comment_status":"closed","ping_status":"open","sticky":false,"template":"","format":"standard","meta":[],"categories":[1],"tags":[],"yoast_head":"<!-- This site is optimized with the Yoast SEO plugin v19.4 - https:\/\/yoast.com\/wordpress\/plugins\/seo\/ -->\n<title>Pego acull a una vintena de refugiats pel conflicte b\u00e8l\u00b7lic d\u2019Ucra\u00efna - Ajuntament de Pego<\/title>\n<meta name=\"robots\" content=\"index, follow, max-snippet:-1, max-image-preview:large, max-video-preview:-1\" \/>\n<link rel=\"canonical\" href=\"https:\/\/www.pego.org\/noticies\/2022\/03\/11\/pego-acull-a-una-vintena-de-refugiats-pel-conflicte-bellic-ducraina\/\" \/>\n<meta property=\"og:locale\" content=\"ca_ES\" \/>\n<meta property=\"og:type\" content=\"article\" \/>\n<meta property=\"og:title\" content=\"Pego acull a una vintena de refugiats pel conflicte b\u00e8l\u00b7lic d\u2019Ucra\u00efna - Ajuntament de Pego\" \/>\n<meta property=\"og:description\" content=\"El consistori ha coordinat amb entitats privades, associacions, ve\u00efns i ve\u00efnes un banc de vivendes d\u2019acollida per a les persones que arribe a la localitat El municipi de Pego ha decidit, des del primer moment, fer un pas al capdavant respecte al conflicte b\u00e8l\u00b7lic d\u2019Ucra\u00efna prestant ajuda als afectats a trav\u00e9s de diferents vies de... Veure Article\" \/>\n<meta property=\"og:url\" content=\"https:\/\/www.pego.org\/noticies\/2022\/03\/11\/pego-acull-a-una-vintena-de-refugiats-pel-conflicte-bellic-ducraina\/\" \/>\n<meta property=\"og:site_name\" content=\"Ajuntament de Pego\" \/>\n<meta property=\"article:publisher\" content=\"https:\/\/www.facebook.com\/ajuntament.de.pego\/\" \/>\n<meta property=\"article:published_time\" content=\"2022-03-11T10:53:14+00:00\" \/>\n<meta property=\"article:modified_time\" content=\"2022-03-11T10:53:16+00:00\" \/>\n<meta name=\"author\" content=\"Bernat Ortola\" \/>\n<meta name=\"twitter:card\" content=\"summary_large_image\" \/>\n<meta name=\"twitter:creator\" content=\"@ajupego\" \/>\n<meta name=\"twitter:site\" content=\"@ajupego\" \/>\n<meta name=\"twitter:label1\" content=\"Escrit per\" \/>\n\t<meta name=\"twitter:data1\" content=\"Bernat Ortola\" \/>\n\t<meta name=\"twitter:label2\" content=\"Temps estimat de lectura\" \/>\n\t<meta name=\"twitter:data2\" content=\"5 minuts\" \/>\n<script type=\"application\/ld+json\" class=\"yoast-schema-graph\">{\"@context\":\"https:\/\/schema.org\",\"@graph\":[{\"@type\":\"WebSite\",\"@id\":\"http:\/\/www.pego.org\/noticies\/#website\",\"url\":\"http:\/\/www.pego.org\/noticies\/\",\"name\":\"Ajuntament de Pego\",\"description\":\"\",\"potentialAction\":[{\"@type\":\"SearchAction\",\"target\":{\"@type\":\"EntryPoint\",\"urlTemplate\":\"http:\/\/www.pego.org\/noticies\/?s={search_term_string}\"},\"query-input\":\"required name=search_term_string\"}],\"inLanguage\":\"ca\"},{\"@type\":\"WebPage\",\"@id\":\"https:\/\/www.pego.org\/noticies\/2022\/03\/11\/pego-acull-a-una-vintena-de-refugiats-pel-conflicte-bellic-ducraina\/\",\"url\":\"https:\/\/www.pego.org\/noticies\/2022\/03\/11\/pego-acull-a-una-vintena-de-refugiats-pel-conflicte-bellic-ducraina\/\",\"name\":\"Pego acull a una vintena de refugiats pel conflicte b\u00e8l\u00b7lic d\u2019Ucra\u00efna - Ajuntament de Pego\",\"isPartOf\":{\"@id\":\"http:\/\/www.pego.org\/noticies\/#website\"},\"datePublished\":\"2022-03-11T10:53:14+00:00\",\"dateModified\":\"2022-03-11T10:53:16+00:00\",\"author\":{\"@id\":\"http:\/\/www.pego.org\/noticies\/#\/schema\/person\/4326dac4f13188e6a8a1984f5eb1e0e6\"},\"breadcrumb\":{\"@id\":\"https:\/\/www.pego.org\/noticies\/2022\/03\/11\/pego-acull-a-una-vintena-de-refugiats-pel-conflicte-bellic-ducraina\/#breadcrumb\"},\"inLanguage\":\"ca\",\"potentialAction\":[{\"@type\":\"ReadAction\",\"target\":[\"https:\/\/www.pego.org\/noticies\/2022\/03\/11\/pego-acull-a-una-vintena-de-refugiats-pel-conflicte-bellic-ducraina\/\"]}]},{\"@type\":\"BreadcrumbList\",\"@id\":\"https:\/\/www.pego.org\/noticies\/2022\/03\/11\/pego-acull-a-una-vintena-de-refugiats-pel-conflicte-bellic-ducraina\/#breadcrumb\",\"itemListElement\":[{\"@type\":\"ListItem\",\"position\":1,\"name\":\"Inici\",\"item\":\"http:\/\/www.pego.org\/noticies\/\"},{\"@type\":\"ListItem\",\"position\":2,\"name\":\"Pego acull a una vintena de refugiats pel conflicte b\u00e8l\u00b7lic d\u2019Ucra\u00efna\"}]},{\"@type\":\"Person\",\"@id\":\"http:\/\/www.pego.org\/noticies\/#\/schema\/person\/4326dac4f13188e6a8a1984f5eb1e0e6\",\"name\":\"Bernat Ortola\",\"image\":{\"@type\":\"ImageObject\",\"inLanguage\":\"ca\",\"@id\":\"http:\/\/www.pego.org\/noticies\/#\/schema\/person\/image\/\",\"url\":\"https:\/\/secure.gravatar.com\/avatar\/75560795a8de75338a850c3d759f927c?s=96&d=mm&r=g\",\"contentUrl\":\"https:\/\/secure.gravatar.com\/avatar\/75560795a8de75338a850c3d759f927c?s=96&d=mm&r=g\",\"caption\":\"Bernat Ortola\"}}]}<\/script>\n<!-- \/ Yoast SEO plugin. -->","yoast_head_json":{"title":"Pego acull a una vintena de refugiats pel conflicte b\u00e8l\u00b7lic d\u2019Ucra\u00efna - Ajuntament de Pego","robots":{"index":"index","follow":"follow","max-snippet":"max-snippet:-1","max-image-preview":"max-image-preview:large","max-video-preview":"max-video-preview:-1"},"canonical":"https:\/\/www.pego.org\/noticies\/2022\/03\/11\/pego-acull-a-una-vintena-de-refugiats-pel-conflicte-bellic-ducraina\/","og_locale":"ca_ES","og_type":"article","og_title":"Pego acull a una vintena de refugiats pel conflicte b\u00e8l\u00b7lic d\u2019Ucra\u00efna - Ajuntament de Pego","og_description":"El consistori ha coordinat amb entitats privades, associacions, ve\u00efns i ve\u00efnes un banc de vivendes d\u2019acollida per a les persones que arribe a la localitat El municipi de Pego ha decidit, des del primer moment, fer un pas al capdavant respecte al conflicte b\u00e8l\u00b7lic d\u2019Ucra\u00efna prestant ajuda als afectats a trav\u00e9s de diferents vies de... Veure Article","og_url":"https:\/\/www.pego.org\/noticies\/2022\/03\/11\/pego-acull-a-una-vintena-de-refugiats-pel-conflicte-bellic-ducraina\/","og_site_name":"Ajuntament de Pego","article_publisher":"https:\/\/www.facebook.com\/ajuntament.de.pego\/","article_published_time":"2022-03-11T10:53:14+00:00","article_modified_time":"2022-03-11T10:53:16+00:00","author":"Bernat Ortola","twitter_card":"summary_large_image","twitter_creator":"@ajupego","twitter_site":"@ajupego","twitter_misc":{"Escrit per":"Bernat Ortola","Temps estimat de lectura":"5 minuts"},"schema":{"@context":"https:\/\/schema.org","@graph":[{"@type":"WebSite","@id":"http:\/\/www.pego.org\/noticies\/#website","url":"http:\/\/www.pego.org\/noticies\/","name":"Ajuntament de Pego","description":"","potentialAction":[{"@type":"SearchAction","target":{"@type":"EntryPoint","urlTemplate":"http:\/\/www.pego.org\/noticies\/?s={search_term_string}"},"query-input":"required name=search_term_string"}],"inLanguage":"ca"},{"@type":"WebPage","@id":"https:\/\/www.pego.org\/noticies\/2022\/03\/11\/pego-acull-a-una-vintena-de-refugiats-pel-conflicte-bellic-ducraina\/","url":"https:\/\/www.pego.org\/noticies\/2022\/03\/11\/pego-acull-a-una-vintena-de-refugiats-pel-conflicte-bellic-ducraina\/","name":"Pego acull a una vintena de refugiats pel conflicte b\u00e8l\u00b7lic d\u2019Ucra\u00efna - Ajuntament de Pego","isPartOf":{"@id":"http:\/\/www.pego.org\/noticies\/#website"},"datePublished":"2022-03-11T10:53:14+00:00","dateModified":"2022-03-11T10:53:16+00:00","author":{"@id":"http:\/\/www.pego.org\/noticies\/#\/schema\/person\/4326dac4f13188e6a8a1984f5eb1e0e6"},"breadcrumb":{"@id":"https:\/\/www.pego.org\/noticies\/2022\/03\/11\/pego-acull-a-una-vintena-de-refugiats-pel-conflicte-bellic-ducraina\/#breadcrumb"},"inLanguage":"ca","potentialAction":[{"@type":"ReadAction","target":["https:\/\/www.pego.org\/noticies\/2022\/03\/11\/pego-acull-a-una-vintena-de-refugiats-pel-conflicte-bellic-ducraina\/"]}]},{"@type":"BreadcrumbList","@id":"https:\/\/www.pego.org\/noticies\/2022\/03\/11\/pego-acull-a-una-vintena-de-refugiats-pel-conflicte-bellic-ducraina\/#breadcrumb","itemListElement":[{"@type":"ListItem","position":1,"name":"Inici","item":"http:\/\/www.pego.org\/noticies\/"},{"@type":"ListItem","position":2,"name":"Pego acull a una vintena de refugiats pel conflicte b\u00e8l\u00b7lic d\u2019Ucra\u00efna"}]},{"@type":"Person","@id":"http:\/\/www.pego.org\/noticies\/#\/schema\/person\/4326dac4f13188e6a8a1984f5eb1e0e6","name":"Bernat Ortola","image":{"@type":"ImageObject","inLanguage":"ca","@id":"http:\/\/www.pego.org\/noticies\/#\/schema\/person\/image\/","url":"https:\/\/secure.gravatar.com\/avatar\/75560795a8de75338a850c3d759f927c?s=96&d=mm&r=g","contentUrl":"https:\/\/secure.gravatar.com\/avatar\/75560795a8de75338a850c3d759f927c?s=96&d=mm&r=g","caption":"Bernat Ortola"}}]}},"_links":{"self":[{"href":"https:\/\/www.pego.org\/noticies\/wp-json\/wp\/v2\/posts\/856"}],"collection":[{"href":"https:\/\/www.pego.org\/noticies\/wp-json\/wp\/v2\/posts"}],"about":[{"href":"https:\/\/www.pego.org\/noticies\/wp-json\/wp\/v2\/types\/post"}],"author":[{"embeddable":true,"href":"https:\/\/www.pego.org\/noticies\/wp-json\/wp\/v2\/users\/2"}],"replies":[{"embeddable":true,"href":"https:\/\/www.pego.org\/noticies\/wp-json\/wp\/v2\/comments?post=856"}],"version-history":[{"count":1,"href":"https:\/\/www.pego.org\/noticies\/wp-json\/wp\/v2\/posts\/856\/revisions"}],"predecessor-version":[{"id":857,"href":"https:\/\/www.pego.org\/noticies\/wp-json\/wp\/v2\/posts\/856\/revisions\/857"}],"wp:attachment":[{"href":"https:\/\/www.pego.org\/noticies\/wp-json\/wp\/v2\/media?parent=856"}],"wp:term":[{"taxonomy":"category","embeddable":true,"href":"https:\/\/www.pego.org\/noticies\/wp-json\/wp\/v2\/categories?post=856"},{"taxonomy":"post_tag","embeddable":true,"href":"https:\/\/www.pego.org\/noticies\/wp-json\/wp\/v2\/tags?post=856"}],"curies":[{"name":"wp","href":"https:\/\/api.w.org\/{rel}","templated":true}]}}