{"id":859,"date":"2022-03-14T14:40:53","date_gmt":"2022-03-14T12:40:53","guid":{"rendered":"https:\/\/www.pego.org\/noticies\/?p=859"},"modified":"2022-03-14T14:40:56","modified_gmt":"2022-03-14T12:40:56","slug":"pego-inicia-la-redaccio-del-pla-local-de-residus-per-a-aconseguir-optimitzar-el-servici","status":"publish","type":"post","link":"https:\/\/www.pego.org\/noticies\/2022\/03\/14\/pego-inicia-la-redaccio-del-pla-local-de-residus-per-a-aconseguir-optimitzar-el-servici\/","title":{"rendered":"Pego inicia la redacci\u00f3 del Pla Local de Residus per a aconseguir optimitzar el servici"},"content":{"rendered":"\n<p><strong><em>El document, que confeccionar\u00e0 l\u2019empresa Ecosilvo, inclour\u00e0 l\u2019opini\u00f3 dels ve\u00efns i ve\u00efnes<\/em> <em>que es recollir\u00e0 a trav\u00e9s d\u2019una enquesta online i tres jornades de portes obertes<\/em><\/strong><\/p>\n\n\n\n<p><\/p>\n\n\n\n<div class=\"wp-block-image\"><figure class=\"aligncenter size-large\"><img loading=\"lazy\" width=\"700\" height=\"525\" src=\"https:\/\/www.pego.org\/noticies\/wp-content\/uploads\/2022\/03\/Operaris-netejant-els-contenidors-a-la-Placa-de-lAjuntament-700x525.jpg\" alt=\"\" class=\"wp-image-861\" srcset=\"https:\/\/www.pego.org\/noticies\/wp-content\/uploads\/2022\/03\/Operaris-netejant-els-contenidors-a-la-Placa-de-lAjuntament-700x525.jpg 700w, https:\/\/www.pego.org\/noticies\/wp-content\/uploads\/2022\/03\/Operaris-netejant-els-contenidors-a-la-Placa-de-lAjuntament-250x188.jpg 250w, https:\/\/www.pego.org\/noticies\/wp-content\/uploads\/2022\/03\/Operaris-netejant-els-contenidors-a-la-Placa-de-lAjuntament-768x576.jpg 768w, https:\/\/www.pego.org\/noticies\/wp-content\/uploads\/2022\/03\/Operaris-netejant-els-contenidors-a-la-Placa-de-lAjuntament-1536x1152.jpg 1536w, https:\/\/www.pego.org\/noticies\/wp-content\/uploads\/2022\/03\/Operaris-netejant-els-contenidors-a-la-Placa-de-lAjuntament-120x90.jpg 120w, https:\/\/www.pego.org\/noticies\/wp-content\/uploads\/2022\/03\/Operaris-netejant-els-contenidors-a-la-Placa-de-lAjuntament.jpg 1600w\" sizes=\"(max-width: 700px) 100vw, 700px\" \/><\/figure><\/div>\n\n\n\n<p><\/p>\n\n\n\n<p>L\u2019Ajuntament de Pego ha iniciat la redacci\u00f3 del Pla Local de Residus, una ferramenta imprescindible per a millorar la gesti\u00f3 de totes les fraccions de residus que es generen al municipi. Una proposta d\u2019obligat compliment, tal com recull el Pla Integral de Residus de la Comunitat Valenciana (PIRCVA).<\/p>\n\n\n\n<p>Es tracta d\u2019un document que confeccionar\u00e0 l\u2019empresa especialitzada d\u2019Elda, Ecosilvo, i amb el qual s\u2019obtindr\u00e0 un diagn\u00f2stic detallat de la situaci\u00f3 actual del municipi. Es detallaran les fraccions que es recullen, el sistema de recollida per a cada una d\u2019aquestes fraccions, aix\u00ed com les quantitats, la conteneritzaci\u00f3, les rutes de recollida, els percentatges de reciclatge, el dest\u00ed, etc. Tamb\u00e9 es realitzar\u00e0 una exhaustiva avaluaci\u00f3 qualitativa i quantitativa d\u2019alternatives. Informaci\u00f3 necess\u00e0ria per a tra\u00e7ar finalment l\u2019estrat\u00e8gia futura de gesti\u00f3 de residus al municipi.<\/p>\n\n\n\n<p>L\u2019opini\u00f3 dels ve\u00efns i ve\u00efnes de Pego tamb\u00e9 ser\u00e0 una part important en el proc\u00e9s de redacci\u00f3 del Pla Local de Residus. El Consistori ha posat en marxa una enquesta online amb un total de 30 preguntes amb les quals es pret\u00e9n recollir la percepci\u00f3 de la ciutadania respecte a la gesti\u00f3 actual dels residus i tamb\u00e9 respecte a les alternatives propostes per a la futura gesti\u00f3.<\/p>\n\n\n\n<p>Els ve\u00efns i ve\u00efnes de Pego ja poden donar la seua opini\u00f3 en aquesta enquesta, a la qual es pot accedir a trav\u00e9s de la p\u00e0gina web de l\u2019Ajuntament des de hui i durant les pr\u00f2ximes dues setmanes. A m\u00e9s, s\u2019han programat tres jornades de participaci\u00f3 amb el mateix objectiu. La primera d\u2019elles tindr\u00e0 lloc el pr\u00f2xim 29 de mar\u00e7, de 10.30 a 11.30 hores a la Casa de Cultura. Una sessi\u00f3 dirigida a persones majors. El mateix dia, de 15 a 16 hores hi haur\u00e0 un altre encontre amb els empresaris de la zona del pol\u00edgon industrial. Aquesta reuni\u00f3 tindr\u00e0 lloc a la sala de reunions de la Cooperativa Agr\u00edcola. L\u2019endem\u00e0, el 30 de mar\u00e7, es celebrar\u00e0 una tercera jornada pel p\u00fablic en general, de 19 a 20 hores a la Casa de Cultura.<\/p>\n\n\n\n<p>\u201cEs tracta d\u2019un treball necessari per a definir aspectes com els circuits de recollida, l\u2019educaci\u00f3 ambiental com a ferramenta comunicativa, els equips e instal\u00b7laci\u00f3 necess\u00e0ries, aix\u00ed com altres elements relatius a l\u2019adequada organitzaci\u00f3 del servici\u201d, apunta el regidor al capdavant del departament de Residus Urbans, Ricardo Sendra.<\/p>\n\n\n\n<p>El regidor ressalta la import\u00e0ncia del Pla Local de Residus \u201cper a aconseguir establir una regulaci\u00f3 detallada de la gesti\u00f3 dels residus al municipi, tenint en compte les peculiaritats que tenim al nucli urb\u00e0, aix\u00ed com al disseminat\u201d.<\/p>\n\n\n\n<p><\/p>\n\n\n\n<p><\/p>\n\n\n\n<p>Ac\u00ed podeu entrar a l&#8217;enquesta: <a href=\"https:\/\/forms.office.com\/r\/dAK7HUE3V1\" target=\"_blank\" rel=\"noreferrer noopener\">https:\/\/forms.office.com\/r\/dAK7HUE3V1<\/a><\/p>\n\n\n\n<div class=\"wp-block-file\"><a href=\"https:\/\/www.pego.org\/noticies\/wp-content\/uploads\/2022\/03\/PLR-Pego.pdf\">PLR-Pego<\/a><a href=\"https:\/\/www.pego.org\/noticies\/wp-content\/uploads\/2022\/03\/PLR-Pego.pdf\" class=\"wp-block-file__button\" download>Baixa<\/a><\/div>\n","protected":false},"excerpt":{"rendered":"El document, que confeccionar\u00e0 l\u2019empresa Ecosilvo, inclour\u00e0 l\u2019opini\u00f3 dels ve\u00efns i ve\u00efnes que es recollir\u00e0 a trav\u00e9s d\u2019una enquesta online i tres jornades de portes obertes L\u2019Ajuntament de Pego ha iniciat la redacci\u00f3 del Pla Local de Residus, una ferramenta imprescindible per a millorar la gesti\u00f3 de totes les fraccions de residus que es generen&#8230; <a class=\"view-article\" href=\"https:\/\/www.pego.org\/noticies\/2022\/03\/14\/pego-inicia-la-redaccio-del-pla-local-de-residus-per-a-aconseguir-optimitzar-el-servici\/\">Veure Article<\/a>","protected":false},"author":2,"featured_media":0,"comment_status":"closed","ping_status":"open","sticky":false,"template":"","format":"standard","meta":[],"categories":[1],"tags":[],"yoast_head":"<!-- This site is optimized with the Yoast SEO plugin v19.4 - https:\/\/yoast.com\/wordpress\/plugins\/seo\/ -->\n<title>Pego inicia la redacci\u00f3 del Pla Local de Residus per a aconseguir optimitzar el servici - Ajuntament de Pego<\/title>\n<meta name=\"robots\" content=\"index, follow, max-snippet:-1, max-image-preview:large, max-video-preview:-1\" \/>\n<link rel=\"canonical\" href=\"https:\/\/www.pego.org\/noticies\/2022\/03\/14\/pego-inicia-la-redaccio-del-pla-local-de-residus-per-a-aconseguir-optimitzar-el-servici\/\" \/>\n<meta property=\"og:locale\" content=\"ca_ES\" \/>\n<meta property=\"og:type\" content=\"article\" \/>\n<meta property=\"og:title\" content=\"Pego inicia la redacci\u00f3 del Pla Local de Residus per a aconseguir optimitzar el servici - Ajuntament de Pego\" \/>\n<meta property=\"og:description\" content=\"El document, que confeccionar\u00e0 l\u2019empresa Ecosilvo, inclour\u00e0 l\u2019opini\u00f3 dels ve\u00efns i ve\u00efnes que es recollir\u00e0 a trav\u00e9s d\u2019una enquesta online i tres jornades de portes obertes L\u2019Ajuntament de Pego ha iniciat la redacci\u00f3 del Pla Local de Residus, una ferramenta imprescindible per a millorar la gesti\u00f3 de totes les fraccions de residus que es generen... Veure Article\" \/>\n<meta property=\"og:url\" content=\"https:\/\/www.pego.org\/noticies\/2022\/03\/14\/pego-inicia-la-redaccio-del-pla-local-de-residus-per-a-aconseguir-optimitzar-el-servici\/\" \/>\n<meta property=\"og:site_name\" content=\"Ajuntament de Pego\" \/>\n<meta property=\"article:publisher\" content=\"https:\/\/www.facebook.com\/ajuntament.de.pego\/\" \/>\n<meta property=\"article:published_time\" content=\"2022-03-14T12:40:53+00:00\" \/>\n<meta property=\"article:modified_time\" content=\"2022-03-14T12:40:56+00:00\" \/>\n<meta property=\"og:image\" content=\"https:\/\/www.pego.org\/noticies\/wp-content\/uploads\/2022\/03\/Operaris-netejant-els-contenidors-a-la-Placa-de-lAjuntament-700x525.jpg\" \/>\n<meta name=\"author\" content=\"Bernat Ortola\" \/>\n<meta name=\"twitter:card\" content=\"summary_large_image\" \/>\n<meta name=\"twitter:creator\" content=\"@ajupego\" \/>\n<meta name=\"twitter:site\" content=\"@ajupego\" \/>\n<meta name=\"twitter:label1\" content=\"Escrit per\" \/>\n\t<meta name=\"twitter:data1\" content=\"Bernat Ortola\" \/>\n\t<meta name=\"twitter:label2\" content=\"Temps estimat de lectura\" \/>\n\t<meta name=\"twitter:data2\" content=\"3 minuts\" \/>\n<script type=\"application\/ld+json\" class=\"yoast-schema-graph\">{\"@context\":\"https:\/\/schema.org\",\"@graph\":[{\"@type\":\"WebSite\",\"@id\":\"http:\/\/www.pego.org\/noticies\/#website\",\"url\":\"http:\/\/www.pego.org\/noticies\/\",\"name\":\"Ajuntament de Pego\",\"description\":\"\",\"potentialAction\":[{\"@type\":\"SearchAction\",\"target\":{\"@type\":\"EntryPoint\",\"urlTemplate\":\"http:\/\/www.pego.org\/noticies\/?s={search_term_string}\"},\"query-input\":\"required name=search_term_string\"}],\"inLanguage\":\"ca\"},{\"@type\":\"WebPage\",\"@id\":\"https:\/\/www.pego.org\/noticies\/2022\/03\/14\/pego-inicia-la-redaccio-del-pla-local-de-residus-per-a-aconseguir-optimitzar-el-servici\/\",\"url\":\"https:\/\/www.pego.org\/noticies\/2022\/03\/14\/pego-inicia-la-redaccio-del-pla-local-de-residus-per-a-aconseguir-optimitzar-el-servici\/\",\"name\":\"Pego inicia la redacci\u00f3 del Pla Local de Residus per a aconseguir optimitzar el servici - Ajuntament de Pego\",\"isPartOf\":{\"@id\":\"http:\/\/www.pego.org\/noticies\/#website\"},\"datePublished\":\"2022-03-14T12:40:53+00:00\",\"dateModified\":\"2022-03-14T12:40:56+00:00\",\"author\":{\"@id\":\"http:\/\/www.pego.org\/noticies\/#\/schema\/person\/4326dac4f13188e6a8a1984f5eb1e0e6\"},\"breadcrumb\":{\"@id\":\"https:\/\/www.pego.org\/noticies\/2022\/03\/14\/pego-inicia-la-redaccio-del-pla-local-de-residus-per-a-aconseguir-optimitzar-el-servici\/#breadcrumb\"},\"inLanguage\":\"ca\",\"potentialAction\":[{\"@type\":\"ReadAction\",\"target\":[\"https:\/\/www.pego.org\/noticies\/2022\/03\/14\/pego-inicia-la-redaccio-del-pla-local-de-residus-per-a-aconseguir-optimitzar-el-servici\/\"]}]},{\"@type\":\"BreadcrumbList\",\"@id\":\"https:\/\/www.pego.org\/noticies\/2022\/03\/14\/pego-inicia-la-redaccio-del-pla-local-de-residus-per-a-aconseguir-optimitzar-el-servici\/#breadcrumb\",\"itemListElement\":[{\"@type\":\"ListItem\",\"position\":1,\"name\":\"Inici\",\"item\":\"http:\/\/www.pego.org\/noticies\/\"},{\"@type\":\"ListItem\",\"position\":2,\"name\":\"Pego inicia la redacci\u00f3 del Pla Local de Residus per a aconseguir optimitzar el servici\"}]},{\"@type\":\"Person\",\"@id\":\"http:\/\/www.pego.org\/noticies\/#\/schema\/person\/4326dac4f13188e6a8a1984f5eb1e0e6\",\"name\":\"Bernat Ortola\",\"image\":{\"@type\":\"ImageObject\",\"inLanguage\":\"ca\",\"@id\":\"http:\/\/www.pego.org\/noticies\/#\/schema\/person\/image\/\",\"url\":\"https:\/\/secure.gravatar.com\/avatar\/75560795a8de75338a850c3d759f927c?s=96&d=mm&r=g\",\"contentUrl\":\"https:\/\/secure.gravatar.com\/avatar\/75560795a8de75338a850c3d759f927c?s=96&d=mm&r=g\",\"caption\":\"Bernat Ortola\"}}]}<\/script>\n<!-- \/ Yoast SEO plugin. -->","yoast_head_json":{"title":"Pego inicia la redacci\u00f3 del Pla Local de Residus per a aconseguir optimitzar el servici - Ajuntament de Pego","robots":{"index":"index","follow":"follow","max-snippet":"max-snippet:-1","max-image-preview":"max-image-preview:large","max-video-preview":"max-video-preview:-1"},"canonical":"https:\/\/www.pego.org\/noticies\/2022\/03\/14\/pego-inicia-la-redaccio-del-pla-local-de-residus-per-a-aconseguir-optimitzar-el-servici\/","og_locale":"ca_ES","og_type":"article","og_title":"Pego inicia la redacci\u00f3 del Pla Local de Residus per a aconseguir optimitzar el servici - Ajuntament de Pego","og_description":"El document, que confeccionar\u00e0 l\u2019empresa Ecosilvo, inclour\u00e0 l\u2019opini\u00f3 dels ve\u00efns i ve\u00efnes que es recollir\u00e0 a trav\u00e9s d\u2019una enquesta online i tres jornades de portes obertes L\u2019Ajuntament de Pego ha iniciat la redacci\u00f3 del Pla Local de Residus, una ferramenta imprescindible per a millorar la gesti\u00f3 de totes les fraccions de residus que es generen... Veure Article","og_url":"https:\/\/www.pego.org\/noticies\/2022\/03\/14\/pego-inicia-la-redaccio-del-pla-local-de-residus-per-a-aconseguir-optimitzar-el-servici\/","og_site_name":"Ajuntament de Pego","article_publisher":"https:\/\/www.facebook.com\/ajuntament.de.pego\/","article_published_time":"2022-03-14T12:40:53+00:00","article_modified_time":"2022-03-14T12:40:56+00:00","og_image":[{"url":"https:\/\/www.pego.org\/noticies\/wp-content\/uploads\/2022\/03\/Operaris-netejant-els-contenidors-a-la-Placa-de-lAjuntament-700x525.jpg"}],"author":"Bernat Ortola","twitter_card":"summary_large_image","twitter_creator":"@ajupego","twitter_site":"@ajupego","twitter_misc":{"Escrit per":"Bernat Ortola","Temps estimat de lectura":"3 minuts"},"schema":{"@context":"https:\/\/schema.org","@graph":[{"@type":"WebSite","@id":"http:\/\/www.pego.org\/noticies\/#website","url":"http:\/\/www.pego.org\/noticies\/","name":"Ajuntament de Pego","description":"","potentialAction":[{"@type":"SearchAction","target":{"@type":"EntryPoint","urlTemplate":"http:\/\/www.pego.org\/noticies\/?s={search_term_string}"},"query-input":"required name=search_term_string"}],"inLanguage":"ca"},{"@type":"WebPage","@id":"https:\/\/www.pego.org\/noticies\/2022\/03\/14\/pego-inicia-la-redaccio-del-pla-local-de-residus-per-a-aconseguir-optimitzar-el-servici\/","url":"https:\/\/www.pego.org\/noticies\/2022\/03\/14\/pego-inicia-la-redaccio-del-pla-local-de-residus-per-a-aconseguir-optimitzar-el-servici\/","name":"Pego inicia la redacci\u00f3 del Pla Local de Residus per a aconseguir optimitzar el servici - Ajuntament de Pego","isPartOf":{"@id":"http:\/\/www.pego.org\/noticies\/#website"},"datePublished":"2022-03-14T12:40:53+00:00","dateModified":"2022-03-14T12:40:56+00:00","author":{"@id":"http:\/\/www.pego.org\/noticies\/#\/schema\/person\/4326dac4f13188e6a8a1984f5eb1e0e6"},"breadcrumb":{"@id":"https:\/\/www.pego.org\/noticies\/2022\/03\/14\/pego-inicia-la-redaccio-del-pla-local-de-residus-per-a-aconseguir-optimitzar-el-servici\/#breadcrumb"},"inLanguage":"ca","potentialAction":[{"@type":"ReadAction","target":["https:\/\/www.pego.org\/noticies\/2022\/03\/14\/pego-inicia-la-redaccio-del-pla-local-de-residus-per-a-aconseguir-optimitzar-el-servici\/"]}]},{"@type":"BreadcrumbList","@id":"https:\/\/www.pego.org\/noticies\/2022\/03\/14\/pego-inicia-la-redaccio-del-pla-local-de-residus-per-a-aconseguir-optimitzar-el-servici\/#breadcrumb","itemListElement":[{"@type":"ListItem","position":1,"name":"Inici","item":"http:\/\/www.pego.org\/noticies\/"},{"@type":"ListItem","position":2,"name":"Pego inicia la redacci\u00f3 del Pla Local de Residus per a aconseguir optimitzar el servici"}]},{"@type":"Person","@id":"http:\/\/www.pego.org\/noticies\/#\/schema\/person\/4326dac4f13188e6a8a1984f5eb1e0e6","name":"Bernat Ortola","image":{"@type":"ImageObject","inLanguage":"ca","@id":"http:\/\/www.pego.org\/noticies\/#\/schema\/person\/image\/","url":"https:\/\/secure.gravatar.com\/avatar\/75560795a8de75338a850c3d759f927c?s=96&d=mm&r=g","contentUrl":"https:\/\/secure.gravatar.com\/avatar\/75560795a8de75338a850c3d759f927c?s=96&d=mm&r=g","caption":"Bernat Ortola"}}]}},"_links":{"self":[{"href":"https:\/\/www.pego.org\/noticies\/wp-json\/wp\/v2\/posts\/859"}],"collection":[{"href":"https:\/\/www.pego.org\/noticies\/wp-json\/wp\/v2\/posts"}],"about":[{"href":"https:\/\/www.pego.org\/noticies\/wp-json\/wp\/v2\/types\/post"}],"author":[{"embeddable":true,"href":"https:\/\/www.pego.org\/noticies\/wp-json\/wp\/v2\/users\/2"}],"replies":[{"embeddable":true,"href":"https:\/\/www.pego.org\/noticies\/wp-json\/wp\/v2\/comments?post=859"}],"version-history":[{"count":1,"href":"https:\/\/www.pego.org\/noticies\/wp-json\/wp\/v2\/posts\/859\/revisions"}],"predecessor-version":[{"id":862,"href":"https:\/\/www.pego.org\/noticies\/wp-json\/wp\/v2\/posts\/859\/revisions\/862"}],"wp:attachment":[{"href":"https:\/\/www.pego.org\/noticies\/wp-json\/wp\/v2\/media?parent=859"}],"wp:term":[{"taxonomy":"category","embeddable":true,"href":"https:\/\/www.pego.org\/noticies\/wp-json\/wp\/v2\/categories?post=859"},{"taxonomy":"post_tag","embeddable":true,"href":"https:\/\/www.pego.org\/noticies\/wp-json\/wp\/v2\/tags?post=859"}],"curies":[{"name":"wp","href":"https:\/\/api.w.org\/{rel}","templated":true}]}}