{"id":880,"date":"2022-03-15T12:46:31","date_gmt":"2022-03-15T10:46:31","guid":{"rendered":"https:\/\/www.pego.org\/noticies\/?p=880"},"modified":"2022-04-13T09:42:09","modified_gmt":"2022-04-13T07:42:09","slug":"informacion-publica-de-la-version-final-de-la-modificacion-del-plan-parcial-de-ordenacion-del-sector-calvari-ii-de-pego","status":"publish","type":"post","link":"https:\/\/www.pego.org\/noticies\/2022\/03\/15\/informacion-publica-de-la-version-final-de-la-modificacion-del-plan-parcial-de-ordenacion-del-sector-calvari-ii-de-pego\/","title":{"rendered":"Informaci\u00f3n p\u00fablica de la versi\u00f3n final de la modificaci\u00f3n del Plan parcial de ordenaci\u00f3n del sector &#8220;Calvari II&#8221;, de Pego"},"content":{"rendered":"\n<p><strong>Expediente 1403\/2021<\/strong><\/p>\n\n\n\n<p>En cumplimiento de lo dispuesto en el <strong><em>Acuerdo de 10 de marzo de 2022, de la Junta de Gobierno Local<\/em><\/strong>, y en el art\u00edculo 57 de la<em> Ley 5\/2014, de 25 de julio, de la Generalitat, de ordenaci\u00f3n del territorio, urbanismo y paisaje <\/em>(LOTUP; hoy art\u00edculo 61 del Decreto Legislativo 1\/2021, de 18 de junio, del Consell de aprobaci\u00f3n del texto refundido de la Ley de ordenaci\u00f3n del territorio, urbanismo y paisaje, TRLOTUP), se somete a informaci\u00f3n p\u00fablica la versi\u00f3n final de la modificaci\u00f3n del Plan parcial de ordenaci\u00f3n del sector \u00abCalvari II\u00bb, junto con el informe ambiental y territorial estrat\u00e9gico, durante 45 d\u00edas h\u00e1biles, a contar desde el d\u00eda siguiente a su publicaci\u00f3n en el DOGV.<\/p>\n\n\n\n<p>La documentaci\u00f3n sometida a informaci\u00f3n p\u00fablica se hallar\u00e1 tambi\u00e9n a disposici\u00f3n del p\u00fablico, durante el plazo indicado, en las dependencias municipales del \u00c1rea de Urbanismo del Ayuntamiento de Pego, sitas en la Pla\u00e7a de l\u2019Ajuntament, 1, de Pego, de lunes a viernes, de 11.00 a 13.30 horas, a los efectos de que las personas que se consideren afectadas puedan examinarla y formular las alegaciones, sugerencias y observaciones que estimen pertinentes.<\/p>\n\n\n\n<p>    <\/p>\n\n\n\n<p>   <\/p>\n\n\n\n<div class=\"wp-block-file\"><a href=\"https:\/\/www.pego.org\/noticies\/wp-content\/uploads\/2022\/03\/01-IATE-Decreto-Alcaldia-2.pdf\">IATE Decreto Alcald\u00eda<\/a><a href=\"https:\/\/www.pego.org\/noticies\/wp-content\/uploads\/2022\/03\/01-IATE-Decreto-Alcaldia-2.pdf\" class=\"wp-block-file__button\" download>Baixa<\/a><\/div>\n\n\n\n<div class=\"wp-block-file\"><a href=\"https:\/\/www.pego.org\/noticies\/wp-content\/uploads\/2022\/03\/02-Informe-STU-Alicante-1.pdf\">Informe STU Alicante<\/a><a href=\"https:\/\/www.pego.org\/noticies\/wp-content\/uploads\/2022\/03\/02-Informe-STU-Alicante-1.pdf\" class=\"wp-block-file__button\" download>Baixa<\/a><\/div>\n\n\n\n<div class=\"wp-block-file\"><a href=\"https:\/\/www.pego.org\/noticies\/wp-content\/uploads\/2022\/03\/03-IATE-DOGV-17-11-2021-1.pdf\">IATE DOGV 17-11-2021<\/a><a href=\"https:\/\/www.pego.org\/noticies\/wp-content\/uploads\/2022\/03\/03-IATE-DOGV-17-11-2021-1.pdf\" class=\"wp-block-file__button\" download>Baixa<\/a><\/div>\n\n\n\n<div class=\"wp-block-file\"><a href=\"https:\/\/www.pego.org\/noticies\/wp-content\/uploads\/2022\/03\/04-Acuerdo-JGL-10-3-2022-Certificado-1.pdf\">Acuerdo JGL 10-3-2022 Certificado<\/a><a href=\"https:\/\/www.pego.org\/noticies\/wp-content\/uploads\/2022\/03\/04-Acuerdo-JGL-10-3-2022-Certificado-1.pdf\" class=\"wp-block-file__button\" download>Baixa<\/a><\/div>\n\n\n\n<div class=\"wp-block-file\"><a href=\"https:\/\/www.pego.org\/noticies\/wp-content\/uploads\/2022\/03\/01-Modificado-Plan-Parcial-Calvari-II_Memoria.pdf\">Modificado Plan Parcial Calvari II. Memoria<\/a><a href=\"https:\/\/www.pego.org\/noticies\/wp-content\/uploads\/2022\/03\/01-Modificado-Plan-Parcial-Calvari-II_Memoria.pdf\" class=\"wp-block-file__button\" download>Baixa<\/a><\/div>\n\n\n\n<div class=\"wp-block-file\"><a href=\"https:\/\/www.pego.org\/noticies\/wp-content\/uploads\/2022\/03\/02-Modificado-Plan-Parcial-Calvari-II-Planos-de-Informacion.pdf\">Modificado Plan Parcial Calvari II. Planos de Informaci\u00f3n<\/a><a href=\"https:\/\/www.pego.org\/noticies\/wp-content\/uploads\/2022\/03\/02-Modificado-Plan-Parcial-Calvari-II-Planos-de-Informacion.pdf\" class=\"wp-block-file__button\" download>Baixa<\/a><\/div>\n\n\n\n<div class=\"wp-block-file\"><a href=\"https:\/\/www.pego.org\/noticies\/wp-content\/uploads\/2022\/03\/03-Modificado-Plan-Parcial-Calvari-II-Planos-de-Ordenacion.pdf\">Modificado Plan Parcial Calvari II. Planos de Ordenaci\u00f3n<\/a><a href=\"https:\/\/www.pego.org\/noticies\/wp-content\/uploads\/2022\/03\/03-Modificado-Plan-Parcial-Calvari-II-Planos-de-Ordenacion.pdf\" class=\"wp-block-file__button\" download>Baixa<\/a><\/div>\n\n\n\n<div class=\"wp-block-file\"><a href=\"https:\/\/www.pego.org\/noticies\/wp-content\/uploads\/2022\/03\/04-Modificado-Plan-Parcial-Calvari-II_Ficha-de-datos-segun-D-74-2016.pdf\">Modificado Plan Parcial Calvari II. Ficha de datos seg\u00fan D-74-2016<\/a><a href=\"https:\/\/www.pego.org\/noticies\/wp-content\/uploads\/2022\/03\/04-Modificado-Plan-Parcial-Calvari-II_Ficha-de-datos-segun-D-74-2016.pdf\" class=\"wp-block-file__button\" download>Baixa<\/a><\/div>\n\n\n\n<div class=\"wp-block-file\"><a href=\"https:\/\/www.pego.org\/noticies\/wp-content\/uploads\/2022\/03\/05-Modificado-Plan-Parcial-Calvari-II_Estudio-Integracion-Paisajistica.pdf\">Modificado Plan Parcial Calvari II. Estudio Integraci\u00f3n Paisaj\u00edstica<\/a><a href=\"https:\/\/www.pego.org\/noticies\/wp-content\/uploads\/2022\/03\/05-Modificado-Plan-Parcial-Calvari-II_Estudio-Integracion-Paisajistica.pdf\" class=\"wp-block-file__button\" download>Baixa<\/a><\/div>\n\n\n\n<div class=\"wp-block-file\"><a href=\"https:\/\/www.pego.org\/noticies\/wp-content\/uploads\/2022\/03\/06-Modificado-Plan-Parcial-Calvari-II_Estudio-de-trafico.pdf\">Modificado Plan Parcial Calvari II. Estudio de tr\u00e1fico<\/a><a href=\"https:\/\/www.pego.org\/noticies\/wp-content\/uploads\/2022\/03\/06-Modificado-Plan-Parcial-Calvari-II_Estudio-de-trafico.pdf\" class=\"wp-block-file__button\" download>Baixa<\/a><\/div>\n\n\n\n<div class=\"wp-block-file\"><a href=\"https:\/\/www.pego.org\/noticies\/wp-content\/uploads\/2022\/03\/07-Modificado-Plan-Parcial-Calvari-II_Informe-sobre-impacto-de-genero.pdf\">Modificado Plan Parcial Calvari II. Informe sobre impacto de g\u00e9nero<\/a><a href=\"https:\/\/www.pego.org\/noticies\/wp-content\/uploads\/2022\/03\/07-Modificado-Plan-Parcial-Calvari-II_Informe-sobre-impacto-de-genero.pdf\" class=\"wp-block-file__button\" download>Baixa<\/a><\/div>\n\n\n\n<div class=\"wp-block-file\"><a href=\"https:\/\/www.pego.org\/noticies\/wp-content\/uploads\/2022\/03\/Edicte.pdf\">Edicte<\/a><a href=\"https:\/\/www.pego.org\/noticies\/wp-content\/uploads\/2022\/03\/Edicte.pdf\" class=\"wp-block-file__button\" download>Baixa<\/a><\/div>\n\n\n\n<div class=\"wp-block-file\"><a href=\"https:\/\/www.pego.org\/noticies\/wp-content\/uploads\/2022\/03\/Edicto.pdf\">Edicto<\/a><a href=\"https:\/\/www.pego.org\/noticies\/wp-content\/uploads\/2022\/03\/Edicto.pdf\" class=\"wp-block-file__button\" download>Baixa<\/a><\/div>\n\n\n\n<div class=\"wp-block-file\"><a href=\"https:\/\/www.pego.org\/noticies\/wp-content\/uploads\/2022\/03\/Anuncio-Las-Provincias-25-3-2022.pdf\">Anuncio-Las-Provincias-25-3-2022<\/a><a href=\"https:\/\/www.pego.org\/noticies\/wp-content\/uploads\/2022\/03\/Anuncio-Las-Provincias-25-3-2022.pdf\" class=\"wp-block-file__button\" download>Baixa<\/a><\/div>\n\n\n\n<div class=\"wp-block-file\"><a href=\"https:\/\/www.pego.org\/noticies\/wp-content\/uploads\/2022\/04\/Publicacio-DOGV-9319-13.04.2022.pdf\">Publicacio-DOGV-9319-13.04.2022<\/a><a href=\"https:\/\/www.pego.org\/noticies\/wp-content\/uploads\/2022\/04\/Publicacio-DOGV-9319-13.04.2022.pdf\" class=\"wp-block-file__button\" download>Baixa<\/a><\/div>\n","protected":false},"excerpt":{"rendered":"Expediente 1403\/2021 En cumplimiento de lo dispuesto en el Acuerdo de 10 de marzo de 2022, de la Junta de Gobierno Local, y en el art\u00edculo 57 de la Ley 5\/2014, de 25 de julio, de la Generalitat, de ordenaci\u00f3n del territorio, urbanismo y paisaje (LOTUP; hoy art\u00edculo 61 del Decreto Legislativo 1\/2021, de 18&#8230; <a class=\"view-article\" href=\"https:\/\/www.pego.org\/noticies\/2022\/03\/15\/informacion-publica-de-la-version-final-de-la-modificacion-del-plan-parcial-de-ordenacion-del-sector-calvari-ii-de-pego\/\">Veure Article<\/a>","protected":false},"author":2,"featured_media":0,"comment_status":"closed","ping_status":"open","sticky":false,"template":"","format":"standard","meta":[],"categories":[1],"tags":[],"yoast_head":"<!-- This site is optimized with the Yoast SEO plugin v19.4 - https:\/\/yoast.com\/wordpress\/plugins\/seo\/ -->\n<title>Informaci\u00f3n p\u00fablica de la versi\u00f3n final de la modificaci\u00f3n del Plan parcial de ordenaci\u00f3n del sector &quot;Calvari II&quot;, de Pego - Ajuntament de Pego<\/title>\n<meta name=\"robots\" content=\"index, follow, max-snippet:-1, max-image-preview:large, max-video-preview:-1\" \/>\n<link rel=\"canonical\" href=\"https:\/\/www.pego.org\/noticies\/2022\/03\/15\/informacion-publica-de-la-version-final-de-la-modificacion-del-plan-parcial-de-ordenacion-del-sector-calvari-ii-de-pego\/\" \/>\n<meta property=\"og:locale\" content=\"ca_ES\" \/>\n<meta property=\"og:type\" content=\"article\" \/>\n<meta property=\"og:title\" content=\"Informaci\u00f3n p\u00fablica de la versi\u00f3n final de la modificaci\u00f3n del Plan parcial de ordenaci\u00f3n del sector &quot;Calvari II&quot;, de Pego - Ajuntament de Pego\" \/>\n<meta property=\"og:description\" content=\"Expediente 1403\/2021 En cumplimiento de lo dispuesto en el Acuerdo de 10 de marzo de 2022, de la Junta de Gobierno Local, y en el art\u00edculo 57 de la Ley 5\/2014, de 25 de julio, de la Generalitat, de ordenaci\u00f3n del territorio, urbanismo y paisaje (LOTUP; hoy art\u00edculo 61 del Decreto Legislativo 1\/2021, de 18... Veure Article\" \/>\n<meta property=\"og:url\" content=\"https:\/\/www.pego.org\/noticies\/2022\/03\/15\/informacion-publica-de-la-version-final-de-la-modificacion-del-plan-parcial-de-ordenacion-del-sector-calvari-ii-de-pego\/\" \/>\n<meta property=\"og:site_name\" content=\"Ajuntament de Pego\" \/>\n<meta property=\"article:publisher\" content=\"https:\/\/www.facebook.com\/ajuntament.de.pego\/\" \/>\n<meta property=\"article:published_time\" content=\"2022-03-15T10:46:31+00:00\" \/>\n<meta property=\"article:modified_time\" content=\"2022-04-13T07:42:09+00:00\" \/>\n<meta name=\"author\" content=\"Bernat Ortola\" \/>\n<meta name=\"twitter:card\" content=\"summary_large_image\" \/>\n<meta name=\"twitter:creator\" content=\"@ajupego\" \/>\n<meta name=\"twitter:site\" content=\"@ajupego\" \/>\n<meta name=\"twitter:label1\" content=\"Escrit per\" \/>\n\t<meta name=\"twitter:data1\" content=\"Bernat Ortola\" \/>\n\t<meta name=\"twitter:label2\" content=\"Temps estimat de lectura\" \/>\n\t<meta name=\"twitter:data2\" content=\"2 minuts\" \/>\n<script type=\"application\/ld+json\" class=\"yoast-schema-graph\">{\"@context\":\"https:\/\/schema.org\",\"@graph\":[{\"@type\":\"WebSite\",\"@id\":\"http:\/\/www.pego.org\/noticies\/#website\",\"url\":\"http:\/\/www.pego.org\/noticies\/\",\"name\":\"Ajuntament de Pego\",\"description\":\"\",\"potentialAction\":[{\"@type\":\"SearchAction\",\"target\":{\"@type\":\"EntryPoint\",\"urlTemplate\":\"http:\/\/www.pego.org\/noticies\/?s={search_term_string}\"},\"query-input\":\"required name=search_term_string\"}],\"inLanguage\":\"ca\"},{\"@type\":\"WebPage\",\"@id\":\"https:\/\/www.pego.org\/noticies\/2022\/03\/15\/informacion-publica-de-la-version-final-de-la-modificacion-del-plan-parcial-de-ordenacion-del-sector-calvari-ii-de-pego\/\",\"url\":\"https:\/\/www.pego.org\/noticies\/2022\/03\/15\/informacion-publica-de-la-version-final-de-la-modificacion-del-plan-parcial-de-ordenacion-del-sector-calvari-ii-de-pego\/\",\"name\":\"Informaci\u00f3n p\u00fablica de la versi\u00f3n final de la modificaci\u00f3n del Plan parcial de ordenaci\u00f3n del sector \\\"Calvari II\\\", de Pego - Ajuntament de Pego\",\"isPartOf\":{\"@id\":\"http:\/\/www.pego.org\/noticies\/#website\"},\"datePublished\":\"2022-03-15T10:46:31+00:00\",\"dateModified\":\"2022-04-13T07:42:09+00:00\",\"author\":{\"@id\":\"http:\/\/www.pego.org\/noticies\/#\/schema\/person\/4326dac4f13188e6a8a1984f5eb1e0e6\"},\"breadcrumb\":{\"@id\":\"https:\/\/www.pego.org\/noticies\/2022\/03\/15\/informacion-publica-de-la-version-final-de-la-modificacion-del-plan-parcial-de-ordenacion-del-sector-calvari-ii-de-pego\/#breadcrumb\"},\"inLanguage\":\"ca\",\"potentialAction\":[{\"@type\":\"ReadAction\",\"target\":[\"https:\/\/www.pego.org\/noticies\/2022\/03\/15\/informacion-publica-de-la-version-final-de-la-modificacion-del-plan-parcial-de-ordenacion-del-sector-calvari-ii-de-pego\/\"]}]},{\"@type\":\"BreadcrumbList\",\"@id\":\"https:\/\/www.pego.org\/noticies\/2022\/03\/15\/informacion-publica-de-la-version-final-de-la-modificacion-del-plan-parcial-de-ordenacion-del-sector-calvari-ii-de-pego\/#breadcrumb\",\"itemListElement\":[{\"@type\":\"ListItem\",\"position\":1,\"name\":\"Inici\",\"item\":\"http:\/\/www.pego.org\/noticies\/\"},{\"@type\":\"ListItem\",\"position\":2,\"name\":\"Informaci\u00f3n p\u00fablica de la versi\u00f3n final de la modificaci\u00f3n del Plan parcial de ordenaci\u00f3n del sector &#8220;Calvari II&#8221;, de Pego\"}]},{\"@type\":\"Person\",\"@id\":\"http:\/\/www.pego.org\/noticies\/#\/schema\/person\/4326dac4f13188e6a8a1984f5eb1e0e6\",\"name\":\"Bernat Ortola\",\"image\":{\"@type\":\"ImageObject\",\"inLanguage\":\"ca\",\"@id\":\"http:\/\/www.pego.org\/noticies\/#\/schema\/person\/image\/\",\"url\":\"https:\/\/secure.gravatar.com\/avatar\/75560795a8de75338a850c3d759f927c?s=96&d=mm&r=g\",\"contentUrl\":\"https:\/\/secure.gravatar.com\/avatar\/75560795a8de75338a850c3d759f927c?s=96&d=mm&r=g\",\"caption\":\"Bernat Ortola\"}}]}<\/script>\n<!-- \/ Yoast SEO plugin. -->","yoast_head_json":{"title":"Informaci\u00f3n p\u00fablica de la versi\u00f3n final de la modificaci\u00f3n del Plan parcial de ordenaci\u00f3n del sector \"Calvari II\", de Pego - Ajuntament de Pego","robots":{"index":"index","follow":"follow","max-snippet":"max-snippet:-1","max-image-preview":"max-image-preview:large","max-video-preview":"max-video-preview:-1"},"canonical":"https:\/\/www.pego.org\/noticies\/2022\/03\/15\/informacion-publica-de-la-version-final-de-la-modificacion-del-plan-parcial-de-ordenacion-del-sector-calvari-ii-de-pego\/","og_locale":"ca_ES","og_type":"article","og_title":"Informaci\u00f3n p\u00fablica de la versi\u00f3n final de la modificaci\u00f3n del Plan parcial de ordenaci\u00f3n del sector \"Calvari II\", de Pego - Ajuntament de Pego","og_description":"Expediente 1403\/2021 En cumplimiento de lo dispuesto en el Acuerdo de 10 de marzo de 2022, de la Junta de Gobierno Local, y en el art\u00edculo 57 de la Ley 5\/2014, de 25 de julio, de la Generalitat, de ordenaci\u00f3n del territorio, urbanismo y paisaje (LOTUP; hoy art\u00edculo 61 del Decreto Legislativo 1\/2021, de 18... Veure Article","og_url":"https:\/\/www.pego.org\/noticies\/2022\/03\/15\/informacion-publica-de-la-version-final-de-la-modificacion-del-plan-parcial-de-ordenacion-del-sector-calvari-ii-de-pego\/","og_site_name":"Ajuntament de Pego","article_publisher":"https:\/\/www.facebook.com\/ajuntament.de.pego\/","article_published_time":"2022-03-15T10:46:31+00:00","article_modified_time":"2022-04-13T07:42:09+00:00","author":"Bernat Ortola","twitter_card":"summary_large_image","twitter_creator":"@ajupego","twitter_site":"@ajupego","twitter_misc":{"Escrit per":"Bernat Ortola","Temps estimat de lectura":"2 minuts"},"schema":{"@context":"https:\/\/schema.org","@graph":[{"@type":"WebSite","@id":"http:\/\/www.pego.org\/noticies\/#website","url":"http:\/\/www.pego.org\/noticies\/","name":"Ajuntament de Pego","description":"","potentialAction":[{"@type":"SearchAction","target":{"@type":"EntryPoint","urlTemplate":"http:\/\/www.pego.org\/noticies\/?s={search_term_string}"},"query-input":"required name=search_term_string"}],"inLanguage":"ca"},{"@type":"WebPage","@id":"https:\/\/www.pego.org\/noticies\/2022\/03\/15\/informacion-publica-de-la-version-final-de-la-modificacion-del-plan-parcial-de-ordenacion-del-sector-calvari-ii-de-pego\/","url":"https:\/\/www.pego.org\/noticies\/2022\/03\/15\/informacion-publica-de-la-version-final-de-la-modificacion-del-plan-parcial-de-ordenacion-del-sector-calvari-ii-de-pego\/","name":"Informaci\u00f3n p\u00fablica de la versi\u00f3n final de la modificaci\u00f3n del Plan parcial de ordenaci\u00f3n del sector \"Calvari II\", de Pego - Ajuntament de Pego","isPartOf":{"@id":"http:\/\/www.pego.org\/noticies\/#website"},"datePublished":"2022-03-15T10:46:31+00:00","dateModified":"2022-04-13T07:42:09+00:00","author":{"@id":"http:\/\/www.pego.org\/noticies\/#\/schema\/person\/4326dac4f13188e6a8a1984f5eb1e0e6"},"breadcrumb":{"@id":"https:\/\/www.pego.org\/noticies\/2022\/03\/15\/informacion-publica-de-la-version-final-de-la-modificacion-del-plan-parcial-de-ordenacion-del-sector-calvari-ii-de-pego\/#breadcrumb"},"inLanguage":"ca","potentialAction":[{"@type":"ReadAction","target":["https:\/\/www.pego.org\/noticies\/2022\/03\/15\/informacion-publica-de-la-version-final-de-la-modificacion-del-plan-parcial-de-ordenacion-del-sector-calvari-ii-de-pego\/"]}]},{"@type":"BreadcrumbList","@id":"https:\/\/www.pego.org\/noticies\/2022\/03\/15\/informacion-publica-de-la-version-final-de-la-modificacion-del-plan-parcial-de-ordenacion-del-sector-calvari-ii-de-pego\/#breadcrumb","itemListElement":[{"@type":"ListItem","position":1,"name":"Inici","item":"http:\/\/www.pego.org\/noticies\/"},{"@type":"ListItem","position":2,"name":"Informaci\u00f3n p\u00fablica de la versi\u00f3n final de la modificaci\u00f3n del Plan parcial de ordenaci\u00f3n del sector &#8220;Calvari II&#8221;, de Pego"}]},{"@type":"Person","@id":"http:\/\/www.pego.org\/noticies\/#\/schema\/person\/4326dac4f13188e6a8a1984f5eb1e0e6","name":"Bernat Ortola","image":{"@type":"ImageObject","inLanguage":"ca","@id":"http:\/\/www.pego.org\/noticies\/#\/schema\/person\/image\/","url":"https:\/\/secure.gravatar.com\/avatar\/75560795a8de75338a850c3d759f927c?s=96&d=mm&r=g","contentUrl":"https:\/\/secure.gravatar.com\/avatar\/75560795a8de75338a850c3d759f927c?s=96&d=mm&r=g","caption":"Bernat Ortola"}}]}},"_links":{"self":[{"href":"https:\/\/www.pego.org\/noticies\/wp-json\/wp\/v2\/posts\/880"}],"collection":[{"href":"https:\/\/www.pego.org\/noticies\/wp-json\/wp\/v2\/posts"}],"about":[{"href":"https:\/\/www.pego.org\/noticies\/wp-json\/wp\/v2\/types\/post"}],"author":[{"embeddable":true,"href":"https:\/\/www.pego.org\/noticies\/wp-json\/wp\/v2\/users\/2"}],"replies":[{"embeddable":true,"href":"https:\/\/www.pego.org\/noticies\/wp-json\/wp\/v2\/comments?post=880"}],"version-history":[{"count":8,"href":"https:\/\/www.pego.org\/noticies\/wp-json\/wp\/v2\/posts\/880\/revisions"}],"predecessor-version":[{"id":952,"href":"https:\/\/www.pego.org\/noticies\/wp-json\/wp\/v2\/posts\/880\/revisions\/952"}],"wp:attachment":[{"href":"https:\/\/www.pego.org\/noticies\/wp-json\/wp\/v2\/media?parent=880"}],"wp:term":[{"taxonomy":"category","embeddable":true,"href":"https:\/\/www.pego.org\/noticies\/wp-json\/wp\/v2\/categories?post=880"},{"taxonomy":"post_tag","embeddable":true,"href":"https:\/\/www.pego.org\/noticies\/wp-json\/wp\/v2\/tags?post=880"}],"curies":[{"name":"wp","href":"https:\/\/api.w.org\/{rel}","templated":true}]}}