{"id":902,"date":"2022-03-16T15:41:18","date_gmt":"2022-03-16T13:41:18","guid":{"rendered":"https:\/\/www.pego.org\/noticies\/?p=902"},"modified":"2022-03-16T15:42:31","modified_gmt":"2022-03-16T13:42:31","slug":"pego-organitza-un-curs-per-a-mostrar-a-les-empreses-locals-el-proces-de-licitacio-publica","status":"publish","type":"post","link":"https:\/\/www.pego.org\/noticies\/2022\/03\/16\/pego-organitza-un-curs-per-a-mostrar-a-les-empreses-locals-el-proces-de-licitacio-publica\/","title":{"rendered":"Pego organitza un curs per a mostrar a les empreses locals el proc\u00e9s de licitaci\u00f3 p\u00fablica"},"content":{"rendered":"\n<p><em><strong>Les classes, a les quals s&#8217;han d&#8217;apuntar amb inscripci\u00f3 pr\u00e8via, s&#8217;impartiran els dies 4, 6, 11 i 20 d&#8217;abril a les instal\u00b7lacions de Creama<\/strong><\/em><\/p>\n\n\n\n<p><\/p>\n\n\n\n<p>L&#8217;Ajuntament de Pego, a trav\u00e9s del departament de Creama Pego, ha organitzat un curs per a aprendre a participar en les licitacions p\u00fabliques de b\u00e9ns i serveis. Es tracta d&#8217;una proposta dirigida, principalment, a totes les xicotetes i mitjanes empreses, \u201cl&#8217;objectiu \u00e9s que els empresaris del poble tinguen l&#8217;oportunitat de con\u00e9ixer com funciona el proc\u00e9s de licitaci\u00f3 p\u00fablica per a fomentar, aix\u00ed, la transpar\u00e8ncia i la concurr\u00e8ncia de les empreses pegolines a les licitacions\u201d, apunta el regidor de Comer\u00e7, Promoci\u00f3 Econ\u00f2mica i Creama, Ricardo Sendra.<\/p>\n\n\n\n<p>La programaci\u00f3 del curs consta de pon\u00e8ncies, debats, an\u00e0lisi i resoluci\u00f3 de diferents casos pr\u00e0ctics. Els docents, a m\u00e9s, aportaran la seua experi\u00e8ncia i facilitaran una \u00e0mplia visi\u00f3 sobre el funcionament del proc\u00e9s de licitaci\u00f3 i la posterior execuci\u00f3 del contracte.<\/p>\n\n\n\n<p>El curs, totalment gratu\u00eft, constar\u00e0 de dotze hores, dividit en quatre sessions de tres hores cadascuna. Tindr\u00e0 lloc els dies 4, 6, 11 i 20 d&#8217;abril de 18 a 21 hores a l&#8217;aula de Creama Pego. Es requereix inscripci\u00f3 pr\u00e8via perqu\u00e8 les places s\u00f3n limitades.<\/p>\n\n\n\n<p>Inscripcions al correu <a href=\"mailto:adl-pego@creama.org\">adl-pego@creama.org<\/a> o al tel\u00e8fon 96 557 12 55<\/p>\n\n\n\n<div class=\"wp-block-image\"><figure class=\"aligncenter size-large\"><img loading=\"lazy\" width=\"700\" height=\"990\" src=\"https:\/\/www.pego.org\/noticies\/wp-content\/uploads\/2022\/03\/Cartell-licitacio\u0301-2022-Pego-700x990.jpg\" alt=\"\" class=\"wp-image-903\" srcset=\"https:\/\/www.pego.org\/noticies\/wp-content\/uploads\/2022\/03\/Cartell-licitacio\u0301-2022-Pego-700x990.jpg 700w, https:\/\/www.pego.org\/noticies\/wp-content\/uploads\/2022\/03\/Cartell-licitacio\u0301-2022-Pego-250x354.jpg 250w, https:\/\/www.pego.org\/noticies\/wp-content\/uploads\/2022\/03\/Cartell-licitacio\u0301-2022-Pego-768x1086.jpg 768w, https:\/\/www.pego.org\/noticies\/wp-content\/uploads\/2022\/03\/Cartell-licitacio\u0301-2022-Pego-1086x1536.jpg 1086w, https:\/\/www.pego.org\/noticies\/wp-content\/uploads\/2022\/03\/Cartell-licitacio\u0301-2022-Pego-1448x2048.jpg 1448w, https:\/\/www.pego.org\/noticies\/wp-content\/uploads\/2022\/03\/Cartell-licitacio\u0301-2022-Pego-120x170.jpg 120w, https:\/\/www.pego.org\/noticies\/wp-content\/uploads\/2022\/03\/Cartell-licitacio\u0301-2022-Pego.jpg 1587w\" sizes=\"(max-width: 700px) 100vw, 700px\" \/><\/figure><\/div>\n","protected":false},"excerpt":{"rendered":"Les classes, a les quals s&#8217;han d&#8217;apuntar amb inscripci\u00f3 pr\u00e8via, s&#8217;impartiran els dies 4, 6, 11 i 20 d&#8217;abril a les instal\u00b7lacions de Creama L&#8217;Ajuntament de Pego, a trav\u00e9s del departament de Creama Pego, ha organitzat un curs per a aprendre a participar en les licitacions p\u00fabliques de b\u00e9ns i serveis. Es tracta d&#8217;una proposta&#8230; <a class=\"view-article\" href=\"https:\/\/www.pego.org\/noticies\/2022\/03\/16\/pego-organitza-un-curs-per-a-mostrar-a-les-empreses-locals-el-proces-de-licitacio-publica\/\">Veure Article<\/a>","protected":false},"author":2,"featured_media":0,"comment_status":"closed","ping_status":"open","sticky":false,"template":"","format":"standard","meta":[],"categories":[1],"tags":[],"yoast_head":"<!-- This site is optimized with the Yoast SEO plugin v19.4 - https:\/\/yoast.com\/wordpress\/plugins\/seo\/ -->\n<title>Pego organitza un curs per a mostrar a les empreses locals el proc\u00e9s de licitaci\u00f3 p\u00fablica - Ajuntament de Pego<\/title>\n<meta name=\"robots\" content=\"index, follow, max-snippet:-1, max-image-preview:large, max-video-preview:-1\" \/>\n<link rel=\"canonical\" href=\"https:\/\/www.pego.org\/noticies\/2022\/03\/16\/pego-organitza-un-curs-per-a-mostrar-a-les-empreses-locals-el-proces-de-licitacio-publica\/\" \/>\n<meta property=\"og:locale\" content=\"ca_ES\" \/>\n<meta property=\"og:type\" content=\"article\" \/>\n<meta property=\"og:title\" content=\"Pego organitza un curs per a mostrar a les empreses locals el proc\u00e9s de licitaci\u00f3 p\u00fablica - Ajuntament de Pego\" \/>\n<meta property=\"og:description\" content=\"Les classes, a les quals s&#8217;han d&#8217;apuntar amb inscripci\u00f3 pr\u00e8via, s&#8217;impartiran els dies 4, 6, 11 i 20 d&#8217;abril a les instal\u00b7lacions de Creama L&#8217;Ajuntament de Pego, a trav\u00e9s del departament de Creama Pego, ha organitzat un curs per a aprendre a participar en les licitacions p\u00fabliques de b\u00e9ns i serveis. Es tracta d&#8217;una proposta... Veure Article\" \/>\n<meta property=\"og:url\" content=\"https:\/\/www.pego.org\/noticies\/2022\/03\/16\/pego-organitza-un-curs-per-a-mostrar-a-les-empreses-locals-el-proces-de-licitacio-publica\/\" \/>\n<meta property=\"og:site_name\" content=\"Ajuntament de Pego\" \/>\n<meta property=\"article:publisher\" content=\"https:\/\/www.facebook.com\/ajuntament.de.pego\/\" \/>\n<meta property=\"article:published_time\" content=\"2022-03-16T13:41:18+00:00\" \/>\n<meta property=\"article:modified_time\" content=\"2022-03-16T13:42:31+00:00\" \/>\n<meta name=\"author\" content=\"Bernat Ortola\" \/>\n<meta name=\"twitter:card\" content=\"summary_large_image\" \/>\n<meta name=\"twitter:creator\" content=\"@ajupego\" \/>\n<meta name=\"twitter:site\" content=\"@ajupego\" \/>\n<meta name=\"twitter:label1\" content=\"Escrit per\" \/>\n\t<meta name=\"twitter:data1\" content=\"Bernat Ortola\" \/>\n\t<meta name=\"twitter:label2\" content=\"Temps estimat de lectura\" \/>\n\t<meta name=\"twitter:data2\" content=\"2 minuts\" \/>\n<script type=\"application\/ld+json\" class=\"yoast-schema-graph\">{\"@context\":\"https:\/\/schema.org\",\"@graph\":[{\"@type\":\"WebSite\",\"@id\":\"http:\/\/www.pego.org\/noticies\/#website\",\"url\":\"http:\/\/www.pego.org\/noticies\/\",\"name\":\"Ajuntament de Pego\",\"description\":\"\",\"potentialAction\":[{\"@type\":\"SearchAction\",\"target\":{\"@type\":\"EntryPoint\",\"urlTemplate\":\"http:\/\/www.pego.org\/noticies\/?s={search_term_string}\"},\"query-input\":\"required name=search_term_string\"}],\"inLanguage\":\"ca\"},{\"@type\":\"WebPage\",\"@id\":\"https:\/\/www.pego.org\/noticies\/2022\/03\/16\/pego-organitza-un-curs-per-a-mostrar-a-les-empreses-locals-el-proces-de-licitacio-publica\/\",\"url\":\"https:\/\/www.pego.org\/noticies\/2022\/03\/16\/pego-organitza-un-curs-per-a-mostrar-a-les-empreses-locals-el-proces-de-licitacio-publica\/\",\"name\":\"Pego organitza un curs per a mostrar a les empreses locals el proc\u00e9s de licitaci\u00f3 p\u00fablica - Ajuntament de Pego\",\"isPartOf\":{\"@id\":\"http:\/\/www.pego.org\/noticies\/#website\"},\"datePublished\":\"2022-03-16T13:41:18+00:00\",\"dateModified\":\"2022-03-16T13:42:31+00:00\",\"author\":{\"@id\":\"http:\/\/www.pego.org\/noticies\/#\/schema\/person\/4326dac4f13188e6a8a1984f5eb1e0e6\"},\"breadcrumb\":{\"@id\":\"https:\/\/www.pego.org\/noticies\/2022\/03\/16\/pego-organitza-un-curs-per-a-mostrar-a-les-empreses-locals-el-proces-de-licitacio-publica\/#breadcrumb\"},\"inLanguage\":\"ca\",\"potentialAction\":[{\"@type\":\"ReadAction\",\"target\":[\"https:\/\/www.pego.org\/noticies\/2022\/03\/16\/pego-organitza-un-curs-per-a-mostrar-a-les-empreses-locals-el-proces-de-licitacio-publica\/\"]}]},{\"@type\":\"BreadcrumbList\",\"@id\":\"https:\/\/www.pego.org\/noticies\/2022\/03\/16\/pego-organitza-un-curs-per-a-mostrar-a-les-empreses-locals-el-proces-de-licitacio-publica\/#breadcrumb\",\"itemListElement\":[{\"@type\":\"ListItem\",\"position\":1,\"name\":\"Inici\",\"item\":\"http:\/\/www.pego.org\/noticies\/\"},{\"@type\":\"ListItem\",\"position\":2,\"name\":\"Pego organitza un curs per a mostrar a les empreses locals el proc\u00e9s de licitaci\u00f3 p\u00fablica\"}]},{\"@type\":\"Person\",\"@id\":\"http:\/\/www.pego.org\/noticies\/#\/schema\/person\/4326dac4f13188e6a8a1984f5eb1e0e6\",\"name\":\"Bernat Ortola\",\"image\":{\"@type\":\"ImageObject\",\"inLanguage\":\"ca\",\"@id\":\"http:\/\/www.pego.org\/noticies\/#\/schema\/person\/image\/\",\"url\":\"https:\/\/secure.gravatar.com\/avatar\/75560795a8de75338a850c3d759f927c?s=96&d=mm&r=g\",\"contentUrl\":\"https:\/\/secure.gravatar.com\/avatar\/75560795a8de75338a850c3d759f927c?s=96&d=mm&r=g\",\"caption\":\"Bernat Ortola\"}}]}<\/script>\n<!-- \/ Yoast SEO plugin. -->","yoast_head_json":{"title":"Pego organitza un curs per a mostrar a les empreses locals el proc\u00e9s de licitaci\u00f3 p\u00fablica - Ajuntament de Pego","robots":{"index":"index","follow":"follow","max-snippet":"max-snippet:-1","max-image-preview":"max-image-preview:large","max-video-preview":"max-video-preview:-1"},"canonical":"https:\/\/www.pego.org\/noticies\/2022\/03\/16\/pego-organitza-un-curs-per-a-mostrar-a-les-empreses-locals-el-proces-de-licitacio-publica\/","og_locale":"ca_ES","og_type":"article","og_title":"Pego organitza un curs per a mostrar a les empreses locals el proc\u00e9s de licitaci\u00f3 p\u00fablica - Ajuntament de Pego","og_description":"Les classes, a les quals s&#8217;han d&#8217;apuntar amb inscripci\u00f3 pr\u00e8via, s&#8217;impartiran els dies 4, 6, 11 i 20 d&#8217;abril a les instal\u00b7lacions de Creama L&#8217;Ajuntament de Pego, a trav\u00e9s del departament de Creama Pego, ha organitzat un curs per a aprendre a participar en les licitacions p\u00fabliques de b\u00e9ns i serveis. Es tracta d&#8217;una proposta... Veure Article","og_url":"https:\/\/www.pego.org\/noticies\/2022\/03\/16\/pego-organitza-un-curs-per-a-mostrar-a-les-empreses-locals-el-proces-de-licitacio-publica\/","og_site_name":"Ajuntament de Pego","article_publisher":"https:\/\/www.facebook.com\/ajuntament.de.pego\/","article_published_time":"2022-03-16T13:41:18+00:00","article_modified_time":"2022-03-16T13:42:31+00:00","author":"Bernat Ortola","twitter_card":"summary_large_image","twitter_creator":"@ajupego","twitter_site":"@ajupego","twitter_misc":{"Escrit per":"Bernat Ortola","Temps estimat de lectura":"2 minuts"},"schema":{"@context":"https:\/\/schema.org","@graph":[{"@type":"WebSite","@id":"http:\/\/www.pego.org\/noticies\/#website","url":"http:\/\/www.pego.org\/noticies\/","name":"Ajuntament de Pego","description":"","potentialAction":[{"@type":"SearchAction","target":{"@type":"EntryPoint","urlTemplate":"http:\/\/www.pego.org\/noticies\/?s={search_term_string}"},"query-input":"required name=search_term_string"}],"inLanguage":"ca"},{"@type":"WebPage","@id":"https:\/\/www.pego.org\/noticies\/2022\/03\/16\/pego-organitza-un-curs-per-a-mostrar-a-les-empreses-locals-el-proces-de-licitacio-publica\/","url":"https:\/\/www.pego.org\/noticies\/2022\/03\/16\/pego-organitza-un-curs-per-a-mostrar-a-les-empreses-locals-el-proces-de-licitacio-publica\/","name":"Pego organitza un curs per a mostrar a les empreses locals el proc\u00e9s de licitaci\u00f3 p\u00fablica - Ajuntament de Pego","isPartOf":{"@id":"http:\/\/www.pego.org\/noticies\/#website"},"datePublished":"2022-03-16T13:41:18+00:00","dateModified":"2022-03-16T13:42:31+00:00","author":{"@id":"http:\/\/www.pego.org\/noticies\/#\/schema\/person\/4326dac4f13188e6a8a1984f5eb1e0e6"},"breadcrumb":{"@id":"https:\/\/www.pego.org\/noticies\/2022\/03\/16\/pego-organitza-un-curs-per-a-mostrar-a-les-empreses-locals-el-proces-de-licitacio-publica\/#breadcrumb"},"inLanguage":"ca","potentialAction":[{"@type":"ReadAction","target":["https:\/\/www.pego.org\/noticies\/2022\/03\/16\/pego-organitza-un-curs-per-a-mostrar-a-les-empreses-locals-el-proces-de-licitacio-publica\/"]}]},{"@type":"BreadcrumbList","@id":"https:\/\/www.pego.org\/noticies\/2022\/03\/16\/pego-organitza-un-curs-per-a-mostrar-a-les-empreses-locals-el-proces-de-licitacio-publica\/#breadcrumb","itemListElement":[{"@type":"ListItem","position":1,"name":"Inici","item":"http:\/\/www.pego.org\/noticies\/"},{"@type":"ListItem","position":2,"name":"Pego organitza un curs per a mostrar a les empreses locals el proc\u00e9s de licitaci\u00f3 p\u00fablica"}]},{"@type":"Person","@id":"http:\/\/www.pego.org\/noticies\/#\/schema\/person\/4326dac4f13188e6a8a1984f5eb1e0e6","name":"Bernat Ortola","image":{"@type":"ImageObject","inLanguage":"ca","@id":"http:\/\/www.pego.org\/noticies\/#\/schema\/person\/image\/","url":"https:\/\/secure.gravatar.com\/avatar\/75560795a8de75338a850c3d759f927c?s=96&d=mm&r=g","contentUrl":"https:\/\/secure.gravatar.com\/avatar\/75560795a8de75338a850c3d759f927c?s=96&d=mm&r=g","caption":"Bernat Ortola"}}]}},"_links":{"self":[{"href":"https:\/\/www.pego.org\/noticies\/wp-json\/wp\/v2\/posts\/902"}],"collection":[{"href":"https:\/\/www.pego.org\/noticies\/wp-json\/wp\/v2\/posts"}],"about":[{"href":"https:\/\/www.pego.org\/noticies\/wp-json\/wp\/v2\/types\/post"}],"author":[{"embeddable":true,"href":"https:\/\/www.pego.org\/noticies\/wp-json\/wp\/v2\/users\/2"}],"replies":[{"embeddable":true,"href":"https:\/\/www.pego.org\/noticies\/wp-json\/wp\/v2\/comments?post=902"}],"version-history":[{"count":2,"href":"https:\/\/www.pego.org\/noticies\/wp-json\/wp\/v2\/posts\/902\/revisions"}],"predecessor-version":[{"id":905,"href":"https:\/\/www.pego.org\/noticies\/wp-json\/wp\/v2\/posts\/902\/revisions\/905"}],"wp:attachment":[{"href":"https:\/\/www.pego.org\/noticies\/wp-json\/wp\/v2\/media?parent=902"}],"wp:term":[{"taxonomy":"category","embeddable":true,"href":"https:\/\/www.pego.org\/noticies\/wp-json\/wp\/v2\/categories?post=902"},{"taxonomy":"post_tag","embeddable":true,"href":"https:\/\/www.pego.org\/noticies\/wp-json\/wp\/v2\/tags?post=902"}],"curies":[{"name":"wp","href":"https:\/\/api.w.org\/{rel}","templated":true}]}}