{"id":906,"date":"2022-03-21T11:55:42","date_gmt":"2022-03-21T09:55:42","guid":{"rendered":"https:\/\/www.pego.org\/noticies\/?p=906"},"modified":"2022-03-21T11:55:45","modified_gmt":"2022-03-21T09:55:45","slug":"pego-aposta-per-leducacio-viaria-dels-xiquets-i-xiquetes","status":"publish","type":"post","link":"https:\/\/www.pego.org\/noticies\/2022\/03\/21\/pego-aposta-per-leducacio-viaria-dels-xiquets-i-xiquetes\/","title":{"rendered":"Pego aposta per l\u2019educaci\u00f3 vi\u00e0ria dels xiquets i xiquetes"},"content":{"rendered":"\n<p><strong><em>El consistori construir\u00e0 un parc especialitzat en aquesta mat\u00e8ria perqu\u00e8 els menors aprenguen<\/em> les normes de conducci\u00f3<\/strong><\/p>\n\n\n\n<div class=\"wp-block-image\"><figure class=\"aligncenter size-large\"><img loading=\"lazy\" width=\"700\" height=\"497\" src=\"https:\/\/www.pego.org\/noticies\/wp-content\/uploads\/2022\/03\/Avancem-Parc-viari-700x497.jpg\" alt=\"\" class=\"wp-image-907\" srcset=\"https:\/\/www.pego.org\/noticies\/wp-content\/uploads\/2022\/03\/Avancem-Parc-viari-700x497.jpg 700w, https:\/\/www.pego.org\/noticies\/wp-content\/uploads\/2022\/03\/Avancem-Parc-viari-250x177.jpg 250w, https:\/\/www.pego.org\/noticies\/wp-content\/uploads\/2022\/03\/Avancem-Parc-viari-768x545.jpg 768w, https:\/\/www.pego.org\/noticies\/wp-content\/uploads\/2022\/03\/Avancem-Parc-viari-1536x1090.jpg 1536w, https:\/\/www.pego.org\/noticies\/wp-content\/uploads\/2022\/03\/Avancem-Parc-viari-120x85.jpg 120w, https:\/\/www.pego.org\/noticies\/wp-content\/uploads\/2022\/03\/Avancem-Parc-viari.jpg 1748w\" sizes=\"(max-width: 700px) 100vw, 700px\" \/><\/figure><\/div>\n\n\n\n<p><\/p>\n\n\n\n<p>L\u2019Ajuntament de Pego vol que els xiquets i xiquetes del municipi aprenguen sobre seguretat vi\u00e0ria. Per aix\u00f2 es construir\u00e0 un parc dedicat a l\u2019educaci\u00f3 vi\u00e0ria. Es tracta d\u2019una r\u00e8plica redu\u00efda de la via urbana que compta amb tots els elements propis: senyals, sem\u00e0fors, passos de vianants, glorietes, illetes, tanques, etc. un espai l\u00fadic-pr\u00e0ctic on xiquets i xiquetes es fan responsables de la seua conducta i comproven la import\u00e0ncia de respectar les normes viales.<\/p>\n\n\n\n<p>Els cursos estaran coordinats conjuntament entre l\u2019Ajuntament de Pego i pels membres de la Policia Local, els quals s\u2019encarregaran d\u2019impartir les classes.<\/p>\n\n\n\n<p>Aquest punt d\u2019aprenentatge viari s\u2019ubicar\u00e0 a l\u2019Avinguda Blasco Iba\u00f1ez, al costat del Ceip Ambra. Les obres comen\u00e7aran en els pr\u00f2xims dies i es preveu que el parc estiga preparat en dos mesos. El projecte t\u00e9 un cost de 158.881,69 euros, finan\u00e7ats \u00edntegrament per l\u2019Ajuntament de Pego.<\/p>\n\n\n\n<p>\u201cCreguem que \u00e9s necessari que els nostres menuts i menudes s\u00e0piguen de seguretat vi\u00e0ria perqu\u00e8 poden evitar-se accidents. A m\u00e9s, ells i elles seran els conductors del futur i volem que en eixe futur predomine la conducci\u00f3 c\u00edvica per damunt de tot\u201d, explica l\u2019alcalde de Pego, Enrique Moll.<\/p>\n","protected":false},"excerpt":{"rendered":"El consistori construir\u00e0 un parc especialitzat en aquesta mat\u00e8ria perqu\u00e8 els menors aprenguen les normes de conducci\u00f3 L\u2019Ajuntament de Pego vol que els xiquets i xiquetes del municipi aprenguen sobre seguretat vi\u00e0ria. Per aix\u00f2 es construir\u00e0 un parc dedicat a l\u2019educaci\u00f3 vi\u00e0ria. Es tracta d\u2019una r\u00e8plica redu\u00efda de la via urbana que compta amb tots&#8230; <a class=\"view-article\" href=\"https:\/\/www.pego.org\/noticies\/2022\/03\/21\/pego-aposta-per-leducacio-viaria-dels-xiquets-i-xiquetes\/\">Veure Article<\/a>","protected":false},"author":2,"featured_media":0,"comment_status":"closed","ping_status":"open","sticky":false,"template":"","format":"standard","meta":[],"categories":[1],"tags":[],"yoast_head":"<!-- This site is optimized with the Yoast SEO plugin v19.4 - https:\/\/yoast.com\/wordpress\/plugins\/seo\/ -->\n<title>Pego aposta per l\u2019educaci\u00f3 vi\u00e0ria dels xiquets i xiquetes - Ajuntament de Pego<\/title>\n<meta name=\"robots\" content=\"index, follow, max-snippet:-1, max-image-preview:large, max-video-preview:-1\" \/>\n<link rel=\"canonical\" href=\"https:\/\/www.pego.org\/noticies\/2022\/03\/21\/pego-aposta-per-leducacio-viaria-dels-xiquets-i-xiquetes\/\" \/>\n<meta property=\"og:locale\" content=\"ca_ES\" \/>\n<meta property=\"og:type\" content=\"article\" \/>\n<meta property=\"og:title\" content=\"Pego aposta per l\u2019educaci\u00f3 vi\u00e0ria dels xiquets i xiquetes - Ajuntament de Pego\" \/>\n<meta property=\"og:description\" content=\"El consistori construir\u00e0 un parc especialitzat en aquesta mat\u00e8ria perqu\u00e8 els menors aprenguen les normes de conducci\u00f3 L\u2019Ajuntament de Pego vol que els xiquets i xiquetes del municipi aprenguen sobre seguretat vi\u00e0ria. Per aix\u00f2 es construir\u00e0 un parc dedicat a l\u2019educaci\u00f3 vi\u00e0ria. Es tracta d\u2019una r\u00e8plica redu\u00efda de la via urbana que compta amb tots... Veure Article\" \/>\n<meta property=\"og:url\" content=\"https:\/\/www.pego.org\/noticies\/2022\/03\/21\/pego-aposta-per-leducacio-viaria-dels-xiquets-i-xiquetes\/\" \/>\n<meta property=\"og:site_name\" content=\"Ajuntament de Pego\" \/>\n<meta property=\"article:publisher\" content=\"https:\/\/www.facebook.com\/ajuntament.de.pego\/\" \/>\n<meta property=\"article:published_time\" content=\"2022-03-21T09:55:42+00:00\" \/>\n<meta property=\"article:modified_time\" content=\"2022-03-21T09:55:45+00:00\" \/>\n<meta property=\"og:image\" content=\"https:\/\/www.pego.org\/noticies\/wp-content\/uploads\/2022\/03\/Avancem-Parc-viari-700x497.jpg\" \/>\n<meta name=\"author\" content=\"Bernat Ortola\" \/>\n<meta name=\"twitter:card\" content=\"summary_large_image\" \/>\n<meta name=\"twitter:creator\" content=\"@ajupego\" \/>\n<meta name=\"twitter:site\" content=\"@ajupego\" \/>\n<meta name=\"twitter:label1\" content=\"Escrit per\" \/>\n\t<meta name=\"twitter:data1\" content=\"Bernat Ortola\" \/>\n\t<meta name=\"twitter:label2\" content=\"Temps estimat de lectura\" \/>\n\t<meta name=\"twitter:data2\" content=\"2 minuts\" \/>\n<script type=\"application\/ld+json\" class=\"yoast-schema-graph\">{\"@context\":\"https:\/\/schema.org\",\"@graph\":[{\"@type\":\"WebSite\",\"@id\":\"http:\/\/www.pego.org\/noticies\/#website\",\"url\":\"http:\/\/www.pego.org\/noticies\/\",\"name\":\"Ajuntament de Pego\",\"description\":\"\",\"potentialAction\":[{\"@type\":\"SearchAction\",\"target\":{\"@type\":\"EntryPoint\",\"urlTemplate\":\"http:\/\/www.pego.org\/noticies\/?s={search_term_string}\"},\"query-input\":\"required name=search_term_string\"}],\"inLanguage\":\"ca\"},{\"@type\":\"WebPage\",\"@id\":\"https:\/\/www.pego.org\/noticies\/2022\/03\/21\/pego-aposta-per-leducacio-viaria-dels-xiquets-i-xiquetes\/\",\"url\":\"https:\/\/www.pego.org\/noticies\/2022\/03\/21\/pego-aposta-per-leducacio-viaria-dels-xiquets-i-xiquetes\/\",\"name\":\"Pego aposta per l\u2019educaci\u00f3 vi\u00e0ria dels xiquets i xiquetes - Ajuntament de Pego\",\"isPartOf\":{\"@id\":\"http:\/\/www.pego.org\/noticies\/#website\"},\"datePublished\":\"2022-03-21T09:55:42+00:00\",\"dateModified\":\"2022-03-21T09:55:45+00:00\",\"author\":{\"@id\":\"http:\/\/www.pego.org\/noticies\/#\/schema\/person\/4326dac4f13188e6a8a1984f5eb1e0e6\"},\"breadcrumb\":{\"@id\":\"https:\/\/www.pego.org\/noticies\/2022\/03\/21\/pego-aposta-per-leducacio-viaria-dels-xiquets-i-xiquetes\/#breadcrumb\"},\"inLanguage\":\"ca\",\"potentialAction\":[{\"@type\":\"ReadAction\",\"target\":[\"https:\/\/www.pego.org\/noticies\/2022\/03\/21\/pego-aposta-per-leducacio-viaria-dels-xiquets-i-xiquetes\/\"]}]},{\"@type\":\"BreadcrumbList\",\"@id\":\"https:\/\/www.pego.org\/noticies\/2022\/03\/21\/pego-aposta-per-leducacio-viaria-dels-xiquets-i-xiquetes\/#breadcrumb\",\"itemListElement\":[{\"@type\":\"ListItem\",\"position\":1,\"name\":\"Inici\",\"item\":\"http:\/\/www.pego.org\/noticies\/\"},{\"@type\":\"ListItem\",\"position\":2,\"name\":\"Pego aposta per l\u2019educaci\u00f3 vi\u00e0ria dels xiquets i xiquetes\"}]},{\"@type\":\"Person\",\"@id\":\"http:\/\/www.pego.org\/noticies\/#\/schema\/person\/4326dac4f13188e6a8a1984f5eb1e0e6\",\"name\":\"Bernat Ortola\",\"image\":{\"@type\":\"ImageObject\",\"inLanguage\":\"ca\",\"@id\":\"http:\/\/www.pego.org\/noticies\/#\/schema\/person\/image\/\",\"url\":\"https:\/\/secure.gravatar.com\/avatar\/75560795a8de75338a850c3d759f927c?s=96&d=mm&r=g\",\"contentUrl\":\"https:\/\/secure.gravatar.com\/avatar\/75560795a8de75338a850c3d759f927c?s=96&d=mm&r=g\",\"caption\":\"Bernat Ortola\"}}]}<\/script>\n<!-- \/ Yoast SEO plugin. -->","yoast_head_json":{"title":"Pego aposta per l\u2019educaci\u00f3 vi\u00e0ria dels xiquets i xiquetes - Ajuntament de Pego","robots":{"index":"index","follow":"follow","max-snippet":"max-snippet:-1","max-image-preview":"max-image-preview:large","max-video-preview":"max-video-preview:-1"},"canonical":"https:\/\/www.pego.org\/noticies\/2022\/03\/21\/pego-aposta-per-leducacio-viaria-dels-xiquets-i-xiquetes\/","og_locale":"ca_ES","og_type":"article","og_title":"Pego aposta per l\u2019educaci\u00f3 vi\u00e0ria dels xiquets i xiquetes - Ajuntament de Pego","og_description":"El consistori construir\u00e0 un parc especialitzat en aquesta mat\u00e8ria perqu\u00e8 els menors aprenguen les normes de conducci\u00f3 L\u2019Ajuntament de Pego vol que els xiquets i xiquetes del municipi aprenguen sobre seguretat vi\u00e0ria. Per aix\u00f2 es construir\u00e0 un parc dedicat a l\u2019educaci\u00f3 vi\u00e0ria. Es tracta d\u2019una r\u00e8plica redu\u00efda de la via urbana que compta amb tots... Veure Article","og_url":"https:\/\/www.pego.org\/noticies\/2022\/03\/21\/pego-aposta-per-leducacio-viaria-dels-xiquets-i-xiquetes\/","og_site_name":"Ajuntament de Pego","article_publisher":"https:\/\/www.facebook.com\/ajuntament.de.pego\/","article_published_time":"2022-03-21T09:55:42+00:00","article_modified_time":"2022-03-21T09:55:45+00:00","og_image":[{"url":"https:\/\/www.pego.org\/noticies\/wp-content\/uploads\/2022\/03\/Avancem-Parc-viari-700x497.jpg"}],"author":"Bernat Ortola","twitter_card":"summary_large_image","twitter_creator":"@ajupego","twitter_site":"@ajupego","twitter_misc":{"Escrit per":"Bernat Ortola","Temps estimat de lectura":"2 minuts"},"schema":{"@context":"https:\/\/schema.org","@graph":[{"@type":"WebSite","@id":"http:\/\/www.pego.org\/noticies\/#website","url":"http:\/\/www.pego.org\/noticies\/","name":"Ajuntament de Pego","description":"","potentialAction":[{"@type":"SearchAction","target":{"@type":"EntryPoint","urlTemplate":"http:\/\/www.pego.org\/noticies\/?s={search_term_string}"},"query-input":"required name=search_term_string"}],"inLanguage":"ca"},{"@type":"WebPage","@id":"https:\/\/www.pego.org\/noticies\/2022\/03\/21\/pego-aposta-per-leducacio-viaria-dels-xiquets-i-xiquetes\/","url":"https:\/\/www.pego.org\/noticies\/2022\/03\/21\/pego-aposta-per-leducacio-viaria-dels-xiquets-i-xiquetes\/","name":"Pego aposta per l\u2019educaci\u00f3 vi\u00e0ria dels xiquets i xiquetes - Ajuntament de Pego","isPartOf":{"@id":"http:\/\/www.pego.org\/noticies\/#website"},"datePublished":"2022-03-21T09:55:42+00:00","dateModified":"2022-03-21T09:55:45+00:00","author":{"@id":"http:\/\/www.pego.org\/noticies\/#\/schema\/person\/4326dac4f13188e6a8a1984f5eb1e0e6"},"breadcrumb":{"@id":"https:\/\/www.pego.org\/noticies\/2022\/03\/21\/pego-aposta-per-leducacio-viaria-dels-xiquets-i-xiquetes\/#breadcrumb"},"inLanguage":"ca","potentialAction":[{"@type":"ReadAction","target":["https:\/\/www.pego.org\/noticies\/2022\/03\/21\/pego-aposta-per-leducacio-viaria-dels-xiquets-i-xiquetes\/"]}]},{"@type":"BreadcrumbList","@id":"https:\/\/www.pego.org\/noticies\/2022\/03\/21\/pego-aposta-per-leducacio-viaria-dels-xiquets-i-xiquetes\/#breadcrumb","itemListElement":[{"@type":"ListItem","position":1,"name":"Inici","item":"http:\/\/www.pego.org\/noticies\/"},{"@type":"ListItem","position":2,"name":"Pego aposta per l\u2019educaci\u00f3 vi\u00e0ria dels xiquets i xiquetes"}]},{"@type":"Person","@id":"http:\/\/www.pego.org\/noticies\/#\/schema\/person\/4326dac4f13188e6a8a1984f5eb1e0e6","name":"Bernat Ortola","image":{"@type":"ImageObject","inLanguage":"ca","@id":"http:\/\/www.pego.org\/noticies\/#\/schema\/person\/image\/","url":"https:\/\/secure.gravatar.com\/avatar\/75560795a8de75338a850c3d759f927c?s=96&d=mm&r=g","contentUrl":"https:\/\/secure.gravatar.com\/avatar\/75560795a8de75338a850c3d759f927c?s=96&d=mm&r=g","caption":"Bernat Ortola"}}]}},"_links":{"self":[{"href":"https:\/\/www.pego.org\/noticies\/wp-json\/wp\/v2\/posts\/906"}],"collection":[{"href":"https:\/\/www.pego.org\/noticies\/wp-json\/wp\/v2\/posts"}],"about":[{"href":"https:\/\/www.pego.org\/noticies\/wp-json\/wp\/v2\/types\/post"}],"author":[{"embeddable":true,"href":"https:\/\/www.pego.org\/noticies\/wp-json\/wp\/v2\/users\/2"}],"replies":[{"embeddable":true,"href":"https:\/\/www.pego.org\/noticies\/wp-json\/wp\/v2\/comments?post=906"}],"version-history":[{"count":1,"href":"https:\/\/www.pego.org\/noticies\/wp-json\/wp\/v2\/posts\/906\/revisions"}],"predecessor-version":[{"id":908,"href":"https:\/\/www.pego.org\/noticies\/wp-json\/wp\/v2\/posts\/906\/revisions\/908"}],"wp:attachment":[{"href":"https:\/\/www.pego.org\/noticies\/wp-json\/wp\/v2\/media?parent=906"}],"wp:term":[{"taxonomy":"category","embeddable":true,"href":"https:\/\/www.pego.org\/noticies\/wp-json\/wp\/v2\/categories?post=906"},{"taxonomy":"post_tag","embeddable":true,"href":"https:\/\/www.pego.org\/noticies\/wp-json\/wp\/v2\/tags?post=906"}],"curies":[{"name":"wp","href":"https:\/\/api.w.org\/{rel}","templated":true}]}}