{"id":912,"date":"2022-03-23T11:59:32","date_gmt":"2022-03-23T09:59:32","guid":{"rendered":"https:\/\/www.pego.org\/noticies\/?p=912"},"modified":"2022-03-23T14:54:36","modified_gmt":"2022-03-23T12:54:36","slug":"pego-peatonalitza-el-centre-historic","status":"publish","type":"post","link":"https:\/\/www.pego.org\/noticies\/2022\/03\/23\/pego-peatonalitza-el-centre-historic\/","title":{"rendered":"Pego peatonalitza el centre hist\u00f2ric"},"content":{"rendered":"\n<p><em>El consistori instal\u00b7la pilons autom\u00e0tics per tal de restringir el tr\u00e0fic de vehicles als carrers del centre del municipi<\/em><\/p>\n\n\n\n<p><\/p>\n\n\n\n<div class=\"wp-block-image\"><figure class=\"aligncenter size-large\"><img loading=\"lazy\" width=\"700\" height=\"497\" src=\"https:\/\/www.pego.org\/noticies\/wp-content\/uploads\/2022\/03\/Avancem-700x497.jpg\" alt=\"\" class=\"wp-image-913\" srcset=\"https:\/\/www.pego.org\/noticies\/wp-content\/uploads\/2022\/03\/Avancem-700x497.jpg 700w, https:\/\/www.pego.org\/noticies\/wp-content\/uploads\/2022\/03\/Avancem-250x177.jpg 250w, https:\/\/www.pego.org\/noticies\/wp-content\/uploads\/2022\/03\/Avancem-768x545.jpg 768w, https:\/\/www.pego.org\/noticies\/wp-content\/uploads\/2022\/03\/Avancem-1536x1090.jpg 1536w, https:\/\/www.pego.org\/noticies\/wp-content\/uploads\/2022\/03\/Avancem-120x85.jpg 120w, https:\/\/www.pego.org\/noticies\/wp-content\/uploads\/2022\/03\/Avancem.jpg 1748w\" sizes=\"(max-width: 700px) 100vw, 700px\" \/><\/figure><\/div>\n\n\n\n<p><\/p>\n\n\n\n<p>Un centre hist\u00f2ric sense vehicles i m\u00e9s segur per a les persones. Eixe \u00e9s l\u2019objectiu de l\u2019Ajuntament de Pego per a la localitat, i que aviat ser\u00e0 una realitat. El projecte de peatonalitzaci\u00f3 ha entrat ja en la fase final. Fa apenes unes setmanes s\u2019instal\u00b7laren quatre pilons autom\u00e0tics que tanquen l\u2019acc\u00e9s dels vehicles al nucli antic. Es tracta d\u2019uns dispositius de bloqueig retr\u00e0ctils amb llums led (roja i verda) que donaran acc\u00e9s als vehicles dels ve\u00efns de la zona afectades per la peatonalitzaci\u00f3, aix\u00ed com per a vehicles d\u2019autoritats (Policia, Gu\u00e0rdia Civil) o de servicis com els sanitaris o els de neteja.<\/p>\n\n\n\n<p>Els nous dispositius es complementen amb unes c\u00e0meres de control instal\u00b7lades als mateixos punts que els pilons auton\u00f2mics. Les c\u00e0meres llegiran les matr\u00edcules i donaran l\u2019ordre de passos als pilons perqu\u00e8 baixen i deixen circular als vehicles. El programa compta amb una mem\u00f2ria on estan enregistrades les matr\u00edcules que poden accedir a la zona. En el cas de no estar en eixe llistat, el pil\u00f3 no deixar\u00e0 pas lliure al vehicle que intente accedir. En el cas que el conductor no fa\u00e7a cas (una motocicleta, per exemple), la c\u00e0mera registra tamb\u00e9 la matr\u00edcula perqu\u00e8 la Policia Local interpose l\u2019infracci\u00f3 corresponent. Pel que fa las vehicles de c\u00e0rrega i descarrega, s\u2019estipular\u00e0 un horari espec\u00edfic.<\/p>\n\n\n\n<p>Els pilons autom\u00e0tics a m\u00e9s, compten amb sensors de so que agilitzaran el descens del pil\u00f3 quan s\u2019apropen servicis com la Policia Local o sanitaris (Acci\u00f3 Urgent o ambul\u00e0ncia) puguen accedir sense tindre que esperar.<\/p>\n\n\n\n<p>Respecte a la ubicaci\u00f3 dels quatre pilons autom\u00e0tics, el primer d\u2019ells est\u00e0 situat al carrer Sant Antoni de P\u00e0dua junt a l\u2019intersecci\u00f3 del carrer Ram\u00f3n i Cajal. El segon s\u2019ha instal\u00b7lat tamb\u00e9 al carrer Ram\u00f3n i Cajal, a escasos metres del primer, just junt a la intersecci\u00f3 del carrer Argentina. El tercer est\u00e0 situat al carrer Sant Agust\u00ed, a escasos metres de la intersecci\u00f3 amb el carrer Sant Dom\u00e8nec; mentre que el quart pil\u00f3 es situa al carrer Ecce Homo, prop de la intersecci\u00f3 amb els carrers Mestre Blasco i Capit\u00e1n Cendra.<\/p>\n\n\n\n<p>El pressupost d\u2019aquest projecte de peatonalitzaci\u00f3 \u00e9s de 88.219,97 euros, import finan\u00e7at de forma \u00edntegra per l\u2019Ajuntament de Pego, amb el remanent de tresoreria de 2019.<\/p>\n\n\n\n<p>Tot i que els pilons ja estan instal\u00b7lats, la peatonalitzaci\u00f3 del centre hist\u00f2ric de Pego encara no s\u2019ha fet efectiva, \u201cencara queden alguns detalls per concloure, esperem que es resolga aviat\u201d, indica l\u2019alcalde de Pego, Enrique Moll.<\/p>\n\n\n\n<p>\u201cLa peatonalitzaci\u00f3 del centre de Pego \u00e9s una aposta de l\u2019equip de govern per a aquesta legislatura amb la qual volem millorar el poble. Minimitzant el pas dels cotxes pel nucli antic facilitem espais pels peatons, els quals poden estar m\u00e9s tranquils i amb m\u00e9s seguretat als carrers. Adem\u00e9s \u00e9s una aposta per la salut i el medi ambient perqu\u00e8 disminueix el tr\u00e0fic rodat i tamb\u00e9 la contaminaci\u00f3\u201d, apunta l\u2019alcalde.<\/p>\n","protected":false},"excerpt":{"rendered":"El consistori instal\u00b7la pilons autom\u00e0tics per tal de restringir el tr\u00e0fic de vehicles als carrers del centre del municipi Un centre hist\u00f2ric sense vehicles i m\u00e9s segur per a les persones. Eixe \u00e9s l\u2019objectiu de l\u2019Ajuntament de Pego per a la localitat, i que aviat ser\u00e0 una realitat. El projecte de peatonalitzaci\u00f3 ha entrat ja&#8230; <a class=\"view-article\" href=\"https:\/\/www.pego.org\/noticies\/2022\/03\/23\/pego-peatonalitza-el-centre-historic\/\">Veure Article<\/a>","protected":false},"author":2,"featured_media":0,"comment_status":"closed","ping_status":"open","sticky":false,"template":"","format":"standard","meta":[],"categories":[1],"tags":[],"yoast_head":"<!-- This site is optimized with the Yoast SEO plugin v19.4 - https:\/\/yoast.com\/wordpress\/plugins\/seo\/ -->\n<title>Pego peatonalitza el centre hist\u00f2ric - Ajuntament de Pego<\/title>\n<meta name=\"robots\" content=\"index, follow, max-snippet:-1, max-image-preview:large, max-video-preview:-1\" \/>\n<link rel=\"canonical\" href=\"https:\/\/www.pego.org\/noticies\/2022\/03\/23\/pego-peatonalitza-el-centre-historic\/\" \/>\n<meta property=\"og:locale\" content=\"ca_ES\" \/>\n<meta property=\"og:type\" content=\"article\" \/>\n<meta property=\"og:title\" content=\"Pego peatonalitza el centre hist\u00f2ric - Ajuntament de Pego\" \/>\n<meta property=\"og:description\" content=\"El consistori instal\u00b7la pilons autom\u00e0tics per tal de restringir el tr\u00e0fic de vehicles als carrers del centre del municipi Un centre hist\u00f2ric sense vehicles i m\u00e9s segur per a les persones. Eixe \u00e9s l\u2019objectiu de l\u2019Ajuntament de Pego per a la localitat, i que aviat ser\u00e0 una realitat. El projecte de peatonalitzaci\u00f3 ha entrat ja... Veure Article\" \/>\n<meta property=\"og:url\" content=\"https:\/\/www.pego.org\/noticies\/2022\/03\/23\/pego-peatonalitza-el-centre-historic\/\" \/>\n<meta property=\"og:site_name\" content=\"Ajuntament de Pego\" \/>\n<meta property=\"article:publisher\" content=\"https:\/\/www.facebook.com\/ajuntament.de.pego\/\" \/>\n<meta property=\"article:published_time\" content=\"2022-03-23T09:59:32+00:00\" \/>\n<meta property=\"article:modified_time\" content=\"2022-03-23T12:54:36+00:00\" \/>\n<meta property=\"og:image\" content=\"https:\/\/www.pego.org\/noticies\/wp-content\/uploads\/2022\/03\/Avancem-700x497.jpg\" \/>\n<meta name=\"author\" content=\"Bernat Ortola\" \/>\n<meta name=\"twitter:card\" content=\"summary_large_image\" \/>\n<meta name=\"twitter:creator\" content=\"@ajupego\" \/>\n<meta name=\"twitter:site\" content=\"@ajupego\" \/>\n<meta name=\"twitter:label1\" content=\"Escrit per\" \/>\n\t<meta name=\"twitter:data1\" content=\"Bernat Ortola\" \/>\n\t<meta name=\"twitter:label2\" content=\"Temps estimat de lectura\" \/>\n\t<meta name=\"twitter:data2\" content=\"3 minuts\" \/>\n<script type=\"application\/ld+json\" class=\"yoast-schema-graph\">{\"@context\":\"https:\/\/schema.org\",\"@graph\":[{\"@type\":\"WebSite\",\"@id\":\"http:\/\/www.pego.org\/noticies\/#website\",\"url\":\"http:\/\/www.pego.org\/noticies\/\",\"name\":\"Ajuntament de Pego\",\"description\":\"\",\"potentialAction\":[{\"@type\":\"SearchAction\",\"target\":{\"@type\":\"EntryPoint\",\"urlTemplate\":\"http:\/\/www.pego.org\/noticies\/?s={search_term_string}\"},\"query-input\":\"required name=search_term_string\"}],\"inLanguage\":\"ca\"},{\"@type\":\"WebPage\",\"@id\":\"https:\/\/www.pego.org\/noticies\/2022\/03\/23\/pego-peatonalitza-el-centre-historic\/\",\"url\":\"https:\/\/www.pego.org\/noticies\/2022\/03\/23\/pego-peatonalitza-el-centre-historic\/\",\"name\":\"Pego peatonalitza el centre hist\u00f2ric - Ajuntament de Pego\",\"isPartOf\":{\"@id\":\"http:\/\/www.pego.org\/noticies\/#website\"},\"datePublished\":\"2022-03-23T09:59:32+00:00\",\"dateModified\":\"2022-03-23T12:54:36+00:00\",\"author\":{\"@id\":\"http:\/\/www.pego.org\/noticies\/#\/schema\/person\/4326dac4f13188e6a8a1984f5eb1e0e6\"},\"breadcrumb\":{\"@id\":\"https:\/\/www.pego.org\/noticies\/2022\/03\/23\/pego-peatonalitza-el-centre-historic\/#breadcrumb\"},\"inLanguage\":\"ca\",\"potentialAction\":[{\"@type\":\"ReadAction\",\"target\":[\"https:\/\/www.pego.org\/noticies\/2022\/03\/23\/pego-peatonalitza-el-centre-historic\/\"]}]},{\"@type\":\"BreadcrumbList\",\"@id\":\"https:\/\/www.pego.org\/noticies\/2022\/03\/23\/pego-peatonalitza-el-centre-historic\/#breadcrumb\",\"itemListElement\":[{\"@type\":\"ListItem\",\"position\":1,\"name\":\"Inici\",\"item\":\"http:\/\/www.pego.org\/noticies\/\"},{\"@type\":\"ListItem\",\"position\":2,\"name\":\"Pego peatonalitza el centre hist\u00f2ric\"}]},{\"@type\":\"Person\",\"@id\":\"http:\/\/www.pego.org\/noticies\/#\/schema\/person\/4326dac4f13188e6a8a1984f5eb1e0e6\",\"name\":\"Bernat Ortola\",\"image\":{\"@type\":\"ImageObject\",\"inLanguage\":\"ca\",\"@id\":\"http:\/\/www.pego.org\/noticies\/#\/schema\/person\/image\/\",\"url\":\"https:\/\/secure.gravatar.com\/avatar\/75560795a8de75338a850c3d759f927c?s=96&d=mm&r=g\",\"contentUrl\":\"https:\/\/secure.gravatar.com\/avatar\/75560795a8de75338a850c3d759f927c?s=96&d=mm&r=g\",\"caption\":\"Bernat Ortola\"}}]}<\/script>\n<!-- \/ Yoast SEO plugin. -->","yoast_head_json":{"title":"Pego peatonalitza el centre hist\u00f2ric - Ajuntament de Pego","robots":{"index":"index","follow":"follow","max-snippet":"max-snippet:-1","max-image-preview":"max-image-preview:large","max-video-preview":"max-video-preview:-1"},"canonical":"https:\/\/www.pego.org\/noticies\/2022\/03\/23\/pego-peatonalitza-el-centre-historic\/","og_locale":"ca_ES","og_type":"article","og_title":"Pego peatonalitza el centre hist\u00f2ric - Ajuntament de Pego","og_description":"El consistori instal\u00b7la pilons autom\u00e0tics per tal de restringir el tr\u00e0fic de vehicles als carrers del centre del municipi Un centre hist\u00f2ric sense vehicles i m\u00e9s segur per a les persones. Eixe \u00e9s l\u2019objectiu de l\u2019Ajuntament de Pego per a la localitat, i que aviat ser\u00e0 una realitat. El projecte de peatonalitzaci\u00f3 ha entrat ja... Veure Article","og_url":"https:\/\/www.pego.org\/noticies\/2022\/03\/23\/pego-peatonalitza-el-centre-historic\/","og_site_name":"Ajuntament de Pego","article_publisher":"https:\/\/www.facebook.com\/ajuntament.de.pego\/","article_published_time":"2022-03-23T09:59:32+00:00","article_modified_time":"2022-03-23T12:54:36+00:00","og_image":[{"url":"https:\/\/www.pego.org\/noticies\/wp-content\/uploads\/2022\/03\/Avancem-700x497.jpg"}],"author":"Bernat Ortola","twitter_card":"summary_large_image","twitter_creator":"@ajupego","twitter_site":"@ajupego","twitter_misc":{"Escrit per":"Bernat Ortola","Temps estimat de lectura":"3 minuts"},"schema":{"@context":"https:\/\/schema.org","@graph":[{"@type":"WebSite","@id":"http:\/\/www.pego.org\/noticies\/#website","url":"http:\/\/www.pego.org\/noticies\/","name":"Ajuntament de Pego","description":"","potentialAction":[{"@type":"SearchAction","target":{"@type":"EntryPoint","urlTemplate":"http:\/\/www.pego.org\/noticies\/?s={search_term_string}"},"query-input":"required name=search_term_string"}],"inLanguage":"ca"},{"@type":"WebPage","@id":"https:\/\/www.pego.org\/noticies\/2022\/03\/23\/pego-peatonalitza-el-centre-historic\/","url":"https:\/\/www.pego.org\/noticies\/2022\/03\/23\/pego-peatonalitza-el-centre-historic\/","name":"Pego peatonalitza el centre hist\u00f2ric - Ajuntament de Pego","isPartOf":{"@id":"http:\/\/www.pego.org\/noticies\/#website"},"datePublished":"2022-03-23T09:59:32+00:00","dateModified":"2022-03-23T12:54:36+00:00","author":{"@id":"http:\/\/www.pego.org\/noticies\/#\/schema\/person\/4326dac4f13188e6a8a1984f5eb1e0e6"},"breadcrumb":{"@id":"https:\/\/www.pego.org\/noticies\/2022\/03\/23\/pego-peatonalitza-el-centre-historic\/#breadcrumb"},"inLanguage":"ca","potentialAction":[{"@type":"ReadAction","target":["https:\/\/www.pego.org\/noticies\/2022\/03\/23\/pego-peatonalitza-el-centre-historic\/"]}]},{"@type":"BreadcrumbList","@id":"https:\/\/www.pego.org\/noticies\/2022\/03\/23\/pego-peatonalitza-el-centre-historic\/#breadcrumb","itemListElement":[{"@type":"ListItem","position":1,"name":"Inici","item":"http:\/\/www.pego.org\/noticies\/"},{"@type":"ListItem","position":2,"name":"Pego peatonalitza el centre hist\u00f2ric"}]},{"@type":"Person","@id":"http:\/\/www.pego.org\/noticies\/#\/schema\/person\/4326dac4f13188e6a8a1984f5eb1e0e6","name":"Bernat Ortola","image":{"@type":"ImageObject","inLanguage":"ca","@id":"http:\/\/www.pego.org\/noticies\/#\/schema\/person\/image\/","url":"https:\/\/secure.gravatar.com\/avatar\/75560795a8de75338a850c3d759f927c?s=96&d=mm&r=g","contentUrl":"https:\/\/secure.gravatar.com\/avatar\/75560795a8de75338a850c3d759f927c?s=96&d=mm&r=g","caption":"Bernat Ortola"}}]}},"_links":{"self":[{"href":"https:\/\/www.pego.org\/noticies\/wp-json\/wp\/v2\/posts\/912"}],"collection":[{"href":"https:\/\/www.pego.org\/noticies\/wp-json\/wp\/v2\/posts"}],"about":[{"href":"https:\/\/www.pego.org\/noticies\/wp-json\/wp\/v2\/types\/post"}],"author":[{"embeddable":true,"href":"https:\/\/www.pego.org\/noticies\/wp-json\/wp\/v2\/users\/2"}],"replies":[{"embeddable":true,"href":"https:\/\/www.pego.org\/noticies\/wp-json\/wp\/v2\/comments?post=912"}],"version-history":[{"count":2,"href":"https:\/\/www.pego.org\/noticies\/wp-json\/wp\/v2\/posts\/912\/revisions"}],"predecessor-version":[{"id":915,"href":"https:\/\/www.pego.org\/noticies\/wp-json\/wp\/v2\/posts\/912\/revisions\/915"}],"wp:attachment":[{"href":"https:\/\/www.pego.org\/noticies\/wp-json\/wp\/v2\/media?parent=912"}],"wp:term":[{"taxonomy":"category","embeddable":true,"href":"https:\/\/www.pego.org\/noticies\/wp-json\/wp\/v2\/categories?post=912"},{"taxonomy":"post_tag","embeddable":true,"href":"https:\/\/www.pego.org\/noticies\/wp-json\/wp\/v2\/tags?post=912"}],"curies":[{"name":"wp","href":"https:\/\/api.w.org\/{rel}","templated":true}]}}