{"id":920,"date":"2022-04-05T09:19:03","date_gmt":"2022-04-05T07:19:03","guid":{"rendered":"https:\/\/www.pego.org\/noticies\/?p=920"},"modified":"2022-04-05T09:19:05","modified_gmt":"2022-04-05T07:19:05","slug":"pego-envia-de-nou-material-de-primera-necessitat-per-a-ajudar-als-afectats-pel-conflicte-bellic-ducraina","status":"publish","type":"post","link":"https:\/\/www.pego.org\/noticies\/2022\/04\/05\/pego-envia-de-nou-material-de-primera-necessitat-per-a-ajudar-als-afectats-pel-conflicte-bellic-ducraina\/","title":{"rendered":"Pego envia de nou material de primera necessitat per a ajudar als afectats pel conflicte b\u00e8l\u00b7lic d\u2019Ucra\u00efna"},"content":{"rendered":"\n<p><em>El carregament ha estat recopilat a trav\u00e9s de la gesti\u00f3 de Mans Unides, l\u2019Associaci\u00f3 de<\/em> <em>Comerciants, el grup Scouts Pego l\u2019Ajuntament de Pego<\/em><\/p>\n\n\n\n<p><\/p>\n\n\n\n<div class=\"wp-block-image\"><figure class=\"aligncenter size-large\"><img loading=\"lazy\" width=\"700\" height=\"519\" src=\"https:\/\/www.pego.org\/noticies\/wp-content\/uploads\/2022\/04\/Enviament-II-700x519.jpg\" alt=\"\" class=\"wp-image-921\" srcset=\"https:\/\/www.pego.org\/noticies\/wp-content\/uploads\/2022\/04\/Enviament-II-700x519.jpg 700w, https:\/\/www.pego.org\/noticies\/wp-content\/uploads\/2022\/04\/Enviament-II-250x185.jpg 250w, https:\/\/www.pego.org\/noticies\/wp-content\/uploads\/2022\/04\/Enviament-II-768x569.jpg 768w, https:\/\/www.pego.org\/noticies\/wp-content\/uploads\/2022\/04\/Enviament-II-1536x1139.jpg 1536w, https:\/\/www.pego.org\/noticies\/wp-content\/uploads\/2022\/04\/Enviament-II-2048x1518.jpg 2048w, https:\/\/www.pego.org\/noticies\/wp-content\/uploads\/2022\/04\/Enviament-II-120x89.jpg 120w\" sizes=\"(max-width: 700px) 100vw, 700px\" \/><figcaption>Material recollit per les associacions i ve\u00efns del poble de Pego.<\/figcaption><\/figure><\/div>\n\n\n\n<p><\/p>\n\n\n\n<p>Pego continua mostrant la seua cara m\u00e9s solid\u00e0ria amb els afectats pel conflicte b\u00e8l\u00b7lic d\u2019Ucra\u00efna. El dimecres ix del municipi pegol\u00ed un nou cami\u00f3 amb productes de primera necessitat pels refugiats. Es tracta d\u2019un comboi carregat de menjar instantani, material sanitari, bolquers i material per a xiquets i xiquetes, aix\u00ed com productes de neteja personal, entre d\u2019altres.<\/p>\n\n\n\n<p>La gesti\u00f3 per a aconseguir el nou carregament ha sigut a quatre bandes, han col\u00b7laborat conjuntament l\u2019Ajuntament de Pego amb l\u2019Associaci\u00f3 de Comerciants, el grup Scouts Pego i Mans Unides; qui han tornat a comptar amb la solidaritat dels pegolins i pegolines.<\/p>\n\n\n\n<p>De nou el carregament ser\u00e0 enviat a Wieliszew, municipi de Pol\u00f2nia, situat prop de la frontera d\u2019Ucra\u00efna; amb el qual es mant\u00e9 una estreta relaci\u00f3 despr\u00e9s de compartir diversos projectes internacionals de Storwazyszenie EMKA, programes europeus de Medi Ambient i Esports. Aquesta localitat ha rebut a milers de refugiats des que va comen\u00e7ar el conflicte b\u00e8l\u00b7lic. De fet des del consistori de la ciutat polonesa han agra\u00eft l\u2019ajuda solid\u00e0ria i han agra\u00eft al poble de Pego \u201cl\u2019ajuda que ens estan oferint, s\u2019han format fortes relacions entre voluntaris de tota Europa\u201d.<\/p>\n\n\n\n<p>A m\u00e9s d\u2019aquests enviaments, tamb\u00e9 s\u2019est\u00e0 ajudant a mig centenar de persones refugiades, que han arribat a la localitat pegolina en les \u00faltimes setmanes.<\/p>\n\n\n\n<p><\/p>\n\n\n\n<div class=\"wp-block-image\"><figure class=\"aligncenter size-large\"><img loading=\"lazy\" width=\"700\" height=\"525\" src=\"https:\/\/www.pego.org\/noticies\/wp-content\/uploads\/2022\/04\/Enviament-III-representants-dels-grups-politics-municipals-i-de-les-associacions-que-collaboren-700x525.jpg\" alt=\"\" class=\"wp-image-922\" srcset=\"https:\/\/www.pego.org\/noticies\/wp-content\/uploads\/2022\/04\/Enviament-III-representants-dels-grups-politics-municipals-i-de-les-associacions-que-collaboren-700x525.jpg 700w, https:\/\/www.pego.org\/noticies\/wp-content\/uploads\/2022\/04\/Enviament-III-representants-dels-grups-politics-municipals-i-de-les-associacions-que-collaboren-250x188.jpg 250w, https:\/\/www.pego.org\/noticies\/wp-content\/uploads\/2022\/04\/Enviament-III-representants-dels-grups-politics-municipals-i-de-les-associacions-que-collaboren-768x576.jpg 768w, https:\/\/www.pego.org\/noticies\/wp-content\/uploads\/2022\/04\/Enviament-III-representants-dels-grups-politics-municipals-i-de-les-associacions-que-collaboren-1536x1152.jpg 1536w, https:\/\/www.pego.org\/noticies\/wp-content\/uploads\/2022\/04\/Enviament-III-representants-dels-grups-politics-municipals-i-de-les-associacions-que-collaboren-2048x1536.jpg 2048w, https:\/\/www.pego.org\/noticies\/wp-content\/uploads\/2022\/04\/Enviament-III-representants-dels-grups-politics-municipals-i-de-les-associacions-que-collaboren-120x90.jpg 120w\" sizes=\"(max-width: 700px) 100vw, 700px\" \/><figcaption>Representants dels partits pol\u00edtics locals i d&#8217;entitats i associacions de Pego que han col\u00b7laborat en la recollida de productes de primera necessitat.<\/figcaption><\/figure><\/div>\n","protected":false},"excerpt":{"rendered":"El carregament ha estat recopilat a trav\u00e9s de la gesti\u00f3 de Mans Unides, l\u2019Associaci\u00f3 de Comerciants, el grup Scouts Pego l\u2019Ajuntament de Pego Pego continua mostrant la seua cara m\u00e9s solid\u00e0ria amb els afectats pel conflicte b\u00e8l\u00b7lic d\u2019Ucra\u00efna. El dimecres ix del municipi pegol\u00ed un nou cami\u00f3 amb productes de primera necessitat pels refugiats. Es&#8230; <a class=\"view-article\" href=\"https:\/\/www.pego.org\/noticies\/2022\/04\/05\/pego-envia-de-nou-material-de-primera-necessitat-per-a-ajudar-als-afectats-pel-conflicte-bellic-ducraina\/\">Veure Article<\/a>","protected":false},"author":2,"featured_media":0,"comment_status":"closed","ping_status":"open","sticky":false,"template":"","format":"standard","meta":[],"categories":[1],"tags":[],"yoast_head":"<!-- This site is optimized with the Yoast SEO plugin v19.4 - https:\/\/yoast.com\/wordpress\/plugins\/seo\/ -->\n<title>Pego envia de nou material de primera necessitat per a ajudar als afectats pel conflicte b\u00e8l\u00b7lic d\u2019Ucra\u00efna - Ajuntament de Pego<\/title>\n<meta name=\"robots\" content=\"index, follow, max-snippet:-1, max-image-preview:large, max-video-preview:-1\" \/>\n<link rel=\"canonical\" href=\"https:\/\/www.pego.org\/noticies\/2022\/04\/05\/pego-envia-de-nou-material-de-primera-necessitat-per-a-ajudar-als-afectats-pel-conflicte-bellic-ducraina\/\" \/>\n<meta property=\"og:locale\" content=\"ca_ES\" \/>\n<meta property=\"og:type\" content=\"article\" \/>\n<meta property=\"og:title\" content=\"Pego envia de nou material de primera necessitat per a ajudar als afectats pel conflicte b\u00e8l\u00b7lic d\u2019Ucra\u00efna - Ajuntament de Pego\" \/>\n<meta property=\"og:description\" content=\"El carregament ha estat recopilat a trav\u00e9s de la gesti\u00f3 de Mans Unides, l\u2019Associaci\u00f3 de Comerciants, el grup Scouts Pego l\u2019Ajuntament de Pego Pego continua mostrant la seua cara m\u00e9s solid\u00e0ria amb els afectats pel conflicte b\u00e8l\u00b7lic d\u2019Ucra\u00efna. El dimecres ix del municipi pegol\u00ed un nou cami\u00f3 amb productes de primera necessitat pels refugiats. Es... Veure Article\" \/>\n<meta property=\"og:url\" content=\"https:\/\/www.pego.org\/noticies\/2022\/04\/05\/pego-envia-de-nou-material-de-primera-necessitat-per-a-ajudar-als-afectats-pel-conflicte-bellic-ducraina\/\" \/>\n<meta property=\"og:site_name\" content=\"Ajuntament de Pego\" \/>\n<meta property=\"article:publisher\" content=\"https:\/\/www.facebook.com\/ajuntament.de.pego\/\" \/>\n<meta property=\"article:published_time\" content=\"2022-04-05T07:19:03+00:00\" \/>\n<meta property=\"article:modified_time\" content=\"2022-04-05T07:19:05+00:00\" \/>\n<meta property=\"og:image\" content=\"https:\/\/www.pego.org\/noticies\/wp-content\/uploads\/2022\/04\/Enviament-II-700x519.jpg\" \/>\n<meta name=\"author\" content=\"Bernat Ortola\" \/>\n<meta name=\"twitter:card\" content=\"summary_large_image\" \/>\n<meta name=\"twitter:creator\" content=\"@ajupego\" \/>\n<meta name=\"twitter:site\" content=\"@ajupego\" \/>\n<meta name=\"twitter:label1\" content=\"Escrit per\" \/>\n\t<meta name=\"twitter:data1\" content=\"Bernat Ortola\" \/>\n\t<meta name=\"twitter:label2\" content=\"Temps estimat de lectura\" \/>\n\t<meta name=\"twitter:data2\" content=\"2 minuts\" \/>\n<script type=\"application\/ld+json\" class=\"yoast-schema-graph\">{\"@context\":\"https:\/\/schema.org\",\"@graph\":[{\"@type\":\"WebSite\",\"@id\":\"http:\/\/www.pego.org\/noticies\/#website\",\"url\":\"http:\/\/www.pego.org\/noticies\/\",\"name\":\"Ajuntament de Pego\",\"description\":\"\",\"potentialAction\":[{\"@type\":\"SearchAction\",\"target\":{\"@type\":\"EntryPoint\",\"urlTemplate\":\"http:\/\/www.pego.org\/noticies\/?s={search_term_string}\"},\"query-input\":\"required name=search_term_string\"}],\"inLanguage\":\"ca\"},{\"@type\":\"WebPage\",\"@id\":\"https:\/\/www.pego.org\/noticies\/2022\/04\/05\/pego-envia-de-nou-material-de-primera-necessitat-per-a-ajudar-als-afectats-pel-conflicte-bellic-ducraina\/\",\"url\":\"https:\/\/www.pego.org\/noticies\/2022\/04\/05\/pego-envia-de-nou-material-de-primera-necessitat-per-a-ajudar-als-afectats-pel-conflicte-bellic-ducraina\/\",\"name\":\"Pego envia de nou material de primera necessitat per a ajudar als afectats pel conflicte b\u00e8l\u00b7lic d\u2019Ucra\u00efna - Ajuntament de Pego\",\"isPartOf\":{\"@id\":\"http:\/\/www.pego.org\/noticies\/#website\"},\"datePublished\":\"2022-04-05T07:19:03+00:00\",\"dateModified\":\"2022-04-05T07:19:05+00:00\",\"author\":{\"@id\":\"http:\/\/www.pego.org\/noticies\/#\/schema\/person\/4326dac4f13188e6a8a1984f5eb1e0e6\"},\"breadcrumb\":{\"@id\":\"https:\/\/www.pego.org\/noticies\/2022\/04\/05\/pego-envia-de-nou-material-de-primera-necessitat-per-a-ajudar-als-afectats-pel-conflicte-bellic-ducraina\/#breadcrumb\"},\"inLanguage\":\"ca\",\"potentialAction\":[{\"@type\":\"ReadAction\",\"target\":[\"https:\/\/www.pego.org\/noticies\/2022\/04\/05\/pego-envia-de-nou-material-de-primera-necessitat-per-a-ajudar-als-afectats-pel-conflicte-bellic-ducraina\/\"]}]},{\"@type\":\"BreadcrumbList\",\"@id\":\"https:\/\/www.pego.org\/noticies\/2022\/04\/05\/pego-envia-de-nou-material-de-primera-necessitat-per-a-ajudar-als-afectats-pel-conflicte-bellic-ducraina\/#breadcrumb\",\"itemListElement\":[{\"@type\":\"ListItem\",\"position\":1,\"name\":\"Inici\",\"item\":\"http:\/\/www.pego.org\/noticies\/\"},{\"@type\":\"ListItem\",\"position\":2,\"name\":\"Pego envia de nou material de primera necessitat per a ajudar als afectats pel conflicte b\u00e8l\u00b7lic d\u2019Ucra\u00efna\"}]},{\"@type\":\"Person\",\"@id\":\"http:\/\/www.pego.org\/noticies\/#\/schema\/person\/4326dac4f13188e6a8a1984f5eb1e0e6\",\"name\":\"Bernat Ortola\",\"image\":{\"@type\":\"ImageObject\",\"inLanguage\":\"ca\",\"@id\":\"http:\/\/www.pego.org\/noticies\/#\/schema\/person\/image\/\",\"url\":\"https:\/\/secure.gravatar.com\/avatar\/75560795a8de75338a850c3d759f927c?s=96&d=mm&r=g\",\"contentUrl\":\"https:\/\/secure.gravatar.com\/avatar\/75560795a8de75338a850c3d759f927c?s=96&d=mm&r=g\",\"caption\":\"Bernat Ortola\"}}]}<\/script>\n<!-- \/ Yoast SEO plugin. -->","yoast_head_json":{"title":"Pego envia de nou material de primera necessitat per a ajudar als afectats pel conflicte b\u00e8l\u00b7lic d\u2019Ucra\u00efna - Ajuntament de Pego","robots":{"index":"index","follow":"follow","max-snippet":"max-snippet:-1","max-image-preview":"max-image-preview:large","max-video-preview":"max-video-preview:-1"},"canonical":"https:\/\/www.pego.org\/noticies\/2022\/04\/05\/pego-envia-de-nou-material-de-primera-necessitat-per-a-ajudar-als-afectats-pel-conflicte-bellic-ducraina\/","og_locale":"ca_ES","og_type":"article","og_title":"Pego envia de nou material de primera necessitat per a ajudar als afectats pel conflicte b\u00e8l\u00b7lic d\u2019Ucra\u00efna - Ajuntament de Pego","og_description":"El carregament ha estat recopilat a trav\u00e9s de la gesti\u00f3 de Mans Unides, l\u2019Associaci\u00f3 de Comerciants, el grup Scouts Pego l\u2019Ajuntament de Pego Pego continua mostrant la seua cara m\u00e9s solid\u00e0ria amb els afectats pel conflicte b\u00e8l\u00b7lic d\u2019Ucra\u00efna. El dimecres ix del municipi pegol\u00ed un nou cami\u00f3 amb productes de primera necessitat pels refugiats. Es... Veure Article","og_url":"https:\/\/www.pego.org\/noticies\/2022\/04\/05\/pego-envia-de-nou-material-de-primera-necessitat-per-a-ajudar-als-afectats-pel-conflicte-bellic-ducraina\/","og_site_name":"Ajuntament de Pego","article_publisher":"https:\/\/www.facebook.com\/ajuntament.de.pego\/","article_published_time":"2022-04-05T07:19:03+00:00","article_modified_time":"2022-04-05T07:19:05+00:00","og_image":[{"url":"https:\/\/www.pego.org\/noticies\/wp-content\/uploads\/2022\/04\/Enviament-II-700x519.jpg"}],"author":"Bernat Ortola","twitter_card":"summary_large_image","twitter_creator":"@ajupego","twitter_site":"@ajupego","twitter_misc":{"Escrit per":"Bernat Ortola","Temps estimat de lectura":"2 minuts"},"schema":{"@context":"https:\/\/schema.org","@graph":[{"@type":"WebSite","@id":"http:\/\/www.pego.org\/noticies\/#website","url":"http:\/\/www.pego.org\/noticies\/","name":"Ajuntament de Pego","description":"","potentialAction":[{"@type":"SearchAction","target":{"@type":"EntryPoint","urlTemplate":"http:\/\/www.pego.org\/noticies\/?s={search_term_string}"},"query-input":"required name=search_term_string"}],"inLanguage":"ca"},{"@type":"WebPage","@id":"https:\/\/www.pego.org\/noticies\/2022\/04\/05\/pego-envia-de-nou-material-de-primera-necessitat-per-a-ajudar-als-afectats-pel-conflicte-bellic-ducraina\/","url":"https:\/\/www.pego.org\/noticies\/2022\/04\/05\/pego-envia-de-nou-material-de-primera-necessitat-per-a-ajudar-als-afectats-pel-conflicte-bellic-ducraina\/","name":"Pego envia de nou material de primera necessitat per a ajudar als afectats pel conflicte b\u00e8l\u00b7lic d\u2019Ucra\u00efna - Ajuntament de Pego","isPartOf":{"@id":"http:\/\/www.pego.org\/noticies\/#website"},"datePublished":"2022-04-05T07:19:03+00:00","dateModified":"2022-04-05T07:19:05+00:00","author":{"@id":"http:\/\/www.pego.org\/noticies\/#\/schema\/person\/4326dac4f13188e6a8a1984f5eb1e0e6"},"breadcrumb":{"@id":"https:\/\/www.pego.org\/noticies\/2022\/04\/05\/pego-envia-de-nou-material-de-primera-necessitat-per-a-ajudar-als-afectats-pel-conflicte-bellic-ducraina\/#breadcrumb"},"inLanguage":"ca","potentialAction":[{"@type":"ReadAction","target":["https:\/\/www.pego.org\/noticies\/2022\/04\/05\/pego-envia-de-nou-material-de-primera-necessitat-per-a-ajudar-als-afectats-pel-conflicte-bellic-ducraina\/"]}]},{"@type":"BreadcrumbList","@id":"https:\/\/www.pego.org\/noticies\/2022\/04\/05\/pego-envia-de-nou-material-de-primera-necessitat-per-a-ajudar-als-afectats-pel-conflicte-bellic-ducraina\/#breadcrumb","itemListElement":[{"@type":"ListItem","position":1,"name":"Inici","item":"http:\/\/www.pego.org\/noticies\/"},{"@type":"ListItem","position":2,"name":"Pego envia de nou material de primera necessitat per a ajudar als afectats pel conflicte b\u00e8l\u00b7lic d\u2019Ucra\u00efna"}]},{"@type":"Person","@id":"http:\/\/www.pego.org\/noticies\/#\/schema\/person\/4326dac4f13188e6a8a1984f5eb1e0e6","name":"Bernat Ortola","image":{"@type":"ImageObject","inLanguage":"ca","@id":"http:\/\/www.pego.org\/noticies\/#\/schema\/person\/image\/","url":"https:\/\/secure.gravatar.com\/avatar\/75560795a8de75338a850c3d759f927c?s=96&d=mm&r=g","contentUrl":"https:\/\/secure.gravatar.com\/avatar\/75560795a8de75338a850c3d759f927c?s=96&d=mm&r=g","caption":"Bernat Ortola"}}]}},"_links":{"self":[{"href":"https:\/\/www.pego.org\/noticies\/wp-json\/wp\/v2\/posts\/920"}],"collection":[{"href":"https:\/\/www.pego.org\/noticies\/wp-json\/wp\/v2\/posts"}],"about":[{"href":"https:\/\/www.pego.org\/noticies\/wp-json\/wp\/v2\/types\/post"}],"author":[{"embeddable":true,"href":"https:\/\/www.pego.org\/noticies\/wp-json\/wp\/v2\/users\/2"}],"replies":[{"embeddable":true,"href":"https:\/\/www.pego.org\/noticies\/wp-json\/wp\/v2\/comments?post=920"}],"version-history":[{"count":1,"href":"https:\/\/www.pego.org\/noticies\/wp-json\/wp\/v2\/posts\/920\/revisions"}],"predecessor-version":[{"id":923,"href":"https:\/\/www.pego.org\/noticies\/wp-json\/wp\/v2\/posts\/920\/revisions\/923"}],"wp:attachment":[{"href":"https:\/\/www.pego.org\/noticies\/wp-json\/wp\/v2\/media?parent=920"}],"wp:term":[{"taxonomy":"category","embeddable":true,"href":"https:\/\/www.pego.org\/noticies\/wp-json\/wp\/v2\/categories?post=920"},{"taxonomy":"post_tag","embeddable":true,"href":"https:\/\/www.pego.org\/noticies\/wp-json\/wp\/v2\/tags?post=920"}],"curies":[{"name":"wp","href":"https:\/\/api.w.org\/{rel}","templated":true}]}}