{"id":924,"date":"2022-04-07T09:16:43","date_gmt":"2022-04-07T07:16:43","guid":{"rendered":"https:\/\/www.pego.org\/noticies\/?p=924"},"modified":"2022-04-07T09:16:46","modified_gmt":"2022-04-07T07:16:46","slug":"pego-introdueix-canvis-a-la-seua-setmana-santa","status":"publish","type":"post","link":"https:\/\/www.pego.org\/noticies\/2022\/04\/07\/pego-introdueix-canvis-a-la-seua-setmana-santa\/","title":{"rendered":"Pego introdueix canvis a la seua Setmana Santa"},"content":{"rendered":"\n<p><em><strong>Entre les novetats per les quals aposta la Junta Central destaca la programaci\u00f3 de diferents itineraris per a les confraries el Dijous Sant<\/strong><\/em><\/p>\n\n\n\n<p><\/p>\n\n\n\n<div class=\"wp-block-image\"><figure class=\"aligncenter size-large\"><img loading=\"lazy\" width=\"700\" height=\"466\" src=\"https:\/\/www.pego.org\/noticies\/wp-content\/uploads\/2022\/04\/Semana-Santa-Pego-700x466.jpg\" alt=\"\" class=\"wp-image-925\" srcset=\"https:\/\/www.pego.org\/noticies\/wp-content\/uploads\/2022\/04\/Semana-Santa-Pego-700x466.jpg 700w, https:\/\/www.pego.org\/noticies\/wp-content\/uploads\/2022\/04\/Semana-Santa-Pego-250x167.jpg 250w, https:\/\/www.pego.org\/noticies\/wp-content\/uploads\/2022\/04\/Semana-Santa-Pego-768x512.jpg 768w, https:\/\/www.pego.org\/noticies\/wp-content\/uploads\/2022\/04\/Semana-Santa-Pego-1536x1023.jpg 1536w, https:\/\/www.pego.org\/noticies\/wp-content\/uploads\/2022\/04\/Semana-Santa-Pego-120x80.jpg 120w, https:\/\/www.pego.org\/noticies\/wp-content\/uploads\/2022\/04\/Semana-Santa-Pego.jpg 1600w\" sizes=\"(max-width: 700px) 100vw, 700px\" \/><\/figure><\/div>\n\n\n\n<p><\/p>\n\n\n\n<p>Torna el sentiment confrare al municipi de Pego amb la celebraci\u00f3 de la Setmana Santa. De nou les imatges tornaran a eixir als carrers de la localitat sota el mantell de solemnitat. Una festivitat que arriba amb canvis notables en la programaci\u00f3. La principal novetat est\u00e0 reservada pel Dijous Sant (14 d&#8217;abril) en la qual la Junta Central ha decidit programar diferents itineraris per a les confraries.<\/p>\n\n\n\n<p>Les processons arrancaran a les 19 hores (una altra de les novetats), hi haur\u00e0 quatre circuits: en un d&#8217;ells participaran l&#8217;Oraci\u00f3 de l&#8217;Hort, la Santa Dona Ver\u00f2nica i la Creu de les Ins\u00edgnies. Les tres confraries partiran del Convent i recorreran els carrers de Sant Bonaventura, Sol, Sant Pere, Sant Marc, Pere III El Gran, Sant Francesc d&#8217;Ass\u00eds, i l&#8217;Avinguda Jaume I.<\/p>\n\n\n\n<p>Les confraries del Crist de la Columna, el Sant\u00edssim Ecce Homo i el Sant\u00edssim Crist de la Provid\u00e8ncia comen\u00e7aran el seu recorregut des de la capella de l&#8217;Ecce Homo, seguiran per la Pla\u00e7a de l&#8217;Ajuntament, el carrer Mayorazgo Cendra, Ram\u00f3n i Cajal, Camilo P\u00e9rez, Mar fins a arribar a l&#8217;Avinguda Jaume I.<\/p>\n\n\n\n<p>El tercer grup de confraries (la Verge dels Dolors i el Jes\u00fas de Natzar\u00e9) eixiran des de la capella de l&#8217;Ecce Homo, seguiran pels carrers Mestre Blasco, Sant Lluis, Poeta Llorente, Pla\u00e7a del Mercat, carrers Filipines i Mar, fins a arribar a l&#8217;Avinguda Jaume I.<\/p>\n\n\n\n<p>Finalment, la confraria del Jes\u00fas de Medinaceli eixir\u00e0 tamb\u00e9 des de la capella de l&#8217;Ecce Homo, seguir\u00e0 pels carrers Mestre Blasco, Sant Lluis, Poeta Llorente, Sant Fernando i Mar fins a arribar a l&#8217;Avinguda Jaume I.<\/p>\n\n\n\n<p>Els quatre itineraris finalitzen en el mateix punt, l&#8217;Avinguda Jaume I, on comen\u00e7ar\u00e0 la carrera oficial de la process\u00f3. Les nou confraries recorreran aquesta via, seguiran pel carrer Major, la Pla\u00e7a de l&#8217;Ajuntament fins a arribar a la capella del Sant\u00edssim Ecce Homo.<\/p>\n\n\n\n<p>\u201cAmb aquests nous itineraris volem que la gent isca al carrer i aconseguir revitalitzar la Setmana Santa. Una data molt important per a molts ve\u00efns i ve\u00efnes de Pego. Aprofite per a agrair a totes les confraries el seu treball durant tot l\u2019any perqu\u00e8 aquests dies el poble quede embriagat d\u2019emoci\u00f3\u201d, apunta l\u2019alcalde Enrique Moll.<\/p>\n\n\n\n<p>La Setmana Santa pegolina tindr\u00e0 com a tret d&#8217;eixida el 9 d&#8217;abril, amb el preg\u00f3. A partir de les 18 hores desfilaran totes les confraries, amb les seues respectives bandes de tambors i cornetes, des de la parr\u00f2quia de la Sagrada Fam\u00edlia fins a la parr\u00f2quia de l&#8217;Assumpci\u00f3. En acabar la process\u00f3 tindr\u00e0 lloc l\u2019entrega de premis del concurs de dibuixos de Setmana Santa realitzats pels alumnes de prim\u00e0ria del municipi. Seguidament el preg\u00f3, que anir\u00e0 a c\u00e0rrec de Carlos Bernabeu Mestre, a la parr\u00f2quia de Nostra Senyora de l\u2019Assumpci\u00f3.<\/p>\n\n\n\n<p>El Divendres Sant (15 d&#8217;abril) tindr\u00e0 lloc el Via Crucis que partir\u00e0 des de la Capella del Sant\u00edssim Ecce Homo fins al Calvari. Es celebrar\u00e0 el tradicional i arrelat encontre entre Jes\u00fas de Natzar\u00e9 i la Verge dels Dolors. A continuaci\u00f3 seguir\u00e0 la process\u00f3 fins a l\u2019ermita de Sant Joaquim al Calvari, en la qual participar\u00e0, com a novetat, una comitiva de romans amb cavalls.<\/p>\n\n\n\n<p>L&#8217;\u00faltima de les innovacions per a aquesta nova edici\u00f3 de Setmana Santa tindr\u00e0 lloc el Diumenge de Resurrecci\u00f3. Despr\u00e9s de les dues processons que se celebren durant el mat\u00ed, se celebrar\u00e0 la trobada de Jes\u00fas Ressuscitat amb la Mare de D\u00e9u. Un moment emotiu que comptar\u00e0, com a novetat, la interpretaci\u00f3 de l&#8217;Himne de l&#8217;Alegria per part dels diferents cors del municipi.<\/p>\n\n\n\n<p><\/p>\n\n\n\n<p>Ac\u00ed es pot consultar tota la programaci\u00f3 de Setmana Santa.<\/p>\n\n\n\n<div class=\"wp-block-file\"><a href=\"https:\/\/www.pego.org\/noticies\/wp-content\/uploads\/2022\/04\/Programacio\u0301-2022-SETMANA-SANTA.pdf\">Programacio\u0301 de Setmana Santa 2022<\/a><a href=\"https:\/\/www.pego.org\/noticies\/wp-content\/uploads\/2022\/04\/Programacio\u0301-2022-SETMANA-SANTA.pdf\" class=\"wp-block-file__button\" download>Baixa<\/a><\/div>\n","protected":false},"excerpt":{"rendered":"Entre les novetats per les quals aposta la Junta Central destaca la programaci\u00f3 de diferents itineraris per a les confraries el Dijous Sant Torna el sentiment confrare al municipi de Pego amb la celebraci\u00f3 de la Setmana Santa. De nou les imatges tornaran a eixir als carrers de la localitat sota el mantell de solemnitat&#8230;. <a class=\"view-article\" href=\"https:\/\/www.pego.org\/noticies\/2022\/04\/07\/pego-introdueix-canvis-a-la-seua-setmana-santa\/\">Veure Article<\/a>","protected":false},"author":2,"featured_media":0,"comment_status":"closed","ping_status":"open","sticky":false,"template":"","format":"standard","meta":[],"categories":[1],"tags":[],"yoast_head":"<!-- This site is optimized with the Yoast SEO plugin v19.4 - https:\/\/yoast.com\/wordpress\/plugins\/seo\/ -->\n<title>Pego introdueix canvis a la seua Setmana Santa - Ajuntament de Pego<\/title>\n<meta name=\"robots\" content=\"index, follow, max-snippet:-1, max-image-preview:large, max-video-preview:-1\" \/>\n<link rel=\"canonical\" href=\"https:\/\/www.pego.org\/noticies\/2022\/04\/07\/pego-introdueix-canvis-a-la-seua-setmana-santa\/\" \/>\n<meta property=\"og:locale\" content=\"ca_ES\" \/>\n<meta property=\"og:type\" content=\"article\" \/>\n<meta property=\"og:title\" content=\"Pego introdueix canvis a la seua Setmana Santa - Ajuntament de Pego\" \/>\n<meta property=\"og:description\" content=\"Entre les novetats per les quals aposta la Junta Central destaca la programaci\u00f3 de diferents itineraris per a les confraries el Dijous Sant Torna el sentiment confrare al municipi de Pego amb la celebraci\u00f3 de la Setmana Santa. De nou les imatges tornaran a eixir als carrers de la localitat sota el mantell de solemnitat.... Veure Article\" \/>\n<meta property=\"og:url\" content=\"https:\/\/www.pego.org\/noticies\/2022\/04\/07\/pego-introdueix-canvis-a-la-seua-setmana-santa\/\" \/>\n<meta property=\"og:site_name\" content=\"Ajuntament de Pego\" \/>\n<meta property=\"article:publisher\" content=\"https:\/\/www.facebook.com\/ajuntament.de.pego\/\" \/>\n<meta property=\"article:published_time\" content=\"2022-04-07T07:16:43+00:00\" \/>\n<meta property=\"article:modified_time\" content=\"2022-04-07T07:16:46+00:00\" \/>\n<meta property=\"og:image\" content=\"https:\/\/www.pego.org\/noticies\/wp-content\/uploads\/2022\/04\/Semana-Santa-Pego-700x466.jpg\" \/>\n<meta name=\"author\" content=\"Bernat Ortola\" \/>\n<meta name=\"twitter:card\" content=\"summary_large_image\" \/>\n<meta name=\"twitter:creator\" content=\"@ajupego\" \/>\n<meta name=\"twitter:site\" content=\"@ajupego\" \/>\n<meta name=\"twitter:label1\" content=\"Escrit per\" \/>\n\t<meta name=\"twitter:data1\" content=\"Bernat Ortola\" \/>\n\t<meta name=\"twitter:label2\" content=\"Temps estimat de lectura\" \/>\n\t<meta name=\"twitter:data2\" content=\"4 minuts\" \/>\n<script type=\"application\/ld+json\" class=\"yoast-schema-graph\">{\"@context\":\"https:\/\/schema.org\",\"@graph\":[{\"@type\":\"WebSite\",\"@id\":\"http:\/\/www.pego.org\/noticies\/#website\",\"url\":\"http:\/\/www.pego.org\/noticies\/\",\"name\":\"Ajuntament de Pego\",\"description\":\"\",\"potentialAction\":[{\"@type\":\"SearchAction\",\"target\":{\"@type\":\"EntryPoint\",\"urlTemplate\":\"http:\/\/www.pego.org\/noticies\/?s={search_term_string}\"},\"query-input\":\"required name=search_term_string\"}],\"inLanguage\":\"ca\"},{\"@type\":\"WebPage\",\"@id\":\"https:\/\/www.pego.org\/noticies\/2022\/04\/07\/pego-introdueix-canvis-a-la-seua-setmana-santa\/\",\"url\":\"https:\/\/www.pego.org\/noticies\/2022\/04\/07\/pego-introdueix-canvis-a-la-seua-setmana-santa\/\",\"name\":\"Pego introdueix canvis a la seua Setmana Santa - Ajuntament de Pego\",\"isPartOf\":{\"@id\":\"http:\/\/www.pego.org\/noticies\/#website\"},\"datePublished\":\"2022-04-07T07:16:43+00:00\",\"dateModified\":\"2022-04-07T07:16:46+00:00\",\"author\":{\"@id\":\"http:\/\/www.pego.org\/noticies\/#\/schema\/person\/4326dac4f13188e6a8a1984f5eb1e0e6\"},\"breadcrumb\":{\"@id\":\"https:\/\/www.pego.org\/noticies\/2022\/04\/07\/pego-introdueix-canvis-a-la-seua-setmana-santa\/#breadcrumb\"},\"inLanguage\":\"ca\",\"potentialAction\":[{\"@type\":\"ReadAction\",\"target\":[\"https:\/\/www.pego.org\/noticies\/2022\/04\/07\/pego-introdueix-canvis-a-la-seua-setmana-santa\/\"]}]},{\"@type\":\"BreadcrumbList\",\"@id\":\"https:\/\/www.pego.org\/noticies\/2022\/04\/07\/pego-introdueix-canvis-a-la-seua-setmana-santa\/#breadcrumb\",\"itemListElement\":[{\"@type\":\"ListItem\",\"position\":1,\"name\":\"Inici\",\"item\":\"http:\/\/www.pego.org\/noticies\/\"},{\"@type\":\"ListItem\",\"position\":2,\"name\":\"Pego introdueix canvis a la seua Setmana Santa\"}]},{\"@type\":\"Person\",\"@id\":\"http:\/\/www.pego.org\/noticies\/#\/schema\/person\/4326dac4f13188e6a8a1984f5eb1e0e6\",\"name\":\"Bernat Ortola\",\"image\":{\"@type\":\"ImageObject\",\"inLanguage\":\"ca\",\"@id\":\"http:\/\/www.pego.org\/noticies\/#\/schema\/person\/image\/\",\"url\":\"https:\/\/secure.gravatar.com\/avatar\/75560795a8de75338a850c3d759f927c?s=96&d=mm&r=g\",\"contentUrl\":\"https:\/\/secure.gravatar.com\/avatar\/75560795a8de75338a850c3d759f927c?s=96&d=mm&r=g\",\"caption\":\"Bernat Ortola\"}}]}<\/script>\n<!-- \/ Yoast SEO plugin. -->","yoast_head_json":{"title":"Pego introdueix canvis a la seua Setmana Santa - Ajuntament de Pego","robots":{"index":"index","follow":"follow","max-snippet":"max-snippet:-1","max-image-preview":"max-image-preview:large","max-video-preview":"max-video-preview:-1"},"canonical":"https:\/\/www.pego.org\/noticies\/2022\/04\/07\/pego-introdueix-canvis-a-la-seua-setmana-santa\/","og_locale":"ca_ES","og_type":"article","og_title":"Pego introdueix canvis a la seua Setmana Santa - Ajuntament de Pego","og_description":"Entre les novetats per les quals aposta la Junta Central destaca la programaci\u00f3 de diferents itineraris per a les confraries el Dijous Sant Torna el sentiment confrare al municipi de Pego amb la celebraci\u00f3 de la Setmana Santa. De nou les imatges tornaran a eixir als carrers de la localitat sota el mantell de solemnitat.... Veure Article","og_url":"https:\/\/www.pego.org\/noticies\/2022\/04\/07\/pego-introdueix-canvis-a-la-seua-setmana-santa\/","og_site_name":"Ajuntament de Pego","article_publisher":"https:\/\/www.facebook.com\/ajuntament.de.pego\/","article_published_time":"2022-04-07T07:16:43+00:00","article_modified_time":"2022-04-07T07:16:46+00:00","og_image":[{"url":"https:\/\/www.pego.org\/noticies\/wp-content\/uploads\/2022\/04\/Semana-Santa-Pego-700x466.jpg"}],"author":"Bernat Ortola","twitter_card":"summary_large_image","twitter_creator":"@ajupego","twitter_site":"@ajupego","twitter_misc":{"Escrit per":"Bernat Ortola","Temps estimat de lectura":"4 minuts"},"schema":{"@context":"https:\/\/schema.org","@graph":[{"@type":"WebSite","@id":"http:\/\/www.pego.org\/noticies\/#website","url":"http:\/\/www.pego.org\/noticies\/","name":"Ajuntament de Pego","description":"","potentialAction":[{"@type":"SearchAction","target":{"@type":"EntryPoint","urlTemplate":"http:\/\/www.pego.org\/noticies\/?s={search_term_string}"},"query-input":"required name=search_term_string"}],"inLanguage":"ca"},{"@type":"WebPage","@id":"https:\/\/www.pego.org\/noticies\/2022\/04\/07\/pego-introdueix-canvis-a-la-seua-setmana-santa\/","url":"https:\/\/www.pego.org\/noticies\/2022\/04\/07\/pego-introdueix-canvis-a-la-seua-setmana-santa\/","name":"Pego introdueix canvis a la seua Setmana Santa - Ajuntament de Pego","isPartOf":{"@id":"http:\/\/www.pego.org\/noticies\/#website"},"datePublished":"2022-04-07T07:16:43+00:00","dateModified":"2022-04-07T07:16:46+00:00","author":{"@id":"http:\/\/www.pego.org\/noticies\/#\/schema\/person\/4326dac4f13188e6a8a1984f5eb1e0e6"},"breadcrumb":{"@id":"https:\/\/www.pego.org\/noticies\/2022\/04\/07\/pego-introdueix-canvis-a-la-seua-setmana-santa\/#breadcrumb"},"inLanguage":"ca","potentialAction":[{"@type":"ReadAction","target":["https:\/\/www.pego.org\/noticies\/2022\/04\/07\/pego-introdueix-canvis-a-la-seua-setmana-santa\/"]}]},{"@type":"BreadcrumbList","@id":"https:\/\/www.pego.org\/noticies\/2022\/04\/07\/pego-introdueix-canvis-a-la-seua-setmana-santa\/#breadcrumb","itemListElement":[{"@type":"ListItem","position":1,"name":"Inici","item":"http:\/\/www.pego.org\/noticies\/"},{"@type":"ListItem","position":2,"name":"Pego introdueix canvis a la seua Setmana Santa"}]},{"@type":"Person","@id":"http:\/\/www.pego.org\/noticies\/#\/schema\/person\/4326dac4f13188e6a8a1984f5eb1e0e6","name":"Bernat Ortola","image":{"@type":"ImageObject","inLanguage":"ca","@id":"http:\/\/www.pego.org\/noticies\/#\/schema\/person\/image\/","url":"https:\/\/secure.gravatar.com\/avatar\/75560795a8de75338a850c3d759f927c?s=96&d=mm&r=g","contentUrl":"https:\/\/secure.gravatar.com\/avatar\/75560795a8de75338a850c3d759f927c?s=96&d=mm&r=g","caption":"Bernat Ortola"}}]}},"_links":{"self":[{"href":"https:\/\/www.pego.org\/noticies\/wp-json\/wp\/v2\/posts\/924"}],"collection":[{"href":"https:\/\/www.pego.org\/noticies\/wp-json\/wp\/v2\/posts"}],"about":[{"href":"https:\/\/www.pego.org\/noticies\/wp-json\/wp\/v2\/types\/post"}],"author":[{"embeddable":true,"href":"https:\/\/www.pego.org\/noticies\/wp-json\/wp\/v2\/users\/2"}],"replies":[{"embeddable":true,"href":"https:\/\/www.pego.org\/noticies\/wp-json\/wp\/v2\/comments?post=924"}],"version-history":[{"count":1,"href":"https:\/\/www.pego.org\/noticies\/wp-json\/wp\/v2\/posts\/924\/revisions"}],"predecessor-version":[{"id":927,"href":"https:\/\/www.pego.org\/noticies\/wp-json\/wp\/v2\/posts\/924\/revisions\/927"}],"wp:attachment":[{"href":"https:\/\/www.pego.org\/noticies\/wp-json\/wp\/v2\/media?parent=924"}],"wp:term":[{"taxonomy":"category","embeddable":true,"href":"https:\/\/www.pego.org\/noticies\/wp-json\/wp\/v2\/categories?post=924"},{"taxonomy":"post_tag","embeddable":true,"href":"https:\/\/www.pego.org\/noticies\/wp-json\/wp\/v2\/tags?post=924"}],"curies":[{"name":"wp","href":"https:\/\/api.w.org\/{rel}","templated":true}]}}