{"id":932,"date":"2022-04-07T13:46:03","date_gmt":"2022-04-07T11:46:03","guid":{"rendered":"https:\/\/www.pego.org\/noticies\/?p=932"},"modified":"2022-04-07T13:46:06","modified_gmt":"2022-04-07T11:46:06","slug":"pego-es-vesteix-de-broadway-en-la-segona-edicio-del-festival-de-les-arts-esceniques","status":"publish","type":"post","link":"https:\/\/www.pego.org\/noticies\/2022\/04\/07\/pego-es-vesteix-de-broadway-en-la-segona-edicio-del-festival-de-les-arts-esceniques\/","title":{"rendered":"Pego es vesteix de Broadway en la segona edici\u00f3 del Festival de les Arts Esc\u00e8niques"},"content":{"rendered":"\n<p><em>L&#8217;esdeveniment carnavalesc que s&#8217;havia ajornat per la situaci\u00f3 sanit\u00e0ria, es celebra el pr\u00f2xim 30 d&#8217;abril, tindr\u00e0 huit espais tematitzats i m\u00e9s de 120 figurants<\/em><\/p>\n\n\n\n<p><\/p>\n\n\n\n<div class=\"wp-block-image\"><figure class=\"aligncenter size-large\"><img loading=\"lazy\" width=\"700\" height=\"525\" src=\"https:\/\/www.pego.org\/noticies\/wp-content\/uploads\/2022\/04\/Presentacio-del-Festival-dArts-Esceniques-700x525.jpg\" alt=\"\" class=\"wp-image-933\" srcset=\"https:\/\/www.pego.org\/noticies\/wp-content\/uploads\/2022\/04\/Presentacio-del-Festival-dArts-Esceniques-700x525.jpg 700w, https:\/\/www.pego.org\/noticies\/wp-content\/uploads\/2022\/04\/Presentacio-del-Festival-dArts-Esceniques-250x188.jpg 250w, https:\/\/www.pego.org\/noticies\/wp-content\/uploads\/2022\/04\/Presentacio-del-Festival-dArts-Esceniques-768x576.jpg 768w, https:\/\/www.pego.org\/noticies\/wp-content\/uploads\/2022\/04\/Presentacio-del-Festival-dArts-Esceniques-1536x1152.jpg 1536w, https:\/\/www.pego.org\/noticies\/wp-content\/uploads\/2022\/04\/Presentacio-del-Festival-dArts-Esceniques-2048x1536.jpg 2048w, https:\/\/www.pego.org\/noticies\/wp-content\/uploads\/2022\/04\/Presentacio-del-Festival-dArts-Esceniques-120x90.jpg 120w\" sizes=\"(max-width: 700px) 100vw, 700px\" \/><figcaption>El director del festival, Marc Pons, junt amb l&#8217;alcalde Enrique Moll, la regidora de Cultura, Laura Castell\u00e0 i quatre participants del festival.<\/figcaption><\/figure><\/div>\n\n\n\n<p><\/p>\n\n\n\n<p>Pego torna a posar-se la disfressa per a celebrar la segona edici\u00f3 del Festival de les Arts Esc\u00e8niques, la nova pedra angular de l\u2019aut\u00e8ntic Carnestoltes de la Marina Alta, que celebra la segona edici\u00f3 despr\u00e9s d&#8217;haver-se ajornat el passat mes de febrer per a situaci\u00f3 sanit\u00e0ria. Aquest segon certamen, que tamb\u00e9 estar\u00e0 dirigit pel ballar\u00ed i core\u00f2graf, Marc Pons; tindr\u00e0 lloc el pr\u00f2xim 30 d&#8217;abril i presentar\u00e0 alguns canvis respecte a la primera edici\u00f3.<\/p>\n\n\n\n<p>La tem\u00e0tica d&#8217;aquest any versar\u00e0 sobre els musicals de Broadway i comptar\u00e0 amb huit espais tematitzats, tres m\u00e9s que en la primera edici\u00f3. Canvia tamb\u00e9 la ubicaci\u00f3 per complir amb la normativa sanit\u00e0ria, ja que els carrers on es va celebrar el Festival de les Arts Esc\u00e8niques de 2020 tenen un espai m\u00e9s redu\u00eft. Segons explica el director del certamen, el festival \u201cest\u00e0 concebut com un recorregut, amb un inici i un final que caldr\u00e0 que realitze l&#8217;espectador\u201d.<\/p>\n\n\n\n<p>Aix\u00ed doncs arrancar\u00e0 amb un primer escenari a la Pla\u00e7a del Convent i al llarg del carrer Jaume I hi haur\u00e0 uns altres quatre punts esc\u00e8nics. Un altre escenari es situar\u00e0 a la Pla\u00e7a Poeta Llorente, el s\u00e8ptim escenari s&#8217;ubicar\u00e0 a la Pla\u00e7a del Mercat, mentre que l&#8217;octau estar\u00e0 ubicat a la Pla\u00e7a de l&#8217;Antic Regne de Val\u00e8ncia. Encara que la tem\u00e0tica escollida \u00e9s la de Broadway, el director del festival ha preferit mantenir el misteri respecte als escenaris, \u201crecrearem musicals m\u00edtics com el Fantasma de l\u2019\u00d2pera o el Moulin Rouge per exemple, tan sols puc contar que tots espais s\u00f3n m\u00e9s espectaculars que els de la primera edici\u00f3, amb m\u00e9s color, m\u00e9s coreografies, m\u00e9s m\u00fasica. \u00c9s una bona oportunitat per a aprendre de la cultura del teatre\u201d. Pons ha agra\u00eft \u201cla confian\u00e7a depositada en mi per dur endavant aquest projecte tan il\u00b7lusionant\u201d.<\/p>\n\n\n\n<p>L&#8217;aposta per aquest festival \u00e9s alta, per aix\u00f2 s&#8217;ha decidit comptar amb vora 120 artistes i figurants que amenitzaran el passeig dels espectadors pels huit escenaris. Podran fer-ho des de les 19.30 hores fins a les 21.30 hores, moment en el qual finalitzaran els espectacles.<\/p>\n\n\n\n<p>\u201cL\u2019objectiu \u00e9s deixar de costat el \u2018gran botell\u00f3\u2019 en el qual s\u2019havia convertit en les \u00faltimes edicions el nostre Carnestoltes, per la qual cosa volem potenciar i consolidar aquest festival perqu\u00e8 puga unir a tota la gent del poble, perqu\u00e8 siga la pedra angular d\u2019aquesta festa tan volguda per nosaltres\u201d, ha puntualitzat la regidora de Cultura, Laura Castell\u00e0. La regidora ha qualificat de \u201cprioritari que la direcci\u00f3 d\u2019aquest festival la tinguera un pegol\u00ed i aix\u00ed ha sigut\u201d.<\/p>\n\n\n\n<p>Castell\u00e0 ha explicat tamb\u00e9 que s\u2019habilitaran zones d\u2019aparcament al municipi aix\u00ed com indicacions perqu\u00e8 els visitants \u201ctroben f\u00e0cilment el recorregut del festival\u201d.<\/p>\n\n\n\n<p>Per la seua part, l\u2019alcalde, Enrique Moll, ha assegurat que el Festival de les Arts Esc\u00e8niques \u00e9s \u201cuna oportunitat per a donar una volta de rosca al Carnestoltes i fer-lo encara m\u00e9s atractiu. Crec que ja es va aconseguir en la primera edici\u00f3, de fet aquest festival podria subsistir sol, sense estar lligat al Carnestoltes, per\u00f2 creguem que \u00e9s necessari unir-los per a canviar la imatge de la nostra festa\u201d.<\/p>\n\n\n\n<p>L\u2019alcalde ha recordat que les circumst\u00e0ncies sanit\u00e0ries \u201cimpedien la celebraci\u00f3 en el seu m\u00e0xim esplendor en la seua data habitual i tampoc volien esperar un any per tornar a omplir els carrers. Per aix\u00f2 v\u00e0rem fixar la data al 30 d\u2019abril, esperant que les condicions foren les \u00f2ptimes, per sort aix\u00ed pareix que ser\u00e0\u201d. Moll ha concl\u00f2s recordant una frase que li va dir el director del festival despr\u00e9s de finalitzar la primera edici\u00f3, \u201cli vaig preguntar, despr\u00e9s dl que hem fet ara, qu\u00e8 ve? M\u00e9s i millor em va dir. Estic conven\u00e7ut que aix\u00ed ser\u00e0\u201d.<\/p>\n\n\n\n<div class=\"wp-block-image\"><figure class=\"aligncenter size-full\"><img loading=\"lazy\" width=\"423\" height=\"603\" src=\"https:\/\/www.pego.org\/noticies\/wp-content\/uploads\/2022\/04\/Cartell-Festival-de-les-Arts-Esceniques.jpg\" alt=\"\" class=\"wp-image-935\" srcset=\"https:\/\/www.pego.org\/noticies\/wp-content\/uploads\/2022\/04\/Cartell-Festival-de-les-Arts-Esceniques.jpg 423w, https:\/\/www.pego.org\/noticies\/wp-content\/uploads\/2022\/04\/Cartell-Festival-de-les-Arts-Esceniques-250x356.jpg 250w, https:\/\/www.pego.org\/noticies\/wp-content\/uploads\/2022\/04\/Cartell-Festival-de-les-Arts-Esceniques-120x171.jpg 120w\" sizes=\"(max-width: 423px) 100vw, 423px\" \/><\/figure><\/div>\n","protected":false},"excerpt":{"rendered":"L&#8217;esdeveniment carnavalesc que s&#8217;havia ajornat per la situaci\u00f3 sanit\u00e0ria, es celebra el pr\u00f2xim 30 d&#8217;abril, tindr\u00e0 huit espais tematitzats i m\u00e9s de 120 figurants Pego torna a posar-se la disfressa per a celebrar la segona edici\u00f3 del Festival de les Arts Esc\u00e8niques, la nova pedra angular de l\u2019aut\u00e8ntic Carnestoltes de la Marina Alta, que celebra&#8230; <a class=\"view-article\" href=\"https:\/\/www.pego.org\/noticies\/2022\/04\/07\/pego-es-vesteix-de-broadway-en-la-segona-edicio-del-festival-de-les-arts-esceniques\/\">Veure Article<\/a>","protected":false},"author":2,"featured_media":0,"comment_status":"closed","ping_status":"open","sticky":false,"template":"","format":"standard","meta":[],"categories":[1],"tags":[],"yoast_head":"<!-- This site is optimized with the Yoast SEO plugin v19.4 - https:\/\/yoast.com\/wordpress\/plugins\/seo\/ -->\n<title>Pego es vesteix de Broadway en la segona edici\u00f3 del Festival de les Arts Esc\u00e8niques - Ajuntament de Pego<\/title>\n<meta name=\"robots\" content=\"index, follow, max-snippet:-1, max-image-preview:large, max-video-preview:-1\" \/>\n<link rel=\"canonical\" href=\"https:\/\/www.pego.org\/noticies\/2022\/04\/07\/pego-es-vesteix-de-broadway-en-la-segona-edicio-del-festival-de-les-arts-esceniques\/\" \/>\n<meta property=\"og:locale\" content=\"ca_ES\" \/>\n<meta property=\"og:type\" content=\"article\" \/>\n<meta property=\"og:title\" content=\"Pego es vesteix de Broadway en la segona edici\u00f3 del Festival de les Arts Esc\u00e8niques - Ajuntament de Pego\" \/>\n<meta property=\"og:description\" content=\"L&#8217;esdeveniment carnavalesc que s&#8217;havia ajornat per la situaci\u00f3 sanit\u00e0ria, es celebra el pr\u00f2xim 30 d&#8217;abril, tindr\u00e0 huit espais tematitzats i m\u00e9s de 120 figurants Pego torna a posar-se la disfressa per a celebrar la segona edici\u00f3 del Festival de les Arts Esc\u00e8niques, la nova pedra angular de l\u2019aut\u00e8ntic Carnestoltes de la Marina Alta, que celebra... Veure Article\" \/>\n<meta property=\"og:url\" content=\"https:\/\/www.pego.org\/noticies\/2022\/04\/07\/pego-es-vesteix-de-broadway-en-la-segona-edicio-del-festival-de-les-arts-esceniques\/\" \/>\n<meta property=\"og:site_name\" content=\"Ajuntament de Pego\" \/>\n<meta property=\"article:publisher\" content=\"https:\/\/www.facebook.com\/ajuntament.de.pego\/\" \/>\n<meta property=\"article:published_time\" content=\"2022-04-07T11:46:03+00:00\" \/>\n<meta property=\"article:modified_time\" content=\"2022-04-07T11:46:06+00:00\" \/>\n<meta property=\"og:image\" content=\"https:\/\/www.pego.org\/noticies\/wp-content\/uploads\/2022\/04\/Presentacio-del-Festival-dArts-Esceniques-700x525.jpg\" \/>\n<meta name=\"author\" content=\"Bernat Ortola\" \/>\n<meta name=\"twitter:card\" content=\"summary_large_image\" \/>\n<meta name=\"twitter:creator\" content=\"@ajupego\" \/>\n<meta name=\"twitter:site\" content=\"@ajupego\" \/>\n<meta name=\"twitter:label1\" content=\"Escrit per\" \/>\n\t<meta name=\"twitter:data1\" content=\"Bernat Ortola\" \/>\n\t<meta name=\"twitter:label2\" content=\"Temps estimat de lectura\" \/>\n\t<meta name=\"twitter:data2\" content=\"4 minuts\" \/>\n<script type=\"application\/ld+json\" class=\"yoast-schema-graph\">{\"@context\":\"https:\/\/schema.org\",\"@graph\":[{\"@type\":\"WebSite\",\"@id\":\"http:\/\/www.pego.org\/noticies\/#website\",\"url\":\"http:\/\/www.pego.org\/noticies\/\",\"name\":\"Ajuntament de Pego\",\"description\":\"\",\"potentialAction\":[{\"@type\":\"SearchAction\",\"target\":{\"@type\":\"EntryPoint\",\"urlTemplate\":\"http:\/\/www.pego.org\/noticies\/?s={search_term_string}\"},\"query-input\":\"required name=search_term_string\"}],\"inLanguage\":\"ca\"},{\"@type\":\"WebPage\",\"@id\":\"https:\/\/www.pego.org\/noticies\/2022\/04\/07\/pego-es-vesteix-de-broadway-en-la-segona-edicio-del-festival-de-les-arts-esceniques\/\",\"url\":\"https:\/\/www.pego.org\/noticies\/2022\/04\/07\/pego-es-vesteix-de-broadway-en-la-segona-edicio-del-festival-de-les-arts-esceniques\/\",\"name\":\"Pego es vesteix de Broadway en la segona edici\u00f3 del Festival de les Arts Esc\u00e8niques - Ajuntament de Pego\",\"isPartOf\":{\"@id\":\"http:\/\/www.pego.org\/noticies\/#website\"},\"datePublished\":\"2022-04-07T11:46:03+00:00\",\"dateModified\":\"2022-04-07T11:46:06+00:00\",\"author\":{\"@id\":\"http:\/\/www.pego.org\/noticies\/#\/schema\/person\/4326dac4f13188e6a8a1984f5eb1e0e6\"},\"breadcrumb\":{\"@id\":\"https:\/\/www.pego.org\/noticies\/2022\/04\/07\/pego-es-vesteix-de-broadway-en-la-segona-edicio-del-festival-de-les-arts-esceniques\/#breadcrumb\"},\"inLanguage\":\"ca\",\"potentialAction\":[{\"@type\":\"ReadAction\",\"target\":[\"https:\/\/www.pego.org\/noticies\/2022\/04\/07\/pego-es-vesteix-de-broadway-en-la-segona-edicio-del-festival-de-les-arts-esceniques\/\"]}]},{\"@type\":\"BreadcrumbList\",\"@id\":\"https:\/\/www.pego.org\/noticies\/2022\/04\/07\/pego-es-vesteix-de-broadway-en-la-segona-edicio-del-festival-de-les-arts-esceniques\/#breadcrumb\",\"itemListElement\":[{\"@type\":\"ListItem\",\"position\":1,\"name\":\"Inici\",\"item\":\"http:\/\/www.pego.org\/noticies\/\"},{\"@type\":\"ListItem\",\"position\":2,\"name\":\"Pego es vesteix de Broadway en la segona edici\u00f3 del Festival de les Arts Esc\u00e8niques\"}]},{\"@type\":\"Person\",\"@id\":\"http:\/\/www.pego.org\/noticies\/#\/schema\/person\/4326dac4f13188e6a8a1984f5eb1e0e6\",\"name\":\"Bernat Ortola\",\"image\":{\"@type\":\"ImageObject\",\"inLanguage\":\"ca\",\"@id\":\"http:\/\/www.pego.org\/noticies\/#\/schema\/person\/image\/\",\"url\":\"https:\/\/secure.gravatar.com\/avatar\/75560795a8de75338a850c3d759f927c?s=96&d=mm&r=g\",\"contentUrl\":\"https:\/\/secure.gravatar.com\/avatar\/75560795a8de75338a850c3d759f927c?s=96&d=mm&r=g\",\"caption\":\"Bernat Ortola\"}}]}<\/script>\n<!-- \/ Yoast SEO plugin. -->","yoast_head_json":{"title":"Pego es vesteix de Broadway en la segona edici\u00f3 del Festival de les Arts Esc\u00e8niques - Ajuntament de Pego","robots":{"index":"index","follow":"follow","max-snippet":"max-snippet:-1","max-image-preview":"max-image-preview:large","max-video-preview":"max-video-preview:-1"},"canonical":"https:\/\/www.pego.org\/noticies\/2022\/04\/07\/pego-es-vesteix-de-broadway-en-la-segona-edicio-del-festival-de-les-arts-esceniques\/","og_locale":"ca_ES","og_type":"article","og_title":"Pego es vesteix de Broadway en la segona edici\u00f3 del Festival de les Arts Esc\u00e8niques - Ajuntament de Pego","og_description":"L&#8217;esdeveniment carnavalesc que s&#8217;havia ajornat per la situaci\u00f3 sanit\u00e0ria, es celebra el pr\u00f2xim 30 d&#8217;abril, tindr\u00e0 huit espais tematitzats i m\u00e9s de 120 figurants Pego torna a posar-se la disfressa per a celebrar la segona edici\u00f3 del Festival de les Arts Esc\u00e8niques, la nova pedra angular de l\u2019aut\u00e8ntic Carnestoltes de la Marina Alta, que celebra... Veure Article","og_url":"https:\/\/www.pego.org\/noticies\/2022\/04\/07\/pego-es-vesteix-de-broadway-en-la-segona-edicio-del-festival-de-les-arts-esceniques\/","og_site_name":"Ajuntament de Pego","article_publisher":"https:\/\/www.facebook.com\/ajuntament.de.pego\/","article_published_time":"2022-04-07T11:46:03+00:00","article_modified_time":"2022-04-07T11:46:06+00:00","og_image":[{"url":"https:\/\/www.pego.org\/noticies\/wp-content\/uploads\/2022\/04\/Presentacio-del-Festival-dArts-Esceniques-700x525.jpg"}],"author":"Bernat Ortola","twitter_card":"summary_large_image","twitter_creator":"@ajupego","twitter_site":"@ajupego","twitter_misc":{"Escrit per":"Bernat Ortola","Temps estimat de lectura":"4 minuts"},"schema":{"@context":"https:\/\/schema.org","@graph":[{"@type":"WebSite","@id":"http:\/\/www.pego.org\/noticies\/#website","url":"http:\/\/www.pego.org\/noticies\/","name":"Ajuntament de Pego","description":"","potentialAction":[{"@type":"SearchAction","target":{"@type":"EntryPoint","urlTemplate":"http:\/\/www.pego.org\/noticies\/?s={search_term_string}"},"query-input":"required name=search_term_string"}],"inLanguage":"ca"},{"@type":"WebPage","@id":"https:\/\/www.pego.org\/noticies\/2022\/04\/07\/pego-es-vesteix-de-broadway-en-la-segona-edicio-del-festival-de-les-arts-esceniques\/","url":"https:\/\/www.pego.org\/noticies\/2022\/04\/07\/pego-es-vesteix-de-broadway-en-la-segona-edicio-del-festival-de-les-arts-esceniques\/","name":"Pego es vesteix de Broadway en la segona edici\u00f3 del Festival de les Arts Esc\u00e8niques - Ajuntament de Pego","isPartOf":{"@id":"http:\/\/www.pego.org\/noticies\/#website"},"datePublished":"2022-04-07T11:46:03+00:00","dateModified":"2022-04-07T11:46:06+00:00","author":{"@id":"http:\/\/www.pego.org\/noticies\/#\/schema\/person\/4326dac4f13188e6a8a1984f5eb1e0e6"},"breadcrumb":{"@id":"https:\/\/www.pego.org\/noticies\/2022\/04\/07\/pego-es-vesteix-de-broadway-en-la-segona-edicio-del-festival-de-les-arts-esceniques\/#breadcrumb"},"inLanguage":"ca","potentialAction":[{"@type":"ReadAction","target":["https:\/\/www.pego.org\/noticies\/2022\/04\/07\/pego-es-vesteix-de-broadway-en-la-segona-edicio-del-festival-de-les-arts-esceniques\/"]}]},{"@type":"BreadcrumbList","@id":"https:\/\/www.pego.org\/noticies\/2022\/04\/07\/pego-es-vesteix-de-broadway-en-la-segona-edicio-del-festival-de-les-arts-esceniques\/#breadcrumb","itemListElement":[{"@type":"ListItem","position":1,"name":"Inici","item":"http:\/\/www.pego.org\/noticies\/"},{"@type":"ListItem","position":2,"name":"Pego es vesteix de Broadway en la segona edici\u00f3 del Festival de les Arts Esc\u00e8niques"}]},{"@type":"Person","@id":"http:\/\/www.pego.org\/noticies\/#\/schema\/person\/4326dac4f13188e6a8a1984f5eb1e0e6","name":"Bernat Ortola","image":{"@type":"ImageObject","inLanguage":"ca","@id":"http:\/\/www.pego.org\/noticies\/#\/schema\/person\/image\/","url":"https:\/\/secure.gravatar.com\/avatar\/75560795a8de75338a850c3d759f927c?s=96&d=mm&r=g","contentUrl":"https:\/\/secure.gravatar.com\/avatar\/75560795a8de75338a850c3d759f927c?s=96&d=mm&r=g","caption":"Bernat Ortola"}}]}},"_links":{"self":[{"href":"https:\/\/www.pego.org\/noticies\/wp-json\/wp\/v2\/posts\/932"}],"collection":[{"href":"https:\/\/www.pego.org\/noticies\/wp-json\/wp\/v2\/posts"}],"about":[{"href":"https:\/\/www.pego.org\/noticies\/wp-json\/wp\/v2\/types\/post"}],"author":[{"embeddable":true,"href":"https:\/\/www.pego.org\/noticies\/wp-json\/wp\/v2\/users\/2"}],"replies":[{"embeddable":true,"href":"https:\/\/www.pego.org\/noticies\/wp-json\/wp\/v2\/comments?post=932"}],"version-history":[{"count":1,"href":"https:\/\/www.pego.org\/noticies\/wp-json\/wp\/v2\/posts\/932\/revisions"}],"predecessor-version":[{"id":936,"href":"https:\/\/www.pego.org\/noticies\/wp-json\/wp\/v2\/posts\/932\/revisions\/936"}],"wp:attachment":[{"href":"https:\/\/www.pego.org\/noticies\/wp-json\/wp\/v2\/media?parent=932"}],"wp:term":[{"taxonomy":"category","embeddable":true,"href":"https:\/\/www.pego.org\/noticies\/wp-json\/wp\/v2\/categories?post=932"},{"taxonomy":"post_tag","embeddable":true,"href":"https:\/\/www.pego.org\/noticies\/wp-json\/wp\/v2\/tags?post=932"}],"curies":[{"name":"wp","href":"https:\/\/api.w.org\/{rel}","templated":true}]}}