{"id":937,"date":"2022-04-08T12:39:19","date_gmt":"2022-04-08T10:39:19","guid":{"rendered":"https:\/\/www.pego.org\/noticies\/?p=937"},"modified":"2022-04-08T12:39:21","modified_gmt":"2022-04-08T10:39:21","slug":"anunci-per-a-la-contractacio-de-la-fira-de-comerc-i-les-jornades-de-larros-2022","status":"publish","type":"post","link":"https:\/\/www.pego.org\/noticies\/2022\/04\/08\/anunci-per-a-la-contractacio-de-la-fira-de-comerc-i-les-jornades-de-larros-2022\/","title":{"rendered":"Anunci per a la contractaci\u00f3 de la Fira de Comer\u00e7 i les Jornades de l\u2019arr\u00f2s 2022"},"content":{"rendered":"\n<p>La campanya tindr\u00e0 una duraci\u00f3 de 15 dies aproximadament a contar des del 23 d\u2019abril al 7 de maig 2022 ambd\u00f3s inclosos.<\/p>\n\n\n\n<p>Per tal de donar-li difusi\u00f3 a les esmentades campanyes es creu convenient des de la regidoria fer les seg\u00fcents insercions publicit\u00e0ries:<\/p>\n\n\n\n<p>Lot 1 \u2013 Difusi\u00f3 de la not\u00edcia aix\u00ed com del cartell de la campanya en un banner fixe lateral en la home en un diari comarcal online i en les seues xarxes socials.<\/p>\n\n\n\n<p>Lot 2 \u2013 Difusi\u00f3 de la not\u00edcia aix\u00ed com del cartell de la campanya en les dimensions 1\/4 de p\u00e0gina per cada esdeveniment en un peri\u00f2dic escrit de tirada de la comarca de la Marina Alta i de distribuci\u00f3 setmanal, hi haur\u00e0 2 insercions aix\u00ed com estar\u00e0 publicada la not\u00edcia en la plataforma web.<\/p>\n\n\n\n<p>Lot 3 \u2013 Difusi\u00f3 de la not\u00edcia aix\u00ed com d\u2019una cunya publicit\u00e0ria d\u2019un minut de durada cada cunya amb un total de 30 cunyes en la campanya en una r\u00e0dio d\u2019\u00e0mbit comarcal aix\u00ed com incloure una entrevista.<\/p>\n\n\n\n<p>Lot 4- Difusi\u00f3 de la not\u00edcia aix\u00ed com dels cartells de la campanya en les dimensions 1\/2 de p\u00e0gina 26\u202fcm x 16 cm en un peri\u00f2dic escrit de tirada comarcal.<\/p>\n\n\n\n<p>Es podran presentar el pressupost de la campanya en el registre d\u2019entrada de l\u2019Ajuntament de Pego des d\u2019avui 08 d\u2019abril fins al 12 d\u2019abril de 2022. Seran seleccionades les ofertes m\u00e9s econ\u00f2miques de cadascuna de les opcions sol\u00b7licitades.<\/p>\n","protected":false},"excerpt":{"rendered":"La campanya tindr\u00e0 una duraci\u00f3 de 15 dies aproximadament a contar des del 23 d\u2019abril al 7 de maig 2022 ambd\u00f3s inclosos. Per tal de donar-li difusi\u00f3 a les esmentades campanyes es creu convenient des de la regidoria fer les seg\u00fcents insercions publicit\u00e0ries: Lot 1 \u2013 Difusi\u00f3 de la not\u00edcia aix\u00ed com del cartell de&#8230; <a class=\"view-article\" href=\"https:\/\/www.pego.org\/noticies\/2022\/04\/08\/anunci-per-a-la-contractacio-de-la-fira-de-comerc-i-les-jornades-de-larros-2022\/\">Veure Article<\/a>","protected":false},"author":2,"featured_media":0,"comment_status":"closed","ping_status":"open","sticky":false,"template":"","format":"standard","meta":[],"categories":[1],"tags":[],"yoast_head":"<!-- This site is optimized with the Yoast SEO plugin v19.4 - https:\/\/yoast.com\/wordpress\/plugins\/seo\/ -->\n<title>Anunci per a la contractaci\u00f3 de la Fira de Comer\u00e7 i les Jornades de l\u2019arr\u00f2s 2022 - Ajuntament de Pego<\/title>\n<meta name=\"robots\" content=\"index, follow, max-snippet:-1, max-image-preview:large, max-video-preview:-1\" \/>\n<link rel=\"canonical\" href=\"https:\/\/www.pego.org\/noticies\/2022\/04\/08\/anunci-per-a-la-contractacio-de-la-fira-de-comerc-i-les-jornades-de-larros-2022\/\" \/>\n<meta property=\"og:locale\" content=\"ca_ES\" \/>\n<meta property=\"og:type\" content=\"article\" \/>\n<meta property=\"og:title\" content=\"Anunci per a la contractaci\u00f3 de la Fira de Comer\u00e7 i les Jornades de l\u2019arr\u00f2s 2022 - Ajuntament de Pego\" \/>\n<meta property=\"og:description\" content=\"La campanya tindr\u00e0 una duraci\u00f3 de 15 dies aproximadament a contar des del 23 d\u2019abril al 7 de maig 2022 ambd\u00f3s inclosos. Per tal de donar-li difusi\u00f3 a les esmentades campanyes es creu convenient des de la regidoria fer les seg\u00fcents insercions publicit\u00e0ries: Lot 1 \u2013 Difusi\u00f3 de la not\u00edcia aix\u00ed com del cartell de... Veure Article\" \/>\n<meta property=\"og:url\" content=\"https:\/\/www.pego.org\/noticies\/2022\/04\/08\/anunci-per-a-la-contractacio-de-la-fira-de-comerc-i-les-jornades-de-larros-2022\/\" \/>\n<meta property=\"og:site_name\" content=\"Ajuntament de Pego\" \/>\n<meta property=\"article:publisher\" content=\"https:\/\/www.facebook.com\/ajuntament.de.pego\/\" \/>\n<meta property=\"article:published_time\" content=\"2022-04-08T10:39:19+00:00\" \/>\n<meta property=\"article:modified_time\" content=\"2022-04-08T10:39:21+00:00\" \/>\n<meta name=\"author\" content=\"Bernat Ortola\" \/>\n<meta name=\"twitter:card\" content=\"summary_large_image\" \/>\n<meta name=\"twitter:creator\" content=\"@ajupego\" \/>\n<meta name=\"twitter:site\" content=\"@ajupego\" \/>\n<meta name=\"twitter:label1\" content=\"Escrit per\" \/>\n\t<meta name=\"twitter:data1\" content=\"Bernat Ortola\" \/>\n\t<meta name=\"twitter:label2\" content=\"Temps estimat de lectura\" \/>\n\t<meta name=\"twitter:data2\" content=\"2 minuts\" \/>\n<script type=\"application\/ld+json\" class=\"yoast-schema-graph\">{\"@context\":\"https:\/\/schema.org\",\"@graph\":[{\"@type\":\"WebSite\",\"@id\":\"http:\/\/www.pego.org\/noticies\/#website\",\"url\":\"http:\/\/www.pego.org\/noticies\/\",\"name\":\"Ajuntament de Pego\",\"description\":\"\",\"potentialAction\":[{\"@type\":\"SearchAction\",\"target\":{\"@type\":\"EntryPoint\",\"urlTemplate\":\"http:\/\/www.pego.org\/noticies\/?s={search_term_string}\"},\"query-input\":\"required name=search_term_string\"}],\"inLanguage\":\"ca\"},{\"@type\":\"WebPage\",\"@id\":\"https:\/\/www.pego.org\/noticies\/2022\/04\/08\/anunci-per-a-la-contractacio-de-la-fira-de-comerc-i-les-jornades-de-larros-2022\/\",\"url\":\"https:\/\/www.pego.org\/noticies\/2022\/04\/08\/anunci-per-a-la-contractacio-de-la-fira-de-comerc-i-les-jornades-de-larros-2022\/\",\"name\":\"Anunci per a la contractaci\u00f3 de la Fira de Comer\u00e7 i les Jornades de l\u2019arr\u00f2s 2022 - Ajuntament de Pego\",\"isPartOf\":{\"@id\":\"http:\/\/www.pego.org\/noticies\/#website\"},\"datePublished\":\"2022-04-08T10:39:19+00:00\",\"dateModified\":\"2022-04-08T10:39:21+00:00\",\"author\":{\"@id\":\"http:\/\/www.pego.org\/noticies\/#\/schema\/person\/4326dac4f13188e6a8a1984f5eb1e0e6\"},\"breadcrumb\":{\"@id\":\"https:\/\/www.pego.org\/noticies\/2022\/04\/08\/anunci-per-a-la-contractacio-de-la-fira-de-comerc-i-les-jornades-de-larros-2022\/#breadcrumb\"},\"inLanguage\":\"ca\",\"potentialAction\":[{\"@type\":\"ReadAction\",\"target\":[\"https:\/\/www.pego.org\/noticies\/2022\/04\/08\/anunci-per-a-la-contractacio-de-la-fira-de-comerc-i-les-jornades-de-larros-2022\/\"]}]},{\"@type\":\"BreadcrumbList\",\"@id\":\"https:\/\/www.pego.org\/noticies\/2022\/04\/08\/anunci-per-a-la-contractacio-de-la-fira-de-comerc-i-les-jornades-de-larros-2022\/#breadcrumb\",\"itemListElement\":[{\"@type\":\"ListItem\",\"position\":1,\"name\":\"Inici\",\"item\":\"http:\/\/www.pego.org\/noticies\/\"},{\"@type\":\"ListItem\",\"position\":2,\"name\":\"Anunci per a la contractaci\u00f3 de la Fira de Comer\u00e7 i les Jornades de l\u2019arr\u00f2s 2022\"}]},{\"@type\":\"Person\",\"@id\":\"http:\/\/www.pego.org\/noticies\/#\/schema\/person\/4326dac4f13188e6a8a1984f5eb1e0e6\",\"name\":\"Bernat Ortola\",\"image\":{\"@type\":\"ImageObject\",\"inLanguage\":\"ca\",\"@id\":\"http:\/\/www.pego.org\/noticies\/#\/schema\/person\/image\/\",\"url\":\"https:\/\/secure.gravatar.com\/avatar\/75560795a8de75338a850c3d759f927c?s=96&d=mm&r=g\",\"contentUrl\":\"https:\/\/secure.gravatar.com\/avatar\/75560795a8de75338a850c3d759f927c?s=96&d=mm&r=g\",\"caption\":\"Bernat Ortola\"}}]}<\/script>\n<!-- \/ Yoast SEO plugin. -->","yoast_head_json":{"title":"Anunci per a la contractaci\u00f3 de la Fira de Comer\u00e7 i les Jornades de l\u2019arr\u00f2s 2022 - Ajuntament de Pego","robots":{"index":"index","follow":"follow","max-snippet":"max-snippet:-1","max-image-preview":"max-image-preview:large","max-video-preview":"max-video-preview:-1"},"canonical":"https:\/\/www.pego.org\/noticies\/2022\/04\/08\/anunci-per-a-la-contractacio-de-la-fira-de-comerc-i-les-jornades-de-larros-2022\/","og_locale":"ca_ES","og_type":"article","og_title":"Anunci per a la contractaci\u00f3 de la Fira de Comer\u00e7 i les Jornades de l\u2019arr\u00f2s 2022 - Ajuntament de Pego","og_description":"La campanya tindr\u00e0 una duraci\u00f3 de 15 dies aproximadament a contar des del 23 d\u2019abril al 7 de maig 2022 ambd\u00f3s inclosos. Per tal de donar-li difusi\u00f3 a les esmentades campanyes es creu convenient des de la regidoria fer les seg\u00fcents insercions publicit\u00e0ries: Lot 1 \u2013 Difusi\u00f3 de la not\u00edcia aix\u00ed com del cartell de... Veure Article","og_url":"https:\/\/www.pego.org\/noticies\/2022\/04\/08\/anunci-per-a-la-contractacio-de-la-fira-de-comerc-i-les-jornades-de-larros-2022\/","og_site_name":"Ajuntament de Pego","article_publisher":"https:\/\/www.facebook.com\/ajuntament.de.pego\/","article_published_time":"2022-04-08T10:39:19+00:00","article_modified_time":"2022-04-08T10:39:21+00:00","author":"Bernat Ortola","twitter_card":"summary_large_image","twitter_creator":"@ajupego","twitter_site":"@ajupego","twitter_misc":{"Escrit per":"Bernat Ortola","Temps estimat de lectura":"2 minuts"},"schema":{"@context":"https:\/\/schema.org","@graph":[{"@type":"WebSite","@id":"http:\/\/www.pego.org\/noticies\/#website","url":"http:\/\/www.pego.org\/noticies\/","name":"Ajuntament de Pego","description":"","potentialAction":[{"@type":"SearchAction","target":{"@type":"EntryPoint","urlTemplate":"http:\/\/www.pego.org\/noticies\/?s={search_term_string}"},"query-input":"required name=search_term_string"}],"inLanguage":"ca"},{"@type":"WebPage","@id":"https:\/\/www.pego.org\/noticies\/2022\/04\/08\/anunci-per-a-la-contractacio-de-la-fira-de-comerc-i-les-jornades-de-larros-2022\/","url":"https:\/\/www.pego.org\/noticies\/2022\/04\/08\/anunci-per-a-la-contractacio-de-la-fira-de-comerc-i-les-jornades-de-larros-2022\/","name":"Anunci per a la contractaci\u00f3 de la Fira de Comer\u00e7 i les Jornades de l\u2019arr\u00f2s 2022 - Ajuntament de Pego","isPartOf":{"@id":"http:\/\/www.pego.org\/noticies\/#website"},"datePublished":"2022-04-08T10:39:19+00:00","dateModified":"2022-04-08T10:39:21+00:00","author":{"@id":"http:\/\/www.pego.org\/noticies\/#\/schema\/person\/4326dac4f13188e6a8a1984f5eb1e0e6"},"breadcrumb":{"@id":"https:\/\/www.pego.org\/noticies\/2022\/04\/08\/anunci-per-a-la-contractacio-de-la-fira-de-comerc-i-les-jornades-de-larros-2022\/#breadcrumb"},"inLanguage":"ca","potentialAction":[{"@type":"ReadAction","target":["https:\/\/www.pego.org\/noticies\/2022\/04\/08\/anunci-per-a-la-contractacio-de-la-fira-de-comerc-i-les-jornades-de-larros-2022\/"]}]},{"@type":"BreadcrumbList","@id":"https:\/\/www.pego.org\/noticies\/2022\/04\/08\/anunci-per-a-la-contractacio-de-la-fira-de-comerc-i-les-jornades-de-larros-2022\/#breadcrumb","itemListElement":[{"@type":"ListItem","position":1,"name":"Inici","item":"http:\/\/www.pego.org\/noticies\/"},{"@type":"ListItem","position":2,"name":"Anunci per a la contractaci\u00f3 de la Fira de Comer\u00e7 i les Jornades de l\u2019arr\u00f2s 2022"}]},{"@type":"Person","@id":"http:\/\/www.pego.org\/noticies\/#\/schema\/person\/4326dac4f13188e6a8a1984f5eb1e0e6","name":"Bernat Ortola","image":{"@type":"ImageObject","inLanguage":"ca","@id":"http:\/\/www.pego.org\/noticies\/#\/schema\/person\/image\/","url":"https:\/\/secure.gravatar.com\/avatar\/75560795a8de75338a850c3d759f927c?s=96&d=mm&r=g","contentUrl":"https:\/\/secure.gravatar.com\/avatar\/75560795a8de75338a850c3d759f927c?s=96&d=mm&r=g","caption":"Bernat Ortola"}}]}},"_links":{"self":[{"href":"https:\/\/www.pego.org\/noticies\/wp-json\/wp\/v2\/posts\/937"}],"collection":[{"href":"https:\/\/www.pego.org\/noticies\/wp-json\/wp\/v2\/posts"}],"about":[{"href":"https:\/\/www.pego.org\/noticies\/wp-json\/wp\/v2\/types\/post"}],"author":[{"embeddable":true,"href":"https:\/\/www.pego.org\/noticies\/wp-json\/wp\/v2\/users\/2"}],"replies":[{"embeddable":true,"href":"https:\/\/www.pego.org\/noticies\/wp-json\/wp\/v2\/comments?post=937"}],"version-history":[{"count":1,"href":"https:\/\/www.pego.org\/noticies\/wp-json\/wp\/v2\/posts\/937\/revisions"}],"predecessor-version":[{"id":938,"href":"https:\/\/www.pego.org\/noticies\/wp-json\/wp\/v2\/posts\/937\/revisions\/938"}],"wp:attachment":[{"href":"https:\/\/www.pego.org\/noticies\/wp-json\/wp\/v2\/media?parent=937"}],"wp:term":[{"taxonomy":"category","embeddable":true,"href":"https:\/\/www.pego.org\/noticies\/wp-json\/wp\/v2\/categories?post=937"},{"taxonomy":"post_tag","embeddable":true,"href":"https:\/\/www.pego.org\/noticies\/wp-json\/wp\/v2\/tags?post=937"}],"curies":[{"name":"wp","href":"https:\/\/api.w.org\/{rel}","templated":true}]}}