{"id":944,"date":"2022-04-12T12:23:47","date_gmt":"2022-04-12T10:23:47","guid":{"rendered":"https:\/\/www.pego.org\/noticies\/?p=944"},"modified":"2022-04-12T12:23:50","modified_gmt":"2022-04-12T10:23:50","slug":"estell-laguila-pescadora-que-viu-a-la-marjal-de-pego-compleix-el-seu-primer-any","status":"publish","type":"post","link":"https:\/\/www.pego.org\/noticies\/2022\/04\/12\/estell-laguila-pescadora-que-viu-a-la-marjal-de-pego-compleix-el-seu-primer-any\/","title":{"rendered":"Estell, l&#8217;\u00e0guila pescadora que viu a la Marjal de Pego, compleix el seu primer any"},"content":{"rendered":"\n<p><em>El paratge natural acull dues jornades amb diferents activitats per a les fam\u00edlies per a commemorar l&#8217;efem\u00e8ride<\/em><\/p>\n\n\n\n<p><em>El projecte de reinserci\u00f3 de l&#8217;au rapa\u00e7 es desenvolupa conjuntament entre el Servei de Vida Silvestre de la conselleria de Medi Ambient, la Fundaci\u00f3 Migres, tots dos consistoris i la Fundaci\u00f3 Iberdrola<\/em><\/p>\n\n\n\n<p><\/p>\n\n\n\n<div class=\"wp-block-image\"><figure class=\"aligncenter size-large\"><img loading=\"lazy\" width=\"700\" height=\"451\" src=\"https:\/\/www.pego.org\/noticies\/wp-content\/uploads\/2022\/04\/Estell-700x451.jpg\" alt=\"\" class=\"wp-image-945\" srcset=\"https:\/\/www.pego.org\/noticies\/wp-content\/uploads\/2022\/04\/Estell-700x451.jpg 700w, https:\/\/www.pego.org\/noticies\/wp-content\/uploads\/2022\/04\/Estell-250x161.jpg 250w, https:\/\/www.pego.org\/noticies\/wp-content\/uploads\/2022\/04\/Estell-768x495.jpg 768w, https:\/\/www.pego.org\/noticies\/wp-content\/uploads\/2022\/04\/Estell-1536x990.jpg 1536w, https:\/\/www.pego.org\/noticies\/wp-content\/uploads\/2022\/04\/Estell-120x77.jpg 120w, https:\/\/www.pego.org\/noticies\/wp-content\/uploads\/2022\/04\/Estell.jpg 2048w\" sizes=\"(max-width: 700px) 100vw, 700px\" \/><figcaption>Estell vola pel parc natural Marjal de Pego-Oliva.<\/figcaption><\/figure><\/div>\n\n\n\n<p><\/p>\n\n\n\n<p>Estell, l&#8217;\u00e0guila pescadora i el m\u00e9s notable inquil\u00ed de la Marjal Pego-Oliva, compleix el seu primer aniversari el pr\u00f2xim 16 d&#8217;abril. Una efem\u00e8ride que el municipi de Pego, junt amb Oliva, celebrar\u00e0 amb emoci\u00f3 i un programa replet d&#8217;actes en el paratge natural durant el cap de setmana del 16 i 17 d&#8217;abril.<\/p>\n\n\n\n<p>Es tracta de dues jornades familiars, de 17 a 20 hores, organitzades per la Fundaci\u00f3 Migres i que compta amb la col\u00b7laboraci\u00f3 dels ajuntaments de Pego i Oliva, aix\u00ed com de la Generalitat Valenciana. Tant per al dissabte 16 com per al diumenge 17 s&#8217;han programat una s\u00e8rie de tallers amb els quals con\u00e9ixer millor a l&#8217;ocell que regna sobre la marjal, aix\u00ed com l&#8217;entorn natural que l&#8217;envolta. Tamb\u00e9 se celebrar\u00e0, en tots dos dies, una Gimcana de Pasqua. La festa culminar\u00e0 amb un berenar (la que se celebra en qualsevol aniversari de xiquets i xiquetes, amb past\u00eds incl\u00f2s).<\/p>\n\n\n\n<p>\u201cA m\u00e9s de celebrar l&#8217;inici, ara fa un any d&#8217;una aventura tan especial com \u00e9s la recuperaci\u00f3 d&#8217;una esp\u00e8cie, desapareguda durant tants anys de les nostres terres, es tracta de donar continu\u00eftat a aquesta primera pe\u00e7a d&#8217;un projecte important\u00edssim i emocionant que ens ajuda a con\u00e9ixer millor la fauna i flora del nostre entorn natural\u201d, explica la responsable de Medi Ambient, Laura Castell\u00e0. La regidora recalca la \u201cimport\u00e0ncia que xicotets i majors coneguen el projecte perqu\u00e8 prenguen consci\u00e8ncia en la cura de la naturalesa\u201d.<\/p>\n\n\n\n<p>Les places per a participar en aquest especial aniversari s\u00f3n limitades, encara que la cita \u00e9s important, no conv\u00e9 avassallar a Estell, requereixen inscripci\u00f3 pr\u00e8via.<\/p>\n\n\n\n<p><\/p>\n\n\n\n<p><strong>Supervivent<\/strong><\/p>\n\n\n\n<p>\u201cEstell sembla que t\u00e9 m\u00e9s vides que un gat\u201d, aix\u00ed defineix Itziar Colodro, membre de la Fundaci\u00f3 Migres, l&#8217;odissea en la qual s&#8217;ha convertit el primer any de l&#8217;au rapa\u00e7. No ha sigut f\u00e0cil, de fet les estad\u00edstiques juguen en contra seua, perqu\u00e8 tan sols el 12% de pollets sobreviu al primer any, \u201cha sigut un miracle, perqu\u00e8 a Estell li don\u00e0vem un percentatge de superviv\u00e8ncia de tan sols un 6%\u201d, explica Colodro.<\/p>\n\n\n\n<p>El principal enemic d&#8217;aquesta au rapa\u00e7 ha sigut l&#8217;entramat el\u00e8ctric que campa a plaer per tot el m\u00f3n. \u201cEn la Marjal hem aconseguit retirar les torres d&#8217;alta tensi\u00f3, per\u00f2 quan Estell realitza llargs vols, s&#8217;enfronta a molt\u00edssimes complicacions. De fet va tindre un greu contratemps que li va danyar seriosament una de les seues potes\u201d, comenta la responsable de la Fundaci\u00f3 Migres.<\/p>\n\n\n\n<p>Estell dona ales al projecte de reinserci\u00f3 de l&#8217;\u00e0guila pescadora en el paratge natural en el qual treballen de la m\u00e0 el Servei de Vida Silvestre de la conselleria de Medi Ambient, la Fundaci\u00f3 Migres, els consistoris de Pego i Oliva i la Fundaci\u00f3 Iberdrola. \u201cComplir aquest primer any \u00e9s, sens dubte un punt d&#8217;inflexi\u00f3, Estell ha apr\u00e9s molt i ara comen\u00e7a, comencem una nova fase\u201d.<\/p>\n\n\n\n<p><\/p>\n\n\n\n<p><strong>Programa especial<\/strong><\/p>\n\n\n\n<p>L&#8217;aniversari d&#8217;Estell tamb\u00e9 se celebrar\u00e0 a trav\u00e9s de les ones. L&#8217;emissora local R\u00e0dio Pego es traslladar\u00e0 al parc natural el dia 27 d&#8217;abril, per a emetre, a partir de les 11 del mat\u00ed, un programa especial en el qual participaran tots els actors del projecte de reintroducci\u00f3 de l&#8217;\u00e0guila pescadora en la Marjal. \u201cVolem donar-li la import\u00e0ncia que t\u00e9 i esperem que el missatge, el que cal apostar pel suport a la naturalesa, arribe a tots els racons i res millor que fer-ho a trav\u00e9s de la r\u00e0dio\u201d, apunta l&#8217;edil de Comunicaci\u00f3, Ricardo Sendra.<\/p>\n\n\n\n<div class=\"wp-block-image\"><figure class=\"aligncenter size-large\"><img loading=\"lazy\" width=\"700\" height=\"1244\" src=\"https:\/\/www.pego.org\/noticies\/wp-content\/uploads\/2022\/04\/Estell-aniversari-700x1244.jpg\" alt=\"\" class=\"wp-image-946\" srcset=\"https:\/\/www.pego.org\/noticies\/wp-content\/uploads\/2022\/04\/Estell-aniversari-700x1244.jpg 700w, https:\/\/www.pego.org\/noticies\/wp-content\/uploads\/2022\/04\/Estell-aniversari-250x444.jpg 250w, https:\/\/www.pego.org\/noticies\/wp-content\/uploads\/2022\/04\/Estell-aniversari-120x213.jpg 120w, https:\/\/www.pego.org\/noticies\/wp-content\/uploads\/2022\/04\/Estell-aniversari.jpg 720w\" sizes=\"(max-width: 700px) 100vw, 700px\" \/><\/figure><\/div>\n","protected":false},"excerpt":{"rendered":"El paratge natural acull dues jornades amb diferents activitats per a les fam\u00edlies per a commemorar l&#8217;efem\u00e8ride El projecte de reinserci\u00f3 de l&#8217;au rapa\u00e7 es desenvolupa conjuntament entre el Servei de Vida Silvestre de la conselleria de Medi Ambient, la Fundaci\u00f3 Migres, tots dos consistoris i la Fundaci\u00f3 Iberdrola Estell, l&#8217;\u00e0guila pescadora i el m\u00e9s&#8230; <a class=\"view-article\" href=\"https:\/\/www.pego.org\/noticies\/2022\/04\/12\/estell-laguila-pescadora-que-viu-a-la-marjal-de-pego-compleix-el-seu-primer-any\/\">Veure Article<\/a>","protected":false},"author":2,"featured_media":0,"comment_status":"closed","ping_status":"open","sticky":false,"template":"","format":"standard","meta":[],"categories":[1],"tags":[],"yoast_head":"<!-- This site is optimized with the Yoast SEO plugin v19.4 - https:\/\/yoast.com\/wordpress\/plugins\/seo\/ -->\n<title>Estell, l&#039;\u00e0guila pescadora que viu a la Marjal de Pego, compleix el seu primer any - Ajuntament de Pego<\/title>\n<meta name=\"robots\" content=\"index, follow, max-snippet:-1, max-image-preview:large, max-video-preview:-1\" \/>\n<link rel=\"canonical\" href=\"https:\/\/www.pego.org\/noticies\/2022\/04\/12\/estell-laguila-pescadora-que-viu-a-la-marjal-de-pego-compleix-el-seu-primer-any\/\" \/>\n<meta property=\"og:locale\" content=\"ca_ES\" \/>\n<meta property=\"og:type\" content=\"article\" \/>\n<meta property=\"og:title\" content=\"Estell, l&#039;\u00e0guila pescadora que viu a la Marjal de Pego, compleix el seu primer any - Ajuntament de Pego\" \/>\n<meta property=\"og:description\" content=\"El paratge natural acull dues jornades amb diferents activitats per a les fam\u00edlies per a commemorar l&#8217;efem\u00e8ride El projecte de reinserci\u00f3 de l&#8217;au rapa\u00e7 es desenvolupa conjuntament entre el Servei de Vida Silvestre de la conselleria de Medi Ambient, la Fundaci\u00f3 Migres, tots dos consistoris i la Fundaci\u00f3 Iberdrola Estell, l&#8217;\u00e0guila pescadora i el m\u00e9s... Veure Article\" \/>\n<meta property=\"og:url\" content=\"https:\/\/www.pego.org\/noticies\/2022\/04\/12\/estell-laguila-pescadora-que-viu-a-la-marjal-de-pego-compleix-el-seu-primer-any\/\" \/>\n<meta property=\"og:site_name\" content=\"Ajuntament de Pego\" \/>\n<meta property=\"article:publisher\" content=\"https:\/\/www.facebook.com\/ajuntament.de.pego\/\" \/>\n<meta property=\"article:published_time\" content=\"2022-04-12T10:23:47+00:00\" \/>\n<meta property=\"article:modified_time\" content=\"2022-04-12T10:23:50+00:00\" \/>\n<meta property=\"og:image\" content=\"https:\/\/www.pego.org\/noticies\/wp-content\/uploads\/2022\/04\/Estell-700x451.jpg\" \/>\n<meta name=\"author\" content=\"Bernat Ortola\" \/>\n<meta name=\"twitter:card\" content=\"summary_large_image\" \/>\n<meta name=\"twitter:creator\" content=\"@ajupego\" \/>\n<meta name=\"twitter:site\" content=\"@ajupego\" \/>\n<meta name=\"twitter:label1\" content=\"Escrit per\" \/>\n\t<meta name=\"twitter:data1\" content=\"Bernat Ortola\" \/>\n\t<meta name=\"twitter:label2\" content=\"Temps estimat de lectura\" \/>\n\t<meta name=\"twitter:data2\" content=\"4 minuts\" \/>\n<script type=\"application\/ld+json\" class=\"yoast-schema-graph\">{\"@context\":\"https:\/\/schema.org\",\"@graph\":[{\"@type\":\"WebSite\",\"@id\":\"http:\/\/www.pego.org\/noticies\/#website\",\"url\":\"http:\/\/www.pego.org\/noticies\/\",\"name\":\"Ajuntament de Pego\",\"description\":\"\",\"potentialAction\":[{\"@type\":\"SearchAction\",\"target\":{\"@type\":\"EntryPoint\",\"urlTemplate\":\"http:\/\/www.pego.org\/noticies\/?s={search_term_string}\"},\"query-input\":\"required name=search_term_string\"}],\"inLanguage\":\"ca\"},{\"@type\":\"WebPage\",\"@id\":\"https:\/\/www.pego.org\/noticies\/2022\/04\/12\/estell-laguila-pescadora-que-viu-a-la-marjal-de-pego-compleix-el-seu-primer-any\/\",\"url\":\"https:\/\/www.pego.org\/noticies\/2022\/04\/12\/estell-laguila-pescadora-que-viu-a-la-marjal-de-pego-compleix-el-seu-primer-any\/\",\"name\":\"Estell, l'\u00e0guila pescadora que viu a la Marjal de Pego, compleix el seu primer any - Ajuntament de Pego\",\"isPartOf\":{\"@id\":\"http:\/\/www.pego.org\/noticies\/#website\"},\"datePublished\":\"2022-04-12T10:23:47+00:00\",\"dateModified\":\"2022-04-12T10:23:50+00:00\",\"author\":{\"@id\":\"http:\/\/www.pego.org\/noticies\/#\/schema\/person\/4326dac4f13188e6a8a1984f5eb1e0e6\"},\"breadcrumb\":{\"@id\":\"https:\/\/www.pego.org\/noticies\/2022\/04\/12\/estell-laguila-pescadora-que-viu-a-la-marjal-de-pego-compleix-el-seu-primer-any\/#breadcrumb\"},\"inLanguage\":\"ca\",\"potentialAction\":[{\"@type\":\"ReadAction\",\"target\":[\"https:\/\/www.pego.org\/noticies\/2022\/04\/12\/estell-laguila-pescadora-que-viu-a-la-marjal-de-pego-compleix-el-seu-primer-any\/\"]}]},{\"@type\":\"BreadcrumbList\",\"@id\":\"https:\/\/www.pego.org\/noticies\/2022\/04\/12\/estell-laguila-pescadora-que-viu-a-la-marjal-de-pego-compleix-el-seu-primer-any\/#breadcrumb\",\"itemListElement\":[{\"@type\":\"ListItem\",\"position\":1,\"name\":\"Inici\",\"item\":\"http:\/\/www.pego.org\/noticies\/\"},{\"@type\":\"ListItem\",\"position\":2,\"name\":\"Estell, l&#8217;\u00e0guila pescadora que viu a la Marjal de Pego, compleix el seu primer any\"}]},{\"@type\":\"Person\",\"@id\":\"http:\/\/www.pego.org\/noticies\/#\/schema\/person\/4326dac4f13188e6a8a1984f5eb1e0e6\",\"name\":\"Bernat Ortola\",\"image\":{\"@type\":\"ImageObject\",\"inLanguage\":\"ca\",\"@id\":\"http:\/\/www.pego.org\/noticies\/#\/schema\/person\/image\/\",\"url\":\"https:\/\/secure.gravatar.com\/avatar\/75560795a8de75338a850c3d759f927c?s=96&d=mm&r=g\",\"contentUrl\":\"https:\/\/secure.gravatar.com\/avatar\/75560795a8de75338a850c3d759f927c?s=96&d=mm&r=g\",\"caption\":\"Bernat Ortola\"}}]}<\/script>\n<!-- \/ Yoast SEO plugin. -->","yoast_head_json":{"title":"Estell, l'\u00e0guila pescadora que viu a la Marjal de Pego, compleix el seu primer any - Ajuntament de Pego","robots":{"index":"index","follow":"follow","max-snippet":"max-snippet:-1","max-image-preview":"max-image-preview:large","max-video-preview":"max-video-preview:-1"},"canonical":"https:\/\/www.pego.org\/noticies\/2022\/04\/12\/estell-laguila-pescadora-que-viu-a-la-marjal-de-pego-compleix-el-seu-primer-any\/","og_locale":"ca_ES","og_type":"article","og_title":"Estell, l'\u00e0guila pescadora que viu a la Marjal de Pego, compleix el seu primer any - Ajuntament de Pego","og_description":"El paratge natural acull dues jornades amb diferents activitats per a les fam\u00edlies per a commemorar l&#8217;efem\u00e8ride El projecte de reinserci\u00f3 de l&#8217;au rapa\u00e7 es desenvolupa conjuntament entre el Servei de Vida Silvestre de la conselleria de Medi Ambient, la Fundaci\u00f3 Migres, tots dos consistoris i la Fundaci\u00f3 Iberdrola Estell, l&#8217;\u00e0guila pescadora i el m\u00e9s... Veure Article","og_url":"https:\/\/www.pego.org\/noticies\/2022\/04\/12\/estell-laguila-pescadora-que-viu-a-la-marjal-de-pego-compleix-el-seu-primer-any\/","og_site_name":"Ajuntament de Pego","article_publisher":"https:\/\/www.facebook.com\/ajuntament.de.pego\/","article_published_time":"2022-04-12T10:23:47+00:00","article_modified_time":"2022-04-12T10:23:50+00:00","og_image":[{"url":"https:\/\/www.pego.org\/noticies\/wp-content\/uploads\/2022\/04\/Estell-700x451.jpg"}],"author":"Bernat Ortola","twitter_card":"summary_large_image","twitter_creator":"@ajupego","twitter_site":"@ajupego","twitter_misc":{"Escrit per":"Bernat Ortola","Temps estimat de lectura":"4 minuts"},"schema":{"@context":"https:\/\/schema.org","@graph":[{"@type":"WebSite","@id":"http:\/\/www.pego.org\/noticies\/#website","url":"http:\/\/www.pego.org\/noticies\/","name":"Ajuntament de Pego","description":"","potentialAction":[{"@type":"SearchAction","target":{"@type":"EntryPoint","urlTemplate":"http:\/\/www.pego.org\/noticies\/?s={search_term_string}"},"query-input":"required name=search_term_string"}],"inLanguage":"ca"},{"@type":"WebPage","@id":"https:\/\/www.pego.org\/noticies\/2022\/04\/12\/estell-laguila-pescadora-que-viu-a-la-marjal-de-pego-compleix-el-seu-primer-any\/","url":"https:\/\/www.pego.org\/noticies\/2022\/04\/12\/estell-laguila-pescadora-que-viu-a-la-marjal-de-pego-compleix-el-seu-primer-any\/","name":"Estell, l'\u00e0guila pescadora que viu a la Marjal de Pego, compleix el seu primer any - Ajuntament de Pego","isPartOf":{"@id":"http:\/\/www.pego.org\/noticies\/#website"},"datePublished":"2022-04-12T10:23:47+00:00","dateModified":"2022-04-12T10:23:50+00:00","author":{"@id":"http:\/\/www.pego.org\/noticies\/#\/schema\/person\/4326dac4f13188e6a8a1984f5eb1e0e6"},"breadcrumb":{"@id":"https:\/\/www.pego.org\/noticies\/2022\/04\/12\/estell-laguila-pescadora-que-viu-a-la-marjal-de-pego-compleix-el-seu-primer-any\/#breadcrumb"},"inLanguage":"ca","potentialAction":[{"@type":"ReadAction","target":["https:\/\/www.pego.org\/noticies\/2022\/04\/12\/estell-laguila-pescadora-que-viu-a-la-marjal-de-pego-compleix-el-seu-primer-any\/"]}]},{"@type":"BreadcrumbList","@id":"https:\/\/www.pego.org\/noticies\/2022\/04\/12\/estell-laguila-pescadora-que-viu-a-la-marjal-de-pego-compleix-el-seu-primer-any\/#breadcrumb","itemListElement":[{"@type":"ListItem","position":1,"name":"Inici","item":"http:\/\/www.pego.org\/noticies\/"},{"@type":"ListItem","position":2,"name":"Estell, l&#8217;\u00e0guila pescadora que viu a la Marjal de Pego, compleix el seu primer any"}]},{"@type":"Person","@id":"http:\/\/www.pego.org\/noticies\/#\/schema\/person\/4326dac4f13188e6a8a1984f5eb1e0e6","name":"Bernat Ortola","image":{"@type":"ImageObject","inLanguage":"ca","@id":"http:\/\/www.pego.org\/noticies\/#\/schema\/person\/image\/","url":"https:\/\/secure.gravatar.com\/avatar\/75560795a8de75338a850c3d759f927c?s=96&d=mm&r=g","contentUrl":"https:\/\/secure.gravatar.com\/avatar\/75560795a8de75338a850c3d759f927c?s=96&d=mm&r=g","caption":"Bernat Ortola"}}]}},"_links":{"self":[{"href":"https:\/\/www.pego.org\/noticies\/wp-json\/wp\/v2\/posts\/944"}],"collection":[{"href":"https:\/\/www.pego.org\/noticies\/wp-json\/wp\/v2\/posts"}],"about":[{"href":"https:\/\/www.pego.org\/noticies\/wp-json\/wp\/v2\/types\/post"}],"author":[{"embeddable":true,"href":"https:\/\/www.pego.org\/noticies\/wp-json\/wp\/v2\/users\/2"}],"replies":[{"embeddable":true,"href":"https:\/\/www.pego.org\/noticies\/wp-json\/wp\/v2\/comments?post=944"}],"version-history":[{"count":1,"href":"https:\/\/www.pego.org\/noticies\/wp-json\/wp\/v2\/posts\/944\/revisions"}],"predecessor-version":[{"id":947,"href":"https:\/\/www.pego.org\/noticies\/wp-json\/wp\/v2\/posts\/944\/revisions\/947"}],"wp:attachment":[{"href":"https:\/\/www.pego.org\/noticies\/wp-json\/wp\/v2\/media?parent=944"}],"wp:term":[{"taxonomy":"category","embeddable":true,"href":"https:\/\/www.pego.org\/noticies\/wp-json\/wp\/v2\/categories?post=944"},{"taxonomy":"post_tag","embeddable":true,"href":"https:\/\/www.pego.org\/noticies\/wp-json\/wp\/v2\/tags?post=944"}],"curies":[{"name":"wp","href":"https:\/\/api.w.org\/{rel}","templated":true}]}}