{"id":953,"date":"2022-04-13T11:11:56","date_gmt":"2022-04-13T09:11:56","guid":{"rendered":"https:\/\/www.pego.org\/noticies\/?p=953"},"modified":"2022-09-13T10:29:10","modified_gmt":"2022-09-13T08:29:10","slug":"cuina-comerc-cultura-i-tradicio-enceten-el-mes-de-maig-a-pego","status":"publish","type":"post","link":"https:\/\/www.pego.org\/noticies\/2022\/04\/13\/cuina-comerc-cultura-i-tradicio-enceten-el-mes-de-maig-a-pego\/","title":{"rendered":"Cuina, comer\u00e7, cultura i tradici\u00f3 enceten el mes de maig a Pego"},"content":{"rendered":"\n<p><em>El municipi celebra, del 4 al 8 de maig, les jornades gastron\u00f2miques de l\u2019arr\u00f2s bomba i bomb\u00f3, la Fira del Comer\u00e7, el concurs de Pintura R\u00e0pida i l\u2019encontre nacional de patchwork<\/em><\/p>\n\n\n\n<p><\/p>\n\n\n\n<div class=\"wp-block-image\"><figure class=\"aligncenter size-large\"><img loading=\"lazy\" width=\"700\" height=\"525\" src=\"https:\/\/www.pego.org\/noticies\/wp-content\/uploads\/2022\/04\/Restauradores-de-Pego-amb-el-regidor-i-la-tecnica-de-Creama-700x525.jpg\" alt=\"\" class=\"wp-image-954\" srcset=\"https:\/\/www.pego.org\/noticies\/wp-content\/uploads\/2022\/04\/Restauradores-de-Pego-amb-el-regidor-i-la-tecnica-de-Creama-700x525.jpg 700w, https:\/\/www.pego.org\/noticies\/wp-content\/uploads\/2022\/04\/Restauradores-de-Pego-amb-el-regidor-i-la-tecnica-de-Creama-250x188.jpg 250w, https:\/\/www.pego.org\/noticies\/wp-content\/uploads\/2022\/04\/Restauradores-de-Pego-amb-el-regidor-i-la-tecnica-de-Creama-768x576.jpg 768w, https:\/\/www.pego.org\/noticies\/wp-content\/uploads\/2022\/04\/Restauradores-de-Pego-amb-el-regidor-i-la-tecnica-de-Creama-1536x1152.jpg 1536w, https:\/\/www.pego.org\/noticies\/wp-content\/uploads\/2022\/04\/Restauradores-de-Pego-amb-el-regidor-i-la-tecnica-de-Creama-2048x1536.jpg 2048w, https:\/\/www.pego.org\/noticies\/wp-content\/uploads\/2022\/04\/Restauradores-de-Pego-amb-el-regidor-i-la-tecnica-de-Creama-120x90.jpg 120w\" sizes=\"(max-width: 700px) 100vw, 700px\" \/><\/figure><\/div>\n\n\n\n<p><\/p>\n\n\n\n<p>Pego inicia al mes de maig en gran, amb una primera setmana plagada d\u2019actes en els quals conjuminen forces gastronomia, cultura, comer\u00e7 i tradici\u00f3. La primera parada d\u2019aquesta fren\u00e8tica setmana ser\u00e0 la del dimecres 4 de maig, data en la qual s\u2019iniciar\u00e0 una nova edici\u00f3 de les Jornades Gastron\u00f2miques de l\u2019arr\u00f2s bomba i bomb\u00f3, organitzades pels departaments de Creama i Turisme Pego. En aquesta ocasi\u00f3 seran set els restaurants que apostaran per oferir men\u00fas en els quals l\u2019ingredient principal ser\u00e0 el cereal que es cultiva al paratge natural de la Marjal.<\/p>\n\n\n\n<p>La metodologia ser\u00e0 la mateixa dels darrers anys. Els restaurants oferiran, del 4 al 8 de maig, un men\u00fa amb entrants i un plat principal d\u2019arr\u00f2s amb preus oscil\u00b7lants entre 12 i 20 euros. Caldr\u00e0 fer reserva pr\u00e8via. La graella es podr\u00e0 trobar a la web de l\u2019Ajuntament aix\u00ed com a les xarxes socials dels restaurants participants i l\u2019associaci\u00f3 d\u2019hostalers de Pego. \u201cEstem il\u00b7lusionats per fer coincidir aquestes jornades gastron\u00f2miques amb la Fira de Comer\u00e7 de Pego. Sabem que la gent t\u00e9 ganes d\u2019eixir al carrer\u201d, apunta l\u2019hostalera, M\u00f3nica Miralles. \u201cTenim uns productes \u00fanics i excepcionals com s\u00f3n l\u2019arr\u00f2s bomba i el bomb\u00f3 i cal promocionar-los com cal\u201d, remarca el tamb\u00e9 hostaler, Jos\u00e9 Dominguis.<\/p>\n\n\n\n<p>El diumenge ser\u00e0 el punt \u00e0lgid de la programaci\u00f3 d\u2019aquesta primera setmana de maig, doncs, a m\u00e9s de les jornades gastron\u00f2miques, tindran lloc la Fira del Comer\u00e7, el III Concurs de Pintura R\u00e0pida i una trobada nacional de patchwork. La programaci\u00f3 comen\u00e7ar\u00e0 a les 9 del mat\u00ed amb la recepci\u00f3 dels participants del certamen pict\u00f2ric. Hauran de presentar-se a l\u2019Espai Ve\u00efnal per a rebre instruccions.<\/p>\n\n\n\n<p>Una hora m\u00e9s tard, a les 10 del mat\u00ed, s\u2019inaugurar\u00e0 la Fira del Comer\u00e7 al Passeig Cervantes on hi haur\u00e0 27 aparadors dels comer\u00e7os pegolins. Un esdeveniment que organitza la regidoria de Comer\u00e7 i Creama, amb la qual col\u00b7labora l\u2019Associaci\u00f3 de Comerciants i Professionals de Pego i que financen la Diputaci\u00f3 d\u2019Alacant i l\u2019Ajuntament de Pego.<\/p>\n\n\n\n<p><\/p>\n\n\n\n<div class=\"wp-block-image\"><figure class=\"aligncenter size-large\"><img loading=\"lazy\" width=\"700\" height=\"525\" src=\"https:\/\/www.pego.org\/noticies\/wp-content\/uploads\/2022\/04\/Restauradores-amb-regidor-i-tecnica-de-Creama-II-700x525.jpg\" alt=\"\" class=\"wp-image-955\" srcset=\"https:\/\/www.pego.org\/noticies\/wp-content\/uploads\/2022\/04\/Restauradores-amb-regidor-i-tecnica-de-Creama-II-700x525.jpg 700w, https:\/\/www.pego.org\/noticies\/wp-content\/uploads\/2022\/04\/Restauradores-amb-regidor-i-tecnica-de-Creama-II-250x188.jpg 250w, https:\/\/www.pego.org\/noticies\/wp-content\/uploads\/2022\/04\/Restauradores-amb-regidor-i-tecnica-de-Creama-II-768x576.jpg 768w, https:\/\/www.pego.org\/noticies\/wp-content\/uploads\/2022\/04\/Restauradores-amb-regidor-i-tecnica-de-Creama-II-1536x1152.jpg 1536w, https:\/\/www.pego.org\/noticies\/wp-content\/uploads\/2022\/04\/Restauradores-amb-regidor-i-tecnica-de-Creama-II-2048x1536.jpg 2048w, https:\/\/www.pego.org\/noticies\/wp-content\/uploads\/2022\/04\/Restauradores-amb-regidor-i-tecnica-de-Creama-II-120x90.jpg 120w\" sizes=\"(max-width: 700px) 100vw, 700px\" \/><\/figure><\/div>\n\n\n\n<p><\/p>\n\n\n\n<p>A partir d\u2019ac\u00ed, tindr\u00e0 lloc una successi\u00f3 d\u2019actes: a les 10.30 hores el lliurament de premis del concurs organitzat per l\u2019Associaci\u00f3 de Comerciants del municipi. Explica Al\u00edcia Carbonell, t\u00e8cnica de Creama, que per poder participar, \u201ccaldr\u00e0 compartir al mur del Facebook de l\u2019Ajuntament el cartell de la fira. Els premiats rebran xecs amb quantitats econ\u00f2miques que podran utilitzar per fer compres a la mateixa fira\u201d. Durant la resta del mat\u00ed hi haur\u00e0 dues activitats, tamb\u00e9 organitzades per comer\u00e7os locals (demostraci\u00f3 de pintures i un taller sobre la llum).<\/p>\n\n\n\n<p>Tamb\u00e9 a les 10.30 hores, i fins a les 13.30 hores, tot el que vulga podr\u00e0 contemplar com treballen de manera artesanal expertes i experts del patchwork, una forma de costura que consisteix a cosir peces de tela en un disseny m\u00e9s gran. Pego acull aqueix mat\u00ed la trobada nacional, la cita ser\u00e0 al Mercat Municipal. A m\u00e9s, tots els treballs que es realitzen al llarg de la jornada, es podran contemplar a la sala d\u2019exposicions situada al carrer Hospital. Tamb\u00e9 pels m\u00e9s menuts i menudes, hi haur\u00e0 dos tallers infantils de dibuix a les 11 i a les 12 hores.<\/p>\n\n\n\n<p>A les 13 hores hi haur\u00e0 una actuaci\u00f3 musical, protagonitzada pels cantants Enric i Abril i que tindr\u00e0 lloc al recinte ferial (Passeig Cervantes). Havent dinat, un men\u00fa amb arr\u00f2s bomba com a protagonista; a les 16 hores, a l\u2019Espai Ve\u00efnal se celebrar\u00e0 l\u2019exposici\u00f3 de les obres que participen en el III Concurs de Pintura R\u00e0pida. En aquesta edici\u00f3 hi haur\u00e0 tres premis, un primer de 600 euros, el segon de 350 i un tercer de 150 euros. \u201cApostem per donar-li cada vegada m\u00e9s import\u00e0ncia a aquest certamen\u201d, remarca el regidor de Comer\u00e7 i Creama, Ricardo Sendra.<\/p>\n\n\n\n<p>Mitja hora m\u00e9s tarde, a les 16.30 hores un altre taller, de cosm\u00e8tica en aquest cas, organitzat per un altre comer\u00e7 local. I a les 17 hores, moment per als m\u00e9s xicotets i xicotetes, un contacontes.<\/p>\n\n\n\n<p>Al llarg del dia 8 de maig, membres de l\u2019associaci\u00f3 sense \u00e0nim de lucre, Mans Unides, participaran en una venda solid\u00e0ria.<\/p>\n\n\n\n<p>A l\u2019Espai Ve\u00efnal, a les 18 hores s\u2019entregaran els premis del concurs de pintura i tamb\u00e9 a la mateixa hora es celebrar\u00e0 la clausura de la Fira de Comer\u00e7.<\/p>\n\n\n\n<p>\u201cTenim una programaci\u00f3 extensa, estem agra\u00efts a comer\u00e7os i restauradors per la seua voluntat a participar i unir forces\u201d, apunta Al\u00edcia Carbonell Segons el regidor de Comer\u00e7 i Creama, \u201chem apostat per aglutinar totes les activitats en una mateixa setmana perqu\u00e8 aix\u00ed es complementen i ixen beneficiats tots els sectors\u201d.<\/p>\n\n\n\n<p><\/p>\n\n\n\n<div class=\"wp-block-image\"><figure class=\"aligncenter size-large\"><img loading=\"lazy\" width=\"700\" height=\"990\" src=\"https:\/\/www.pego.org\/noticies\/wp-content\/uploads\/2022\/09\/1-Programacio-fira-comerc-2022-PNG-700x990.png\" alt=\"\" class=\"wp-image-1218\" srcset=\"https:\/\/www.pego.org\/noticies\/wp-content\/uploads\/2022\/09\/1-Programacio-fira-comerc-2022-PNG-700x990.png 700w, https:\/\/www.pego.org\/noticies\/wp-content\/uploads\/2022\/09\/1-Programacio-fira-comerc-2022-PNG-250x354.png 250w, https:\/\/www.pego.org\/noticies\/wp-content\/uploads\/2022\/09\/1-Programacio-fira-comerc-2022-PNG-768x1086.png 768w, https:\/\/www.pego.org\/noticies\/wp-content\/uploads\/2022\/09\/1-Programacio-fira-comerc-2022-PNG-1086x1536.png 1086w, https:\/\/www.pego.org\/noticies\/wp-content\/uploads\/2022\/09\/1-Programacio-fira-comerc-2022-PNG-120x170.png 120w, https:\/\/www.pego.org\/noticies\/wp-content\/uploads\/2022\/09\/1-Programacio-fira-comerc-2022-PNG.png 1414w\" sizes=\"(max-width: 700px) 100vw, 700px\" \/><\/figure><\/div>\n\n\n\n<div class=\"wp-block-image\"><figure class=\"aligncenter size-large\"><img loading=\"lazy\" width=\"700\" height=\"990\" src=\"https:\/\/www.pego.org\/noticies\/wp-content\/uploads\/2022\/04\/Cartell-concurs-pintura-rapida-2022-700x990.jpg\" alt=\"\" class=\"wp-image-968\" srcset=\"https:\/\/www.pego.org\/noticies\/wp-content\/uploads\/2022\/04\/Cartell-concurs-pintura-rapida-2022-700x990.jpg 700w, https:\/\/www.pego.org\/noticies\/wp-content\/uploads\/2022\/04\/Cartell-concurs-pintura-rapida-2022-250x354.jpg 250w, https:\/\/www.pego.org\/noticies\/wp-content\/uploads\/2022\/04\/Cartell-concurs-pintura-rapida-2022-768x1086.jpg 768w, https:\/\/www.pego.org\/noticies\/wp-content\/uploads\/2022\/04\/Cartell-concurs-pintura-rapida-2022-1086x1536.jpg 1086w, https:\/\/www.pego.org\/noticies\/wp-content\/uploads\/2022\/04\/Cartell-concurs-pintura-rapida-2022-1448x2048.jpg 1448w, https:\/\/www.pego.org\/noticies\/wp-content\/uploads\/2022\/04\/Cartell-concurs-pintura-rapida-2022-120x170.jpg 120w, https:\/\/www.pego.org\/noticies\/wp-content\/uploads\/2022\/04\/Cartell-concurs-pintura-rapida-2022.jpg 1587w\" sizes=\"(max-width: 700px) 100vw, 700px\" \/><\/figure><\/div>\n\n\n\n<div class=\"wp-block-image\"><figure class=\"aligncenter size-full\"><img loading=\"lazy\" width=\"509\" height=\"729\" src=\"https:\/\/www.pego.org\/noticies\/wp-content\/uploads\/2022\/04\/Jornades-gastronomiques.jpg\" alt=\"\" class=\"wp-image-970\" srcset=\"https:\/\/www.pego.org\/noticies\/wp-content\/uploads\/2022\/04\/Jornades-gastronomiques.jpg 509w, https:\/\/www.pego.org\/noticies\/wp-content\/uploads\/2022\/04\/Jornades-gastronomiques-250x358.jpg 250w, https:\/\/www.pego.org\/noticies\/wp-content\/uploads\/2022\/04\/Jornades-gastronomiques-120x172.jpg 120w\" sizes=\"(max-width: 509px) 100vw, 509px\" \/><\/figure><\/div>\n","protected":false},"excerpt":{"rendered":"El municipi celebra, del 4 al 8 de maig, les jornades gastron\u00f2miques de l\u2019arr\u00f2s bomba i bomb\u00f3, la Fira del Comer\u00e7, el concurs de Pintura R\u00e0pida i l\u2019encontre nacional de patchwork Pego inicia al mes de maig en gran, amb una primera setmana plagada d\u2019actes en els quals conjuminen forces gastronomia, cultura, comer\u00e7 i tradici\u00f3&#8230;. <a class=\"view-article\" href=\"https:\/\/www.pego.org\/noticies\/2022\/04\/13\/cuina-comerc-cultura-i-tradicio-enceten-el-mes-de-maig-a-pego\/\">Veure Article<\/a>","protected":false},"author":2,"featured_media":0,"comment_status":"closed","ping_status":"open","sticky":false,"template":"","format":"standard","meta":[],"categories":[1],"tags":[],"yoast_head":"<!-- This site is optimized with the Yoast SEO plugin v19.4 - https:\/\/yoast.com\/wordpress\/plugins\/seo\/ -->\n<title>Cuina, comer\u00e7, cultura i tradici\u00f3 enceten el mes de maig a Pego - Ajuntament de Pego<\/title>\n<meta name=\"robots\" content=\"index, follow, max-snippet:-1, max-image-preview:large, max-video-preview:-1\" \/>\n<link rel=\"canonical\" href=\"https:\/\/www.pego.org\/noticies\/2022\/04\/13\/cuina-comerc-cultura-i-tradicio-enceten-el-mes-de-maig-a-pego\/\" \/>\n<meta property=\"og:locale\" content=\"ca_ES\" \/>\n<meta property=\"og:type\" content=\"article\" \/>\n<meta property=\"og:title\" content=\"Cuina, comer\u00e7, cultura i tradici\u00f3 enceten el mes de maig a Pego - Ajuntament de Pego\" \/>\n<meta property=\"og:description\" content=\"El municipi celebra, del 4 al 8 de maig, les jornades gastron\u00f2miques de l\u2019arr\u00f2s bomba i bomb\u00f3, la Fira del Comer\u00e7, el concurs de Pintura R\u00e0pida i l\u2019encontre nacional de patchwork Pego inicia al mes de maig en gran, amb una primera setmana plagada d\u2019actes en els quals conjuminen forces gastronomia, cultura, comer\u00e7 i tradici\u00f3.... Veure Article\" \/>\n<meta property=\"og:url\" content=\"https:\/\/www.pego.org\/noticies\/2022\/04\/13\/cuina-comerc-cultura-i-tradicio-enceten-el-mes-de-maig-a-pego\/\" \/>\n<meta property=\"og:site_name\" content=\"Ajuntament de Pego\" \/>\n<meta property=\"article:publisher\" content=\"https:\/\/www.facebook.com\/ajuntament.de.pego\/\" \/>\n<meta property=\"article:published_time\" content=\"2022-04-13T09:11:56+00:00\" \/>\n<meta property=\"article:modified_time\" content=\"2022-09-13T08:29:10+00:00\" \/>\n<meta property=\"og:image\" content=\"https:\/\/www.pego.org\/noticies\/wp-content\/uploads\/2022\/04\/Restauradores-de-Pego-amb-el-regidor-i-la-tecnica-de-Creama-700x525.jpg\" \/>\n<meta name=\"author\" content=\"Bernat Ortola\" \/>\n<meta name=\"twitter:card\" content=\"summary_large_image\" \/>\n<meta name=\"twitter:creator\" content=\"@ajupego\" \/>\n<meta name=\"twitter:site\" content=\"@ajupego\" \/>\n<meta name=\"twitter:label1\" content=\"Escrit per\" \/>\n\t<meta name=\"twitter:data1\" content=\"Bernat Ortola\" \/>\n\t<meta name=\"twitter:label2\" content=\"Temps estimat de lectura\" \/>\n\t<meta name=\"twitter:data2\" content=\"6 minuts\" \/>\n<script type=\"application\/ld+json\" class=\"yoast-schema-graph\">{\"@context\":\"https:\/\/schema.org\",\"@graph\":[{\"@type\":\"WebSite\",\"@id\":\"http:\/\/www.pego.org\/noticies\/#website\",\"url\":\"http:\/\/www.pego.org\/noticies\/\",\"name\":\"Ajuntament de Pego\",\"description\":\"\",\"potentialAction\":[{\"@type\":\"SearchAction\",\"target\":{\"@type\":\"EntryPoint\",\"urlTemplate\":\"http:\/\/www.pego.org\/noticies\/?s={search_term_string}\"},\"query-input\":\"required name=search_term_string\"}],\"inLanguage\":\"ca\"},{\"@type\":\"WebPage\",\"@id\":\"https:\/\/www.pego.org\/noticies\/2022\/04\/13\/cuina-comerc-cultura-i-tradicio-enceten-el-mes-de-maig-a-pego\/\",\"url\":\"https:\/\/www.pego.org\/noticies\/2022\/04\/13\/cuina-comerc-cultura-i-tradicio-enceten-el-mes-de-maig-a-pego\/\",\"name\":\"Cuina, comer\u00e7, cultura i tradici\u00f3 enceten el mes de maig a Pego - Ajuntament de Pego\",\"isPartOf\":{\"@id\":\"http:\/\/www.pego.org\/noticies\/#website\"},\"datePublished\":\"2022-04-13T09:11:56+00:00\",\"dateModified\":\"2022-09-13T08:29:10+00:00\",\"author\":{\"@id\":\"http:\/\/www.pego.org\/noticies\/#\/schema\/person\/4326dac4f13188e6a8a1984f5eb1e0e6\"},\"breadcrumb\":{\"@id\":\"https:\/\/www.pego.org\/noticies\/2022\/04\/13\/cuina-comerc-cultura-i-tradicio-enceten-el-mes-de-maig-a-pego\/#breadcrumb\"},\"inLanguage\":\"ca\",\"potentialAction\":[{\"@type\":\"ReadAction\",\"target\":[\"https:\/\/www.pego.org\/noticies\/2022\/04\/13\/cuina-comerc-cultura-i-tradicio-enceten-el-mes-de-maig-a-pego\/\"]}]},{\"@type\":\"BreadcrumbList\",\"@id\":\"https:\/\/www.pego.org\/noticies\/2022\/04\/13\/cuina-comerc-cultura-i-tradicio-enceten-el-mes-de-maig-a-pego\/#breadcrumb\",\"itemListElement\":[{\"@type\":\"ListItem\",\"position\":1,\"name\":\"Inici\",\"item\":\"http:\/\/www.pego.org\/noticies\/\"},{\"@type\":\"ListItem\",\"position\":2,\"name\":\"Cuina, comer\u00e7, cultura i tradici\u00f3 enceten el mes de maig a Pego\"}]},{\"@type\":\"Person\",\"@id\":\"http:\/\/www.pego.org\/noticies\/#\/schema\/person\/4326dac4f13188e6a8a1984f5eb1e0e6\",\"name\":\"Bernat Ortola\",\"image\":{\"@type\":\"ImageObject\",\"inLanguage\":\"ca\",\"@id\":\"http:\/\/www.pego.org\/noticies\/#\/schema\/person\/image\/\",\"url\":\"https:\/\/secure.gravatar.com\/avatar\/75560795a8de75338a850c3d759f927c?s=96&d=mm&r=g\",\"contentUrl\":\"https:\/\/secure.gravatar.com\/avatar\/75560795a8de75338a850c3d759f927c?s=96&d=mm&r=g\",\"caption\":\"Bernat Ortola\"}}]}<\/script>\n<!-- \/ Yoast SEO plugin. -->","yoast_head_json":{"title":"Cuina, comer\u00e7, cultura i tradici\u00f3 enceten el mes de maig a Pego - Ajuntament de Pego","robots":{"index":"index","follow":"follow","max-snippet":"max-snippet:-1","max-image-preview":"max-image-preview:large","max-video-preview":"max-video-preview:-1"},"canonical":"https:\/\/www.pego.org\/noticies\/2022\/04\/13\/cuina-comerc-cultura-i-tradicio-enceten-el-mes-de-maig-a-pego\/","og_locale":"ca_ES","og_type":"article","og_title":"Cuina, comer\u00e7, cultura i tradici\u00f3 enceten el mes de maig a Pego - Ajuntament de Pego","og_description":"El municipi celebra, del 4 al 8 de maig, les jornades gastron\u00f2miques de l\u2019arr\u00f2s bomba i bomb\u00f3, la Fira del Comer\u00e7, el concurs de Pintura R\u00e0pida i l\u2019encontre nacional de patchwork Pego inicia al mes de maig en gran, amb una primera setmana plagada d\u2019actes en els quals conjuminen forces gastronomia, cultura, comer\u00e7 i tradici\u00f3.... Veure Article","og_url":"https:\/\/www.pego.org\/noticies\/2022\/04\/13\/cuina-comerc-cultura-i-tradicio-enceten-el-mes-de-maig-a-pego\/","og_site_name":"Ajuntament de Pego","article_publisher":"https:\/\/www.facebook.com\/ajuntament.de.pego\/","article_published_time":"2022-04-13T09:11:56+00:00","article_modified_time":"2022-09-13T08:29:10+00:00","og_image":[{"url":"https:\/\/www.pego.org\/noticies\/wp-content\/uploads\/2022\/04\/Restauradores-de-Pego-amb-el-regidor-i-la-tecnica-de-Creama-700x525.jpg"}],"author":"Bernat Ortola","twitter_card":"summary_large_image","twitter_creator":"@ajupego","twitter_site":"@ajupego","twitter_misc":{"Escrit per":"Bernat Ortola","Temps estimat de lectura":"6 minuts"},"schema":{"@context":"https:\/\/schema.org","@graph":[{"@type":"WebSite","@id":"http:\/\/www.pego.org\/noticies\/#website","url":"http:\/\/www.pego.org\/noticies\/","name":"Ajuntament de Pego","description":"","potentialAction":[{"@type":"SearchAction","target":{"@type":"EntryPoint","urlTemplate":"http:\/\/www.pego.org\/noticies\/?s={search_term_string}"},"query-input":"required name=search_term_string"}],"inLanguage":"ca"},{"@type":"WebPage","@id":"https:\/\/www.pego.org\/noticies\/2022\/04\/13\/cuina-comerc-cultura-i-tradicio-enceten-el-mes-de-maig-a-pego\/","url":"https:\/\/www.pego.org\/noticies\/2022\/04\/13\/cuina-comerc-cultura-i-tradicio-enceten-el-mes-de-maig-a-pego\/","name":"Cuina, comer\u00e7, cultura i tradici\u00f3 enceten el mes de maig a Pego - Ajuntament de Pego","isPartOf":{"@id":"http:\/\/www.pego.org\/noticies\/#website"},"datePublished":"2022-04-13T09:11:56+00:00","dateModified":"2022-09-13T08:29:10+00:00","author":{"@id":"http:\/\/www.pego.org\/noticies\/#\/schema\/person\/4326dac4f13188e6a8a1984f5eb1e0e6"},"breadcrumb":{"@id":"https:\/\/www.pego.org\/noticies\/2022\/04\/13\/cuina-comerc-cultura-i-tradicio-enceten-el-mes-de-maig-a-pego\/#breadcrumb"},"inLanguage":"ca","potentialAction":[{"@type":"ReadAction","target":["https:\/\/www.pego.org\/noticies\/2022\/04\/13\/cuina-comerc-cultura-i-tradicio-enceten-el-mes-de-maig-a-pego\/"]}]},{"@type":"BreadcrumbList","@id":"https:\/\/www.pego.org\/noticies\/2022\/04\/13\/cuina-comerc-cultura-i-tradicio-enceten-el-mes-de-maig-a-pego\/#breadcrumb","itemListElement":[{"@type":"ListItem","position":1,"name":"Inici","item":"http:\/\/www.pego.org\/noticies\/"},{"@type":"ListItem","position":2,"name":"Cuina, comer\u00e7, cultura i tradici\u00f3 enceten el mes de maig a Pego"}]},{"@type":"Person","@id":"http:\/\/www.pego.org\/noticies\/#\/schema\/person\/4326dac4f13188e6a8a1984f5eb1e0e6","name":"Bernat Ortola","image":{"@type":"ImageObject","inLanguage":"ca","@id":"http:\/\/www.pego.org\/noticies\/#\/schema\/person\/image\/","url":"https:\/\/secure.gravatar.com\/avatar\/75560795a8de75338a850c3d759f927c?s=96&d=mm&r=g","contentUrl":"https:\/\/secure.gravatar.com\/avatar\/75560795a8de75338a850c3d759f927c?s=96&d=mm&r=g","caption":"Bernat Ortola"}}]}},"_links":{"self":[{"href":"https:\/\/www.pego.org\/noticies\/wp-json\/wp\/v2\/posts\/953"}],"collection":[{"href":"https:\/\/www.pego.org\/noticies\/wp-json\/wp\/v2\/posts"}],"about":[{"href":"https:\/\/www.pego.org\/noticies\/wp-json\/wp\/v2\/types\/post"}],"author":[{"embeddable":true,"href":"https:\/\/www.pego.org\/noticies\/wp-json\/wp\/v2\/users\/2"}],"replies":[{"embeddable":true,"href":"https:\/\/www.pego.org\/noticies\/wp-json\/wp\/v2\/comments?post=953"}],"version-history":[{"count":6,"href":"https:\/\/www.pego.org\/noticies\/wp-json\/wp\/v2\/posts\/953\/revisions"}],"predecessor-version":[{"id":1221,"href":"https:\/\/www.pego.org\/noticies\/wp-json\/wp\/v2\/posts\/953\/revisions\/1221"}],"wp:attachment":[{"href":"https:\/\/www.pego.org\/noticies\/wp-json\/wp\/v2\/media?parent=953"}],"wp:term":[{"taxonomy":"category","embeddable":true,"href":"https:\/\/www.pego.org\/noticies\/wp-json\/wp\/v2\/categories?post=953"},{"taxonomy":"post_tag","embeddable":true,"href":"https:\/\/www.pego.org\/noticies\/wp-json\/wp\/v2\/tags?post=953"}],"curies":[{"name":"wp","href":"https:\/\/api.w.org\/{rel}","templated":true}]}}