{"id":977,"date":"2022-04-26T12:57:29","date_gmt":"2022-04-26T10:57:29","guid":{"rendered":"https:\/\/www.pego.org\/noticies\/?p=977"},"modified":"2022-04-26T13:16:47","modified_gmt":"2022-04-26T11:16:47","slug":"latletisme-torna-a-ser-protagonista-amb-la-celebracio-de-la-xxxviii-volta-a-pego","status":"publish","type":"post","link":"https:\/\/www.pego.org\/noticies\/2022\/04\/26\/latletisme-torna-a-ser-protagonista-amb-la-celebracio-de-la-xxxviii-volta-a-pego\/","title":{"rendered":"L\u2019atletisme torna a ser protagonista amb la celebraci\u00f3 de la XXXVIII Volta a Pego"},"content":{"rendered":"\n<p><em>El recorregut d\u2019aquesta prova, inclosa en el Circuit a Peu de la Marina Alta, canvia i passar\u00e0 aquest any per dins del poble<\/em><\/p>\n\n\n\n<p><em>L\u2019esdeveniment comptar\u00e0 amb la visita i participaci\u00f3 dels integrants del projecte \u2018Rundeal, Running for the green development\u2019, provinents de Turquia, Portugal i Gr\u00e8cia<\/em><\/p>\n\n\n\n<p><\/p>\n\n\n\n<div class=\"wp-block-image\"><figure class=\"aligncenter size-large\"><img loading=\"lazy\" width=\"700\" height=\"1061\" src=\"https:\/\/www.pego.org\/noticies\/wp-content\/uploads\/2022\/04\/Volta-a-Peu-a-Pego-7-maig-700x1061.jpg\" alt=\"\" class=\"wp-image-979\" srcset=\"https:\/\/www.pego.org\/noticies\/wp-content\/uploads\/2022\/04\/Volta-a-Peu-a-Pego-7-maig-700x1061.jpg 700w, https:\/\/www.pego.org\/noticies\/wp-content\/uploads\/2022\/04\/Volta-a-Peu-a-Pego-7-maig-250x379.jpg 250w, https:\/\/www.pego.org\/noticies\/wp-content\/uploads\/2022\/04\/Volta-a-Peu-a-Pego-7-maig-768x1164.jpg 768w, https:\/\/www.pego.org\/noticies\/wp-content\/uploads\/2022\/04\/Volta-a-Peu-a-Pego-7-maig-120x182.jpg 120w, https:\/\/www.pego.org\/noticies\/wp-content\/uploads\/2022\/04\/Volta-a-Peu-a-Pego-7-maig.jpg 807w\" sizes=\"(max-width: 700px) 100vw, 700px\" \/><figcaption>Cartell de la Volta a Peu a Pego<\/figcaption><\/figure><\/div>\n\n\n\n<p><\/p>\n\n\n\n<p>El dissabte 7 de maig es celebra la XXXVIII Volta a Pego, una de les curses m\u00e9s multitudin\u00e0ries i l\u2019octava del Circuit a Peu de la Marina Alta de 2022. L\u2019esdeveniment organitzat pel C.E. Dorsal 19 i per l\u2019A\u2019juntament de Pego, canvia el seu recorregut per a entrar aquest any dins del poble i que tota la poblaci\u00f3 es bolque en aquesta festa esportiva. Una prova que comen\u00e7ar\u00e0 a les 16.30 hores i que tindr\u00e0 un recorregut de 10 quil\u00f2metres amb eixida i arribada al Passeig Cervantes.<\/p>\n\n\n\n<p>Els primers a participar seran els m\u00e9s joves, des de les 16.30 hores ho faran les categories de barrufets fins a juvenils. Mentre que la carrera d\u2019adults ser\u00e0 a les 19 hores de la vesprada. S\u2019espera la participaci\u00f3 del voltant de 1.400 participants. Pel que fa als premis, hi haur\u00e0 guardons per a cadascun dels tres primers i primeres de cada categoria, aix\u00ed com per als tres primers corredors i corredores locals.<\/p>\n\n\n\n<p><\/p>\n\n\n\n<div class=\"wp-block-image\"><figure class=\"aligncenter size-large\"><img loading=\"lazy\" width=\"700\" height=\"631\" src=\"https:\/\/www.pego.org\/noticies\/wp-content\/uploads\/2022\/04\/Regidor-i-president-del-Dorsal-19-700x631.jpg\" alt=\"\" class=\"wp-image-978\" srcset=\"https:\/\/www.pego.org\/noticies\/wp-content\/uploads\/2022\/04\/Regidor-i-president-del-Dorsal-19-700x631.jpg 700w, https:\/\/www.pego.org\/noticies\/wp-content\/uploads\/2022\/04\/Regidor-i-president-del-Dorsal-19-250x225.jpg 250w, https:\/\/www.pego.org\/noticies\/wp-content\/uploads\/2022\/04\/Regidor-i-president-del-Dorsal-19-768x692.jpg 768w, https:\/\/www.pego.org\/noticies\/wp-content\/uploads\/2022\/04\/Regidor-i-president-del-Dorsal-19-120x108.jpg 120w, https:\/\/www.pego.org\/noticies\/wp-content\/uploads\/2022\/04\/Regidor-i-president-del-Dorsal-19.jpg 851w\" sizes=\"(max-width: 700px) 100vw, 700px\" \/><figcaption>El regidor d&#8217;Esports, Ra\u00fcl Ortol\u00e0 i el president del club Dorsal 19, Juan Bautista Bolta.<\/figcaption><\/figure><\/div>\n\n\n\n<p><\/p>\n\n\n\n<p>La prova mantindr\u00e0 la mateixa l\u00ednia de sostenibilitat amb la qual treballa el club Dorsal 19 des de fa anys; amb l\u2019objectiu \u2018pl\u00e0stic zero\u2019 i avituallaments de producte de proximitat i embolcalls reciclables.<\/p>\n\n\n\n<p>Tant el regidor d\u2019Esports, Ra\u00fcl Tamarit, com l\u2019alcalde, Enrique Moll, han agra\u00eft al club d\u2019atletisme local \u201cel seu esfor\u00e7 per continuar amb l\u2019organitzaci\u00f3 d\u2019aquest esdeveniment, la qual cosa ha perm\u00e9s consolidar aquesta prova i que siga una de les principals referents del circuit comarcal\u201d.<\/p>\n\n\n\n<p>Ambd\u00f3s edils tamb\u00e9 han agra\u00eft als cossos de seguretat, voluntaris i Acci\u00f3 Urgent que vetlaran per la seguretat de la XXXVIII Volta a Pego. Tamarit ha valorat aquest esdeveniment com \u201cun dels m\u00e9s importants a Pego\u201d, a m\u00e9s, ha destacat l\u2019augment de participaci\u00f3, \u201ccada vegada any es percep, ja no sols en la inscripci\u00f3, sin\u00f3 tamb\u00e9 la gent que s\u2019anima a la pr\u00e0ctica esportiva, el qual provoca una millora en la salut i en la qualitat de vida de la societat\u201d. L\u2019alcalde ha valorat positivament \u201cel que suposa poder recuperar totes aquestes proves esportives despr\u00e9s de la pand\u00e8mia, per una part, pels amants a l\u2019esport, tant per esportistes com per espectadors, i per l\u2019altra, perqu\u00e8 \u00e9s un impuls pel nostre teixit comarcal\u201d.<\/p>\n\n\n\n<p>Per la seua part, el president del C.E. Dorsal 19, Juan Bautista Bolta, ha recalcat que la prova atl\u00e8tica de Pego \u201c\u00e9s la m\u00e9s antiga del Circuit a Peu de la Marina Alta. Un orgull per a Pego i per a tota persona que fa possible any rere any la seua realitzaci\u00f3\u201d. A m\u00e9s, ha valorat el treball de tota la gent que participa en aquest esdeveniment, \u201cespecialment el dels voluntaris i integrants del club per tenir tots els materials preparats per a la prova i controlar tots els carrers pels quals passaran els corredors\u201d.<\/p>\n\n\n\n<p><strong>Visita europea<\/strong><\/p>\n\n\n\n<p>L\u2019atletisme \u00e9s un puntal de l\u2019esport pegol\u00ed i aix\u00ed ho creu l\u2019Ajuntament de Pego, que es troba dins d\u2019un projecte europeu anomenat \u2018Rundeal, Running for the green development\u2019, en el qual participants de la Universitat d\u2019Economia i Negocis d\u2019Atenes, de l\u2019ONG turca Spell i ve\u00efns del municipi portugu\u00e9s Reguengos de Monsaraz participaran en la prova pegolina, ja que el mateix cap de setmana es trobaran dintre de l\u2019estan\u00e7a a Pego, iniciativa que forma part del projecte. \u201cDe segur que gaudiran d\u2019aquesta festa dedicada a l\u2019esport i esperem que s\u2019emporten idees i conceptes d\u2019organitzaci\u00f3 d\u2019esdeveniments esportius per a la millora de la sostenibilitat del nostre medi ambient\u201d, remarca el regidor d\u2019Esports.<\/p>\n\n\n\n<p><\/p>\n\n\n\n<div class=\"wp-block-image\"><figure class=\"aligncenter size-large\"><img loading=\"lazy\" width=\"700\" height=\"464\" src=\"https:\/\/www.pego.org\/noticies\/wp-content\/uploads\/2022\/04\/mapa-1-700x464.jpg\" alt=\"\" class=\"wp-image-980\" srcset=\"https:\/\/www.pego.org\/noticies\/wp-content\/uploads\/2022\/04\/mapa-1-700x464.jpg 700w, https:\/\/www.pego.org\/noticies\/wp-content\/uploads\/2022\/04\/mapa-1-250x166.jpg 250w, https:\/\/www.pego.org\/noticies\/wp-content\/uploads\/2022\/04\/mapa-1-768x509.jpg 768w, https:\/\/www.pego.org\/noticies\/wp-content\/uploads\/2022\/04\/mapa-1-1536x1018.jpg 1536w, https:\/\/www.pego.org\/noticies\/wp-content\/uploads\/2022\/04\/mapa-1-120x80.jpg 120w, https:\/\/www.pego.org\/noticies\/wp-content\/uploads\/2022\/04\/mapa-1.jpg 1691w\" sizes=\"(max-width: 700px) 100vw, 700px\" \/><\/figure><\/div>\n\n\n\n<div class=\"wp-block-image\"><figure class=\"aligncenter size-large\"><img loading=\"lazy\" width=\"700\" height=\"464\" src=\"https:\/\/www.pego.org\/noticies\/wp-content\/uploads\/2022\/04\/mapa-2-700x464.jpg\" alt=\"\" class=\"wp-image-982\" srcset=\"https:\/\/www.pego.org\/noticies\/wp-content\/uploads\/2022\/04\/mapa-2-700x464.jpg 700w, https:\/\/www.pego.org\/noticies\/wp-content\/uploads\/2022\/04\/mapa-2-250x166.jpg 250w, https:\/\/www.pego.org\/noticies\/wp-content\/uploads\/2022\/04\/mapa-2-768x509.jpg 768w, https:\/\/www.pego.org\/noticies\/wp-content\/uploads\/2022\/04\/mapa-2-1536x1019.jpg 1536w, https:\/\/www.pego.org\/noticies\/wp-content\/uploads\/2022\/04\/mapa-2-120x80.jpg 120w, https:\/\/www.pego.org\/noticies\/wp-content\/uploads\/2022\/04\/mapa-2.jpg 1693w\" sizes=\"(max-width: 700px) 100vw, 700px\" \/><\/figure><\/div>\n","protected":false},"excerpt":{"rendered":"El recorregut d\u2019aquesta prova, inclosa en el Circuit a Peu de la Marina Alta, canvia i passar\u00e0 aquest any per dins del poble L\u2019esdeveniment comptar\u00e0 amb la visita i participaci\u00f3 dels integrants del projecte \u2018Rundeal, Running for the green development\u2019, provinents de Turquia, Portugal i Gr\u00e8cia El dissabte 7 de maig es celebra la XXXVIII&#8230; <a class=\"view-article\" href=\"https:\/\/www.pego.org\/noticies\/2022\/04\/26\/latletisme-torna-a-ser-protagonista-amb-la-celebracio-de-la-xxxviii-volta-a-pego\/\">Veure Article<\/a>","protected":false},"author":2,"featured_media":0,"comment_status":"closed","ping_status":"open","sticky":false,"template":"","format":"standard","meta":[],"categories":[1],"tags":[],"yoast_head":"<!-- This site is optimized with the Yoast SEO plugin v19.4 - https:\/\/yoast.com\/wordpress\/plugins\/seo\/ -->\n<title>L\u2019atletisme torna a ser protagonista amb la celebraci\u00f3 de la XXXVIII Volta a Pego - Ajuntament de Pego<\/title>\n<meta name=\"robots\" content=\"index, follow, max-snippet:-1, max-image-preview:large, max-video-preview:-1\" \/>\n<link rel=\"canonical\" href=\"https:\/\/www.pego.org\/noticies\/2022\/04\/26\/latletisme-torna-a-ser-protagonista-amb-la-celebracio-de-la-xxxviii-volta-a-pego\/\" \/>\n<meta property=\"og:locale\" content=\"ca_ES\" \/>\n<meta property=\"og:type\" content=\"article\" \/>\n<meta property=\"og:title\" content=\"L\u2019atletisme torna a ser protagonista amb la celebraci\u00f3 de la XXXVIII Volta a Pego - Ajuntament de Pego\" \/>\n<meta property=\"og:description\" content=\"El recorregut d\u2019aquesta prova, inclosa en el Circuit a Peu de la Marina Alta, canvia i passar\u00e0 aquest any per dins del poble L\u2019esdeveniment comptar\u00e0 amb la visita i participaci\u00f3 dels integrants del projecte \u2018Rundeal, Running for the green development\u2019, provinents de Turquia, Portugal i Gr\u00e8cia El dissabte 7 de maig es celebra la XXXVIII... Veure Article\" \/>\n<meta property=\"og:url\" content=\"https:\/\/www.pego.org\/noticies\/2022\/04\/26\/latletisme-torna-a-ser-protagonista-amb-la-celebracio-de-la-xxxviii-volta-a-pego\/\" \/>\n<meta property=\"og:site_name\" content=\"Ajuntament de Pego\" \/>\n<meta property=\"article:publisher\" content=\"https:\/\/www.facebook.com\/ajuntament.de.pego\/\" \/>\n<meta property=\"article:published_time\" content=\"2022-04-26T10:57:29+00:00\" \/>\n<meta property=\"article:modified_time\" content=\"2022-04-26T11:16:47+00:00\" \/>\n<meta property=\"og:image\" content=\"https:\/\/www.pego.org\/noticies\/wp-content\/uploads\/2022\/04\/Volta-a-Peu-a-Pego-7-maig-700x1061.jpg\" \/>\n<meta name=\"author\" content=\"Bernat Ortola\" \/>\n<meta name=\"twitter:card\" content=\"summary_large_image\" \/>\n<meta name=\"twitter:creator\" content=\"@ajupego\" \/>\n<meta name=\"twitter:site\" content=\"@ajupego\" \/>\n<meta name=\"twitter:label1\" content=\"Escrit per\" \/>\n\t<meta name=\"twitter:data1\" content=\"Bernat Ortola\" \/>\n\t<meta name=\"twitter:label2\" content=\"Temps estimat de lectura\" \/>\n\t<meta name=\"twitter:data2\" content=\"5 minuts\" \/>\n<script type=\"application\/ld+json\" class=\"yoast-schema-graph\">{\"@context\":\"https:\/\/schema.org\",\"@graph\":[{\"@type\":\"WebSite\",\"@id\":\"http:\/\/www.pego.org\/noticies\/#website\",\"url\":\"http:\/\/www.pego.org\/noticies\/\",\"name\":\"Ajuntament de Pego\",\"description\":\"\",\"potentialAction\":[{\"@type\":\"SearchAction\",\"target\":{\"@type\":\"EntryPoint\",\"urlTemplate\":\"http:\/\/www.pego.org\/noticies\/?s={search_term_string}\"},\"query-input\":\"required name=search_term_string\"}],\"inLanguage\":\"ca\"},{\"@type\":\"WebPage\",\"@id\":\"https:\/\/www.pego.org\/noticies\/2022\/04\/26\/latletisme-torna-a-ser-protagonista-amb-la-celebracio-de-la-xxxviii-volta-a-pego\/\",\"url\":\"https:\/\/www.pego.org\/noticies\/2022\/04\/26\/latletisme-torna-a-ser-protagonista-amb-la-celebracio-de-la-xxxviii-volta-a-pego\/\",\"name\":\"L\u2019atletisme torna a ser protagonista amb la celebraci\u00f3 de la XXXVIII Volta a Pego - Ajuntament de Pego\",\"isPartOf\":{\"@id\":\"http:\/\/www.pego.org\/noticies\/#website\"},\"datePublished\":\"2022-04-26T10:57:29+00:00\",\"dateModified\":\"2022-04-26T11:16:47+00:00\",\"author\":{\"@id\":\"http:\/\/www.pego.org\/noticies\/#\/schema\/person\/4326dac4f13188e6a8a1984f5eb1e0e6\"},\"breadcrumb\":{\"@id\":\"https:\/\/www.pego.org\/noticies\/2022\/04\/26\/latletisme-torna-a-ser-protagonista-amb-la-celebracio-de-la-xxxviii-volta-a-pego\/#breadcrumb\"},\"inLanguage\":\"ca\",\"potentialAction\":[{\"@type\":\"ReadAction\",\"target\":[\"https:\/\/www.pego.org\/noticies\/2022\/04\/26\/latletisme-torna-a-ser-protagonista-amb-la-celebracio-de-la-xxxviii-volta-a-pego\/\"]}]},{\"@type\":\"BreadcrumbList\",\"@id\":\"https:\/\/www.pego.org\/noticies\/2022\/04\/26\/latletisme-torna-a-ser-protagonista-amb-la-celebracio-de-la-xxxviii-volta-a-pego\/#breadcrumb\",\"itemListElement\":[{\"@type\":\"ListItem\",\"position\":1,\"name\":\"Inici\",\"item\":\"http:\/\/www.pego.org\/noticies\/\"},{\"@type\":\"ListItem\",\"position\":2,\"name\":\"L\u2019atletisme torna a ser protagonista amb la celebraci\u00f3 de la XXXVIII Volta a Pego\"}]},{\"@type\":\"Person\",\"@id\":\"http:\/\/www.pego.org\/noticies\/#\/schema\/person\/4326dac4f13188e6a8a1984f5eb1e0e6\",\"name\":\"Bernat Ortola\",\"image\":{\"@type\":\"ImageObject\",\"inLanguage\":\"ca\",\"@id\":\"http:\/\/www.pego.org\/noticies\/#\/schema\/person\/image\/\",\"url\":\"https:\/\/secure.gravatar.com\/avatar\/75560795a8de75338a850c3d759f927c?s=96&d=mm&r=g\",\"contentUrl\":\"https:\/\/secure.gravatar.com\/avatar\/75560795a8de75338a850c3d759f927c?s=96&d=mm&r=g\",\"caption\":\"Bernat Ortola\"}}]}<\/script>\n<!-- \/ Yoast SEO plugin. -->","yoast_head_json":{"title":"L\u2019atletisme torna a ser protagonista amb la celebraci\u00f3 de la XXXVIII Volta a Pego - Ajuntament de Pego","robots":{"index":"index","follow":"follow","max-snippet":"max-snippet:-1","max-image-preview":"max-image-preview:large","max-video-preview":"max-video-preview:-1"},"canonical":"https:\/\/www.pego.org\/noticies\/2022\/04\/26\/latletisme-torna-a-ser-protagonista-amb-la-celebracio-de-la-xxxviii-volta-a-pego\/","og_locale":"ca_ES","og_type":"article","og_title":"L\u2019atletisme torna a ser protagonista amb la celebraci\u00f3 de la XXXVIII Volta a Pego - Ajuntament de Pego","og_description":"El recorregut d\u2019aquesta prova, inclosa en el Circuit a Peu de la Marina Alta, canvia i passar\u00e0 aquest any per dins del poble L\u2019esdeveniment comptar\u00e0 amb la visita i participaci\u00f3 dels integrants del projecte \u2018Rundeal, Running for the green development\u2019, provinents de Turquia, Portugal i Gr\u00e8cia El dissabte 7 de maig es celebra la XXXVIII... Veure Article","og_url":"https:\/\/www.pego.org\/noticies\/2022\/04\/26\/latletisme-torna-a-ser-protagonista-amb-la-celebracio-de-la-xxxviii-volta-a-pego\/","og_site_name":"Ajuntament de Pego","article_publisher":"https:\/\/www.facebook.com\/ajuntament.de.pego\/","article_published_time":"2022-04-26T10:57:29+00:00","article_modified_time":"2022-04-26T11:16:47+00:00","og_image":[{"url":"https:\/\/www.pego.org\/noticies\/wp-content\/uploads\/2022\/04\/Volta-a-Peu-a-Pego-7-maig-700x1061.jpg"}],"author":"Bernat Ortola","twitter_card":"summary_large_image","twitter_creator":"@ajupego","twitter_site":"@ajupego","twitter_misc":{"Escrit per":"Bernat Ortola","Temps estimat de lectura":"5 minuts"},"schema":{"@context":"https:\/\/schema.org","@graph":[{"@type":"WebSite","@id":"http:\/\/www.pego.org\/noticies\/#website","url":"http:\/\/www.pego.org\/noticies\/","name":"Ajuntament de Pego","description":"","potentialAction":[{"@type":"SearchAction","target":{"@type":"EntryPoint","urlTemplate":"http:\/\/www.pego.org\/noticies\/?s={search_term_string}"},"query-input":"required name=search_term_string"}],"inLanguage":"ca"},{"@type":"WebPage","@id":"https:\/\/www.pego.org\/noticies\/2022\/04\/26\/latletisme-torna-a-ser-protagonista-amb-la-celebracio-de-la-xxxviii-volta-a-pego\/","url":"https:\/\/www.pego.org\/noticies\/2022\/04\/26\/latletisme-torna-a-ser-protagonista-amb-la-celebracio-de-la-xxxviii-volta-a-pego\/","name":"L\u2019atletisme torna a ser protagonista amb la celebraci\u00f3 de la XXXVIII Volta a Pego - Ajuntament de Pego","isPartOf":{"@id":"http:\/\/www.pego.org\/noticies\/#website"},"datePublished":"2022-04-26T10:57:29+00:00","dateModified":"2022-04-26T11:16:47+00:00","author":{"@id":"http:\/\/www.pego.org\/noticies\/#\/schema\/person\/4326dac4f13188e6a8a1984f5eb1e0e6"},"breadcrumb":{"@id":"https:\/\/www.pego.org\/noticies\/2022\/04\/26\/latletisme-torna-a-ser-protagonista-amb-la-celebracio-de-la-xxxviii-volta-a-pego\/#breadcrumb"},"inLanguage":"ca","potentialAction":[{"@type":"ReadAction","target":["https:\/\/www.pego.org\/noticies\/2022\/04\/26\/latletisme-torna-a-ser-protagonista-amb-la-celebracio-de-la-xxxviii-volta-a-pego\/"]}]},{"@type":"BreadcrumbList","@id":"https:\/\/www.pego.org\/noticies\/2022\/04\/26\/latletisme-torna-a-ser-protagonista-amb-la-celebracio-de-la-xxxviii-volta-a-pego\/#breadcrumb","itemListElement":[{"@type":"ListItem","position":1,"name":"Inici","item":"http:\/\/www.pego.org\/noticies\/"},{"@type":"ListItem","position":2,"name":"L\u2019atletisme torna a ser protagonista amb la celebraci\u00f3 de la XXXVIII Volta a Pego"}]},{"@type":"Person","@id":"http:\/\/www.pego.org\/noticies\/#\/schema\/person\/4326dac4f13188e6a8a1984f5eb1e0e6","name":"Bernat Ortola","image":{"@type":"ImageObject","inLanguage":"ca","@id":"http:\/\/www.pego.org\/noticies\/#\/schema\/person\/image\/","url":"https:\/\/secure.gravatar.com\/avatar\/75560795a8de75338a850c3d759f927c?s=96&d=mm&r=g","contentUrl":"https:\/\/secure.gravatar.com\/avatar\/75560795a8de75338a850c3d759f927c?s=96&d=mm&r=g","caption":"Bernat Ortola"}}]}},"_links":{"self":[{"href":"https:\/\/www.pego.org\/noticies\/wp-json\/wp\/v2\/posts\/977"}],"collection":[{"href":"https:\/\/www.pego.org\/noticies\/wp-json\/wp\/v2\/posts"}],"about":[{"href":"https:\/\/www.pego.org\/noticies\/wp-json\/wp\/v2\/types\/post"}],"author":[{"embeddable":true,"href":"https:\/\/www.pego.org\/noticies\/wp-json\/wp\/v2\/users\/2"}],"replies":[{"embeddable":true,"href":"https:\/\/www.pego.org\/noticies\/wp-json\/wp\/v2\/comments?post=977"}],"version-history":[{"count":2,"href":"https:\/\/www.pego.org\/noticies\/wp-json\/wp\/v2\/posts\/977\/revisions"}],"predecessor-version":[{"id":983,"href":"https:\/\/www.pego.org\/noticies\/wp-json\/wp\/v2\/posts\/977\/revisions\/983"}],"wp:attachment":[{"href":"https:\/\/www.pego.org\/noticies\/wp-json\/wp\/v2\/media?parent=977"}],"wp:term":[{"taxonomy":"category","embeddable":true,"href":"https:\/\/www.pego.org\/noticies\/wp-json\/wp\/v2\/categories?post=977"},{"taxonomy":"post_tag","embeddable":true,"href":"https:\/\/www.pego.org\/noticies\/wp-json\/wp\/v2\/tags?post=977"}],"curies":[{"name":"wp","href":"https:\/\/api.w.org\/{rel}","templated":true}]}}