{"id":997,"date":"2022-05-18T13:03:31","date_gmt":"2022-05-18T11:03:31","guid":{"rendered":"https:\/\/www.pego.org\/noticies\/?p=997"},"modified":"2022-05-18T13:03:36","modified_gmt":"2022-05-18T11:03:36","slug":"el-primer-consell-local-dinfancia-i-adolescencia-deixa-patent-linteres-dels-mes-menuts-i-menudes-per-millorar-pego","status":"publish","type":"post","link":"https:\/\/www.pego.org\/noticies\/2022\/05\/18\/el-primer-consell-local-dinfancia-i-adolescencia-deixa-patent-linteres-dels-mes-menuts-i-menudes-per-millorar-pego\/","title":{"rendered":"El primer Consell Local d\u2019Inf\u00e0ncia i Adolesc\u00e8ncia deixa patent l\u2019inter\u00e9s dels m\u00e9s menuts i menudes per millorar Pego"},"content":{"rendered":"\n<p><em>Set xiquets i xiquets, representants dels centres educatius del poble, presentaren propostes com<\/em><\/p>\n\n\n\n<p><em>recuperar les barques als rius del parc natural, m\u00e9s seguretat als parcs infantils o m\u00e9s espais i<\/em><\/p>\n\n\n\n<p><em>activitats d\u2019oci, entre d\u2019altres<\/em><\/p>\n\n\n\n<p><\/p>\n\n\n\n<div class=\"wp-block-image\"><figure class=\"aligncenter size-large\"><img loading=\"lazy\" width=\"700\" height=\"525\" src=\"https:\/\/www.pego.org\/noticies\/wp-content\/uploads\/2022\/05\/Celebracio-consell-dinfancia-700x525.jpg\" alt=\"\" class=\"wp-image-998\" srcset=\"https:\/\/www.pego.org\/noticies\/wp-content\/uploads\/2022\/05\/Celebracio-consell-dinfancia-700x525.jpg 700w, https:\/\/www.pego.org\/noticies\/wp-content\/uploads\/2022\/05\/Celebracio-consell-dinfancia-250x188.jpg 250w, https:\/\/www.pego.org\/noticies\/wp-content\/uploads\/2022\/05\/Celebracio-consell-dinfancia-768x576.jpg 768w, https:\/\/www.pego.org\/noticies\/wp-content\/uploads\/2022\/05\/Celebracio-consell-dinfancia-1536x1152.jpg 1536w, https:\/\/www.pego.org\/noticies\/wp-content\/uploads\/2022\/05\/Celebracio-consell-dinfancia-2048x1536.jpg 2048w, https:\/\/www.pego.org\/noticies\/wp-content\/uploads\/2022\/05\/Celebracio-consell-dinfancia-120x90.jpg 120w\" sizes=\"(max-width: 700px) 100vw, 700px\" \/><figcaption>Membres del Consell d&#8217;Inf\u00e0ncia i Adolesc\u00e8ncia.<\/figcaption><\/figure><\/div>\n\n\n\n<p><\/p>\n\n\n\n<p>Els m\u00e9s menuts i les m\u00e9s menudes de Pego mostraren el passat dissabte el seu inter\u00e9s per millorar el poble. Un grup de set xiquets i xiquetes participaren en el primer Consell Local d\u2019Inf\u00e0ncia, que va tindre lloc a la Casa de Cultura. Una cita on tamb\u00e9 participaren alguns representants de la corporaci\u00f3 municipal; i que va servir per a con\u00e9ixer de primera m\u00e0 les opinions, necessitats i inquietuds de la poblaci\u00f3 infantil i adolescent del poble.<\/p>\n\n\n\n<p>Els espais naturals varen ser un dels punts que posaren els xiquets i les xiquetes sobre la taula. Entre les peticions: neteja del riu Bullent, i tamb\u00e9 dels camins, \u201cllevar la major part de les canyes que impedeixen passejar amb facilitat\u201d. Una altra proposta presentada fou la posada en marxa de les barquetes per poder fer excursions pels rius, \u201ccom es feia abans; i tamb\u00e9 posar banquets prop dels rius\u201d. Per \u00faltim, en aquest apartat tamb\u00e9 feren una crida als arrossers, \u201cquan lleven l\u2019aigua dels camps de cultiu no deixen tots els peixos morts\u201d.<\/p>\n\n\n\n<p>La millora de l\u2019oci va ser una altra de les demandes dels menuts i menudes. Entre altres propostes destacaren la del cinema d\u2019estiu, \u201cb\u00e9 a Teatre Vict\u00f2ria o al carrer cada dissabte a un barri\u201d. Tamb\u00e9 demanaren la recuperaci\u00f3 de competicions esportives locals entre les escoles. Pel que fa als recintes esportius, demanaren la renovaci\u00f3 d\u2019alguns elements com les porteries de futbol o la il\u00b7luminaci\u00f3. A m\u00e9s, apuntaren la necessitat de millorar la seguretat en els parcs infantils amb la instal\u00b7laci\u00f3 de tanques. En aquests espais, sol\u00b7licitaren banys p\u00fablics. Per \u00faltim demanaren condicionar espais per gaudir de jocs de taula i virtuals; i crear un \u2018jumping\u2019.<\/p>\n\n\n\n<p>L\u2019aspecte del poble i els seus carrers tamb\u00e9 \u00e9s important pels xiquets i xiquetes. Sol\u00b7licitaren \u201cm\u00e9s papereres perqu\u00e8 la gent no tinga excusa i no embrute\u201d. Tamb\u00e9 proposaren llevar els grafitis fets sense perm\u00eds i crear un espai per a poder fer-los de forma controlada.<\/p>\n\n\n\n<p>Tamb\u00e9 els importa la m\u00fasica, per la qual cosa demanaren la creaci\u00f3 d\u2019un club o espai de col\u00b7laboraci\u00f3 amb l\u2019escola de m\u00fasica \u201cper a ajudar a la gent que no es pot permetre un instrument\u201d.<\/p>\n\n\n\n<p>Els representants de l\u2019Ajuntament prengueren bona nota de totes les propostes. Tant Ra\u00fcl Tamarit, Merxe Bolta, Juanjo Arbona, Alicia Siscar com Ferran Gonz\u00e1lez, coincidiren en qualificar \u201cde rellevant\u201d la funci\u00f3 del nou Consell, \u201c\u00e9s un canal de comunicaci\u00f3 directa entre l\u2019Ajuntament i vosaltres. Ara ja sabem les vostres necessitats i anem a treballar per a fer-les realitat\u201d, va matisar Tamarit, regidor de Joventut, Esports i alcalde en funcions.<\/p>\n\n\n\n<p><\/p>\n\n\n\n<p><strong>Mesos de treball<\/strong><\/p>\n\n\n\n<p>El Consell Local d\u2019Inf\u00e0ncia i Adolesc\u00e8ncia celebrat el dissabte \u00e9s el resultat del treball que han estat realitzant conjuntament l\u2019Ajuntament de Pego i els centres escolars durant mesos. Per tal de dur a terme este primer consell, pr\u00e8viament s\u2019han organitzat jornades de treball per tal de donar a con\u00e8ixer als xiquets i les xiquetes el funcionament d\u2019aquest Consell aix\u00ed com articular totes les demandes que tenien. Una vegada rebudes aquestes propostes, el pr\u00f2xim mes de juny tindr\u00e0 lloc un segon encontre entre els representants d\u2019aquest col\u00b7lectiu amb els representants del consistori on aquests \u00faltims es traslladaran als primers la situaci\u00f3 en la qual es troben totes les peticions recollides en el primer Consell, \u201cper tal de fer-les realitat\u201d.<\/p>\n","protected":false},"excerpt":{"rendered":"Set xiquets i xiquets, representants dels centres educatius del poble, presentaren propostes com recuperar les barques als rius del parc natural, m\u00e9s seguretat als parcs infantils o m\u00e9s espais i activitats d\u2019oci, entre d\u2019altres Els m\u00e9s menuts i les m\u00e9s menudes de Pego mostraren el passat dissabte el seu inter\u00e9s per millorar el poble. Un&#8230; <a class=\"view-article\" href=\"https:\/\/www.pego.org\/noticies\/2022\/05\/18\/el-primer-consell-local-dinfancia-i-adolescencia-deixa-patent-linteres-dels-mes-menuts-i-menudes-per-millorar-pego\/\">Veure Article<\/a>","protected":false},"author":2,"featured_media":0,"comment_status":"closed","ping_status":"open","sticky":false,"template":"","format":"standard","meta":[],"categories":[1],"tags":[],"yoast_head":"<!-- This site is optimized with the Yoast SEO plugin v19.4 - https:\/\/yoast.com\/wordpress\/plugins\/seo\/ -->\n<title>El primer Consell Local d\u2019Inf\u00e0ncia i Adolesc\u00e8ncia deixa patent l\u2019inter\u00e9s dels m\u00e9s menuts i menudes per millorar Pego - Ajuntament de Pego<\/title>\n<meta name=\"robots\" content=\"index, follow, max-snippet:-1, max-image-preview:large, max-video-preview:-1\" \/>\n<link rel=\"canonical\" href=\"https:\/\/www.pego.org\/noticies\/2022\/05\/18\/el-primer-consell-local-dinfancia-i-adolescencia-deixa-patent-linteres-dels-mes-menuts-i-menudes-per-millorar-pego\/\" \/>\n<meta property=\"og:locale\" content=\"ca_ES\" \/>\n<meta property=\"og:type\" content=\"article\" \/>\n<meta property=\"og:title\" content=\"El primer Consell Local d\u2019Inf\u00e0ncia i Adolesc\u00e8ncia deixa patent l\u2019inter\u00e9s dels m\u00e9s menuts i menudes per millorar Pego - Ajuntament de Pego\" \/>\n<meta property=\"og:description\" content=\"Set xiquets i xiquets, representants dels centres educatius del poble, presentaren propostes com recuperar les barques als rius del parc natural, m\u00e9s seguretat als parcs infantils o m\u00e9s espais i activitats d\u2019oci, entre d\u2019altres Els m\u00e9s menuts i les m\u00e9s menudes de Pego mostraren el passat dissabte el seu inter\u00e9s per millorar el poble. Un... Veure Article\" \/>\n<meta property=\"og:url\" content=\"https:\/\/www.pego.org\/noticies\/2022\/05\/18\/el-primer-consell-local-dinfancia-i-adolescencia-deixa-patent-linteres-dels-mes-menuts-i-menudes-per-millorar-pego\/\" \/>\n<meta property=\"og:site_name\" content=\"Ajuntament de Pego\" \/>\n<meta property=\"article:publisher\" content=\"https:\/\/www.facebook.com\/ajuntament.de.pego\/\" \/>\n<meta property=\"article:published_time\" content=\"2022-05-18T11:03:31+00:00\" \/>\n<meta property=\"article:modified_time\" content=\"2022-05-18T11:03:36+00:00\" \/>\n<meta property=\"og:image\" content=\"https:\/\/www.pego.org\/noticies\/wp-content\/uploads\/2022\/05\/Celebracio-consell-dinfancia-700x525.jpg\" \/>\n<meta name=\"author\" content=\"Bernat Ortola\" \/>\n<meta name=\"twitter:card\" content=\"summary_large_image\" \/>\n<meta name=\"twitter:creator\" content=\"@ajupego\" \/>\n<meta name=\"twitter:site\" content=\"@ajupego\" \/>\n<meta name=\"twitter:label1\" content=\"Escrit per\" \/>\n\t<meta name=\"twitter:data1\" content=\"Bernat Ortola\" \/>\n\t<meta name=\"twitter:label2\" content=\"Temps estimat de lectura\" \/>\n\t<meta name=\"twitter:data2\" content=\"4 minuts\" \/>\n<script type=\"application\/ld+json\" class=\"yoast-schema-graph\">{\"@context\":\"https:\/\/schema.org\",\"@graph\":[{\"@type\":\"WebSite\",\"@id\":\"http:\/\/www.pego.org\/noticies\/#website\",\"url\":\"http:\/\/www.pego.org\/noticies\/\",\"name\":\"Ajuntament de Pego\",\"description\":\"\",\"potentialAction\":[{\"@type\":\"SearchAction\",\"target\":{\"@type\":\"EntryPoint\",\"urlTemplate\":\"http:\/\/www.pego.org\/noticies\/?s={search_term_string}\"},\"query-input\":\"required name=search_term_string\"}],\"inLanguage\":\"ca\"},{\"@type\":\"WebPage\",\"@id\":\"https:\/\/www.pego.org\/noticies\/2022\/05\/18\/el-primer-consell-local-dinfancia-i-adolescencia-deixa-patent-linteres-dels-mes-menuts-i-menudes-per-millorar-pego\/\",\"url\":\"https:\/\/www.pego.org\/noticies\/2022\/05\/18\/el-primer-consell-local-dinfancia-i-adolescencia-deixa-patent-linteres-dels-mes-menuts-i-menudes-per-millorar-pego\/\",\"name\":\"El primer Consell Local d\u2019Inf\u00e0ncia i Adolesc\u00e8ncia deixa patent l\u2019inter\u00e9s dels m\u00e9s menuts i menudes per millorar Pego - Ajuntament de Pego\",\"isPartOf\":{\"@id\":\"http:\/\/www.pego.org\/noticies\/#website\"},\"datePublished\":\"2022-05-18T11:03:31+00:00\",\"dateModified\":\"2022-05-18T11:03:36+00:00\",\"author\":{\"@id\":\"http:\/\/www.pego.org\/noticies\/#\/schema\/person\/4326dac4f13188e6a8a1984f5eb1e0e6\"},\"breadcrumb\":{\"@id\":\"https:\/\/www.pego.org\/noticies\/2022\/05\/18\/el-primer-consell-local-dinfancia-i-adolescencia-deixa-patent-linteres-dels-mes-menuts-i-menudes-per-millorar-pego\/#breadcrumb\"},\"inLanguage\":\"ca\",\"potentialAction\":[{\"@type\":\"ReadAction\",\"target\":[\"https:\/\/www.pego.org\/noticies\/2022\/05\/18\/el-primer-consell-local-dinfancia-i-adolescencia-deixa-patent-linteres-dels-mes-menuts-i-menudes-per-millorar-pego\/\"]}]},{\"@type\":\"BreadcrumbList\",\"@id\":\"https:\/\/www.pego.org\/noticies\/2022\/05\/18\/el-primer-consell-local-dinfancia-i-adolescencia-deixa-patent-linteres-dels-mes-menuts-i-menudes-per-millorar-pego\/#breadcrumb\",\"itemListElement\":[{\"@type\":\"ListItem\",\"position\":1,\"name\":\"Inici\",\"item\":\"http:\/\/www.pego.org\/noticies\/\"},{\"@type\":\"ListItem\",\"position\":2,\"name\":\"El primer Consell Local d\u2019Inf\u00e0ncia i Adolesc\u00e8ncia deixa patent l\u2019inter\u00e9s dels m\u00e9s menuts i menudes per millorar Pego\"}]},{\"@type\":\"Person\",\"@id\":\"http:\/\/www.pego.org\/noticies\/#\/schema\/person\/4326dac4f13188e6a8a1984f5eb1e0e6\",\"name\":\"Bernat Ortola\",\"image\":{\"@type\":\"ImageObject\",\"inLanguage\":\"ca\",\"@id\":\"http:\/\/www.pego.org\/noticies\/#\/schema\/person\/image\/\",\"url\":\"https:\/\/secure.gravatar.com\/avatar\/75560795a8de75338a850c3d759f927c?s=96&d=mm&r=g\",\"contentUrl\":\"https:\/\/secure.gravatar.com\/avatar\/75560795a8de75338a850c3d759f927c?s=96&d=mm&r=g\",\"caption\":\"Bernat Ortola\"}}]}<\/script>\n<!-- \/ Yoast SEO plugin. -->","yoast_head_json":{"title":"El primer Consell Local d\u2019Inf\u00e0ncia i Adolesc\u00e8ncia deixa patent l\u2019inter\u00e9s dels m\u00e9s menuts i menudes per millorar Pego - Ajuntament de Pego","robots":{"index":"index","follow":"follow","max-snippet":"max-snippet:-1","max-image-preview":"max-image-preview:large","max-video-preview":"max-video-preview:-1"},"canonical":"https:\/\/www.pego.org\/noticies\/2022\/05\/18\/el-primer-consell-local-dinfancia-i-adolescencia-deixa-patent-linteres-dels-mes-menuts-i-menudes-per-millorar-pego\/","og_locale":"ca_ES","og_type":"article","og_title":"El primer Consell Local d\u2019Inf\u00e0ncia i Adolesc\u00e8ncia deixa patent l\u2019inter\u00e9s dels m\u00e9s menuts i menudes per millorar Pego - Ajuntament de Pego","og_description":"Set xiquets i xiquets, representants dels centres educatius del poble, presentaren propostes com recuperar les barques als rius del parc natural, m\u00e9s seguretat als parcs infantils o m\u00e9s espais i activitats d\u2019oci, entre d\u2019altres Els m\u00e9s menuts i les m\u00e9s menudes de Pego mostraren el passat dissabte el seu inter\u00e9s per millorar el poble. Un... Veure Article","og_url":"https:\/\/www.pego.org\/noticies\/2022\/05\/18\/el-primer-consell-local-dinfancia-i-adolescencia-deixa-patent-linteres-dels-mes-menuts-i-menudes-per-millorar-pego\/","og_site_name":"Ajuntament de Pego","article_publisher":"https:\/\/www.facebook.com\/ajuntament.de.pego\/","article_published_time":"2022-05-18T11:03:31+00:00","article_modified_time":"2022-05-18T11:03:36+00:00","og_image":[{"url":"https:\/\/www.pego.org\/noticies\/wp-content\/uploads\/2022\/05\/Celebracio-consell-dinfancia-700x525.jpg"}],"author":"Bernat Ortola","twitter_card":"summary_large_image","twitter_creator":"@ajupego","twitter_site":"@ajupego","twitter_misc":{"Escrit per":"Bernat Ortola","Temps estimat de lectura":"4 minuts"},"schema":{"@context":"https:\/\/schema.org","@graph":[{"@type":"WebSite","@id":"http:\/\/www.pego.org\/noticies\/#website","url":"http:\/\/www.pego.org\/noticies\/","name":"Ajuntament de Pego","description":"","potentialAction":[{"@type":"SearchAction","target":{"@type":"EntryPoint","urlTemplate":"http:\/\/www.pego.org\/noticies\/?s={search_term_string}"},"query-input":"required name=search_term_string"}],"inLanguage":"ca"},{"@type":"WebPage","@id":"https:\/\/www.pego.org\/noticies\/2022\/05\/18\/el-primer-consell-local-dinfancia-i-adolescencia-deixa-patent-linteres-dels-mes-menuts-i-menudes-per-millorar-pego\/","url":"https:\/\/www.pego.org\/noticies\/2022\/05\/18\/el-primer-consell-local-dinfancia-i-adolescencia-deixa-patent-linteres-dels-mes-menuts-i-menudes-per-millorar-pego\/","name":"El primer Consell Local d\u2019Inf\u00e0ncia i Adolesc\u00e8ncia deixa patent l\u2019inter\u00e9s dels m\u00e9s menuts i menudes per millorar Pego - Ajuntament de Pego","isPartOf":{"@id":"http:\/\/www.pego.org\/noticies\/#website"},"datePublished":"2022-05-18T11:03:31+00:00","dateModified":"2022-05-18T11:03:36+00:00","author":{"@id":"http:\/\/www.pego.org\/noticies\/#\/schema\/person\/4326dac4f13188e6a8a1984f5eb1e0e6"},"breadcrumb":{"@id":"https:\/\/www.pego.org\/noticies\/2022\/05\/18\/el-primer-consell-local-dinfancia-i-adolescencia-deixa-patent-linteres-dels-mes-menuts-i-menudes-per-millorar-pego\/#breadcrumb"},"inLanguage":"ca","potentialAction":[{"@type":"ReadAction","target":["https:\/\/www.pego.org\/noticies\/2022\/05\/18\/el-primer-consell-local-dinfancia-i-adolescencia-deixa-patent-linteres-dels-mes-menuts-i-menudes-per-millorar-pego\/"]}]},{"@type":"BreadcrumbList","@id":"https:\/\/www.pego.org\/noticies\/2022\/05\/18\/el-primer-consell-local-dinfancia-i-adolescencia-deixa-patent-linteres-dels-mes-menuts-i-menudes-per-millorar-pego\/#breadcrumb","itemListElement":[{"@type":"ListItem","position":1,"name":"Inici","item":"http:\/\/www.pego.org\/noticies\/"},{"@type":"ListItem","position":2,"name":"El primer Consell Local d\u2019Inf\u00e0ncia i Adolesc\u00e8ncia deixa patent l\u2019inter\u00e9s dels m\u00e9s menuts i menudes per millorar Pego"}]},{"@type":"Person","@id":"http:\/\/www.pego.org\/noticies\/#\/schema\/person\/4326dac4f13188e6a8a1984f5eb1e0e6","name":"Bernat Ortola","image":{"@type":"ImageObject","inLanguage":"ca","@id":"http:\/\/www.pego.org\/noticies\/#\/schema\/person\/image\/","url":"https:\/\/secure.gravatar.com\/avatar\/75560795a8de75338a850c3d759f927c?s=96&d=mm&r=g","contentUrl":"https:\/\/secure.gravatar.com\/avatar\/75560795a8de75338a850c3d759f927c?s=96&d=mm&r=g","caption":"Bernat Ortola"}}]}},"_links":{"self":[{"href":"https:\/\/www.pego.org\/noticies\/wp-json\/wp\/v2\/posts\/997"}],"collection":[{"href":"https:\/\/www.pego.org\/noticies\/wp-json\/wp\/v2\/posts"}],"about":[{"href":"https:\/\/www.pego.org\/noticies\/wp-json\/wp\/v2\/types\/post"}],"author":[{"embeddable":true,"href":"https:\/\/www.pego.org\/noticies\/wp-json\/wp\/v2\/users\/2"}],"replies":[{"embeddable":true,"href":"https:\/\/www.pego.org\/noticies\/wp-json\/wp\/v2\/comments?post=997"}],"version-history":[{"count":1,"href":"https:\/\/www.pego.org\/noticies\/wp-json\/wp\/v2\/posts\/997\/revisions"}],"predecessor-version":[{"id":999,"href":"https:\/\/www.pego.org\/noticies\/wp-json\/wp\/v2\/posts\/997\/revisions\/999"}],"wp:attachment":[{"href":"https:\/\/www.pego.org\/noticies\/wp-json\/wp\/v2\/media?parent=997"}],"wp:term":[{"taxonomy":"category","embeddable":true,"href":"https:\/\/www.pego.org\/noticies\/wp-json\/wp\/v2\/categories?post=997"},{"taxonomy":"post_tag","embeddable":true,"href":"https:\/\/www.pego.org\/noticies\/wp-json\/wp\/v2\/tags?post=997"}],"curies":[{"name":"wp","href":"https:\/\/api.w.org\/{rel}","templated":true}]}}